{"id":23648,"date":"2019-04-18T17:43:56","date_gmt":"2019-04-18T17:43:56","guid":{"rendered":"http:\/\/quehacerpolitico.mx\/julieta-de-romance-con-el-oscar-de-la-danza\/"},"modified":"2019-04-18T17:43:56","modified_gmt":"2019-04-18T17:43:56","slug":"julieta-de-romance-con-el-oscar-de-la-danza","status":"publish","type":"post","link":"https:\/\/quehacerpolitico.mx\/?p=23648","title":{"rendered":"&#8220;Julieta&#8221;, de romance con el &#8220;Oscar&#8221; de la Danza"},"content":{"rendered":"<h1 class=\"news-title\">&#8220;Julieta&#8221;, de romance con el &#8220;Oscar&#8221; de la Danza<\/h1>\n<p>Por Redacci\u00f3n QP<\/p>\n<header class=\"news-header\">\n<div class=\"news-subtitle\">\n<p>Elisa Carrillo es la primera mexicana nominada al Benois de la Danza, gracias a su interpretaci\u00f3n en \u201cRomeo y Julieta\u201d; en entrevista, detalla su emoci\u00f3n y sus pr\u00f3ximos planes\u00a0<\/p>\n<\/div>\n<\/header>\n<div class=\"news-content\">\n<div class=\"news-body row\">\n<p>El trabajo constante en los mejores teatros del mundo, el reconocimiento del p\u00fablico y la nominaci\u00f3n a premios de talla mundial siguen en la carrera de la bailarina mexicana<strong> Elisa Carrillo, quien recientemente fue nominada al Premio Benois de la Danza (considerado el \u201cOscar\u201d de la danza), el cual ser\u00e1 entregado el 21 de mayo pr\u00f3ximo, en el Teatro Bolsh\u00f3i de Mosc\u00fa. Nacida en 1981, en Texcoco, Elisa actualmente es la primera bailarina del Staatsballett de Berl\u00edn, Alemania<\/strong>. \u00a0<\/p>\n<p>Otorgado en Rusia, el Premio Benois es uno de los galardones m\u00e1s prestigiosos del mundo de la danza, motivo de satisfacci\u00f3n para Elisa, quien en entrevista con este medio detalla: \u201cEs un gran honor, una bendici\u00f3n. Es algo que me motiva a seguir trabajando, que se reconozca mi trabajo es maravilloso. Llega en un momento en mi carrera en el cual me siento realmente feliz, he logrado muchas cosas. No me lo esperaba. En este abril voy a recibir el premio Alma de la Danza (tambi\u00e9n en Rusia), el cual es tambi\u00e9n un gran logro. El Benois de la Danza es m\u00e1s internacional. Cualquier tipo de premio o de nominaci\u00f3n siempre ser\u00e1 importante para un artista. <strong>Es un premio muy reconocido, me siento muy orgullosa de poner el nombre de M\u00e9xico en esa lista de nominaciones, junto a artistas que conozco, varios son amigos de varios a\u00f1os en la carrera<\/strong>\u201d.<\/p>\n<blockquote class=\"twitter-tweet\" data-width=\"550\" data-dnt=\"true\">\n<p lang=\"es\" dir=\"ltr\">Estar nominada para este prestigioso Premio <a href=\"https:\/\/twitter.com\/BenoisDeLaDanse?ref_src=twsrc%5Etfw\">@BenoisDeLaDanse<\/a> 2019, es un verdadero honor y una bendici\u00f3n en mi vida . Estoy muy agradecida con el @Staatsballett_B por todos las oportunidades que he tenido y con Nacho Duato el creador de esta gran coreograf\u00eda. <a href=\"https:\/\/t.co\/AVnFzo0DLD\">pic.twitter.com\/AVnFzo0DLD<\/a><\/p>\n<p>&mdash; Elisa Carrillo Cabrera (@ElisaCarrilloC) <a href=\"https:\/\/twitter.com\/ElisaCarrilloC\/status\/1116789839842762752?ref_src=twsrc%5Etfw\">April 12, 2019<\/a><\/p><\/blockquote>\n<p><script async src=\"https:\/\/platform.twitter.com\/widgets.js\" charset=\"utf-8\"><\/script><\/p>\n<p>Para la bailarina, esta nominaci\u00f3n resulta una ocasi\u00f3n para resaltar el talento mexicano: \u201cCada d\u00eda vemos m\u00e1s mexicanos fuera, ech\u00e1ndole ganas y poniendo el nombre de M\u00e9xico en alto. Eso me alegra much\u00edsimo, es importante que se sepa lo que hacemos en M\u00e9xico, que hay talento. Durante mi carrera he tenido varios momentos para festejar, este 2019 me siento muy agradecida\u201d. Tan solo el a\u00f1o pasado, el bailar\u00edn tapat\u00edo Isaac Hern\u00e1ndez result\u00f3 ganador en la categor\u00eda de Mejor bailar\u00edn dentro del mismo Premio Benois de la Danza.<\/p>\n<p><iframe loading=\"lazy\" title=\"ELISA CARRILLO MUJERES JULIO\" width=\"640\" height=\"360\" src=\"https:\/\/www.youtube.com\/embed\/3DUYo4dU9Mk?feature=oembed\" frameborder=\"0\" allow=\"accelerometer; autoplay; clipboard-write; encrypted-media; gyroscope; picture-in-picture; web-share\" referrerpolicy=\"strict-origin-when-cross-origin\" allowfullscreen><\/iframe><\/p>\n<p><strong>La nominaci\u00f3n al Premio Benois viene por su papel en \u201cRomeo y Julieta\u201d, con coreograf\u00eda de Nacho Duato (quien gan\u00f3 el Premio Benois en el 2000).<\/strong> Sobre esta producci\u00f3n, Elisa platic\u00f3: \u201cMe da mucho gusto que me hayan nominado por ese rol, fue el \u00faltimo estreno grande que hice con Nacho Duato siendo mi director. Siempre lo he admirado como core\u00f3grafo, como bailar\u00edn. Tuve la oportunidad de trabajar con \u00e9l desde antes que viniera como director a Berl\u00edn. \u00c9l siempre fue alguien con quien so\u00f1aba trabajar, nunca pens\u00e9 que pasara. Era un sue\u00f1o aprenderme ese rol en \u2018Romeo y Julieta\u2019, fue una etapa muy bella. Cuando lleg\u00f3 la nominaci\u00f3n fue muy especial; Nacho siempre va a ser muy importante en mi vida por todas las oportunidades que me dio, todo lo que me ha apoyado. He bailado otras versiones de esta obra, pero la de Nacho es una \u2018Julieta\u2019 muy contempor\u00e1nea, todo el tiempo que est\u00e1 en el escenario est\u00e1 bailando, tiene muchas escenas bellas: los vestuarios, la escenograf\u00eda, la historia que todos conocen, <strong>\u00a1\u00e9l la narra tan maravillosamente con los movimientos! \u00a0No es f\u00e1cil, todo el lenguaje que expresa Nacho tiene muchos detalles, muchos ensayos y muchas horas de dedicaci\u00f3n\u201d.<\/strong><\/p>\n<h3>Seguir\u00e1 en los escenarios<\/h3>\n<p>La carrera de Elisa Carrillo est\u00e1 basada en la preparaci\u00f3n y disciplina: \u201cEl amor por la danza, el sue\u00f1o de llegar al escenario y hacer el rol deseado, todo eso ayuda a seguir adelante.<strong>Todos los artistas, como todo ser humano, pasamos por momentos dif\u00edciles, de desesperaci\u00f3n cuando no salen las cosas. La danza es una carrera bell\u00edsima, pero requiere de much\u00edsima disciplina, paciencia e inteligencia para hacer todo<\/strong>. El proceso de \u2018Romeo y Julieta\u2019 fue de varios meses, trabajando paso a paso para que el cuerpo sienta suyo cada movimiento\u201d.<\/p>\n<p>M\u00e1s all\u00e1 de los premios, los planes a corto plazo de Elisa Carrillo son seguir en el escenario, cumpliendo con las temporadas del Staatsballett de Berl\u00edn, adem\u00e1s de promocionar el arte de la danza en M\u00e9xico: \u201cEstoy preparando un estreno, en la capital de Alemania dentro de tres semanas; el 4 de mayo en el Staatsballett tenemos el estreno con tres ballets: de William Forsythe, de George Balanchine y yo estrenar\u00e9 la obra del core\u00f3grafo Richard Siegal. Es de los nuevos core\u00f3grafos contempor\u00e1neos que est\u00e1n en varias compa\u00f1\u00edas presentando su trabajo. Es la primera vez que bailo algo de \u00e9l\u201d.<\/p>\n<p>Posteriormente ser\u00e1 la ceremonia \u00a0del Premio Benois de la Danza, donde bailar\u00e1; regresar\u00e1 a Berl\u00edn para tomar parte en otra versi\u00f3n de \u201cRomeo y Julieta\u201d (de John Cranko). Tras terminar la temporada en junio, Elisa regresar\u00e1 a M\u00e9xico para la segunda edici\u00f3n de Danzatl\u00e1n, su festival de danza (del 2 al 13 de julio): <strong>\u201cTodav\u00eda estamos por anunciar los detalles\u201d, adelant\u00f3 la bailarina. La primera edici\u00f3n de Danzatl\u00e1n: Festival Internacional de la Danza (2018) cont\u00f3 con una afluencia de 30 mil personas, con 18 espect\u00e1culos en los que participaron cerca de 200 artistas.<\/strong><\/p>\n<\/div>\n<\/div>\n","protected":false},"excerpt":{"rendered":"<p>&#8220;Julieta&#8221;, de romance con el &#8220;Oscar&#8221; de la Danza<br \/>\nPor Redacci\u00f3n QP<\/p>\n","protected":false},"author":2,"featured_media":23647,"comment_status":"open","ping_status":"open","sticky":false,"template":"","format":"standard","meta":{"_monsterinsights_skip_tracking":false,"_monsterinsights_sitenote_active":false,"_monsterinsights_sitenote_note":"","_monsterinsights_sitenote_category":0,"footnotes":""},"categories":[58],"tags":[],"class_list":["post-23648","post","type-post","status-publish","format-standard","has-post-thumbnail","hentry","category-cultura"],"yoast_head":"<!-- This site is optimized with the Yoast SEO plugin v27.3 - https:\/\/yoast.com\/product\/yoast-seo-wordpress\/ -->\n<title>&quot;Julieta&quot;, de romance con el &quot;Oscar&quot; de la Danza -<\/title>\n<meta name=\"robots\" content=\"index, follow, max-snippet:-1, max-image-preview:large, max-video-preview:-1\" \/>\n<link rel=\"canonical\" href=\"https:\/\/quehacerpolitico.mx\/?p=23648\" \/>\n<meta property=\"og:locale\" content=\"es_MX\" \/>\n<meta property=\"og:type\" content=\"article\" \/>\n<meta property=\"og:title\" content=\"&quot;Julieta&quot;, de romance con el &quot;Oscar&quot; de la Danza -\" \/>\n<meta property=\"og:description\" content=\"&quot;Julieta&quot;, de romance con el &quot;Oscar&quot; de la Danza Por Redacci\u00f3n QP\" \/>\n<meta property=\"og:url\" content=\"https:\/\/quehacerpolitico.mx\/?p=23648\" \/>\n<meta property=\"article:published_time\" content=\"2019-04-18T17:43:56+00:00\" \/>\n<meta name=\"author\" content=\"Redacci\u00f3n QP\" \/>\n<meta name=\"twitter:card\" content=\"summary_large_image\" \/>\n<meta name=\"twitter:label1\" content=\"Escrito por\" \/>\n\t<meta name=\"twitter:data1\" content=\"Redacci\u00f3n QP\" \/>\n\t<meta name=\"twitter:label2\" content=\"Tiempo de lectura\" \/>\n\t<meta name=\"twitter:data2\" content=\"5 minutos\" \/>\n<script type=\"application\/ld+json\" class=\"yoast-schema-graph\">{\"@context\":\"https:\\\/\\\/schema.org\",\"@graph\":[{\"@type\":\"Article\",\"@id\":\"https:\\\/\\\/quehacerpolitico.mx\\\/?p=23648#article\",\"isPartOf\":{\"@id\":\"https:\\\/\\\/quehacerpolitico.mx\\\/?p=23648\"},\"author\":{\"name\":\"Redacci\u00f3n QP\",\"@id\":\"https:\\\/\\\/quehacerpolitico.mx\\\/#\\\/schema\\\/person\\\/496d8ad2d1d3f8036101dca7ee39e585\"},\"headline\":\"&#8220;Julieta&#8221;, de romance con el &#8220;Oscar&#8221; de la Danza\",\"datePublished\":\"2019-04-18T17:43:56+00:00\",\"mainEntityOfPage\":{\"@id\":\"https:\\\/\\\/quehacerpolitico.mx\\\/?p=23648\"},\"wordCount\":924,\"commentCount\":0,\"image\":{\"@id\":\"https:\\\/\\\/quehacerpolitico.mx\\\/?p=23648#primaryimage\"},\"thumbnailUrl\":\"\",\"articleSection\":[\"Cultura y Entretenimiento\"],\"inLanguage\":\"es\",\"potentialAction\":[{\"@type\":\"CommentAction\",\"name\":\"Comment\",\"target\":[\"https:\\\/\\\/quehacerpolitico.mx\\\/?p=23648#respond\"]}]},{\"@type\":\"WebPage\",\"@id\":\"https:\\\/\\\/quehacerpolitico.mx\\\/?p=23648\",\"url\":\"https:\\\/\\\/quehacerpolitico.mx\\\/?p=23648\",\"name\":\"\\\"Julieta\\\", de romance con el \\\"Oscar\\\" de la Danza -\",\"isPartOf\":{\"@id\":\"https:\\\/\\\/quehacerpolitico.mx\\\/#website\"},\"primaryImageOfPage\":{\"@id\":\"https:\\\/\\\/quehacerpolitico.mx\\\/?p=23648#primaryimage\"},\"image\":{\"@id\":\"https:\\\/\\\/quehacerpolitico.mx\\\/?p=23648#primaryimage\"},\"thumbnailUrl\":\"\",\"datePublished\":\"2019-04-18T17:43:56+00:00\",\"author\":{\"@id\":\"https:\\\/\\\/quehacerpolitico.mx\\\/#\\\/schema\\\/person\\\/496d8ad2d1d3f8036101dca7ee39e585\"},\"breadcrumb\":{\"@id\":\"https:\\\/\\\/quehacerpolitico.mx\\\/?p=23648#breadcrumb\"},\"inLanguage\":\"es\",\"potentialAction\":[{\"@type\":\"ReadAction\",\"target\":[\"https:\\\/\\\/quehacerpolitico.mx\\\/?p=23648\"]}]},{\"@type\":\"ImageObject\",\"inLanguage\":\"es\",\"@id\":\"https:\\\/\\\/quehacerpolitico.mx\\\/?p=23648#primaryimage\",\"url\":\"\",\"contentUrl\":\"\"},{\"@type\":\"BreadcrumbList\",\"@id\":\"https:\\\/\\\/quehacerpolitico.mx\\\/?p=23648#breadcrumb\",\"itemListElement\":[{\"@type\":\"ListItem\",\"position\":1,\"name\":\"Inicio\",\"item\":\"https:\\\/\\\/quehacerpolitico.mx\\\/\"},{\"@type\":\"ListItem\",\"position\":2,\"name\":\"&#8220;Julieta&#8221;, de romance con el &#8220;Oscar&#8221; de la Danza\"}]},{\"@type\":\"WebSite\",\"@id\":\"https:\\\/\\\/quehacerpolitico.mx\\\/#website\",\"url\":\"https:\\\/\\\/quehacerpolitico.mx\\\/\",\"name\":\"\",\"description\":\"\",\"potentialAction\":[{\"@type\":\"SearchAction\",\"target\":{\"@type\":\"EntryPoint\",\"urlTemplate\":\"https:\\\/\\\/quehacerpolitico.mx\\\/?s={search_term_string}\"},\"query-input\":{\"@type\":\"PropertyValueSpecification\",\"valueRequired\":true,\"valueName\":\"search_term_string\"}}],\"inLanguage\":\"es\"},{\"@type\":\"Person\",\"@id\":\"https:\\\/\\\/quehacerpolitico.mx\\\/#\\\/schema\\\/person\\\/496d8ad2d1d3f8036101dca7ee39e585\",\"name\":\"Redacci\u00f3n QP\",\"image\":{\"@type\":\"ImageObject\",\"inLanguage\":\"es\",\"@id\":\"https:\\\/\\\/secure.gravatar.com\\\/avatar\\\/c7164ed6fdec453195284ad24a5ae5b6e1eed2b848477fa2a4787ba9adf39a41?s=96&d=mm&r=g\",\"url\":\"https:\\\/\\\/secure.gravatar.com\\\/avatar\\\/c7164ed6fdec453195284ad24a5ae5b6e1eed2b848477fa2a4787ba9adf39a41?s=96&d=mm&r=g\",\"contentUrl\":\"https:\\\/\\\/secure.gravatar.com\\\/avatar\\\/c7164ed6fdec453195284ad24a5ae5b6e1eed2b848477fa2a4787ba9adf39a41?s=96&d=mm&r=g\",\"caption\":\"Redacci\u00f3n QP\"},\"url\":\"https:\\\/\\\/quehacerpolitico.mx\\\/?author=2\"}]}<\/script>\n<!-- \/ Yoast SEO plugin. -->","yoast_head_json":{"title":"\"Julieta\", de romance con el \"Oscar\" de la Danza -","robots":{"index":"index","follow":"follow","max-snippet":"max-snippet:-1","max-image-preview":"max-image-preview:large","max-video-preview":"max-video-preview:-1"},"canonical":"https:\/\/quehacerpolitico.mx\/?p=23648","og_locale":"es_MX","og_type":"article","og_title":"\"Julieta\", de romance con el \"Oscar\" de la Danza -","og_description":"\"Julieta\", de romance con el \"Oscar\" de la Danza Por Redacci\u00f3n QP","og_url":"https:\/\/quehacerpolitico.mx\/?p=23648","article_published_time":"2019-04-18T17:43:56+00:00","author":"Redacci\u00f3n QP","twitter_card":"summary_large_image","twitter_misc":{"Escrito por":"Redacci\u00f3n QP","Tiempo de lectura":"5 minutos"},"schema":{"@context":"https:\/\/schema.org","@graph":[{"@type":"Article","@id":"https:\/\/quehacerpolitico.mx\/?p=23648#article","isPartOf":{"@id":"https:\/\/quehacerpolitico.mx\/?p=23648"},"author":{"name":"Redacci\u00f3n QP","@id":"https:\/\/quehacerpolitico.mx\/#\/schema\/person\/496d8ad2d1d3f8036101dca7ee39e585"},"headline":"&#8220;Julieta&#8221;, de romance con el &#8220;Oscar&#8221; de la Danza","datePublished":"2019-04-18T17:43:56+00:00","mainEntityOfPage":{"@id":"https:\/\/quehacerpolitico.mx\/?p=23648"},"wordCount":924,"commentCount":0,"image":{"@id":"https:\/\/quehacerpolitico.mx\/?p=23648#primaryimage"},"thumbnailUrl":"","articleSection":["Cultura y Entretenimiento"],"inLanguage":"es","potentialAction":[{"@type":"CommentAction","name":"Comment","target":["https:\/\/quehacerpolitico.mx\/?p=23648#respond"]}]},{"@type":"WebPage","@id":"https:\/\/quehacerpolitico.mx\/?p=23648","url":"https:\/\/quehacerpolitico.mx\/?p=23648","name":"\"Julieta\", de romance con el \"Oscar\" de la Danza -","isPartOf":{"@id":"https:\/\/quehacerpolitico.mx\/#website"},"primaryImageOfPage":{"@id":"https:\/\/quehacerpolitico.mx\/?p=23648#primaryimage"},"image":{"@id":"https:\/\/quehacerpolitico.mx\/?p=23648#primaryimage"},"thumbnailUrl":"","datePublished":"2019-04-18T17:43:56+00:00","author":{"@id":"https:\/\/quehacerpolitico.mx\/#\/schema\/person\/496d8ad2d1d3f8036101dca7ee39e585"},"breadcrumb":{"@id":"https:\/\/quehacerpolitico.mx\/?p=23648#breadcrumb"},"inLanguage":"es","potentialAction":[{"@type":"ReadAction","target":["https:\/\/quehacerpolitico.mx\/?p=23648"]}]},{"@type":"ImageObject","inLanguage":"es","@id":"https:\/\/quehacerpolitico.mx\/?p=23648#primaryimage","url":"","contentUrl":""},{"@type":"BreadcrumbList","@id":"https:\/\/quehacerpolitico.mx\/?p=23648#breadcrumb","itemListElement":[{"@type":"ListItem","position":1,"name":"Inicio","item":"https:\/\/quehacerpolitico.mx\/"},{"@type":"ListItem","position":2,"name":"&#8220;Julieta&#8221;, de romance con el &#8220;Oscar&#8221; de la Danza"}]},{"@type":"WebSite","@id":"https:\/\/quehacerpolitico.mx\/#website","url":"https:\/\/quehacerpolitico.mx\/","name":"","description":"","potentialAction":[{"@type":"SearchAction","target":{"@type":"EntryPoint","urlTemplate":"https:\/\/quehacerpolitico.mx\/?s={search_term_string}"},"query-input":{"@type":"PropertyValueSpecification","valueRequired":true,"valueName":"search_term_string"}}],"inLanguage":"es"},{"@type":"Person","@id":"https:\/\/quehacerpolitico.mx\/#\/schema\/person\/496d8ad2d1d3f8036101dca7ee39e585","name":"Redacci\u00f3n QP","image":{"@type":"ImageObject","inLanguage":"es","@id":"https:\/\/secure.gravatar.com\/avatar\/c7164ed6fdec453195284ad24a5ae5b6e1eed2b848477fa2a4787ba9adf39a41?s=96&d=mm&r=g","url":"https:\/\/secure.gravatar.com\/avatar\/c7164ed6fdec453195284ad24a5ae5b6e1eed2b848477fa2a4787ba9adf39a41?s=96&d=mm&r=g","contentUrl":"https:\/\/secure.gravatar.com\/avatar\/c7164ed6fdec453195284ad24a5ae5b6e1eed2b848477fa2a4787ba9adf39a41?s=96&d=mm&r=g","caption":"Redacci\u00f3n QP"},"url":"https:\/\/quehacerpolitico.mx\/?author=2"}]}},"featured_image_urls":{"full":"","thumbnail":"","medium":"","medium_large":"","large":"","1536x1536":"","2048x2048":"","covernews-featured":"","covernews-medium":""},"author_info":{"display_name":"Redacci\u00f3n QP","author_link":"https:\/\/quehacerpolitico.mx\/?author=2"},"category_info":"<a href=\"https:\/\/quehacerpolitico.mx\/?cat=58\" rel=\"category\">Cultura y Entretenimiento<\/a>","tag_info":"Cultura y Entretenimiento","comment_count":"0","_links":{"self":[{"href":"https:\/\/quehacerpolitico.mx\/index.php?rest_route=\/wp\/v2\/posts\/23648","targetHints":{"allow":["GET"]}}],"collection":[{"href":"https:\/\/quehacerpolitico.mx\/index.php?rest_route=\/wp\/v2\/posts"}],"about":[{"href":"https:\/\/quehacerpolitico.mx\/index.php?rest_route=\/wp\/v2\/types\/post"}],"author":[{"embeddable":true,"href":"https:\/\/quehacerpolitico.mx\/index.php?rest_route=\/wp\/v2\/users\/2"}],"replies":[{"embeddable":true,"href":"https:\/\/quehacerpolitico.mx\/index.php?rest_route=%2Fwp%2Fv2%2Fcomments&post=23648"}],"version-history":[{"count":0,"href":"https:\/\/quehacerpolitico.mx\/index.php?rest_route=\/wp\/v2\/posts\/23648\/revisions"}],"wp:featuredmedia":[{"embeddable":true,"href":"https:\/\/quehacerpolitico.mx\/index.php?rest_route=\/"}],"wp:attachment":[{"href":"https:\/\/quehacerpolitico.mx\/index.php?rest_route=%2Fwp%2Fv2%2Fmedia&parent=23648"}],"wp:term":[{"taxonomy":"category","embeddable":true,"href":"https:\/\/quehacerpolitico.mx\/index.php?rest_route=%2Fwp%2Fv2%2Fcategories&post=23648"},{"taxonomy":"post_tag","embeddable":true,"href":"https:\/\/quehacerpolitico.mx\/index.php?rest_route=%2Fwp%2Fv2%2Ftags&post=23648"}],"curies":[{"name":"wp","href":"https:\/\/api.w.org\/{rel}","templated":true}]}}