{"id":2364,"date":"2018-08-14T03:26:48","date_gmt":"2018-08-14T03:26:48","guid":{"rendered":"http:\/\/quehacerpolitico.mx\/tribunales-locales-despluman-a-morena-en-guerrero-chihuahua-edomex-pavlovich-le-dedica-ley\/"},"modified":"2018-08-14T03:26:48","modified_gmt":"2018-08-14T03:26:48","slug":"tribunales-locales-despluman-a-morena-en-guerrero-chihuahua-edomex-pavlovich-le-dedica-ley","status":"publish","type":"post","link":"https:\/\/quehacerpolitico.mx\/?p=2364","title":{"rendered":"Tribunales locales despluman a Morena en Guerrero, Chihuahua, Edomex; Pavlovich le dedica Ley"},"content":{"rendered":"<h3><strong>En los \u00faltimos d\u00edas, a m\u00e1s de un mes de distancia del triunfo electoral del Movimiento Regeneraci\u00f3n Nacional (Morena), tribunales locales han restado m\u00fasculo al partido liderado por Andr\u00e9s Manuel L\u00f3pez Obrador. El s\u00e1bado 11, le quitaron\u00a0<span class=\"s1\">10 diputados plurinominales en el Estado de M\u00e9xico y le arrebataron l<\/span>a constancia de Alcalde electo de Ciudad Ju\u00e1rez, Chihuahua, a Javier Gonz\u00e1lez Mocken,\u00a0para otorgarle la victoria al candidato independiente H\u00e9ctor Armando Cabada Alv\u00eddrez. Un d\u00eda antes, el viernes 10, en Guerrero se revoc\u00f3 el acuerdo del Instituto Estatal Electoral y del IEPC, por medio del cual asign\u00f3 las diputaciones de representaci\u00f3n proporcional, y s\u00ed, Morena perdi\u00f3 tambi\u00e9n. Y dos d\u00edas antes, el Congreso de Sonora aprob\u00f3 la reforma que permite a\u00a0la Gobernadora Claudia Pavlovich Arellano vetar las decisiones del Legislativo, que estar\u00e1 integrado en mayor\u00eda por militantes de Morena.<\/strong><\/h3>\n<p>Tribunales locales han restado poder en los \u00faltimos d\u00edas al <strong>Movimiento Regeneraci\u00f3n Nacional (Morena)<\/strong> en tres entidades: <strong>Guerrero, Estado de M\u00e9xico y Chihuahua<\/strong>. Y en Sonora, una nueva Ley con dedicatoria le permitir\u00e1 a la Gobernadora vetar leyes que vengan de la mayor\u00eda del mismo partido de <strong>Andr\u00e9s Manuel L\u00f3pez Obrador<\/strong>.<\/p>\n<p class=\"p1\"><span class=\"s1\">El s\u00e1bado 11 de agosto, magistrados del <strong>Tribunal Electoral del Estado de M\u00e9xico (TEEM)<\/strong> determinaron restar a Morena 10 diputados plurinominales que ya ha hab\u00edan sido designados por el Instituto Electoral mexiquense.\u00a0\u00a0<\/span><span class=\"s1\">Morena, que se convertir\u00e1 en la primera fuerza pol\u00edtica del pa\u00eds despu\u00e9s del triunfo electoral el 1 de julio, se quedar\u00e1 con 41 legisladores, de 75 que forman la C\u00e1mara de Diputados en la entidad gobernada durante m\u00e1s de 90 a\u00f1os por el <strong>Partido Revolucionario Institucional (PRI)<\/strong>.\u00a0<\/span><\/p>\n<p><span class=\"s1\">Las diez diputaciones fueron distribuidas entre el PRI, el Partido Acci\u00f3n Nacional (PAN); el Partido de la Revoluci\u00f3n Democr\u00e1tica (PRD) y el Partido Verde Ecologista de M\u00e9xico (PVEM).\u00a0\u00a0<\/span><span class=\"s1\">\u00bfC\u00f3mo justificaron la decisi\u00f3n? Morena quedar\u00e1 sobrerepresentado en la C\u00e1mara de Diputados del Estado de M\u00e9xico, seg\u00fan los magistrados.<\/span><\/p>\n<p><strong>A MIL 700 KIL\u00d3METROS\u00a0<\/strong><\/p>\n<p>El mismo d\u00eda (11 de agosto), a m\u00e1s de mil 700 kil\u00f3metros de distancia, en Ciudad Ju\u00e1rez, Chihuahua, se le arrebat\u00f3 el triunfo al morenista Javier Gonz\u00e1lez Mocken. El Tribunal\u00a0Estatal Electoral de Chihuahua orden\u00f3 revocar la constancia de Alcalde electo de Ciudad Ju\u00e1rez a Gonz\u00e1lez Mocken,\u00a0para otorgarle el triunfo al candidato independiente H\u00e9ctor Armando Cabada Alv\u00eddrez.<\/p>\n<p>Despu\u00e9s de revisar la impugnaci\u00f3n que Armando Cabada hizo de la elecci\u00f3n, el tribunal chihuahuense concluy\u00f3 anular la votaci\u00f3n de 21 casillas, corregir los c\u00f3mputos, modificar el resultado de la elecci\u00f3n y revocar la constancia de mayor\u00eda que se le entreg\u00f3 a Gonz\u00e1lez Mocken.<\/p>\n<p>Horas despu\u00e9s, Mocken acus\u00f3 que existen v\u00ednculos entre\u00a0Armando Cabada\u00a0y el magistrado C\u00e9sar Lorenzo Wong Meraz.\u00a0El morenista asegur\u00f3, adem\u00e1s, que Cabada, compr\u00f3 votos durante los comicios del 1 de julio y manipul\u00f3 casillas.<\/p>\n<p>Gonz\u00e1lez Mocken anunci\u00f3 que impugnar\u00e1 la decisi\u00f3n de las autoridades electorales.<\/p>\n<blockquote>\n<p>\u201cLa ciudadan\u00eda nos favoreci\u00f3 con su voto. No metimos ni compramos un solo voto ilegal. No hicimos nada que estuviera contra la ley, por lo tanto exigimos que se respete la ley. Si el Tribunal Estatal Electoral violenta la ley al favorecer al candidato independiente de Ju\u00e1rez, entonces nosotros estamos en el camino de la impugnaci\u00f3n\u201d, dijo\u00a0Javier Gonz\u00e1lez en conferencia.<\/p>\n<\/blockquote>\n<p>\u201cHay muchos testimonios de ciudadanos que recibieron dinero para ir a votar, y eso lo sabe todo Ju\u00e1rez\u201d, detall\u00f3.<\/p>\n<p>El domingo 12, el representante del partido Movimiento Regeneraci\u00f3n Nacional (Morena),\u00a0Horacio Duarte, anunci\u00f3 que acompa\u00f1ar\u00e1n la\u00a0impugnaci\u00f3n\u00a0ante el Tribunal Electoral del Poder Judicial de la Federaci\u00f3n (TEPJF) sobre la\u00a0revocaci\u00f3n del triunfo de su partido en Ciudad Ju\u00e1rez, Chihuahua.<\/p>\n<p><strong>GUERRERO Y EL JUICIO\u00a0<\/strong><\/p>\n<p>Hoy, lunes 13 de agosto, se supo que Morena promover\u00e1 un juicio pol\u00edtico contra los magistrados del Tribunal Electoral del Estado (TEE) de Guerrero con el que buscar\u00e1 revocar su mandato, esto adem\u00e1s de un recurso de inconformidad ante el Instituto Electoral y de Participaci\u00f3n Ciudadana (IEPC) estatal por el retiro de dos de sus tres diputados plurinominales que resultaron electos el pasado 1 de julio.<\/p>\n<blockquote>\n<p>El representante de Morena ante el IEPC, Sergio Montes Carrillo, lo inform\u00f3 durante una reuni\u00f3n del partido en Chilapa. El pol\u00edtico acus\u00f3 a los magistrados de ser \u201cobsequiosos\u201d y de actuar por consigna; tambi\u00e9n detall\u00f3 que presentar\u00e1n el recurso de impugnaci\u00f3n contra la resoluci\u00f3n entre hoy o ma\u00f1ana.<\/p>\n<\/blockquote>\n<p>El pasado 10 de agosto el Tribunal Electoral guerrerense revoc\u00f3 el acuerdo del Instituto Estatal Electoral y del IEPC, por medio del cual asign\u00f3 las diputaciones de representaci\u00f3n proporcional.<\/p>\n<p>La resoluci\u00f3n apoyada por mayor\u00eda le quita a Morena dos de las tres diputaciones que le hab\u00eda asignado el IEPC, incluida la de su l\u00edder estatal, Pablo Am\u00edlcar Sandoval Ballesteros, adem\u00e1s, le deroga una que se le hab\u00eda asignado al Partido del Trabajo (PT).<\/p>\n<blockquote>\n<p>De los tres esca\u00f1os, los magistrados le asignaron uno al PAN, que ahora tiene dos, uno al PRD que ahora tiene cuatro y uno a Movimiento Ciudadano (MC), que ahora cuenta con dos.<\/p>\n<\/blockquote>\n<p>La resoluci\u00f3n de los magistrados del TEE fue aprobada por mayor\u00eda. En el acuerdo del 9 de julio, el IEPC hab\u00eda asignado un diputado de representaci\u00f3n proporcional al PAN, cinco para al PRI, tres al PRD, tres al PT, dos al PVEM, uno a Movimiento Ciudadano y tres a Morena. Sin embargo, con la reasignaci\u00f3n que realiz\u00f3 el TEE, Morena se queda con 16 esca\u00f1os de mayor\u00eda relativa y uno de representaci\u00f3n proporcional, tendr\u00e1 en total 17 esca\u00f1os; el PRI cinco de mayor\u00eda relativa y cinco de representaci\u00f3n proporcional, en total tendr\u00e1 10 diputaciones locales; el PRD cuatro de mayor\u00eda relativa y cuatro de representaci\u00f3n proporcional, en total tendr\u00e1 ocho curules; el PT se queda s\u00f3lo con dos diputaciones de representaci\u00f3n proporcional; el PVEM con un diputado de mayor\u00eda relativa y dos de representaci\u00f3n proporcional, en total tres diputaciones. El PAN con dos diputaciones de representaci\u00f3n proporcional; el MC con dos de representaci\u00f3n proporcional; Encuentro Social con dos de mayor\u00eda relativa.<\/p>\n<section class=\"post-content\">\n<p><strong>SONORA Y EL VETO<\/strong><\/p>\n<p>El 8 de agosto, el Congreso de Sonora aprob\u00f3 la reforma que permite a\u00a0la Gobernadora Claudia Pavlovich Arellano vetar las decisiones del Legislativo. Y s\u00ed, lo hizo a puerta cerrada.<\/p>\n<p>Adem\u00e1s, el Congreso estatal permiti\u00f3 que, a trav\u00e9s de las reformas a la Constituci\u00f3n Pol\u00edtica, la mandataria pueda ejercer modificaciones al presupuesto aprobado.<\/p>\n<blockquote>\n<p>Las modificaciones se aprobaron en medio de protestas de legisladores electos y simpatizantes del Movimiento Regeneraci\u00f3n Nacional (Morena). Autoridades resguardaron el acceso al Congreso y evitaron que inconformes reventaran la sesi\u00f3n extraordinaria.<\/p>\n<\/blockquote>\n<p>Fueron 27 votos a favor los que permitieron los cambios. S\u00f3lo tres diputados se negaron a aprobarla [uno del Movimiento Ciudadano (MC) y dos del Partido Acci\u00f3n Nacional (PAN)].<\/p>\n<p>\u201cDe la mano de la sociedad sonorense y en cumplimiento de su mandato vamos a combatir, por todas las v\u00edas legales y pol\u00edticas, a este golpe de Estado legislativo\u201d, escribi\u00f3 Alfonso Durazo Monta\u00f1o, senador electo por Morena, en Twitter.<\/p>\n<blockquote>\n<p>\u201cEs muy importante que la Gobernadora sepa que este es apenas el primer episodio de una lucha que dista mucho de haber concluido\u201d, agreg\u00f3.<\/p>\n<\/blockquote>\n<p>De acuerdo con el partido de Andr\u00e9s Manuel L\u00f3pez Obrador,Pavlovich busca vetar las decisiones que tomar\u00e1 el pr\u00f3ximo legislativo sobre todo en materia de austeridad presupuestal.<\/p>\n<\/section>\n","protected":false},"excerpt":{"rendered":"<p>Tribunales locales despluman a Morena en Guerrero, Chihuahua, Edomex; Pavlovich le dedica Ley<br \/>\nPor Redacci\u00f3n QP<\/p>\n","protected":false},"author":2,"featured_media":2362,"comment_status":"open","ping_status":"open","sticky":false,"template":"","format":"standard","meta":{"_monsterinsights_skip_tracking":false,"_monsterinsights_sitenote_active":false,"_monsterinsights_sitenote_note":"","_monsterinsights_sitenote_category":0,"footnotes":""},"categories":[2],"tags":[],"class_list":["post-2364","post","type-post","status-publish","format-standard","has-post-thumbnail","hentry","category-noticias"],"yoast_head":"<!-- This site is optimized with the Yoast SEO plugin v27.3 - https:\/\/yoast.com\/product\/yoast-seo-wordpress\/ -->\n<title>Tribunales locales despluman a Morena en Guerrero, Chihuahua, Edomex; Pavlovich le dedica Ley -<\/title>\n<meta name=\"robots\" content=\"index, follow, max-snippet:-1, max-image-preview:large, max-video-preview:-1\" \/>\n<link rel=\"canonical\" href=\"https:\/\/quehacerpolitico.mx\/?p=2364\" \/>\n<meta property=\"og:locale\" content=\"es_MX\" \/>\n<meta property=\"og:type\" content=\"article\" \/>\n<meta property=\"og:title\" content=\"Tribunales locales despluman a Morena en Guerrero, Chihuahua, Edomex; Pavlovich le dedica Ley -\" \/>\n<meta property=\"og:description\" content=\"Tribunales locales despluman a Morena en Guerrero, Chihuahua, Edomex; Pavlovich le dedica Ley Por Redacci\u00f3n QP\" \/>\n<meta property=\"og:url\" content=\"https:\/\/quehacerpolitico.mx\/?p=2364\" \/>\n<meta property=\"article:published_time\" content=\"2018-08-14T03:26:48+00:00\" \/>\n<meta name=\"author\" content=\"Redacci\u00f3n QP\" \/>\n<meta name=\"twitter:card\" content=\"summary_large_image\" \/>\n<meta name=\"twitter:label1\" content=\"Escrito por\" \/>\n\t<meta name=\"twitter:data1\" content=\"Redacci\u00f3n QP\" \/>\n\t<meta name=\"twitter:label2\" content=\"Tiempo de lectura\" \/>\n\t<meta name=\"twitter:data2\" content=\"6 minutos\" \/>\n<script type=\"application\/ld+json\" class=\"yoast-schema-graph\">{\"@context\":\"https:\\\/\\\/schema.org\",\"@graph\":[{\"@type\":\"Article\",\"@id\":\"https:\\\/\\\/quehacerpolitico.mx\\\/?p=2364#article\",\"isPartOf\":{\"@id\":\"https:\\\/\\\/quehacerpolitico.mx\\\/?p=2364\"},\"author\":{\"name\":\"Redacci\u00f3n QP\",\"@id\":\"https:\\\/\\\/quehacerpolitico.mx\\\/#\\\/schema\\\/person\\\/496d8ad2d1d3f8036101dca7ee39e585\"},\"headline\":\"Tribunales locales despluman a Morena en Guerrero, Chihuahua, Edomex; Pavlovich le dedica Ley\",\"datePublished\":\"2018-08-14T03:26:48+00:00\",\"mainEntityOfPage\":{\"@id\":\"https:\\\/\\\/quehacerpolitico.mx\\\/?p=2364\"},\"wordCount\":1302,\"commentCount\":0,\"image\":{\"@id\":\"https:\\\/\\\/quehacerpolitico.mx\\\/?p=2364#primaryimage\"},\"thumbnailUrl\":\"\",\"articleSection\":[\"Noticias\"],\"inLanguage\":\"es\",\"potentialAction\":[{\"@type\":\"CommentAction\",\"name\":\"Comment\",\"target\":[\"https:\\\/\\\/quehacerpolitico.mx\\\/?p=2364#respond\"]}]},{\"@type\":\"WebPage\",\"@id\":\"https:\\\/\\\/quehacerpolitico.mx\\\/?p=2364\",\"url\":\"https:\\\/\\\/quehacerpolitico.mx\\\/?p=2364\",\"name\":\"Tribunales locales despluman a Morena en Guerrero, Chihuahua, Edomex; Pavlovich le dedica Ley -\",\"isPartOf\":{\"@id\":\"https:\\\/\\\/quehacerpolitico.mx\\\/#website\"},\"primaryImageOfPage\":{\"@id\":\"https:\\\/\\\/quehacerpolitico.mx\\\/?p=2364#primaryimage\"},\"image\":{\"@id\":\"https:\\\/\\\/quehacerpolitico.mx\\\/?p=2364#primaryimage\"},\"thumbnailUrl\":\"\",\"datePublished\":\"2018-08-14T03:26:48+00:00\",\"author\":{\"@id\":\"https:\\\/\\\/quehacerpolitico.mx\\\/#\\\/schema\\\/person\\\/496d8ad2d1d3f8036101dca7ee39e585\"},\"breadcrumb\":{\"@id\":\"https:\\\/\\\/quehacerpolitico.mx\\\/?p=2364#breadcrumb\"},\"inLanguage\":\"es\",\"potentialAction\":[{\"@type\":\"ReadAction\",\"target\":[\"https:\\\/\\\/quehacerpolitico.mx\\\/?p=2364\"]}]},{\"@type\":\"ImageObject\",\"inLanguage\":\"es\",\"@id\":\"https:\\\/\\\/quehacerpolitico.mx\\\/?p=2364#primaryimage\",\"url\":\"\",\"contentUrl\":\"\"},{\"@type\":\"BreadcrumbList\",\"@id\":\"https:\\\/\\\/quehacerpolitico.mx\\\/?p=2364#breadcrumb\",\"itemListElement\":[{\"@type\":\"ListItem\",\"position\":1,\"name\":\"Inicio\",\"item\":\"https:\\\/\\\/quehacerpolitico.mx\\\/\"},{\"@type\":\"ListItem\",\"position\":2,\"name\":\"Tribunales locales despluman a Morena en Guerrero, Chihuahua, Edomex; Pavlovich le dedica Ley\"}]},{\"@type\":\"WebSite\",\"@id\":\"https:\\\/\\\/quehacerpolitico.mx\\\/#website\",\"url\":\"https:\\\/\\\/quehacerpolitico.mx\\\/\",\"name\":\"\",\"description\":\"\",\"potentialAction\":[{\"@type\":\"SearchAction\",\"target\":{\"@type\":\"EntryPoint\",\"urlTemplate\":\"https:\\\/\\\/quehacerpolitico.mx\\\/?s={search_term_string}\"},\"query-input\":{\"@type\":\"PropertyValueSpecification\",\"valueRequired\":true,\"valueName\":\"search_term_string\"}}],\"inLanguage\":\"es\"},{\"@type\":\"Person\",\"@id\":\"https:\\\/\\\/quehacerpolitico.mx\\\/#\\\/schema\\\/person\\\/496d8ad2d1d3f8036101dca7ee39e585\",\"name\":\"Redacci\u00f3n QP\",\"image\":{\"@type\":\"ImageObject\",\"inLanguage\":\"es\",\"@id\":\"https:\\\/\\\/secure.gravatar.com\\\/avatar\\\/c7164ed6fdec453195284ad24a5ae5b6e1eed2b848477fa2a4787ba9adf39a41?s=96&d=mm&r=g\",\"url\":\"https:\\\/\\\/secure.gravatar.com\\\/avatar\\\/c7164ed6fdec453195284ad24a5ae5b6e1eed2b848477fa2a4787ba9adf39a41?s=96&d=mm&r=g\",\"contentUrl\":\"https:\\\/\\\/secure.gravatar.com\\\/avatar\\\/c7164ed6fdec453195284ad24a5ae5b6e1eed2b848477fa2a4787ba9adf39a41?s=96&d=mm&r=g\",\"caption\":\"Redacci\u00f3n QP\"},\"url\":\"https:\\\/\\\/quehacerpolitico.mx\\\/?author=2\"}]}<\/script>\n<!-- \/ Yoast SEO plugin. -->","yoast_head_json":{"title":"Tribunales locales despluman a Morena en Guerrero, Chihuahua, Edomex; Pavlovich le dedica Ley -","robots":{"index":"index","follow":"follow","max-snippet":"max-snippet:-1","max-image-preview":"max-image-preview:large","max-video-preview":"max-video-preview:-1"},"canonical":"https:\/\/quehacerpolitico.mx\/?p=2364","og_locale":"es_MX","og_type":"article","og_title":"Tribunales locales despluman a Morena en Guerrero, Chihuahua, Edomex; Pavlovich le dedica Ley -","og_description":"Tribunales locales despluman a Morena en Guerrero, Chihuahua, Edomex; Pavlovich le dedica Ley Por Redacci\u00f3n QP","og_url":"https:\/\/quehacerpolitico.mx\/?p=2364","article_published_time":"2018-08-14T03:26:48+00:00","author":"Redacci\u00f3n QP","twitter_card":"summary_large_image","twitter_misc":{"Escrito por":"Redacci\u00f3n QP","Tiempo de lectura":"6 minutos"},"schema":{"@context":"https:\/\/schema.org","@graph":[{"@type":"Article","@id":"https:\/\/quehacerpolitico.mx\/?p=2364#article","isPartOf":{"@id":"https:\/\/quehacerpolitico.mx\/?p=2364"},"author":{"name":"Redacci\u00f3n QP","@id":"https:\/\/quehacerpolitico.mx\/#\/schema\/person\/496d8ad2d1d3f8036101dca7ee39e585"},"headline":"Tribunales locales despluman a Morena en Guerrero, Chihuahua, Edomex; Pavlovich le dedica Ley","datePublished":"2018-08-14T03:26:48+00:00","mainEntityOfPage":{"@id":"https:\/\/quehacerpolitico.mx\/?p=2364"},"wordCount":1302,"commentCount":0,"image":{"@id":"https:\/\/quehacerpolitico.mx\/?p=2364#primaryimage"},"thumbnailUrl":"","articleSection":["Noticias"],"inLanguage":"es","potentialAction":[{"@type":"CommentAction","name":"Comment","target":["https:\/\/quehacerpolitico.mx\/?p=2364#respond"]}]},{"@type":"WebPage","@id":"https:\/\/quehacerpolitico.mx\/?p=2364","url":"https:\/\/quehacerpolitico.mx\/?p=2364","name":"Tribunales locales despluman a Morena en Guerrero, Chihuahua, Edomex; Pavlovich le dedica Ley -","isPartOf":{"@id":"https:\/\/quehacerpolitico.mx\/#website"},"primaryImageOfPage":{"@id":"https:\/\/quehacerpolitico.mx\/?p=2364#primaryimage"},"image":{"@id":"https:\/\/quehacerpolitico.mx\/?p=2364#primaryimage"},"thumbnailUrl":"","datePublished":"2018-08-14T03:26:48+00:00","author":{"@id":"https:\/\/quehacerpolitico.mx\/#\/schema\/person\/496d8ad2d1d3f8036101dca7ee39e585"},"breadcrumb":{"@id":"https:\/\/quehacerpolitico.mx\/?p=2364#breadcrumb"},"inLanguage":"es","potentialAction":[{"@type":"ReadAction","target":["https:\/\/quehacerpolitico.mx\/?p=2364"]}]},{"@type":"ImageObject","inLanguage":"es","@id":"https:\/\/quehacerpolitico.mx\/?p=2364#primaryimage","url":"","contentUrl":""},{"@type":"BreadcrumbList","@id":"https:\/\/quehacerpolitico.mx\/?p=2364#breadcrumb","itemListElement":[{"@type":"ListItem","position":1,"name":"Inicio","item":"https:\/\/quehacerpolitico.mx\/"},{"@type":"ListItem","position":2,"name":"Tribunales locales despluman a Morena en Guerrero, Chihuahua, Edomex; Pavlovich le dedica Ley"}]},{"@type":"WebSite","@id":"https:\/\/quehacerpolitico.mx\/#website","url":"https:\/\/quehacerpolitico.mx\/","name":"","description":"","potentialAction":[{"@type":"SearchAction","target":{"@type":"EntryPoint","urlTemplate":"https:\/\/quehacerpolitico.mx\/?s={search_term_string}"},"query-input":{"@type":"PropertyValueSpecification","valueRequired":true,"valueName":"search_term_string"}}],"inLanguage":"es"},{"@type":"Person","@id":"https:\/\/quehacerpolitico.mx\/#\/schema\/person\/496d8ad2d1d3f8036101dca7ee39e585","name":"Redacci\u00f3n QP","image":{"@type":"ImageObject","inLanguage":"es","@id":"https:\/\/secure.gravatar.com\/avatar\/c7164ed6fdec453195284ad24a5ae5b6e1eed2b848477fa2a4787ba9adf39a41?s=96&d=mm&r=g","url":"https:\/\/secure.gravatar.com\/avatar\/c7164ed6fdec453195284ad24a5ae5b6e1eed2b848477fa2a4787ba9adf39a41?s=96&d=mm&r=g","contentUrl":"https:\/\/secure.gravatar.com\/avatar\/c7164ed6fdec453195284ad24a5ae5b6e1eed2b848477fa2a4787ba9adf39a41?s=96&d=mm&r=g","caption":"Redacci\u00f3n QP"},"url":"https:\/\/quehacerpolitico.mx\/?author=2"}]}},"featured_image_urls":{"full":"","thumbnail":"","medium":"","medium_large":"","large":"","1536x1536":"","2048x2048":"","covernews-featured":"","covernews-medium":""},"author_info":{"display_name":"Redacci\u00f3n QP","author_link":"https:\/\/quehacerpolitico.mx\/?author=2"},"category_info":"<a href=\"https:\/\/quehacerpolitico.mx\/?cat=2\" rel=\"category\">Noticias<\/a>","tag_info":"Noticias","comment_count":"0","_links":{"self":[{"href":"https:\/\/quehacerpolitico.mx\/index.php?rest_route=\/wp\/v2\/posts\/2364","targetHints":{"allow":["GET"]}}],"collection":[{"href":"https:\/\/quehacerpolitico.mx\/index.php?rest_route=\/wp\/v2\/posts"}],"about":[{"href":"https:\/\/quehacerpolitico.mx\/index.php?rest_route=\/wp\/v2\/types\/post"}],"author":[{"embeddable":true,"href":"https:\/\/quehacerpolitico.mx\/index.php?rest_route=\/wp\/v2\/users\/2"}],"replies":[{"embeddable":true,"href":"https:\/\/quehacerpolitico.mx\/index.php?rest_route=%2Fwp%2Fv2%2Fcomments&post=2364"}],"version-history":[{"count":0,"href":"https:\/\/quehacerpolitico.mx\/index.php?rest_route=\/wp\/v2\/posts\/2364\/revisions"}],"wp:featuredmedia":[{"embeddable":true,"href":"https:\/\/quehacerpolitico.mx\/index.php?rest_route=\/"}],"wp:attachment":[{"href":"https:\/\/quehacerpolitico.mx\/index.php?rest_route=%2Fwp%2Fv2%2Fmedia&parent=2364"}],"wp:term":[{"taxonomy":"category","embeddable":true,"href":"https:\/\/quehacerpolitico.mx\/index.php?rest_route=%2Fwp%2Fv2%2Fcategories&post=2364"},{"taxonomy":"post_tag","embeddable":true,"href":"https:\/\/quehacerpolitico.mx\/index.php?rest_route=%2Fwp%2Fv2%2Ftags&post=2364"}],"curies":[{"name":"wp","href":"https:\/\/api.w.org\/{rel}","templated":true}]}}