{"id":23630,"date":"2019-04-18T16:47:01","date_gmt":"2019-04-18T16:47:01","guid":{"rendered":"http:\/\/quehacerpolitico.mx\/time-destaca-a-amlo-por-desactivar-a-trump\/"},"modified":"2019-04-18T16:47:01","modified_gmt":"2019-04-18T16:47:01","slug":"time-destaca-a-amlo-por-desactivar-a-trump","status":"publish","type":"post","link":"https:\/\/quehacerpolitico.mx\/?p=23630","title":{"rendered":"Time destaca a AMLO por \u201cdesactivar\u201d a Trump"},"content":{"rendered":"<h1 class=\"news-title\">Time destaca a AMLO por \u201cdesactivar\u201d a Trump<\/h1>\n<p>Por Redacci\u00f3n QP<\/p>\n<header class=\"news-header\">\n<div class=\"news-subtitle\">\n<p>La revista incluye al Mandatario entre su lista de los 100 l\u00edderes m\u00e1s influyentes del mundo<\/p>\n<\/div>\n<\/header>\n<div class=\"news-content\">\n<div class=\"news-body row\">\n<p>Como cada a\u00f1o, la revista estadounidense Time present\u00f3 su lista de las 100 personas m\u00e1s influyentes en diversos \u00e1mbitos, <strong>entre quienes destaca el Presidente Andr\u00e9s Manuel L\u00f3pez Obrador debido a su \u201cn\u00edtido cambio\u201d con respecto a sus predecesores y su forma de hacer frente al mandatario de Estados Unidos.<\/strong><\/p>\n<p>El periodista mexicano Jorge Ramos, quien escribi\u00f3 la entrada sobre el Presidente, se\u00f1ala que L\u00f3pez Obrador representa un \u201cn\u00edtido cambio\u201d con respecto a anteriores mandatarios de M\u00e9xico, por sus costumbres austeras, su formalismo y su lucha contra la corrupci\u00f3n.<\/p>\n<p><strong>Ramos destac\u00f3 que L\u00f3pez Obrador ha conseguido \u201cdesactivar\u201d a su hom\u00f3logo estadounidense, Donald Trump, al negarse a reaccionar a sus tuits, aunque se muestra preocupado por el hecho de que no ha denunciado la \u201cdictadura\u201d de Venezuela.<\/strong><\/p>\n<p>L\u00f3pez Obrador es diferente en la forma a mandatarios anteriores, \u00bfpero es realmente lo que el pa\u00eds realmente necesita?, pregunt\u00f3 Jorge Ramos, seg\u00fan ese texto.<\/p>\n<p>Al Mandatario le gusta pensar en grande, en t\u00e9rminos hist\u00f3ricos, escribi\u00f3 Ramos, quien la semana pasada acudi\u00f3 a la conferencia en la que confront\u00f3 al Presidente por las cifras de asesinatos en el pa\u00eds.<\/p>\n<p><strong>Sin embargo, advirti\u00f3 que \u201cel control total que tiene en el Congreso y su muy personal estilo de tomar decisiones ha levantado banderas en aquellos que no quieren otro \u2018populista autoritario\u2019\u201d.<\/strong><\/p>\n<p>\u201cAMLO esper\u00f3 12 a\u00f1os para convertirse en Presidente y est\u00e1 presuroso de actuar. Pero antes o despu\u00e9s se dar\u00e1 cuenta de que una sola persona no puede salvar a M\u00e9xico. Otros lo han intentado y han fallado\u201d, concluy\u00f3 el periodista de Univision.<\/p>\n<h4>Otros pol\u00edticos latinoamericanos<\/h4>\n<p>En la rese\u00f1a que publica Time, el opositor venezolano, Juan Guaid\u00f3, reconocido por m\u00e1s de 50 pa\u00edses como mandatario encargado de Venezuela, fue descrito como joven, energ\u00e9tico, elocuente, resuelto y, sobre todo, \u201cvaliente\u201d por Juan Manuel Santos, ex presidente de Colombia y autor del art\u00edculo.<\/p>\n<p>Sobre el presidente de Brasil, Jair Bolsonaro, se destaca su \u201ccar\u00e1cter complejo\u201d que, seg\u00fan el experto en Ciencias Pol\u00edticas estadounidense Ian Bremmer, \u201crepresenta una ruptura radical con una d\u00e9cada de corrupci\u00f3n de las altas esferas\u201d.<\/p>\n<\/div>\n<\/div>\n","protected":false},"excerpt":{"rendered":"<p>Time destaca a AMLO por \u201cdesactivar\u201d a Trump<br \/>\nPor Redacci\u00f3n QP<\/p>\n","protected":false},"author":2,"featured_media":23629,"comment_status":"open","ping_status":"open","sticky":false,"template":"","format":"standard","meta":{"_monsterinsights_skip_tracking":false,"_monsterinsights_sitenote_active":false,"_monsterinsights_sitenote_note":"","_monsterinsights_sitenote_category":0,"footnotes":""},"categories":[2],"tags":[],"class_list":["post-23630","post","type-post","status-publish","format-standard","has-post-thumbnail","hentry","category-noticias"],"yoast_head":"<!-- This site is optimized with the Yoast SEO plugin v27.3 - https:\/\/yoast.com\/product\/yoast-seo-wordpress\/ -->\n<title>Time destaca a AMLO por \u201cdesactivar\u201d a Trump -<\/title>\n<meta name=\"robots\" content=\"index, follow, max-snippet:-1, max-image-preview:large, max-video-preview:-1\" \/>\n<link rel=\"canonical\" href=\"https:\/\/quehacerpolitico.mx\/?p=23630\" \/>\n<meta property=\"og:locale\" content=\"es_MX\" \/>\n<meta property=\"og:type\" content=\"article\" \/>\n<meta property=\"og:title\" content=\"Time destaca a AMLO por \u201cdesactivar\u201d a Trump -\" \/>\n<meta property=\"og:description\" content=\"Time destaca a AMLO por \u201cdesactivar\u201d a Trump Por Redacci\u00f3n QP\" \/>\n<meta property=\"og:url\" content=\"https:\/\/quehacerpolitico.mx\/?p=23630\" \/>\n<meta property=\"article:published_time\" content=\"2019-04-18T16:47:01+00:00\" \/>\n<meta name=\"author\" content=\"Redacci\u00f3n QP\" \/>\n<meta name=\"twitter:card\" content=\"summary_large_image\" \/>\n<meta name=\"twitter:label1\" content=\"Escrito por\" \/>\n\t<meta name=\"twitter:data1\" content=\"Redacci\u00f3n QP\" \/>\n\t<meta name=\"twitter:label2\" content=\"Tiempo de lectura\" \/>\n\t<meta name=\"twitter:data2\" content=\"2 minutos\" \/>\n<script type=\"application\/ld+json\" class=\"yoast-schema-graph\">{\"@context\":\"https:\\\/\\\/schema.org\",\"@graph\":[{\"@type\":\"Article\",\"@id\":\"https:\\\/\\\/quehacerpolitico.mx\\\/?p=23630#article\",\"isPartOf\":{\"@id\":\"https:\\\/\\\/quehacerpolitico.mx\\\/?p=23630\"},\"author\":{\"name\":\"Redacci\u00f3n QP\",\"@id\":\"https:\\\/\\\/quehacerpolitico.mx\\\/#\\\/schema\\\/person\\\/496d8ad2d1d3f8036101dca7ee39e585\"},\"headline\":\"Time destaca a AMLO por \u201cdesactivar\u201d a Trump\",\"datePublished\":\"2019-04-18T16:47:01+00:00\",\"mainEntityOfPage\":{\"@id\":\"https:\\\/\\\/quehacerpolitico.mx\\\/?p=23630\"},\"wordCount\":406,\"commentCount\":0,\"image\":{\"@id\":\"https:\\\/\\\/quehacerpolitico.mx\\\/?p=23630#primaryimage\"},\"thumbnailUrl\":\"\",\"articleSection\":[\"Noticias\"],\"inLanguage\":\"es\",\"potentialAction\":[{\"@type\":\"CommentAction\",\"name\":\"Comment\",\"target\":[\"https:\\\/\\\/quehacerpolitico.mx\\\/?p=23630#respond\"]}]},{\"@type\":\"WebPage\",\"@id\":\"https:\\\/\\\/quehacerpolitico.mx\\\/?p=23630\",\"url\":\"https:\\\/\\\/quehacerpolitico.mx\\\/?p=23630\",\"name\":\"Time destaca a AMLO por \u201cdesactivar\u201d a Trump -\",\"isPartOf\":{\"@id\":\"https:\\\/\\\/quehacerpolitico.mx\\\/#website\"},\"primaryImageOfPage\":{\"@id\":\"https:\\\/\\\/quehacerpolitico.mx\\\/?p=23630#primaryimage\"},\"image\":{\"@id\":\"https:\\\/\\\/quehacerpolitico.mx\\\/?p=23630#primaryimage\"},\"thumbnailUrl\":\"\",\"datePublished\":\"2019-04-18T16:47:01+00:00\",\"author\":{\"@id\":\"https:\\\/\\\/quehacerpolitico.mx\\\/#\\\/schema\\\/person\\\/496d8ad2d1d3f8036101dca7ee39e585\"},\"breadcrumb\":{\"@id\":\"https:\\\/\\\/quehacerpolitico.mx\\\/?p=23630#breadcrumb\"},\"inLanguage\":\"es\",\"potentialAction\":[{\"@type\":\"ReadAction\",\"target\":[\"https:\\\/\\\/quehacerpolitico.mx\\\/?p=23630\"]}]},{\"@type\":\"ImageObject\",\"inLanguage\":\"es\",\"@id\":\"https:\\\/\\\/quehacerpolitico.mx\\\/?p=23630#primaryimage\",\"url\":\"\",\"contentUrl\":\"\"},{\"@type\":\"BreadcrumbList\",\"@id\":\"https:\\\/\\\/quehacerpolitico.mx\\\/?p=23630#breadcrumb\",\"itemListElement\":[{\"@type\":\"ListItem\",\"position\":1,\"name\":\"Inicio\",\"item\":\"https:\\\/\\\/quehacerpolitico.mx\\\/\"},{\"@type\":\"ListItem\",\"position\":2,\"name\":\"Time destaca a AMLO por \u201cdesactivar\u201d a Trump\"}]},{\"@type\":\"WebSite\",\"@id\":\"https:\\\/\\\/quehacerpolitico.mx\\\/#website\",\"url\":\"https:\\\/\\\/quehacerpolitico.mx\\\/\",\"name\":\"\",\"description\":\"\",\"potentialAction\":[{\"@type\":\"SearchAction\",\"target\":{\"@type\":\"EntryPoint\",\"urlTemplate\":\"https:\\\/\\\/quehacerpolitico.mx\\\/?s={search_term_string}\"},\"query-input\":{\"@type\":\"PropertyValueSpecification\",\"valueRequired\":true,\"valueName\":\"search_term_string\"}}],\"inLanguage\":\"es\"},{\"@type\":\"Person\",\"@id\":\"https:\\\/\\\/quehacerpolitico.mx\\\/#\\\/schema\\\/person\\\/496d8ad2d1d3f8036101dca7ee39e585\",\"name\":\"Redacci\u00f3n QP\",\"image\":{\"@type\":\"ImageObject\",\"inLanguage\":\"es\",\"@id\":\"https:\\\/\\\/secure.gravatar.com\\\/avatar\\\/c7164ed6fdec453195284ad24a5ae5b6e1eed2b848477fa2a4787ba9adf39a41?s=96&d=mm&r=g\",\"url\":\"https:\\\/\\\/secure.gravatar.com\\\/avatar\\\/c7164ed6fdec453195284ad24a5ae5b6e1eed2b848477fa2a4787ba9adf39a41?s=96&d=mm&r=g\",\"contentUrl\":\"https:\\\/\\\/secure.gravatar.com\\\/avatar\\\/c7164ed6fdec453195284ad24a5ae5b6e1eed2b848477fa2a4787ba9adf39a41?s=96&d=mm&r=g\",\"caption\":\"Redacci\u00f3n QP\"},\"url\":\"https:\\\/\\\/quehacerpolitico.mx\\\/?author=2\"}]}<\/script>\n<!-- \/ Yoast SEO plugin. -->","yoast_head_json":{"title":"Time destaca a AMLO por \u201cdesactivar\u201d a Trump -","robots":{"index":"index","follow":"follow","max-snippet":"max-snippet:-1","max-image-preview":"max-image-preview:large","max-video-preview":"max-video-preview:-1"},"canonical":"https:\/\/quehacerpolitico.mx\/?p=23630","og_locale":"es_MX","og_type":"article","og_title":"Time destaca a AMLO por \u201cdesactivar\u201d a Trump -","og_description":"Time destaca a AMLO por \u201cdesactivar\u201d a Trump Por Redacci\u00f3n QP","og_url":"https:\/\/quehacerpolitico.mx\/?p=23630","article_published_time":"2019-04-18T16:47:01+00:00","author":"Redacci\u00f3n QP","twitter_card":"summary_large_image","twitter_misc":{"Escrito por":"Redacci\u00f3n QP","Tiempo de lectura":"2 minutos"},"schema":{"@context":"https:\/\/schema.org","@graph":[{"@type":"Article","@id":"https:\/\/quehacerpolitico.mx\/?p=23630#article","isPartOf":{"@id":"https:\/\/quehacerpolitico.mx\/?p=23630"},"author":{"name":"Redacci\u00f3n QP","@id":"https:\/\/quehacerpolitico.mx\/#\/schema\/person\/496d8ad2d1d3f8036101dca7ee39e585"},"headline":"Time destaca a AMLO por \u201cdesactivar\u201d a Trump","datePublished":"2019-04-18T16:47:01+00:00","mainEntityOfPage":{"@id":"https:\/\/quehacerpolitico.mx\/?p=23630"},"wordCount":406,"commentCount":0,"image":{"@id":"https:\/\/quehacerpolitico.mx\/?p=23630#primaryimage"},"thumbnailUrl":"","articleSection":["Noticias"],"inLanguage":"es","potentialAction":[{"@type":"CommentAction","name":"Comment","target":["https:\/\/quehacerpolitico.mx\/?p=23630#respond"]}]},{"@type":"WebPage","@id":"https:\/\/quehacerpolitico.mx\/?p=23630","url":"https:\/\/quehacerpolitico.mx\/?p=23630","name":"Time destaca a AMLO por \u201cdesactivar\u201d a Trump -","isPartOf":{"@id":"https:\/\/quehacerpolitico.mx\/#website"},"primaryImageOfPage":{"@id":"https:\/\/quehacerpolitico.mx\/?p=23630#primaryimage"},"image":{"@id":"https:\/\/quehacerpolitico.mx\/?p=23630#primaryimage"},"thumbnailUrl":"","datePublished":"2019-04-18T16:47:01+00:00","author":{"@id":"https:\/\/quehacerpolitico.mx\/#\/schema\/person\/496d8ad2d1d3f8036101dca7ee39e585"},"breadcrumb":{"@id":"https:\/\/quehacerpolitico.mx\/?p=23630#breadcrumb"},"inLanguage":"es","potentialAction":[{"@type":"ReadAction","target":["https:\/\/quehacerpolitico.mx\/?p=23630"]}]},{"@type":"ImageObject","inLanguage":"es","@id":"https:\/\/quehacerpolitico.mx\/?p=23630#primaryimage","url":"","contentUrl":""},{"@type":"BreadcrumbList","@id":"https:\/\/quehacerpolitico.mx\/?p=23630#breadcrumb","itemListElement":[{"@type":"ListItem","position":1,"name":"Inicio","item":"https:\/\/quehacerpolitico.mx\/"},{"@type":"ListItem","position":2,"name":"Time destaca a AMLO por \u201cdesactivar\u201d a Trump"}]},{"@type":"WebSite","@id":"https:\/\/quehacerpolitico.mx\/#website","url":"https:\/\/quehacerpolitico.mx\/","name":"","description":"","potentialAction":[{"@type":"SearchAction","target":{"@type":"EntryPoint","urlTemplate":"https:\/\/quehacerpolitico.mx\/?s={search_term_string}"},"query-input":{"@type":"PropertyValueSpecification","valueRequired":true,"valueName":"search_term_string"}}],"inLanguage":"es"},{"@type":"Person","@id":"https:\/\/quehacerpolitico.mx\/#\/schema\/person\/496d8ad2d1d3f8036101dca7ee39e585","name":"Redacci\u00f3n QP","image":{"@type":"ImageObject","inLanguage":"es","@id":"https:\/\/secure.gravatar.com\/avatar\/c7164ed6fdec453195284ad24a5ae5b6e1eed2b848477fa2a4787ba9adf39a41?s=96&d=mm&r=g","url":"https:\/\/secure.gravatar.com\/avatar\/c7164ed6fdec453195284ad24a5ae5b6e1eed2b848477fa2a4787ba9adf39a41?s=96&d=mm&r=g","contentUrl":"https:\/\/secure.gravatar.com\/avatar\/c7164ed6fdec453195284ad24a5ae5b6e1eed2b848477fa2a4787ba9adf39a41?s=96&d=mm&r=g","caption":"Redacci\u00f3n QP"},"url":"https:\/\/quehacerpolitico.mx\/?author=2"}]}},"featured_image_urls":{"full":"","thumbnail":"","medium":"","medium_large":"","large":"","1536x1536":"","2048x2048":"","covernews-featured":"","covernews-medium":""},"author_info":{"display_name":"Redacci\u00f3n QP","author_link":"https:\/\/quehacerpolitico.mx\/?author=2"},"category_info":"<a href=\"https:\/\/quehacerpolitico.mx\/?cat=2\" rel=\"category\">Noticias<\/a>","tag_info":"Noticias","comment_count":"0","_links":{"self":[{"href":"https:\/\/quehacerpolitico.mx\/index.php?rest_route=\/wp\/v2\/posts\/23630","targetHints":{"allow":["GET"]}}],"collection":[{"href":"https:\/\/quehacerpolitico.mx\/index.php?rest_route=\/wp\/v2\/posts"}],"about":[{"href":"https:\/\/quehacerpolitico.mx\/index.php?rest_route=\/wp\/v2\/types\/post"}],"author":[{"embeddable":true,"href":"https:\/\/quehacerpolitico.mx\/index.php?rest_route=\/wp\/v2\/users\/2"}],"replies":[{"embeddable":true,"href":"https:\/\/quehacerpolitico.mx\/index.php?rest_route=%2Fwp%2Fv2%2Fcomments&post=23630"}],"version-history":[{"count":0,"href":"https:\/\/quehacerpolitico.mx\/index.php?rest_route=\/wp\/v2\/posts\/23630\/revisions"}],"wp:featuredmedia":[{"embeddable":true,"href":"https:\/\/quehacerpolitico.mx\/index.php?rest_route=\/"}],"wp:attachment":[{"href":"https:\/\/quehacerpolitico.mx\/index.php?rest_route=%2Fwp%2Fv2%2Fmedia&parent=23630"}],"wp:term":[{"taxonomy":"category","embeddable":true,"href":"https:\/\/quehacerpolitico.mx\/index.php?rest_route=%2Fwp%2Fv2%2Fcategories&post=23630"},{"taxonomy":"post_tag","embeddable":true,"href":"https:\/\/quehacerpolitico.mx\/index.php?rest_route=%2Fwp%2Fv2%2Ftags&post=23630"}],"curies":[{"name":"wp","href":"https:\/\/api.w.org\/{rel}","templated":true}]}}