{"id":23305,"date":"2019-04-12T23:33:55","date_gmt":"2019-04-12T23:33:55","guid":{"rendered":"http:\/\/quehacerpolitico.mx\/piden-aclarar-parentesco-de-consejero-de-pemex-con-lopez-obrador\/"},"modified":"2019-04-12T23:33:55","modified_gmt":"2019-04-12T23:33:55","slug":"piden-aclarar-parentesco-de-consejero-de-pemex-con-lopez-obrador","status":"publish","type":"post","link":"https:\/\/quehacerpolitico.mx\/?p=23305","title":{"rendered":"Piden aclarar parentesco de consejero de Pemex con L\u00f3pez Obrador"},"content":{"rendered":"<h1 class=\"news-title\">Piden aclarar parentesco de consejero de Pemex con L\u00f3pez Obrador<\/h1>\n<p>Por Redacci\u00f3n QP<\/p>\n<header class=\"news-header\">\n<div class=\"news-subtitle\">\n<p>El senador panista Dami\u00e1n Zepeda solicita a la Comisi\u00f3n de Energ\u00eda determinar si Jos\u00e9 Eduardo Beltr\u00e1n es pariente de los tres hijos del primer matrimonio del Presidente<\/p>\n<\/div>\n<\/header>\n<div class=\"news-content\">\n<div class=\"news-body row\">\n<p>El senador Dami\u00e1n Zepeda Vidales (PAN)\u00a0dijo que la Comisi\u00f3n de Energ\u00eda del Senado <strong>omiti\u00f3 documentar si el consejero independiente de Pemex, Jos\u00e9 Eduardo Beltr\u00e1n Hern\u00e1ndez, es pariente de los tres hijos del primer matrimonio de Andr\u00e9s Manuel L\u00f3pez Obrador<\/strong>, y en este caso tiene parentesco por afinidad con el Presidente de la Rep\u00fablica.<\/p>\n<blockquote>\n<p>&#8220;Lo digo con todas sus letras, \u00bfes o no es pariente de la familia del Presidente de la Rep\u00fablica el candidato Jos\u00e9 Eduardo Beltr\u00e1n Hern\u00e1ndez?&#8221;<\/p>\n<\/blockquote>\n<p>Zepeda Vidales, en el debate sobre la ratificaci\u00f3n de consejeros independientes de Petr\u00f3leos Mexicanos (Pemex), se\u00f1al\u00f3 que por escrito solicit\u00f3 a la Comisi\u00f3n de Energ\u00eda &#8220;que nos digan oficialmente en este Senado, qu\u00e9 relaci\u00f3n de parentesco tiene uno de los candidatos con el titular del poder Ejecutivo federal&#8221;.<\/p>\n<p>En tribuna Zepda Vidales a\u00f1adi\u00f3: &#8220;Lo digo con todas sus letras, \u00bfes o no es pariente de la familia del Presidente de la Rep\u00fablica el candidato Jos\u00e9 Eduardo Beltr\u00e1n Hern\u00e1ndez?&#8221;<\/p>\n<p>El senador F\u00e9lix Salgado Macedonio (Morena)\u00a0<strong>subi\u00f3 a tribuna y contest\u00f3: &#8220;no son parientes, no es cierto, es absolutamente falso, no son parientes&#8221;.<\/strong><\/p>\n<p>Al respecto, este viernes, en entrevista en la mesa directiva, el presidente del Senado, Mart\u00ed Batres Guadarrama (Morena), dijo: &#8220;Supongo que no es cierto&#8221;.<\/p>\n<p>La ratificaci\u00f3n de Jos\u00e9 Eduardo Beltr\u00e1n Hern\u00e1ndez, para tomar la responsabilidad de consejero independiente de Pemex por cinco a\u00f1os, se alcanz\u00f3 con una votaci\u00f3n de 72 senadores a favor y 36 en contra, justos los dos tercios requeridos para recibir el aval senatorial.<\/p>\n<p>El panista Dami\u00e1n Zepeda dijo que &#8220;no nos dan informaci\u00f3n, y quieren que a ciegas, con una carta que dice que cumple los requisitos, ya creamos. No, nuestro trabajo es documentar que se cumple cada uno de los requisitos, y no, no los cumple&#8221;.<\/p>\n<p>Dijo que <strong>la ley impide que ese cargo se ocupe cuando hay hasta cuarto grado de parentesco, que implica ser primo de alguien, en este caso por afinidad,<\/strong> y aplica m\u00e1s para quien lo propone.<\/p>\n<p>&#8220;Yo no s\u00e9 si sea o no pariente (del Presidente), pero me parece justo que este Senado tenga esa respuesta&#8221;, subray\u00f3.<\/p>\n<p>Con todo, Beltr\u00e1n Hern\u00e1ndez no es elegible, como ocurri\u00f3 el jueves y en fecha pr\u00f3xima deber\u00e1 acudir al Senado a rendir protesta, porque ejerci\u00f3 &#8220;decisiones de conducci\u00f3n&#8221;, no consultivas, en Morena Tabasco, dijo.<\/p>\n<\/div>\n<\/div>\n","protected":false},"excerpt":{"rendered":"<p>Piden aclarar parentesco de consejero de Pemex con L\u00f3pez Obrador<br \/>\nPor Redacci\u00f3n QP<\/p>\n","protected":false},"author":2,"featured_media":23304,"comment_status":"open","ping_status":"open","sticky":false,"template":"","format":"standard","meta":{"_monsterinsights_skip_tracking":false,"_monsterinsights_sitenote_active":false,"_monsterinsights_sitenote_note":"","_monsterinsights_sitenote_category":0,"footnotes":""},"categories":[2],"tags":[],"class_list":["post-23305","post","type-post","status-publish","format-standard","has-post-thumbnail","hentry","category-noticias"],"yoast_head":"<!-- This site is optimized with the Yoast SEO plugin v27.3 - https:\/\/yoast.com\/product\/yoast-seo-wordpress\/ -->\n<title>Piden aclarar parentesco de consejero de Pemex con L\u00f3pez Obrador -<\/title>\n<meta name=\"robots\" content=\"index, follow, max-snippet:-1, max-image-preview:large, max-video-preview:-1\" \/>\n<link rel=\"canonical\" href=\"https:\/\/quehacerpolitico.mx\/?p=23305\" \/>\n<meta property=\"og:locale\" content=\"es_MX\" \/>\n<meta property=\"og:type\" content=\"article\" \/>\n<meta property=\"og:title\" content=\"Piden aclarar parentesco de consejero de Pemex con L\u00f3pez Obrador -\" \/>\n<meta property=\"og:description\" content=\"Piden aclarar parentesco de consejero de Pemex con L\u00f3pez Obrador Por Redacci\u00f3n QP\" \/>\n<meta property=\"og:url\" content=\"https:\/\/quehacerpolitico.mx\/?p=23305\" \/>\n<meta property=\"article:published_time\" content=\"2019-04-12T23:33:55+00:00\" \/>\n<meta name=\"author\" content=\"Redacci\u00f3n QP\" \/>\n<meta name=\"twitter:card\" content=\"summary_large_image\" \/>\n<meta name=\"twitter:label1\" content=\"Escrito por\" \/>\n\t<meta name=\"twitter:data1\" content=\"Redacci\u00f3n QP\" \/>\n\t<meta name=\"twitter:label2\" content=\"Tiempo de lectura\" \/>\n\t<meta name=\"twitter:data2\" content=\"2 minutos\" \/>\n<script type=\"application\/ld+json\" class=\"yoast-schema-graph\">{\"@context\":\"https:\\\/\\\/schema.org\",\"@graph\":[{\"@type\":\"Article\",\"@id\":\"https:\\\/\\\/quehacerpolitico.mx\\\/?p=23305#article\",\"isPartOf\":{\"@id\":\"https:\\\/\\\/quehacerpolitico.mx\\\/?p=23305\"},\"author\":{\"name\":\"Redacci\u00f3n QP\",\"@id\":\"https:\\\/\\\/quehacerpolitico.mx\\\/#\\\/schema\\\/person\\\/496d8ad2d1d3f8036101dca7ee39e585\"},\"headline\":\"Piden aclarar parentesco de consejero de Pemex con L\u00f3pez Obrador\",\"datePublished\":\"2019-04-12T23:33:55+00:00\",\"mainEntityOfPage\":{\"@id\":\"https:\\\/\\\/quehacerpolitico.mx\\\/?p=23305\"},\"wordCount\":469,\"commentCount\":0,\"image\":{\"@id\":\"https:\\\/\\\/quehacerpolitico.mx\\\/?p=23305#primaryimage\"},\"thumbnailUrl\":\"\",\"articleSection\":[\"Noticias\"],\"inLanguage\":\"es\",\"potentialAction\":[{\"@type\":\"CommentAction\",\"name\":\"Comment\",\"target\":[\"https:\\\/\\\/quehacerpolitico.mx\\\/?p=23305#respond\"]}]},{\"@type\":\"WebPage\",\"@id\":\"https:\\\/\\\/quehacerpolitico.mx\\\/?p=23305\",\"url\":\"https:\\\/\\\/quehacerpolitico.mx\\\/?p=23305\",\"name\":\"Piden aclarar parentesco de consejero de Pemex con L\u00f3pez Obrador -\",\"isPartOf\":{\"@id\":\"https:\\\/\\\/quehacerpolitico.mx\\\/#website\"},\"primaryImageOfPage\":{\"@id\":\"https:\\\/\\\/quehacerpolitico.mx\\\/?p=23305#primaryimage\"},\"image\":{\"@id\":\"https:\\\/\\\/quehacerpolitico.mx\\\/?p=23305#primaryimage\"},\"thumbnailUrl\":\"\",\"datePublished\":\"2019-04-12T23:33:55+00:00\",\"author\":{\"@id\":\"https:\\\/\\\/quehacerpolitico.mx\\\/#\\\/schema\\\/person\\\/496d8ad2d1d3f8036101dca7ee39e585\"},\"breadcrumb\":{\"@id\":\"https:\\\/\\\/quehacerpolitico.mx\\\/?p=23305#breadcrumb\"},\"inLanguage\":\"es\",\"potentialAction\":[{\"@type\":\"ReadAction\",\"target\":[\"https:\\\/\\\/quehacerpolitico.mx\\\/?p=23305\"]}]},{\"@type\":\"ImageObject\",\"inLanguage\":\"es\",\"@id\":\"https:\\\/\\\/quehacerpolitico.mx\\\/?p=23305#primaryimage\",\"url\":\"\",\"contentUrl\":\"\"},{\"@type\":\"BreadcrumbList\",\"@id\":\"https:\\\/\\\/quehacerpolitico.mx\\\/?p=23305#breadcrumb\",\"itemListElement\":[{\"@type\":\"ListItem\",\"position\":1,\"name\":\"Inicio\",\"item\":\"https:\\\/\\\/quehacerpolitico.mx\\\/\"},{\"@type\":\"ListItem\",\"position\":2,\"name\":\"Piden aclarar parentesco de consejero de Pemex con L\u00f3pez Obrador\"}]},{\"@type\":\"WebSite\",\"@id\":\"https:\\\/\\\/quehacerpolitico.mx\\\/#website\",\"url\":\"https:\\\/\\\/quehacerpolitico.mx\\\/\",\"name\":\"\",\"description\":\"\",\"potentialAction\":[{\"@type\":\"SearchAction\",\"target\":{\"@type\":\"EntryPoint\",\"urlTemplate\":\"https:\\\/\\\/quehacerpolitico.mx\\\/?s={search_term_string}\"},\"query-input\":{\"@type\":\"PropertyValueSpecification\",\"valueRequired\":true,\"valueName\":\"search_term_string\"}}],\"inLanguage\":\"es\"},{\"@type\":\"Person\",\"@id\":\"https:\\\/\\\/quehacerpolitico.mx\\\/#\\\/schema\\\/person\\\/496d8ad2d1d3f8036101dca7ee39e585\",\"name\":\"Redacci\u00f3n QP\",\"image\":{\"@type\":\"ImageObject\",\"inLanguage\":\"es\",\"@id\":\"https:\\\/\\\/secure.gravatar.com\\\/avatar\\\/c7164ed6fdec453195284ad24a5ae5b6e1eed2b848477fa2a4787ba9adf39a41?s=96&d=mm&r=g\",\"url\":\"https:\\\/\\\/secure.gravatar.com\\\/avatar\\\/c7164ed6fdec453195284ad24a5ae5b6e1eed2b848477fa2a4787ba9adf39a41?s=96&d=mm&r=g\",\"contentUrl\":\"https:\\\/\\\/secure.gravatar.com\\\/avatar\\\/c7164ed6fdec453195284ad24a5ae5b6e1eed2b848477fa2a4787ba9adf39a41?s=96&d=mm&r=g\",\"caption\":\"Redacci\u00f3n QP\"},\"url\":\"https:\\\/\\\/quehacerpolitico.mx\\\/?author=2\"}]}<\/script>\n<!-- \/ Yoast SEO plugin. -->","yoast_head_json":{"title":"Piden aclarar parentesco de consejero de Pemex con L\u00f3pez Obrador -","robots":{"index":"index","follow":"follow","max-snippet":"max-snippet:-1","max-image-preview":"max-image-preview:large","max-video-preview":"max-video-preview:-1"},"canonical":"https:\/\/quehacerpolitico.mx\/?p=23305","og_locale":"es_MX","og_type":"article","og_title":"Piden aclarar parentesco de consejero de Pemex con L\u00f3pez Obrador -","og_description":"Piden aclarar parentesco de consejero de Pemex con L\u00f3pez Obrador Por Redacci\u00f3n QP","og_url":"https:\/\/quehacerpolitico.mx\/?p=23305","article_published_time":"2019-04-12T23:33:55+00:00","author":"Redacci\u00f3n QP","twitter_card":"summary_large_image","twitter_misc":{"Escrito por":"Redacci\u00f3n QP","Tiempo de lectura":"2 minutos"},"schema":{"@context":"https:\/\/schema.org","@graph":[{"@type":"Article","@id":"https:\/\/quehacerpolitico.mx\/?p=23305#article","isPartOf":{"@id":"https:\/\/quehacerpolitico.mx\/?p=23305"},"author":{"name":"Redacci\u00f3n QP","@id":"https:\/\/quehacerpolitico.mx\/#\/schema\/person\/496d8ad2d1d3f8036101dca7ee39e585"},"headline":"Piden aclarar parentesco de consejero de Pemex con L\u00f3pez Obrador","datePublished":"2019-04-12T23:33:55+00:00","mainEntityOfPage":{"@id":"https:\/\/quehacerpolitico.mx\/?p=23305"},"wordCount":469,"commentCount":0,"image":{"@id":"https:\/\/quehacerpolitico.mx\/?p=23305#primaryimage"},"thumbnailUrl":"","articleSection":["Noticias"],"inLanguage":"es","potentialAction":[{"@type":"CommentAction","name":"Comment","target":["https:\/\/quehacerpolitico.mx\/?p=23305#respond"]}]},{"@type":"WebPage","@id":"https:\/\/quehacerpolitico.mx\/?p=23305","url":"https:\/\/quehacerpolitico.mx\/?p=23305","name":"Piden aclarar parentesco de consejero de Pemex con L\u00f3pez Obrador -","isPartOf":{"@id":"https:\/\/quehacerpolitico.mx\/#website"},"primaryImageOfPage":{"@id":"https:\/\/quehacerpolitico.mx\/?p=23305#primaryimage"},"image":{"@id":"https:\/\/quehacerpolitico.mx\/?p=23305#primaryimage"},"thumbnailUrl":"","datePublished":"2019-04-12T23:33:55+00:00","author":{"@id":"https:\/\/quehacerpolitico.mx\/#\/schema\/person\/496d8ad2d1d3f8036101dca7ee39e585"},"breadcrumb":{"@id":"https:\/\/quehacerpolitico.mx\/?p=23305#breadcrumb"},"inLanguage":"es","potentialAction":[{"@type":"ReadAction","target":["https:\/\/quehacerpolitico.mx\/?p=23305"]}]},{"@type":"ImageObject","inLanguage":"es","@id":"https:\/\/quehacerpolitico.mx\/?p=23305#primaryimage","url":"","contentUrl":""},{"@type":"BreadcrumbList","@id":"https:\/\/quehacerpolitico.mx\/?p=23305#breadcrumb","itemListElement":[{"@type":"ListItem","position":1,"name":"Inicio","item":"https:\/\/quehacerpolitico.mx\/"},{"@type":"ListItem","position":2,"name":"Piden aclarar parentesco de consejero de Pemex con L\u00f3pez Obrador"}]},{"@type":"WebSite","@id":"https:\/\/quehacerpolitico.mx\/#website","url":"https:\/\/quehacerpolitico.mx\/","name":"","description":"","potentialAction":[{"@type":"SearchAction","target":{"@type":"EntryPoint","urlTemplate":"https:\/\/quehacerpolitico.mx\/?s={search_term_string}"},"query-input":{"@type":"PropertyValueSpecification","valueRequired":true,"valueName":"search_term_string"}}],"inLanguage":"es"},{"@type":"Person","@id":"https:\/\/quehacerpolitico.mx\/#\/schema\/person\/496d8ad2d1d3f8036101dca7ee39e585","name":"Redacci\u00f3n QP","image":{"@type":"ImageObject","inLanguage":"es","@id":"https:\/\/secure.gravatar.com\/avatar\/c7164ed6fdec453195284ad24a5ae5b6e1eed2b848477fa2a4787ba9adf39a41?s=96&d=mm&r=g","url":"https:\/\/secure.gravatar.com\/avatar\/c7164ed6fdec453195284ad24a5ae5b6e1eed2b848477fa2a4787ba9adf39a41?s=96&d=mm&r=g","contentUrl":"https:\/\/secure.gravatar.com\/avatar\/c7164ed6fdec453195284ad24a5ae5b6e1eed2b848477fa2a4787ba9adf39a41?s=96&d=mm&r=g","caption":"Redacci\u00f3n QP"},"url":"https:\/\/quehacerpolitico.mx\/?author=2"}]}},"featured_image_urls":{"full":"","thumbnail":"","medium":"","medium_large":"","large":"","1536x1536":"","2048x2048":"","covernews-featured":"","covernews-medium":""},"author_info":{"display_name":"Redacci\u00f3n QP","author_link":"https:\/\/quehacerpolitico.mx\/?author=2"},"category_info":"<a href=\"https:\/\/quehacerpolitico.mx\/?cat=2\" rel=\"category\">Noticias<\/a>","tag_info":"Noticias","comment_count":"0","_links":{"self":[{"href":"https:\/\/quehacerpolitico.mx\/index.php?rest_route=\/wp\/v2\/posts\/23305","targetHints":{"allow":["GET"]}}],"collection":[{"href":"https:\/\/quehacerpolitico.mx\/index.php?rest_route=\/wp\/v2\/posts"}],"about":[{"href":"https:\/\/quehacerpolitico.mx\/index.php?rest_route=\/wp\/v2\/types\/post"}],"author":[{"embeddable":true,"href":"https:\/\/quehacerpolitico.mx\/index.php?rest_route=\/wp\/v2\/users\/2"}],"replies":[{"embeddable":true,"href":"https:\/\/quehacerpolitico.mx\/index.php?rest_route=%2Fwp%2Fv2%2Fcomments&post=23305"}],"version-history":[{"count":0,"href":"https:\/\/quehacerpolitico.mx\/index.php?rest_route=\/wp\/v2\/posts\/23305\/revisions"}],"wp:featuredmedia":[{"embeddable":true,"href":"https:\/\/quehacerpolitico.mx\/index.php?rest_route=\/"}],"wp:attachment":[{"href":"https:\/\/quehacerpolitico.mx\/index.php?rest_route=%2Fwp%2Fv2%2Fmedia&parent=23305"}],"wp:term":[{"taxonomy":"category","embeddable":true,"href":"https:\/\/quehacerpolitico.mx\/index.php?rest_route=%2Fwp%2Fv2%2Fcategories&post=23305"},{"taxonomy":"post_tag","embeddable":true,"href":"https:\/\/quehacerpolitico.mx\/index.php?rest_route=%2Fwp%2Fv2%2Ftags&post=23305"}],"curies":[{"name":"wp","href":"https:\/\/api.w.org\/{rel}","templated":true}]}}