{"id":23302,"date":"2019-04-12T23:25:57","date_gmt":"2019-04-12T23:25:57","guid":{"rendered":"http:\/\/quehacerpolitico.mx\/alcaldias-llevan-a-cuauhtemoc-semana-itinerante-profeco-en-tu-alcaldia\/"},"modified":"2019-04-12T23:25:57","modified_gmt":"2019-04-12T23:25:57","slug":"alcaldias-llevan-a-cuauhtemoc-semana-itinerante-profeco-en-tu-alcaldia","status":"publish","type":"post","link":"https:\/\/quehacerpolitico.mx\/?p=23302","title":{"rendered":"Alcald\u00edas\/\/\/Llevan a Cuauht\u00e9moc, \u201cSemana Itinerante, Profeco en tu Alcald\u00eda\u201d"},"content":{"rendered":"<p><span class=\"s8\"><span class=\"bumpedFont15\">Llevan a Cuauht\u00e9moc, <\/span><\/span><span class=\"s8\"><span class=\"bumpedFont15\">\u201cSemana Itinerante, P<\/span><\/span><span class=\"s8\"><span class=\"bumpedFont15\">rofeco<\/span><\/span><span class=\"s8\"><span class=\"bumpedFont15\"> en tu Alcald\u00eda\u201d<\/span><\/span><\/p>\n<p>Por Redacci\u00f3n QP<\/p>\n<div class=\"s12\"><span class=\"s11\"><span class=\"bumpedFont15\">La finalidad es que las personas se familiaricen con el uso de los servicios electr\u00f3nicos de la instancia y sus derechos como consumidores.<\/span><\/span><\/div>\n<p class=\"s13\"><span class=\"s11\"><span class=\"bumpedFont15\">Del 22 al 26 de abril, vecinos de la alcald\u00eda Cuauht\u00e9moc podr\u00e1n acceder a la <\/span><\/span><span class=\"s11\"><span class=\"bumpedFont15\">\u201cSemana Itinerante, P<\/span><\/span><span class=\"s11\"><span class=\"bumpedFont15\">rofeco<\/span><\/span><span class=\"s11\"><span class=\"bumpedFont15\"> en tu Alcald\u00eda\u201d <\/span><\/span><span class=\"s11\"><span class=\"bumpedFont15\">que, entre otros objetivos, tiene el de acercar los servicios p\u00fablicos <\/span><\/span><span class=\"s11\"><span class=\"bumpedFont15\">de la instancia a <\/span><\/span><span class=\"s11\"><span class=\"bumpedFont15\">los consumidores.<\/span><\/span><\/p>\n<p class=\"s13\"><span class=\"s11\"><span class=\"bumpedFont15\">Esto ser\u00e1 posible con la colocaci\u00f3n de un m\u00f3dulo<\/span><\/span><span class=\"s11\"><span class=\"bumpedFont15\"> en la explanada principal,<\/span><\/span><a name=\"_GoBack\"><\/a><span class=\"s11\"><span class=\"bumpedFont15\"> y<\/span><\/span><span class=\"s11\"><span class=\"bumpedFont15\"> gracias a la firma de un c<\/span><\/span><span class=\"s11\"><span class=\"bumpedFont15\">onvenio espec\u00edfico de Colaboraci\u00f3n celebrado entre la Secretar\u00eda de Desarrollo Econ\u00f3mico de la Ciudad de M\u00e9xico (<\/span><\/span><span class=\"s11\"><span class=\"bumpedFont15\">S<\/span><\/span><span class=\"s11\"><span class=\"bumpedFont15\">edeco<\/span><\/span><span class=\"s11\"><span class=\"bumpedFont15\">), la Procuradur\u00eda Federal de la Defensa del Consumidor y las 16 Alcald\u00edas<\/span><\/span><span class=\"s11\"><span class=\"bumpedFont15\">, entre ellas, la encabezada por N\u00e9stor N\u00fa\u00f1ez L\u00f3pez<\/span><\/span><span class=\"s11\"><span class=\"bumpedFont15\">. <\/span><\/span><\/p>\n<p class=\"s13\"><span class=\"s11\"><span class=\"bumpedFont15\">Otros de los objetivos del convenio tienen que ver con e<\/span><\/span><span class=\"s11\"><span class=\"bumpedFont15\">stablecer l\u00edneas de trabajo <\/span><\/span><span class=\"s11\"><span class=\"bumpedFont15\">para<\/span><\/span><span class=\"s11\"><span class=\"bumpedFont15\"> promover y proteger los derechos de los consumidores<\/span><\/span><span class=\"s11\"><span class=\"bumpedFont15\">, f<\/span><\/span><span class=\"s11\"><span class=\"bumpedFont15\">omentar la cultura del cons<\/span><\/span><span class=\"s11\"><span class=\"bumpedFont15\">umo responsable e inteligente<\/span><\/span><span class=\"s11\"><span class=\"bumpedFont15\">, as\u00ed como b<\/span><\/span><span class=\"s11\"><span class=\"bumpedFont15\">rindar asesor\u00eda y atender posibles quejas o reclamaciones en materia de consumo. <\/span><\/span><\/p>\n<p class=\"s13\"><span class=\"s11\"><span class=\"bumpedFont15\">Debido a que e<\/span><\/span><span class=\"s11\"><span class=\"bumpedFont15\">l 90 por ciento de las quejas se hacen de forma presencial<\/span><\/span><span class=\"s11\"><span class=\"bumpedFont15\">, se busca familiarizar a la gente con <\/span><\/span><span class=\"s11\"><span class=\"bumpedFont15\">Concilianet<\/span><\/span><span class=\"s11\"><span class=\"bumpedFont15\">, Concilia Express o v\u00eda telef\u00f3nica, para que el consumidor no tenga que trasladarse hasta alguna delegaci\u00f3n de la Profeco, por lo que funcionarios de la instancia acudir\u00e1n a promover dichos servicios, dijo su titular, <\/span><\/span><span class=\"s14\"><span class=\"bumpedFont15\">Ricardo Sheffield Padilla<\/span><\/span><span class=\"s14\"><span class=\"bumpedFont15\">.<\/span><\/span><\/p>\n<p class=\"s13\"><span class=\"s11\"><span class=\"bumpedFont15\">Destac\u00f3 que la asistencia a las instalaciones de Profeco solo deber\u00eda hacerse con asuntos relacionados con la compra de vivienda o autom\u00f3vil.<\/span><\/span><\/p>\n<p class=\"s13\"><span class=\"s11\"><span class=\"bumpedFont15\">El horario de atenci\u00f3n ser\u00e1 de las 09:00 a \u00a0las 16:00 horas en los d\u00edas indicados.<\/span><\/span><\/p>\n","protected":false},"excerpt":{"rendered":"<p>Llevan a Cuauht\u00e9moc, \u201cSemana Itinerante, Profeco en tu Alcald\u00eda\u201d<br \/>\nPor Redacci\u00f3n QP<\/p>\n","protected":false},"author":2,"featured_media":23301,"comment_status":"open","ping_status":"open","sticky":false,"template":"","format":"standard","meta":{"_monsterinsights_skip_tracking":false,"_monsterinsights_sitenote_active":false,"_monsterinsights_sitenote_note":"","_monsterinsights_sitenote_category":0,"footnotes":""},"categories":[55],"tags":[],"class_list":["post-23302","post","type-post","status-publish","format-standard","has-post-thumbnail","hentry","category-cdmx"],"yoast_head":"<!-- This site is optimized with the Yoast SEO plugin v27.3 - https:\/\/yoast.com\/product\/yoast-seo-wordpress\/ -->\n<title>Alcald\u00edas\/\/\/Llevan a Cuauht\u00e9moc, \u201cSemana Itinerante, Profeco en tu Alcald\u00eda\u201d -<\/title>\n<meta name=\"robots\" content=\"index, follow, max-snippet:-1, max-image-preview:large, max-video-preview:-1\" \/>\n<link rel=\"canonical\" href=\"https:\/\/quehacerpolitico.mx\/?p=23302\" \/>\n<meta property=\"og:locale\" content=\"es_MX\" \/>\n<meta property=\"og:type\" content=\"article\" \/>\n<meta property=\"og:title\" content=\"Alcald\u00edas\/\/\/Llevan a Cuauht\u00e9moc, \u201cSemana Itinerante, Profeco en tu Alcald\u00eda\u201d -\" \/>\n<meta property=\"og:description\" content=\"Llevan a Cuauht\u00e9moc, \u201cSemana Itinerante, Profeco en tu Alcald\u00eda\u201d Por Redacci\u00f3n QP\" \/>\n<meta property=\"og:url\" content=\"https:\/\/quehacerpolitico.mx\/?p=23302\" \/>\n<meta property=\"article:published_time\" content=\"2019-04-12T23:25:57+00:00\" \/>\n<meta name=\"author\" content=\"Redacci\u00f3n QP\" \/>\n<meta name=\"twitter:card\" content=\"summary_large_image\" \/>\n<meta name=\"twitter:label1\" content=\"Escrito por\" \/>\n\t<meta name=\"twitter:data1\" content=\"Redacci\u00f3n QP\" \/>\n\t<meta name=\"twitter:label2\" content=\"Tiempo de lectura\" \/>\n\t<meta name=\"twitter:data2\" content=\"1 minuto\" \/>\n<script type=\"application\/ld+json\" class=\"yoast-schema-graph\">{\"@context\":\"https:\\\/\\\/schema.org\",\"@graph\":[{\"@type\":\"Article\",\"@id\":\"https:\\\/\\\/quehacerpolitico.mx\\\/?p=23302#article\",\"isPartOf\":{\"@id\":\"https:\\\/\\\/quehacerpolitico.mx\\\/?p=23302\"},\"author\":{\"name\":\"Redacci\u00f3n QP\",\"@id\":\"https:\\\/\\\/quehacerpolitico.mx\\\/#\\\/schema\\\/person\\\/496d8ad2d1d3f8036101dca7ee39e585\"},\"headline\":\"Alcald\u00edas\\\/\\\/\\\/Llevan a Cuauht\u00e9moc, \u201cSemana Itinerante, Profeco en tu Alcald\u00eda\u201d\",\"datePublished\":\"2019-04-12T23:25:57+00:00\",\"mainEntityOfPage\":{\"@id\":\"https:\\\/\\\/quehacerpolitico.mx\\\/?p=23302\"},\"wordCount\":320,\"commentCount\":0,\"image\":{\"@id\":\"https:\\\/\\\/quehacerpolitico.mx\\\/?p=23302#primaryimage\"},\"thumbnailUrl\":\"\",\"articleSection\":[\"CDMX\"],\"inLanguage\":\"es\",\"potentialAction\":[{\"@type\":\"CommentAction\",\"name\":\"Comment\",\"target\":[\"https:\\\/\\\/quehacerpolitico.mx\\\/?p=23302#respond\"]}]},{\"@type\":\"WebPage\",\"@id\":\"https:\\\/\\\/quehacerpolitico.mx\\\/?p=23302\",\"url\":\"https:\\\/\\\/quehacerpolitico.mx\\\/?p=23302\",\"name\":\"Alcald\u00edas\\\/\\\/\\\/Llevan a Cuauht\u00e9moc, \u201cSemana Itinerante, Profeco en tu Alcald\u00eda\u201d -\",\"isPartOf\":{\"@id\":\"https:\\\/\\\/quehacerpolitico.mx\\\/#website\"},\"primaryImageOfPage\":{\"@id\":\"https:\\\/\\\/quehacerpolitico.mx\\\/?p=23302#primaryimage\"},\"image\":{\"@id\":\"https:\\\/\\\/quehacerpolitico.mx\\\/?p=23302#primaryimage\"},\"thumbnailUrl\":\"\",\"datePublished\":\"2019-04-12T23:25:57+00:00\",\"author\":{\"@id\":\"https:\\\/\\\/quehacerpolitico.mx\\\/#\\\/schema\\\/person\\\/496d8ad2d1d3f8036101dca7ee39e585\"},\"breadcrumb\":{\"@id\":\"https:\\\/\\\/quehacerpolitico.mx\\\/?p=23302#breadcrumb\"},\"inLanguage\":\"es\",\"potentialAction\":[{\"@type\":\"ReadAction\",\"target\":[\"https:\\\/\\\/quehacerpolitico.mx\\\/?p=23302\"]}]},{\"@type\":\"ImageObject\",\"inLanguage\":\"es\",\"@id\":\"https:\\\/\\\/quehacerpolitico.mx\\\/?p=23302#primaryimage\",\"url\":\"\",\"contentUrl\":\"\"},{\"@type\":\"BreadcrumbList\",\"@id\":\"https:\\\/\\\/quehacerpolitico.mx\\\/?p=23302#breadcrumb\",\"itemListElement\":[{\"@type\":\"ListItem\",\"position\":1,\"name\":\"Inicio\",\"item\":\"https:\\\/\\\/quehacerpolitico.mx\\\/\"},{\"@type\":\"ListItem\",\"position\":2,\"name\":\"Alcald\u00edas\\\/\\\/\\\/Llevan a Cuauht\u00e9moc, \u201cSemana Itinerante, Profeco en tu Alcald\u00eda\u201d\"}]},{\"@type\":\"WebSite\",\"@id\":\"https:\\\/\\\/quehacerpolitico.mx\\\/#website\",\"url\":\"https:\\\/\\\/quehacerpolitico.mx\\\/\",\"name\":\"\",\"description\":\"\",\"potentialAction\":[{\"@type\":\"SearchAction\",\"target\":{\"@type\":\"EntryPoint\",\"urlTemplate\":\"https:\\\/\\\/quehacerpolitico.mx\\\/?s={search_term_string}\"},\"query-input\":{\"@type\":\"PropertyValueSpecification\",\"valueRequired\":true,\"valueName\":\"search_term_string\"}}],\"inLanguage\":\"es\"},{\"@type\":\"Person\",\"@id\":\"https:\\\/\\\/quehacerpolitico.mx\\\/#\\\/schema\\\/person\\\/496d8ad2d1d3f8036101dca7ee39e585\",\"name\":\"Redacci\u00f3n QP\",\"image\":{\"@type\":\"ImageObject\",\"inLanguage\":\"es\",\"@id\":\"https:\\\/\\\/secure.gravatar.com\\\/avatar\\\/c7164ed6fdec453195284ad24a5ae5b6e1eed2b848477fa2a4787ba9adf39a41?s=96&d=mm&r=g\",\"url\":\"https:\\\/\\\/secure.gravatar.com\\\/avatar\\\/c7164ed6fdec453195284ad24a5ae5b6e1eed2b848477fa2a4787ba9adf39a41?s=96&d=mm&r=g\",\"contentUrl\":\"https:\\\/\\\/secure.gravatar.com\\\/avatar\\\/c7164ed6fdec453195284ad24a5ae5b6e1eed2b848477fa2a4787ba9adf39a41?s=96&d=mm&r=g\",\"caption\":\"Redacci\u00f3n QP\"},\"url\":\"https:\\\/\\\/quehacerpolitico.mx\\\/?author=2\"}]}<\/script>\n<!-- \/ Yoast SEO plugin. -->","yoast_head_json":{"title":"Alcald\u00edas\/\/\/Llevan a Cuauht\u00e9moc, \u201cSemana Itinerante, Profeco en tu Alcald\u00eda\u201d -","robots":{"index":"index","follow":"follow","max-snippet":"max-snippet:-1","max-image-preview":"max-image-preview:large","max-video-preview":"max-video-preview:-1"},"canonical":"https:\/\/quehacerpolitico.mx\/?p=23302","og_locale":"es_MX","og_type":"article","og_title":"Alcald\u00edas\/\/\/Llevan a Cuauht\u00e9moc, \u201cSemana Itinerante, Profeco en tu Alcald\u00eda\u201d -","og_description":"Llevan a Cuauht\u00e9moc, \u201cSemana Itinerante, Profeco en tu Alcald\u00eda\u201d Por Redacci\u00f3n QP","og_url":"https:\/\/quehacerpolitico.mx\/?p=23302","article_published_time":"2019-04-12T23:25:57+00:00","author":"Redacci\u00f3n QP","twitter_card":"summary_large_image","twitter_misc":{"Escrito por":"Redacci\u00f3n QP","Tiempo de lectura":"1 minuto"},"schema":{"@context":"https:\/\/schema.org","@graph":[{"@type":"Article","@id":"https:\/\/quehacerpolitico.mx\/?p=23302#article","isPartOf":{"@id":"https:\/\/quehacerpolitico.mx\/?p=23302"},"author":{"name":"Redacci\u00f3n QP","@id":"https:\/\/quehacerpolitico.mx\/#\/schema\/person\/496d8ad2d1d3f8036101dca7ee39e585"},"headline":"Alcald\u00edas\/\/\/Llevan a Cuauht\u00e9moc, \u201cSemana Itinerante, Profeco en tu Alcald\u00eda\u201d","datePublished":"2019-04-12T23:25:57+00:00","mainEntityOfPage":{"@id":"https:\/\/quehacerpolitico.mx\/?p=23302"},"wordCount":320,"commentCount":0,"image":{"@id":"https:\/\/quehacerpolitico.mx\/?p=23302#primaryimage"},"thumbnailUrl":"","articleSection":["CDMX"],"inLanguage":"es","potentialAction":[{"@type":"CommentAction","name":"Comment","target":["https:\/\/quehacerpolitico.mx\/?p=23302#respond"]}]},{"@type":"WebPage","@id":"https:\/\/quehacerpolitico.mx\/?p=23302","url":"https:\/\/quehacerpolitico.mx\/?p=23302","name":"Alcald\u00edas\/\/\/Llevan a Cuauht\u00e9moc, \u201cSemana Itinerante, Profeco en tu Alcald\u00eda\u201d -","isPartOf":{"@id":"https:\/\/quehacerpolitico.mx\/#website"},"primaryImageOfPage":{"@id":"https:\/\/quehacerpolitico.mx\/?p=23302#primaryimage"},"image":{"@id":"https:\/\/quehacerpolitico.mx\/?p=23302#primaryimage"},"thumbnailUrl":"","datePublished":"2019-04-12T23:25:57+00:00","author":{"@id":"https:\/\/quehacerpolitico.mx\/#\/schema\/person\/496d8ad2d1d3f8036101dca7ee39e585"},"breadcrumb":{"@id":"https:\/\/quehacerpolitico.mx\/?p=23302#breadcrumb"},"inLanguage":"es","potentialAction":[{"@type":"ReadAction","target":["https:\/\/quehacerpolitico.mx\/?p=23302"]}]},{"@type":"ImageObject","inLanguage":"es","@id":"https:\/\/quehacerpolitico.mx\/?p=23302#primaryimage","url":"","contentUrl":""},{"@type":"BreadcrumbList","@id":"https:\/\/quehacerpolitico.mx\/?p=23302#breadcrumb","itemListElement":[{"@type":"ListItem","position":1,"name":"Inicio","item":"https:\/\/quehacerpolitico.mx\/"},{"@type":"ListItem","position":2,"name":"Alcald\u00edas\/\/\/Llevan a Cuauht\u00e9moc, \u201cSemana Itinerante, Profeco en tu Alcald\u00eda\u201d"}]},{"@type":"WebSite","@id":"https:\/\/quehacerpolitico.mx\/#website","url":"https:\/\/quehacerpolitico.mx\/","name":"","description":"","potentialAction":[{"@type":"SearchAction","target":{"@type":"EntryPoint","urlTemplate":"https:\/\/quehacerpolitico.mx\/?s={search_term_string}"},"query-input":{"@type":"PropertyValueSpecification","valueRequired":true,"valueName":"search_term_string"}}],"inLanguage":"es"},{"@type":"Person","@id":"https:\/\/quehacerpolitico.mx\/#\/schema\/person\/496d8ad2d1d3f8036101dca7ee39e585","name":"Redacci\u00f3n QP","image":{"@type":"ImageObject","inLanguage":"es","@id":"https:\/\/secure.gravatar.com\/avatar\/c7164ed6fdec453195284ad24a5ae5b6e1eed2b848477fa2a4787ba9adf39a41?s=96&d=mm&r=g","url":"https:\/\/secure.gravatar.com\/avatar\/c7164ed6fdec453195284ad24a5ae5b6e1eed2b848477fa2a4787ba9adf39a41?s=96&d=mm&r=g","contentUrl":"https:\/\/secure.gravatar.com\/avatar\/c7164ed6fdec453195284ad24a5ae5b6e1eed2b848477fa2a4787ba9adf39a41?s=96&d=mm&r=g","caption":"Redacci\u00f3n QP"},"url":"https:\/\/quehacerpolitico.mx\/?author=2"}]}},"featured_image_urls":{"full":"","thumbnail":"","medium":"","medium_large":"","large":"","1536x1536":"","2048x2048":"","covernews-featured":"","covernews-medium":""},"author_info":{"display_name":"Redacci\u00f3n QP","author_link":"https:\/\/quehacerpolitico.mx\/?author=2"},"category_info":"<a href=\"https:\/\/quehacerpolitico.mx\/?cat=55\" rel=\"category\">CDMX<\/a>","tag_info":"CDMX","comment_count":"0","_links":{"self":[{"href":"https:\/\/quehacerpolitico.mx\/index.php?rest_route=\/wp\/v2\/posts\/23302","targetHints":{"allow":["GET"]}}],"collection":[{"href":"https:\/\/quehacerpolitico.mx\/index.php?rest_route=\/wp\/v2\/posts"}],"about":[{"href":"https:\/\/quehacerpolitico.mx\/index.php?rest_route=\/wp\/v2\/types\/post"}],"author":[{"embeddable":true,"href":"https:\/\/quehacerpolitico.mx\/index.php?rest_route=\/wp\/v2\/users\/2"}],"replies":[{"embeddable":true,"href":"https:\/\/quehacerpolitico.mx\/index.php?rest_route=%2Fwp%2Fv2%2Fcomments&post=23302"}],"version-history":[{"count":0,"href":"https:\/\/quehacerpolitico.mx\/index.php?rest_route=\/wp\/v2\/posts\/23302\/revisions"}],"wp:featuredmedia":[{"embeddable":true,"href":"https:\/\/quehacerpolitico.mx\/index.php?rest_route=\/"}],"wp:attachment":[{"href":"https:\/\/quehacerpolitico.mx\/index.php?rest_route=%2Fwp%2Fv2%2Fmedia&parent=23302"}],"wp:term":[{"taxonomy":"category","embeddable":true,"href":"https:\/\/quehacerpolitico.mx\/index.php?rest_route=%2Fwp%2Fv2%2Fcategories&post=23302"},{"taxonomy":"post_tag","embeddable":true,"href":"https:\/\/quehacerpolitico.mx\/index.php?rest_route=%2Fwp%2Fv2%2Ftags&post=23302"}],"curies":[{"name":"wp","href":"https:\/\/api.w.org\/{rel}","templated":true}]}}