{"id":23254,"date":"2019-04-12T14:14:28","date_gmt":"2019-04-12T14:14:28","guid":{"rendered":"http:\/\/quehacerpolitico.mx\/no-habra-desabasto-de-electricidad-afirma-lopez-obrador\/"},"modified":"2019-04-12T14:14:28","modified_gmt":"2019-04-12T14:14:28","slug":"no-habra-desabasto-de-electricidad-afirma-lopez-obrador","status":"publish","type":"post","link":"https:\/\/quehacerpolitico.mx\/?p=23254","title":{"rendered":"&#8220;No habr\u00e1 desabasto de electricidad&#8221;, afirma L\u00f3pez Obrador"},"content":{"rendered":"<h1 class=\"news-title\">&#8220;No habr\u00e1 desabasto de electricidad&#8221;, afirma L\u00f3pez Obrador<\/h1>\n<p>Por Redacci\u00f3n QP<\/p>\n<header class=\"news-header\">\n<div class=\"news-subtitle\">\n<p>El Presidente rechaza que el pa\u00eds se quede sin gas y, por ende, sin energ\u00eda el\u00e9ctrica<\/p>\n<\/div>\n<\/header>\n<div class=\"news-content\">\n<div class=\"news-body row\">\n<p>Este jueves el Presidente Andres Manuel L\u00f3pez Obrador\u00a0<strong>asegur\u00f3 que su administraci\u00f3n investiga los apagones ocurridos en el sureste del pa\u00eds<\/strong>, toda vez que no descart\u00f3 que estas fallas en el servicio el\u00e9ctrico puedan ser producto de sabotajes.<\/p>\n<p><strong>&#8220;No es cierto de que nos vamos a quedar sin gas. Incluso, ahora ha habido apagones en el sureste y se est\u00e1 investigando, porque puede ser hasta sabotaje por los intereses que existen&#8221;, asegur\u00f3<\/strong>.<\/p>\n<p>En conferencia ma\u00f1anera desde Palacio Nacional, L\u00f3pez Obrador indic\u00f3 que los dos \u00faltimos apagones han tenido que ver con los incendios en los mismos sitios. El pasado 5 de abril se registr\u00f3 un apag\u00f3n en la pen\u00ednsula de Yucat\u00e1n y afect\u00f3 tambi\u00e9n a Campeche y Quintana Roo. La Comisi\u00f3n Federal de Electricidad\u00a0(CFE) inform\u00f3 en su momento que la falla en el suministro el\u00e9ctrico se debi\u00f3 a un incendio.<\/p>\n<p>Y ante la alerta de desabasto energ\u00e9tico en la pen\u00ednsula de Yucat\u00e1n, L\u00f3pez Obrador acus\u00f3 al comisionado presidente de la Comisi\u00f3n Reguladora de Energ\u00eda (CRE), Guillermo Garc\u00eda Alcocer, de dar informaci\u00f3n como en el viejo r\u00e9gimen.<\/p>\n<p>&#8220;En este caso, las declaraciones del comisionado presidente de la CRE, que viene del viejo r\u00e9gimen, por ejemplo, \u00e9l autoriz\u00f3 la compra de la planta de fertilizantes m\u00e1s cara del mundo&#8221; al pagar 500 millones de d\u00f3lares cuando s\u00f3lo costaba 50 millones.<\/p>\n<p><strong>El Presidente rechaz\u00f3 que el pa\u00eds se quede sin gas y, por ende, sin energ\u00eda el\u00e9ctrica<\/strong>. Record\u00f3 que en el sexenio de Carlos Salinas se dec\u00eda que M\u00e9xico iba a quedar sin luz: &#8220;as\u00ed enga\u00f1aban cuando la privatizaci\u00f3n de la electricidad&#8221;.<\/p>\n<p>&#8220;<strong>Todav\u00eda hay en el gobierno actual muchos funcionarios que obedecen a intereses de los que dominaban en el pa\u00eds<\/strong>. Son como empleados de los grupos de intereses creados que ten\u00edan tomado el gobierno&#8221;, acus\u00f3.<\/p>\n<p>Ante eso, adelant\u00f3 que habr\u00e1 una limpia de corrupci\u00f3n en las aduanas del pa\u00eds y exigi\u00f3 a los funcionarios corruptos que presenten sus renuncias o de lo contrario ser\u00e1n &#8220;lampareados&#8221; (expuestos). Se\u00f1al\u00f3 que se va a retirar a todos los funcionarios que tienen malos reportes en la aduana de Manzanillo.<\/p>\n<p>Adem\u00e1s, refiri\u00f3 que las puertas de Palacio Nacional est\u00e1n abiertas para dialogar con la CNTE y el SNTE.<\/p>\n<p>Pago a residentes. En otro tema, el Mandatario tambi\u00e9n orden\u00f3 que se paguen los adeudos a los m\u00e9dicos residentes que se han manifestado durante los \u00faltimos d\u00edas frente a Palacio Nacional.<\/p>\n<p>&#8220;Si se les debe hay que pagarles. Se va a atender la demanda de los m\u00e9dicos para que no se les deje de pagar lo que por derecho les corresponde&#8221;, enfatiz\u00f3 el mandatario.<\/p>\n<p>Los m\u00e9dicos se han manifestado con peticiones como la revisi\u00f3n legal y cambio de contrato de beca, ajuste de salario de acuerdo con la inflaci\u00f3n, soluci\u00f3n inmediata de descuentos de pagos, resoluci\u00f3n de problemas hospitalarios, respeto y que no haya represalias en su contra.<\/p>\n<p>L\u00f3pez Obrador aclar\u00f3 que la falta de pago a los m\u00e9dicos posiblemente fue un error, pero, aclar\u00f3, se va a corregir.<\/p>\n<\/div>\n<\/div>\n","protected":false},"excerpt":{"rendered":"<p>&#8220;No habr\u00e1 desabasto de electricidad&#8221;, afirma L\u00f3pez Obrador<br \/>\nPor Redacci\u00f3n QP<\/p>\n","protected":false},"author":2,"featured_media":23253,"comment_status":"open","ping_status":"open","sticky":false,"template":"","format":"standard","meta":{"_monsterinsights_skip_tracking":false,"_monsterinsights_sitenote_active":false,"_monsterinsights_sitenote_note":"","_monsterinsights_sitenote_category":0,"footnotes":""},"categories":[2],"tags":[],"class_list":["post-23254","post","type-post","status-publish","format-standard","has-post-thumbnail","hentry","category-noticias"],"yoast_head":"<!-- This site is optimized with the Yoast SEO plugin v27.3 - https:\/\/yoast.com\/product\/yoast-seo-wordpress\/ -->\n<title>&quot;No habr\u00e1 desabasto de electricidad&quot;, afirma L\u00f3pez Obrador -<\/title>\n<meta name=\"robots\" content=\"index, follow, max-snippet:-1, max-image-preview:large, max-video-preview:-1\" \/>\n<link rel=\"canonical\" href=\"https:\/\/quehacerpolitico.mx\/?p=23254\" \/>\n<meta property=\"og:locale\" content=\"es_MX\" \/>\n<meta property=\"og:type\" content=\"article\" \/>\n<meta property=\"og:title\" content=\"&quot;No habr\u00e1 desabasto de electricidad&quot;, afirma L\u00f3pez Obrador -\" \/>\n<meta property=\"og:description\" content=\"&quot;No habr\u00e1 desabasto de electricidad&quot;, afirma L\u00f3pez Obrador Por Redacci\u00f3n QP\" \/>\n<meta property=\"og:url\" content=\"https:\/\/quehacerpolitico.mx\/?p=23254\" \/>\n<meta property=\"article:published_time\" content=\"2019-04-12T14:14:28+00:00\" \/>\n<meta name=\"author\" content=\"Redacci\u00f3n QP\" \/>\n<meta name=\"twitter:card\" content=\"summary_large_image\" \/>\n<meta name=\"twitter:label1\" content=\"Escrito por\" \/>\n\t<meta name=\"twitter:data1\" content=\"Redacci\u00f3n QP\" \/>\n\t<meta name=\"twitter:label2\" content=\"Tiempo de lectura\" \/>\n\t<meta name=\"twitter:data2\" content=\"3 minutos\" \/>\n<script type=\"application\/ld+json\" class=\"yoast-schema-graph\">{\"@context\":\"https:\\\/\\\/schema.org\",\"@graph\":[{\"@type\":\"Article\",\"@id\":\"https:\\\/\\\/quehacerpolitico.mx\\\/?p=23254#article\",\"isPartOf\":{\"@id\":\"https:\\\/\\\/quehacerpolitico.mx\\\/?p=23254\"},\"author\":{\"name\":\"Redacci\u00f3n QP\",\"@id\":\"https:\\\/\\\/quehacerpolitico.mx\\\/#\\\/schema\\\/person\\\/496d8ad2d1d3f8036101dca7ee39e585\"},\"headline\":\"&#8220;No habr\u00e1 desabasto de electricidad&#8221;, afirma L\u00f3pez Obrador\",\"datePublished\":\"2019-04-12T14:14:28+00:00\",\"mainEntityOfPage\":{\"@id\":\"https:\\\/\\\/quehacerpolitico.mx\\\/?p=23254\"},\"wordCount\":581,\"commentCount\":0,\"image\":{\"@id\":\"https:\\\/\\\/quehacerpolitico.mx\\\/?p=23254#primaryimage\"},\"thumbnailUrl\":\"\",\"articleSection\":[\"Noticias\"],\"inLanguage\":\"es\",\"potentialAction\":[{\"@type\":\"CommentAction\",\"name\":\"Comment\",\"target\":[\"https:\\\/\\\/quehacerpolitico.mx\\\/?p=23254#respond\"]}]},{\"@type\":\"WebPage\",\"@id\":\"https:\\\/\\\/quehacerpolitico.mx\\\/?p=23254\",\"url\":\"https:\\\/\\\/quehacerpolitico.mx\\\/?p=23254\",\"name\":\"\\\"No habr\u00e1 desabasto de electricidad\\\", afirma L\u00f3pez Obrador -\",\"isPartOf\":{\"@id\":\"https:\\\/\\\/quehacerpolitico.mx\\\/#website\"},\"primaryImageOfPage\":{\"@id\":\"https:\\\/\\\/quehacerpolitico.mx\\\/?p=23254#primaryimage\"},\"image\":{\"@id\":\"https:\\\/\\\/quehacerpolitico.mx\\\/?p=23254#primaryimage\"},\"thumbnailUrl\":\"\",\"datePublished\":\"2019-04-12T14:14:28+00:00\",\"author\":{\"@id\":\"https:\\\/\\\/quehacerpolitico.mx\\\/#\\\/schema\\\/person\\\/496d8ad2d1d3f8036101dca7ee39e585\"},\"breadcrumb\":{\"@id\":\"https:\\\/\\\/quehacerpolitico.mx\\\/?p=23254#breadcrumb\"},\"inLanguage\":\"es\",\"potentialAction\":[{\"@type\":\"ReadAction\",\"target\":[\"https:\\\/\\\/quehacerpolitico.mx\\\/?p=23254\"]}]},{\"@type\":\"ImageObject\",\"inLanguage\":\"es\",\"@id\":\"https:\\\/\\\/quehacerpolitico.mx\\\/?p=23254#primaryimage\",\"url\":\"\",\"contentUrl\":\"\"},{\"@type\":\"BreadcrumbList\",\"@id\":\"https:\\\/\\\/quehacerpolitico.mx\\\/?p=23254#breadcrumb\",\"itemListElement\":[{\"@type\":\"ListItem\",\"position\":1,\"name\":\"Inicio\",\"item\":\"https:\\\/\\\/quehacerpolitico.mx\\\/\"},{\"@type\":\"ListItem\",\"position\":2,\"name\":\"&#8220;No habr\u00e1 desabasto de electricidad&#8221;, afirma L\u00f3pez Obrador\"}]},{\"@type\":\"WebSite\",\"@id\":\"https:\\\/\\\/quehacerpolitico.mx\\\/#website\",\"url\":\"https:\\\/\\\/quehacerpolitico.mx\\\/\",\"name\":\"\",\"description\":\"\",\"potentialAction\":[{\"@type\":\"SearchAction\",\"target\":{\"@type\":\"EntryPoint\",\"urlTemplate\":\"https:\\\/\\\/quehacerpolitico.mx\\\/?s={search_term_string}\"},\"query-input\":{\"@type\":\"PropertyValueSpecification\",\"valueRequired\":true,\"valueName\":\"search_term_string\"}}],\"inLanguage\":\"es\"},{\"@type\":\"Person\",\"@id\":\"https:\\\/\\\/quehacerpolitico.mx\\\/#\\\/schema\\\/person\\\/496d8ad2d1d3f8036101dca7ee39e585\",\"name\":\"Redacci\u00f3n QP\",\"image\":{\"@type\":\"ImageObject\",\"inLanguage\":\"es\",\"@id\":\"https:\\\/\\\/secure.gravatar.com\\\/avatar\\\/c7164ed6fdec453195284ad24a5ae5b6e1eed2b848477fa2a4787ba9adf39a41?s=96&d=mm&r=g\",\"url\":\"https:\\\/\\\/secure.gravatar.com\\\/avatar\\\/c7164ed6fdec453195284ad24a5ae5b6e1eed2b848477fa2a4787ba9adf39a41?s=96&d=mm&r=g\",\"contentUrl\":\"https:\\\/\\\/secure.gravatar.com\\\/avatar\\\/c7164ed6fdec453195284ad24a5ae5b6e1eed2b848477fa2a4787ba9adf39a41?s=96&d=mm&r=g\",\"caption\":\"Redacci\u00f3n QP\"},\"url\":\"https:\\\/\\\/quehacerpolitico.mx\\\/?author=2\"}]}<\/script>\n<!-- \/ Yoast SEO plugin. -->","yoast_head_json":{"title":"\"No habr\u00e1 desabasto de electricidad\", afirma L\u00f3pez Obrador -","robots":{"index":"index","follow":"follow","max-snippet":"max-snippet:-1","max-image-preview":"max-image-preview:large","max-video-preview":"max-video-preview:-1"},"canonical":"https:\/\/quehacerpolitico.mx\/?p=23254","og_locale":"es_MX","og_type":"article","og_title":"\"No habr\u00e1 desabasto de electricidad\", afirma L\u00f3pez Obrador -","og_description":"\"No habr\u00e1 desabasto de electricidad\", afirma L\u00f3pez Obrador Por Redacci\u00f3n QP","og_url":"https:\/\/quehacerpolitico.mx\/?p=23254","article_published_time":"2019-04-12T14:14:28+00:00","author":"Redacci\u00f3n QP","twitter_card":"summary_large_image","twitter_misc":{"Escrito por":"Redacci\u00f3n QP","Tiempo de lectura":"3 minutos"},"schema":{"@context":"https:\/\/schema.org","@graph":[{"@type":"Article","@id":"https:\/\/quehacerpolitico.mx\/?p=23254#article","isPartOf":{"@id":"https:\/\/quehacerpolitico.mx\/?p=23254"},"author":{"name":"Redacci\u00f3n QP","@id":"https:\/\/quehacerpolitico.mx\/#\/schema\/person\/496d8ad2d1d3f8036101dca7ee39e585"},"headline":"&#8220;No habr\u00e1 desabasto de electricidad&#8221;, afirma L\u00f3pez Obrador","datePublished":"2019-04-12T14:14:28+00:00","mainEntityOfPage":{"@id":"https:\/\/quehacerpolitico.mx\/?p=23254"},"wordCount":581,"commentCount":0,"image":{"@id":"https:\/\/quehacerpolitico.mx\/?p=23254#primaryimage"},"thumbnailUrl":"","articleSection":["Noticias"],"inLanguage":"es","potentialAction":[{"@type":"CommentAction","name":"Comment","target":["https:\/\/quehacerpolitico.mx\/?p=23254#respond"]}]},{"@type":"WebPage","@id":"https:\/\/quehacerpolitico.mx\/?p=23254","url":"https:\/\/quehacerpolitico.mx\/?p=23254","name":"\"No habr\u00e1 desabasto de electricidad\", afirma L\u00f3pez Obrador -","isPartOf":{"@id":"https:\/\/quehacerpolitico.mx\/#website"},"primaryImageOfPage":{"@id":"https:\/\/quehacerpolitico.mx\/?p=23254#primaryimage"},"image":{"@id":"https:\/\/quehacerpolitico.mx\/?p=23254#primaryimage"},"thumbnailUrl":"","datePublished":"2019-04-12T14:14:28+00:00","author":{"@id":"https:\/\/quehacerpolitico.mx\/#\/schema\/person\/496d8ad2d1d3f8036101dca7ee39e585"},"breadcrumb":{"@id":"https:\/\/quehacerpolitico.mx\/?p=23254#breadcrumb"},"inLanguage":"es","potentialAction":[{"@type":"ReadAction","target":["https:\/\/quehacerpolitico.mx\/?p=23254"]}]},{"@type":"ImageObject","inLanguage":"es","@id":"https:\/\/quehacerpolitico.mx\/?p=23254#primaryimage","url":"","contentUrl":""},{"@type":"BreadcrumbList","@id":"https:\/\/quehacerpolitico.mx\/?p=23254#breadcrumb","itemListElement":[{"@type":"ListItem","position":1,"name":"Inicio","item":"https:\/\/quehacerpolitico.mx\/"},{"@type":"ListItem","position":2,"name":"&#8220;No habr\u00e1 desabasto de electricidad&#8221;, afirma L\u00f3pez Obrador"}]},{"@type":"WebSite","@id":"https:\/\/quehacerpolitico.mx\/#website","url":"https:\/\/quehacerpolitico.mx\/","name":"","description":"","potentialAction":[{"@type":"SearchAction","target":{"@type":"EntryPoint","urlTemplate":"https:\/\/quehacerpolitico.mx\/?s={search_term_string}"},"query-input":{"@type":"PropertyValueSpecification","valueRequired":true,"valueName":"search_term_string"}}],"inLanguage":"es"},{"@type":"Person","@id":"https:\/\/quehacerpolitico.mx\/#\/schema\/person\/496d8ad2d1d3f8036101dca7ee39e585","name":"Redacci\u00f3n QP","image":{"@type":"ImageObject","inLanguage":"es","@id":"https:\/\/secure.gravatar.com\/avatar\/c7164ed6fdec453195284ad24a5ae5b6e1eed2b848477fa2a4787ba9adf39a41?s=96&d=mm&r=g","url":"https:\/\/secure.gravatar.com\/avatar\/c7164ed6fdec453195284ad24a5ae5b6e1eed2b848477fa2a4787ba9adf39a41?s=96&d=mm&r=g","contentUrl":"https:\/\/secure.gravatar.com\/avatar\/c7164ed6fdec453195284ad24a5ae5b6e1eed2b848477fa2a4787ba9adf39a41?s=96&d=mm&r=g","caption":"Redacci\u00f3n QP"},"url":"https:\/\/quehacerpolitico.mx\/?author=2"}]}},"featured_image_urls":{"full":"","thumbnail":"","medium":"","medium_large":"","large":"","1536x1536":"","2048x2048":"","covernews-featured":"","covernews-medium":""},"author_info":{"display_name":"Redacci\u00f3n QP","author_link":"https:\/\/quehacerpolitico.mx\/?author=2"},"category_info":"<a href=\"https:\/\/quehacerpolitico.mx\/?cat=2\" rel=\"category\">Noticias<\/a>","tag_info":"Noticias","comment_count":"0","_links":{"self":[{"href":"https:\/\/quehacerpolitico.mx\/index.php?rest_route=\/wp\/v2\/posts\/23254","targetHints":{"allow":["GET"]}}],"collection":[{"href":"https:\/\/quehacerpolitico.mx\/index.php?rest_route=\/wp\/v2\/posts"}],"about":[{"href":"https:\/\/quehacerpolitico.mx\/index.php?rest_route=\/wp\/v2\/types\/post"}],"author":[{"embeddable":true,"href":"https:\/\/quehacerpolitico.mx\/index.php?rest_route=\/wp\/v2\/users\/2"}],"replies":[{"embeddable":true,"href":"https:\/\/quehacerpolitico.mx\/index.php?rest_route=%2Fwp%2Fv2%2Fcomments&post=23254"}],"version-history":[{"count":0,"href":"https:\/\/quehacerpolitico.mx\/index.php?rest_route=\/wp\/v2\/posts\/23254\/revisions"}],"wp:featuredmedia":[{"embeddable":true,"href":"https:\/\/quehacerpolitico.mx\/index.php?rest_route=\/"}],"wp:attachment":[{"href":"https:\/\/quehacerpolitico.mx\/index.php?rest_route=%2Fwp%2Fv2%2Fmedia&parent=23254"}],"wp:term":[{"taxonomy":"category","embeddable":true,"href":"https:\/\/quehacerpolitico.mx\/index.php?rest_route=%2Fwp%2Fv2%2Fcategories&post=23254"},{"taxonomy":"post_tag","embeddable":true,"href":"https:\/\/quehacerpolitico.mx\/index.php?rest_route=%2Fwp%2Fv2%2Ftags&post=23254"}],"curies":[{"name":"wp","href":"https:\/\/api.w.org\/{rel}","templated":true}]}}