{"id":23251,"date":"2019-04-12T14:07:02","date_gmt":"2019-04-12T14:07:02","guid":{"rendered":"http:\/\/quehacerpolitico.mx\/autoridades-recibiran-en-ciudad-hidalgo-a-nueva-caravana-de-migrantes\/"},"modified":"2019-04-12T14:07:02","modified_gmt":"2019-04-12T14:07:02","slug":"autoridades-recibiran-en-ciudad-hidalgo-a-nueva-caravana-de-migrantes","status":"publish","type":"post","link":"https:\/\/quehacerpolitico.mx\/?p=23251","title":{"rendered":"Autoridades recibir\u00e1n en Ciudad Hidalgo a nueva caravana de migrantes"},"content":{"rendered":"<div class=\"titulo\">Autoridades recibir\u00e1n en Ciudad Hidalgo a nueva caravana de migrantes<\/div>\n<div class=\"desarrollo\">Por Redacci\u00f3n QP<\/div>\n<div>\u00a0<\/div>\n<div>\n<p>El comisionado del Instituto Nacional de Migraci\u00f3n (INM), Tonatiuh Guill\u00e9n L\u00f3pez, se\u00f1al\u00f3 que las autoridades recibir\u00e1n a la caravana de unos mil 100 migrantes que llegar\u00e1n a esta ciudad en unas horas y proporcionar\u00e1n ayuda b\u00e1sica e informaci\u00f3n a las familias que viajan con ni\u00f1os.<\/p>\n<p>En entrevista radiof\u00f3nica, se\u00f1al\u00f3 que este nuevo escenario que se desarrolla en el sur del pa\u00eds se complica, debido a que ya se encuentran alrededor de cuatro mil migrantes en Chiapas, no s\u00f3lo provenientes de Centroam\u00e9rica, sino del Caribe y pa\u00edses de Asia y \u00c1frica.<\/p>\n<p>Indic\u00f3 que el gobierno de M\u00e9xico informar\u00e1 a la nueva caravana que no existe el mismo programa que hab\u00eda en enero para los migrantes, y los nuevos viajeros se encuentran en una situaci\u00f3n irregular, aunque por razones humanitarias se dar\u00e1 atenci\u00f3n b\u00e1sica, especialmente a los ni\u00f1os.<\/p>\n<p>&#8220;Sigue aumentando el n\u00famero de manera deliberada, nos preocupa, pues hay desinformaci\u00f3n y manipulaci\u00f3n que provoca el crecimiento en el movimiento de familias, sobre todo de mujeres y menores, no es casualidad, hay una promoci\u00f3n&#8221;, expuso.<\/p>\n<p>Consider\u00f3 irresponsable la movilidad de ni\u00f1os en condiciones precarias, al se\u00f1alar que las autoridades mexicanas deben proteger a los menores.<\/p>\n<p>Enfatiz\u00f3 que el gobierno de M\u00e9xico no asistir\u00e1 su estancia ilegal en el pa\u00eds, y la estrategia es una labor de convencimiento para que regresen a sus lugares de origen en el corto plazo, con informaci\u00f3n clara de lo que est\u00e1 sucediendo.<\/p>\n<p>Guill\u00e9n L\u00f3pez pidi\u00f3 la colaboraci\u00f3n de los gobiernos de Honduras y El Salvador para establecer iniciativas de desarrollo social en sus pa\u00edses y evitar las condiciones de exclusi\u00f3n.<\/p>\n<p>El comisionado indic\u00f3 que M\u00e9xico no ha recibido solicitudes de El Salvador y Honduras para que detenga a los migrantes, al enfatizar que el pa\u00eds ha pedido la colaboraci\u00f3n de los gobiernos de Centroam\u00e9rica para que con pol\u00edticas de desarrollo local, reconduzcan la situaci\u00f3n social cr\u00edtica.<\/p>\n<p>El funcionario federal indic\u00f3 que en la madrugada se unieron m\u00e1s migrantes, pero sean mil 100 o dos mil, &#8220;daremos la informaci\u00f3n de manera expl\u00edcita, para contrarrestar la manipulaci\u00f3n de lo que las familias esperan en M\u00e9xico y Estados Unidos&#8221;.<\/p>\n<p>Refiri\u00f3 que en la estaci\u00f3n migratoria Siglo XXI hay un grupo que en su mayor\u00eda son personas de fuera del continente, &#8220;hay rutas de ciudadanos que provienen de pa\u00edses con los que no tenemos interacci\u00f3n cotidiana, personas de Angola, Costa de Marfil y Somalia&#8221;.<\/p>\n<p>Indic\u00f3 que se realizan los enlaces &#8220;para que sus representaciones nos ayuden a establecer las rutas para que regresen a sus pa\u00edses de procedencia&#8221;.\u00a0Indic\u00f3 que en Oaxaca hay otro grupo de personas que est\u00e1n en tr\u00e1nsito, menos importante y que se moviliza progresivamente.<\/p>\n<p>A su vez, el migrante Ulises se\u00f1al\u00f3 que a las 5:30 horas cruzaron la frontera y en la madrugada se unieron alrededor de seis mil migrantes, &#8220;decidimos cruzar a M\u00e9xico, romper el candado para entrar y estamos a 10 kil\u00f3metros de Ciudad Hidalgo&#8221;.<\/p>\n<p>Indic\u00f3 que saben que hay un ret\u00e9n en Tapachula, &#8220;nuestra meta es pasar con orden y dialogar con las autoridades mexicanas para pasar a Estados Unidos&#8221;.<\/p>\n<p>&#8220;Nos esperan m\u00e1s de mil compa\u00f1eros que se van a unir a nuestra marcha, tambi\u00e9n est\u00e1 el grupo de cubanos y africanos, vamos en orden, caminando tranquilos y tomamos un descanso de 10 minutos antes de llegar a Tapachula y ma\u00f1ana nos dirigiremos a Pijijiapan&#8221;, expuso.<\/p>\n<p>Con Informaci\u00f3n de NTX<\/p>\n<\/div>\n","protected":false},"excerpt":{"rendered":"<p>Autoridades recibir\u00e1n en Ciudad Hidalgo a nueva caravana de migrantes<br \/>\nPor Redacci\u00f3n QP<\/p>\n","protected":false},"author":2,"featured_media":23250,"comment_status":"open","ping_status":"open","sticky":false,"template":"","format":"standard","meta":{"_monsterinsights_skip_tracking":false,"_monsterinsights_sitenote_active":false,"_monsterinsights_sitenote_note":"","_monsterinsights_sitenote_category":0,"footnotes":""},"categories":[2],"tags":[],"class_list":["post-23251","post","type-post","status-publish","format-standard","has-post-thumbnail","hentry","category-noticias"],"yoast_head":"<!-- This site is optimized with the Yoast SEO plugin v27.3 - https:\/\/yoast.com\/product\/yoast-seo-wordpress\/ -->\n<title>Autoridades recibir\u00e1n en Ciudad Hidalgo a nueva caravana de migrantes -<\/title>\n<meta name=\"robots\" content=\"index, follow, max-snippet:-1, max-image-preview:large, max-video-preview:-1\" \/>\n<link rel=\"canonical\" href=\"https:\/\/quehacerpolitico.mx\/?p=23251\" \/>\n<meta property=\"og:locale\" content=\"es_MX\" \/>\n<meta property=\"og:type\" content=\"article\" \/>\n<meta property=\"og:title\" content=\"Autoridades recibir\u00e1n en Ciudad Hidalgo a nueva caravana de migrantes -\" \/>\n<meta property=\"og:description\" content=\"Autoridades recibir\u00e1n en Ciudad Hidalgo a nueva caravana de migrantes Por Redacci\u00f3n QP\" \/>\n<meta property=\"og:url\" content=\"https:\/\/quehacerpolitico.mx\/?p=23251\" \/>\n<meta property=\"article:published_time\" content=\"2019-04-12T14:07:02+00:00\" \/>\n<meta name=\"author\" content=\"Redacci\u00f3n QP\" \/>\n<meta name=\"twitter:card\" content=\"summary_large_image\" \/>\n<meta name=\"twitter:label1\" content=\"Escrito por\" \/>\n\t<meta name=\"twitter:data1\" content=\"Redacci\u00f3n QP\" \/>\n\t<meta name=\"twitter:label2\" content=\"Tiempo de lectura\" \/>\n\t<meta name=\"twitter:data2\" content=\"3 minutos\" \/>\n<script type=\"application\/ld+json\" class=\"yoast-schema-graph\">{\"@context\":\"https:\\\/\\\/schema.org\",\"@graph\":[{\"@type\":\"Article\",\"@id\":\"https:\\\/\\\/quehacerpolitico.mx\\\/?p=23251#article\",\"isPartOf\":{\"@id\":\"https:\\\/\\\/quehacerpolitico.mx\\\/?p=23251\"},\"author\":{\"name\":\"Redacci\u00f3n QP\",\"@id\":\"https:\\\/\\\/quehacerpolitico.mx\\\/#\\\/schema\\\/person\\\/496d8ad2d1d3f8036101dca7ee39e585\"},\"headline\":\"Autoridades recibir\u00e1n en Ciudad Hidalgo a nueva caravana de migrantes\",\"datePublished\":\"2019-04-12T14:07:02+00:00\",\"mainEntityOfPage\":{\"@id\":\"https:\\\/\\\/quehacerpolitico.mx\\\/?p=23251\"},\"wordCount\":640,\"commentCount\":0,\"image\":{\"@id\":\"https:\\\/\\\/quehacerpolitico.mx\\\/?p=23251#primaryimage\"},\"thumbnailUrl\":\"\",\"articleSection\":[\"Noticias\"],\"inLanguage\":\"es\",\"potentialAction\":[{\"@type\":\"CommentAction\",\"name\":\"Comment\",\"target\":[\"https:\\\/\\\/quehacerpolitico.mx\\\/?p=23251#respond\"]}]},{\"@type\":\"WebPage\",\"@id\":\"https:\\\/\\\/quehacerpolitico.mx\\\/?p=23251\",\"url\":\"https:\\\/\\\/quehacerpolitico.mx\\\/?p=23251\",\"name\":\"Autoridades recibir\u00e1n en Ciudad Hidalgo a nueva caravana de migrantes -\",\"isPartOf\":{\"@id\":\"https:\\\/\\\/quehacerpolitico.mx\\\/#website\"},\"primaryImageOfPage\":{\"@id\":\"https:\\\/\\\/quehacerpolitico.mx\\\/?p=23251#primaryimage\"},\"image\":{\"@id\":\"https:\\\/\\\/quehacerpolitico.mx\\\/?p=23251#primaryimage\"},\"thumbnailUrl\":\"\",\"datePublished\":\"2019-04-12T14:07:02+00:00\",\"author\":{\"@id\":\"https:\\\/\\\/quehacerpolitico.mx\\\/#\\\/schema\\\/person\\\/496d8ad2d1d3f8036101dca7ee39e585\"},\"breadcrumb\":{\"@id\":\"https:\\\/\\\/quehacerpolitico.mx\\\/?p=23251#breadcrumb\"},\"inLanguage\":\"es\",\"potentialAction\":[{\"@type\":\"ReadAction\",\"target\":[\"https:\\\/\\\/quehacerpolitico.mx\\\/?p=23251\"]}]},{\"@type\":\"ImageObject\",\"inLanguage\":\"es\",\"@id\":\"https:\\\/\\\/quehacerpolitico.mx\\\/?p=23251#primaryimage\",\"url\":\"\",\"contentUrl\":\"\"},{\"@type\":\"BreadcrumbList\",\"@id\":\"https:\\\/\\\/quehacerpolitico.mx\\\/?p=23251#breadcrumb\",\"itemListElement\":[{\"@type\":\"ListItem\",\"position\":1,\"name\":\"Inicio\",\"item\":\"https:\\\/\\\/quehacerpolitico.mx\\\/\"},{\"@type\":\"ListItem\",\"position\":2,\"name\":\"Autoridades recibir\u00e1n en Ciudad Hidalgo a nueva caravana de migrantes\"}]},{\"@type\":\"WebSite\",\"@id\":\"https:\\\/\\\/quehacerpolitico.mx\\\/#website\",\"url\":\"https:\\\/\\\/quehacerpolitico.mx\\\/\",\"name\":\"\",\"description\":\"\",\"potentialAction\":[{\"@type\":\"SearchAction\",\"target\":{\"@type\":\"EntryPoint\",\"urlTemplate\":\"https:\\\/\\\/quehacerpolitico.mx\\\/?s={search_term_string}\"},\"query-input\":{\"@type\":\"PropertyValueSpecification\",\"valueRequired\":true,\"valueName\":\"search_term_string\"}}],\"inLanguage\":\"es\"},{\"@type\":\"Person\",\"@id\":\"https:\\\/\\\/quehacerpolitico.mx\\\/#\\\/schema\\\/person\\\/496d8ad2d1d3f8036101dca7ee39e585\",\"name\":\"Redacci\u00f3n QP\",\"image\":{\"@type\":\"ImageObject\",\"inLanguage\":\"es\",\"@id\":\"https:\\\/\\\/secure.gravatar.com\\\/avatar\\\/c7164ed6fdec453195284ad24a5ae5b6e1eed2b848477fa2a4787ba9adf39a41?s=96&d=mm&r=g\",\"url\":\"https:\\\/\\\/secure.gravatar.com\\\/avatar\\\/c7164ed6fdec453195284ad24a5ae5b6e1eed2b848477fa2a4787ba9adf39a41?s=96&d=mm&r=g\",\"contentUrl\":\"https:\\\/\\\/secure.gravatar.com\\\/avatar\\\/c7164ed6fdec453195284ad24a5ae5b6e1eed2b848477fa2a4787ba9adf39a41?s=96&d=mm&r=g\",\"caption\":\"Redacci\u00f3n QP\"},\"url\":\"https:\\\/\\\/quehacerpolitico.mx\\\/?author=2\"}]}<\/script>\n<!-- \/ Yoast SEO plugin. -->","yoast_head_json":{"title":"Autoridades recibir\u00e1n en Ciudad Hidalgo a nueva caravana de migrantes -","robots":{"index":"index","follow":"follow","max-snippet":"max-snippet:-1","max-image-preview":"max-image-preview:large","max-video-preview":"max-video-preview:-1"},"canonical":"https:\/\/quehacerpolitico.mx\/?p=23251","og_locale":"es_MX","og_type":"article","og_title":"Autoridades recibir\u00e1n en Ciudad Hidalgo a nueva caravana de migrantes -","og_description":"Autoridades recibir\u00e1n en Ciudad Hidalgo a nueva caravana de migrantes Por Redacci\u00f3n QP","og_url":"https:\/\/quehacerpolitico.mx\/?p=23251","article_published_time":"2019-04-12T14:07:02+00:00","author":"Redacci\u00f3n QP","twitter_card":"summary_large_image","twitter_misc":{"Escrito por":"Redacci\u00f3n QP","Tiempo de lectura":"3 minutos"},"schema":{"@context":"https:\/\/schema.org","@graph":[{"@type":"Article","@id":"https:\/\/quehacerpolitico.mx\/?p=23251#article","isPartOf":{"@id":"https:\/\/quehacerpolitico.mx\/?p=23251"},"author":{"name":"Redacci\u00f3n QP","@id":"https:\/\/quehacerpolitico.mx\/#\/schema\/person\/496d8ad2d1d3f8036101dca7ee39e585"},"headline":"Autoridades recibir\u00e1n en Ciudad Hidalgo a nueva caravana de migrantes","datePublished":"2019-04-12T14:07:02+00:00","mainEntityOfPage":{"@id":"https:\/\/quehacerpolitico.mx\/?p=23251"},"wordCount":640,"commentCount":0,"image":{"@id":"https:\/\/quehacerpolitico.mx\/?p=23251#primaryimage"},"thumbnailUrl":"","articleSection":["Noticias"],"inLanguage":"es","potentialAction":[{"@type":"CommentAction","name":"Comment","target":["https:\/\/quehacerpolitico.mx\/?p=23251#respond"]}]},{"@type":"WebPage","@id":"https:\/\/quehacerpolitico.mx\/?p=23251","url":"https:\/\/quehacerpolitico.mx\/?p=23251","name":"Autoridades recibir\u00e1n en Ciudad Hidalgo a nueva caravana de migrantes -","isPartOf":{"@id":"https:\/\/quehacerpolitico.mx\/#website"},"primaryImageOfPage":{"@id":"https:\/\/quehacerpolitico.mx\/?p=23251#primaryimage"},"image":{"@id":"https:\/\/quehacerpolitico.mx\/?p=23251#primaryimage"},"thumbnailUrl":"","datePublished":"2019-04-12T14:07:02+00:00","author":{"@id":"https:\/\/quehacerpolitico.mx\/#\/schema\/person\/496d8ad2d1d3f8036101dca7ee39e585"},"breadcrumb":{"@id":"https:\/\/quehacerpolitico.mx\/?p=23251#breadcrumb"},"inLanguage":"es","potentialAction":[{"@type":"ReadAction","target":["https:\/\/quehacerpolitico.mx\/?p=23251"]}]},{"@type":"ImageObject","inLanguage":"es","@id":"https:\/\/quehacerpolitico.mx\/?p=23251#primaryimage","url":"","contentUrl":""},{"@type":"BreadcrumbList","@id":"https:\/\/quehacerpolitico.mx\/?p=23251#breadcrumb","itemListElement":[{"@type":"ListItem","position":1,"name":"Inicio","item":"https:\/\/quehacerpolitico.mx\/"},{"@type":"ListItem","position":2,"name":"Autoridades recibir\u00e1n en Ciudad Hidalgo a nueva caravana de migrantes"}]},{"@type":"WebSite","@id":"https:\/\/quehacerpolitico.mx\/#website","url":"https:\/\/quehacerpolitico.mx\/","name":"","description":"","potentialAction":[{"@type":"SearchAction","target":{"@type":"EntryPoint","urlTemplate":"https:\/\/quehacerpolitico.mx\/?s={search_term_string}"},"query-input":{"@type":"PropertyValueSpecification","valueRequired":true,"valueName":"search_term_string"}}],"inLanguage":"es"},{"@type":"Person","@id":"https:\/\/quehacerpolitico.mx\/#\/schema\/person\/496d8ad2d1d3f8036101dca7ee39e585","name":"Redacci\u00f3n QP","image":{"@type":"ImageObject","inLanguage":"es","@id":"https:\/\/secure.gravatar.com\/avatar\/c7164ed6fdec453195284ad24a5ae5b6e1eed2b848477fa2a4787ba9adf39a41?s=96&d=mm&r=g","url":"https:\/\/secure.gravatar.com\/avatar\/c7164ed6fdec453195284ad24a5ae5b6e1eed2b848477fa2a4787ba9adf39a41?s=96&d=mm&r=g","contentUrl":"https:\/\/secure.gravatar.com\/avatar\/c7164ed6fdec453195284ad24a5ae5b6e1eed2b848477fa2a4787ba9adf39a41?s=96&d=mm&r=g","caption":"Redacci\u00f3n QP"},"url":"https:\/\/quehacerpolitico.mx\/?author=2"}]}},"featured_image_urls":{"full":"","thumbnail":"","medium":"","medium_large":"","large":"","1536x1536":"","2048x2048":"","covernews-featured":"","covernews-medium":""},"author_info":{"display_name":"Redacci\u00f3n QP","author_link":"https:\/\/quehacerpolitico.mx\/?author=2"},"category_info":"<a href=\"https:\/\/quehacerpolitico.mx\/?cat=2\" rel=\"category\">Noticias<\/a>","tag_info":"Noticias","comment_count":"0","_links":{"self":[{"href":"https:\/\/quehacerpolitico.mx\/index.php?rest_route=\/wp\/v2\/posts\/23251","targetHints":{"allow":["GET"]}}],"collection":[{"href":"https:\/\/quehacerpolitico.mx\/index.php?rest_route=\/wp\/v2\/posts"}],"about":[{"href":"https:\/\/quehacerpolitico.mx\/index.php?rest_route=\/wp\/v2\/types\/post"}],"author":[{"embeddable":true,"href":"https:\/\/quehacerpolitico.mx\/index.php?rest_route=\/wp\/v2\/users\/2"}],"replies":[{"embeddable":true,"href":"https:\/\/quehacerpolitico.mx\/index.php?rest_route=%2Fwp%2Fv2%2Fcomments&post=23251"}],"version-history":[{"count":0,"href":"https:\/\/quehacerpolitico.mx\/index.php?rest_route=\/wp\/v2\/posts\/23251\/revisions"}],"wp:featuredmedia":[{"embeddable":true,"href":"https:\/\/quehacerpolitico.mx\/index.php?rest_route=\/"}],"wp:attachment":[{"href":"https:\/\/quehacerpolitico.mx\/index.php?rest_route=%2Fwp%2Fv2%2Fmedia&parent=23251"}],"wp:term":[{"taxonomy":"category","embeddable":true,"href":"https:\/\/quehacerpolitico.mx\/index.php?rest_route=%2Fwp%2Fv2%2Fcategories&post=23251"},{"taxonomy":"post_tag","embeddable":true,"href":"https:\/\/quehacerpolitico.mx\/index.php?rest_route=%2Fwp%2Fv2%2Ftags&post=23251"}],"curies":[{"name":"wp","href":"https:\/\/api.w.org\/{rel}","templated":true}]}}