{"id":2275,"date":"2018-08-12T16:57:06","date_gmt":"2018-08-12T16:57:06","guid":{"rendered":"http:\/\/quehacerpolitico.mx\/placido-domingo-se-suma-al-festival-cultural-revueltas\/"},"modified":"2018-08-12T16:57:06","modified_gmt":"2018-08-12T16:57:06","slug":"placido-domingo-se-suma-al-festival-cultural-revueltas","status":"publish","type":"post","link":"https:\/\/quehacerpolitico.mx\/?p=2275","title":{"rendered":"Pl\u00e1cido Domingo se suma al Festival Cultural Revueltas"},"content":{"rendered":"<p>Con zarzuela, \u00f3pera y m\u00fasica mexicana, entre otras sorpresas, el laureado tenor espa\u00f1ol Pl\u00e1cido Domingo encabezar\u00e1 las actividades del Festival Cultural Revueltas 2018 en Durango que se desarrollar\u00e1 del 4 al 22 de octubre.<\/p>\n<div id=\"div-gpt-ad-1524682842930-0\" data-google-query-id=\"CKi23cX959wCFRBFAQodCp4BHQ\">\n<div id=\"google_ads_iframe_\/40135427\/informador_mx_Video_Outstream_0__container__\">En rueda de prensa \u00c1lvaro Domingo, hijo del cantante, asegur\u00f3 que tras ocho a\u00f1os de ausencia Pl\u00e1cido regresar\u00e1 a aquella tierra, de la que son oriundos leyendas como Jos\u00e9 Revueltas o la bailarina Nellie Campobello, para ofrecer un magno concierto el 17 de octubre en el Centro Cultural y de Convenciones Bicentenario, uno de los recintos m\u00e1s bellos de esa ciudad.<\/div>\n<\/div>\n<p>\u201cEn Durango estuvimos hace ocho a\u00f1os en La Velar\u00eda, fue aquella una noche muy lluviosa, pero a\u00fan as\u00ed fue un concierto bonito y ahora estamos contentos de volver a Durango y est\u00e1 siendo parte de esta gira que hacemos por varios estados de M\u00e9xico en los \u00faltimos 11 o 12 a\u00f1os\u201d, dijo \u00c1lvaro Domingo.<\/p>\n<p>El tenor estar\u00e1 acompa\u00f1ado por la Orquesta Sinf\u00f3nica de la Universidad de Ju\u00e1rez de Durango, bajo la direcci\u00f3n de Yuyin Kong, concertista estadounidense.<\/p>\n<p>\u201cEn cuanto al reparto de quien lo acompa\u00f1ar\u00e1 no se los puedo decir, estamos viendo a\u00fan la disponibilidad de la soprano y del tenor que estar\u00e1n con \u00e9l\u201d, mencion\u00f3 al informar que su padre se encuentra muy bien de salud.<\/p>\n<p>\u201cCumplir\u00e1 78 a\u00f1os en enero del 2019 y se siente bien, fuerte, con la mente fresca y l\u00facida por todo lo que estudia, repertorios y obras nuevas. Ahora est\u00e1 aprendi\u00e9ndose \u2018Pescador de perlas\u2019 que realizar\u00e1 con Javier Camarena en el Festival de Salzburgo en dos semanas, est\u00e1 repasando repertorio e interpretando nuevos papeles\u201d, asegur\u00f3.<\/p>\n<p>Durante su presentaci\u00f3n en un reconocido restaurante de la zona de San \u00c1ngel en la Ciudad de M\u00e9xico se proyect\u00f3 un video de Pl\u00e1cido Domingo, quien dijo estar contento por el regreso a Durango y ofrecer el recital \u201cEl arte y la cultura est\u00e1n en el Revueltas\u201d.<\/p>\n<p><strong>\u00bfPor qu\u00e9 es importante?<\/strong><\/p>\n<p>El recital ser\u00e1 parte de uno de los festivales culturales m\u00e1s grandes del pa\u00eds, en el que se llevar\u00e1n a cabo cerca de mil actividades de todas las disciplinas art\u00edsticas, a lo largo y ancho de los 39 municipios del 4 al 22 de octubre.<\/p>\n<p>San Luis Potos\u00ed ser\u00e1 el Estado invitado; el programa incluye artistas provenientes de distintas partes de M\u00e9xico y el mundo.<\/p>\n<p>La ciudad de Durango y sus diferentes edificios culturales ser\u00e1n el escenario para estas actividades, marco ideal para vivir plenamente el arte y la cultura en el Festival Cultural Revueltas 2018.<\/p>\n","protected":false},"excerpt":{"rendered":"<p>Ofrecer\u00e1 un magno concierto el 17 de octubre en el Centro Cultural y de Convenciones Bicentenario<br \/>\nPor Redacci\u00f3n QP<\/p>\n","protected":false},"author":2,"featured_media":2274,"comment_status":"open","ping_status":"open","sticky":false,"template":"","format":"standard","meta":{"_monsterinsights_skip_tracking":false,"_monsterinsights_sitenote_active":false,"_monsterinsights_sitenote_note":"","_monsterinsights_sitenote_category":0,"footnotes":""},"categories":[58],"tags":[],"class_list":["post-2275","post","type-post","status-publish","format-standard","has-post-thumbnail","hentry","category-cultura"],"yoast_head":"<!-- This site is optimized with the Yoast SEO plugin v27.3 - https:\/\/yoast.com\/product\/yoast-seo-wordpress\/ -->\n<title>Pl\u00e1cido Domingo se suma al Festival Cultural Revueltas -<\/title>\n<meta name=\"robots\" content=\"index, follow, max-snippet:-1, max-image-preview:large, max-video-preview:-1\" \/>\n<link rel=\"canonical\" href=\"https:\/\/quehacerpolitico.mx\/?p=2275\" \/>\n<meta property=\"og:locale\" content=\"es_MX\" \/>\n<meta property=\"og:type\" content=\"article\" \/>\n<meta property=\"og:title\" content=\"Pl\u00e1cido Domingo se suma al Festival Cultural Revueltas -\" \/>\n<meta property=\"og:description\" content=\"Ofrecer\u00e1 un magno concierto el 17 de octubre en el Centro Cultural y de Convenciones Bicentenario Por Redacci\u00f3n QP\" \/>\n<meta property=\"og:url\" content=\"https:\/\/quehacerpolitico.mx\/?p=2275\" \/>\n<meta property=\"article:published_time\" content=\"2018-08-12T16:57:06+00:00\" \/>\n<meta name=\"author\" content=\"Redacci\u00f3n QP\" \/>\n<meta name=\"twitter:card\" content=\"summary_large_image\" \/>\n<meta name=\"twitter:label1\" content=\"Escrito por\" \/>\n\t<meta name=\"twitter:data1\" content=\"Redacci\u00f3n QP\" \/>\n\t<meta name=\"twitter:label2\" content=\"Tiempo de lectura\" \/>\n\t<meta name=\"twitter:data2\" content=\"2 minutos\" \/>\n<script type=\"application\/ld+json\" class=\"yoast-schema-graph\">{\"@context\":\"https:\\\/\\\/schema.org\",\"@graph\":[{\"@type\":\"Article\",\"@id\":\"https:\\\/\\\/quehacerpolitico.mx\\\/?p=2275#article\",\"isPartOf\":{\"@id\":\"https:\\\/\\\/quehacerpolitico.mx\\\/?p=2275\"},\"author\":{\"name\":\"Redacci\u00f3n QP\",\"@id\":\"https:\\\/\\\/quehacerpolitico.mx\\\/#\\\/schema\\\/person\\\/496d8ad2d1d3f8036101dca7ee39e585\"},\"headline\":\"Pl\u00e1cido Domingo se suma al Festival Cultural Revueltas\",\"datePublished\":\"2018-08-12T16:57:06+00:00\",\"mainEntityOfPage\":{\"@id\":\"https:\\\/\\\/quehacerpolitico.mx\\\/?p=2275\"},\"wordCount\":441,\"commentCount\":0,\"image\":{\"@id\":\"https:\\\/\\\/quehacerpolitico.mx\\\/?p=2275#primaryimage\"},\"thumbnailUrl\":\"\",\"articleSection\":[\"Cultura y Entretenimiento\"],\"inLanguage\":\"es\",\"potentialAction\":[{\"@type\":\"CommentAction\",\"name\":\"Comment\",\"target\":[\"https:\\\/\\\/quehacerpolitico.mx\\\/?p=2275#respond\"]}]},{\"@type\":\"WebPage\",\"@id\":\"https:\\\/\\\/quehacerpolitico.mx\\\/?p=2275\",\"url\":\"https:\\\/\\\/quehacerpolitico.mx\\\/?p=2275\",\"name\":\"Pl\u00e1cido Domingo se suma al Festival Cultural Revueltas -\",\"isPartOf\":{\"@id\":\"https:\\\/\\\/quehacerpolitico.mx\\\/#website\"},\"primaryImageOfPage\":{\"@id\":\"https:\\\/\\\/quehacerpolitico.mx\\\/?p=2275#primaryimage\"},\"image\":{\"@id\":\"https:\\\/\\\/quehacerpolitico.mx\\\/?p=2275#primaryimage\"},\"thumbnailUrl\":\"\",\"datePublished\":\"2018-08-12T16:57:06+00:00\",\"author\":{\"@id\":\"https:\\\/\\\/quehacerpolitico.mx\\\/#\\\/schema\\\/person\\\/496d8ad2d1d3f8036101dca7ee39e585\"},\"breadcrumb\":{\"@id\":\"https:\\\/\\\/quehacerpolitico.mx\\\/?p=2275#breadcrumb\"},\"inLanguage\":\"es\",\"potentialAction\":[{\"@type\":\"ReadAction\",\"target\":[\"https:\\\/\\\/quehacerpolitico.mx\\\/?p=2275\"]}]},{\"@type\":\"ImageObject\",\"inLanguage\":\"es\",\"@id\":\"https:\\\/\\\/quehacerpolitico.mx\\\/?p=2275#primaryimage\",\"url\":\"\",\"contentUrl\":\"\"},{\"@type\":\"BreadcrumbList\",\"@id\":\"https:\\\/\\\/quehacerpolitico.mx\\\/?p=2275#breadcrumb\",\"itemListElement\":[{\"@type\":\"ListItem\",\"position\":1,\"name\":\"Inicio\",\"item\":\"https:\\\/\\\/quehacerpolitico.mx\\\/\"},{\"@type\":\"ListItem\",\"position\":2,\"name\":\"Pl\u00e1cido Domingo se suma al Festival Cultural Revueltas\"}]},{\"@type\":\"WebSite\",\"@id\":\"https:\\\/\\\/quehacerpolitico.mx\\\/#website\",\"url\":\"https:\\\/\\\/quehacerpolitico.mx\\\/\",\"name\":\"\",\"description\":\"\",\"potentialAction\":[{\"@type\":\"SearchAction\",\"target\":{\"@type\":\"EntryPoint\",\"urlTemplate\":\"https:\\\/\\\/quehacerpolitico.mx\\\/?s={search_term_string}\"},\"query-input\":{\"@type\":\"PropertyValueSpecification\",\"valueRequired\":true,\"valueName\":\"search_term_string\"}}],\"inLanguage\":\"es\"},{\"@type\":\"Person\",\"@id\":\"https:\\\/\\\/quehacerpolitico.mx\\\/#\\\/schema\\\/person\\\/496d8ad2d1d3f8036101dca7ee39e585\",\"name\":\"Redacci\u00f3n QP\",\"image\":{\"@type\":\"ImageObject\",\"inLanguage\":\"es\",\"@id\":\"https:\\\/\\\/secure.gravatar.com\\\/avatar\\\/c7164ed6fdec453195284ad24a5ae5b6e1eed2b848477fa2a4787ba9adf39a41?s=96&d=mm&r=g\",\"url\":\"https:\\\/\\\/secure.gravatar.com\\\/avatar\\\/c7164ed6fdec453195284ad24a5ae5b6e1eed2b848477fa2a4787ba9adf39a41?s=96&d=mm&r=g\",\"contentUrl\":\"https:\\\/\\\/secure.gravatar.com\\\/avatar\\\/c7164ed6fdec453195284ad24a5ae5b6e1eed2b848477fa2a4787ba9adf39a41?s=96&d=mm&r=g\",\"caption\":\"Redacci\u00f3n QP\"},\"url\":\"https:\\\/\\\/quehacerpolitico.mx\\\/?author=2\"}]}<\/script>\n<!-- \/ Yoast SEO plugin. -->","yoast_head_json":{"title":"Pl\u00e1cido Domingo se suma al Festival Cultural Revueltas -","robots":{"index":"index","follow":"follow","max-snippet":"max-snippet:-1","max-image-preview":"max-image-preview:large","max-video-preview":"max-video-preview:-1"},"canonical":"https:\/\/quehacerpolitico.mx\/?p=2275","og_locale":"es_MX","og_type":"article","og_title":"Pl\u00e1cido Domingo se suma al Festival Cultural Revueltas -","og_description":"Ofrecer\u00e1 un magno concierto el 17 de octubre en el Centro Cultural y de Convenciones Bicentenario Por Redacci\u00f3n QP","og_url":"https:\/\/quehacerpolitico.mx\/?p=2275","article_published_time":"2018-08-12T16:57:06+00:00","author":"Redacci\u00f3n QP","twitter_card":"summary_large_image","twitter_misc":{"Escrito por":"Redacci\u00f3n QP","Tiempo de lectura":"2 minutos"},"schema":{"@context":"https:\/\/schema.org","@graph":[{"@type":"Article","@id":"https:\/\/quehacerpolitico.mx\/?p=2275#article","isPartOf":{"@id":"https:\/\/quehacerpolitico.mx\/?p=2275"},"author":{"name":"Redacci\u00f3n QP","@id":"https:\/\/quehacerpolitico.mx\/#\/schema\/person\/496d8ad2d1d3f8036101dca7ee39e585"},"headline":"Pl\u00e1cido Domingo se suma al Festival Cultural Revueltas","datePublished":"2018-08-12T16:57:06+00:00","mainEntityOfPage":{"@id":"https:\/\/quehacerpolitico.mx\/?p=2275"},"wordCount":441,"commentCount":0,"image":{"@id":"https:\/\/quehacerpolitico.mx\/?p=2275#primaryimage"},"thumbnailUrl":"","articleSection":["Cultura y Entretenimiento"],"inLanguage":"es","potentialAction":[{"@type":"CommentAction","name":"Comment","target":["https:\/\/quehacerpolitico.mx\/?p=2275#respond"]}]},{"@type":"WebPage","@id":"https:\/\/quehacerpolitico.mx\/?p=2275","url":"https:\/\/quehacerpolitico.mx\/?p=2275","name":"Pl\u00e1cido Domingo se suma al Festival Cultural Revueltas -","isPartOf":{"@id":"https:\/\/quehacerpolitico.mx\/#website"},"primaryImageOfPage":{"@id":"https:\/\/quehacerpolitico.mx\/?p=2275#primaryimage"},"image":{"@id":"https:\/\/quehacerpolitico.mx\/?p=2275#primaryimage"},"thumbnailUrl":"","datePublished":"2018-08-12T16:57:06+00:00","author":{"@id":"https:\/\/quehacerpolitico.mx\/#\/schema\/person\/496d8ad2d1d3f8036101dca7ee39e585"},"breadcrumb":{"@id":"https:\/\/quehacerpolitico.mx\/?p=2275#breadcrumb"},"inLanguage":"es","potentialAction":[{"@type":"ReadAction","target":["https:\/\/quehacerpolitico.mx\/?p=2275"]}]},{"@type":"ImageObject","inLanguage":"es","@id":"https:\/\/quehacerpolitico.mx\/?p=2275#primaryimage","url":"","contentUrl":""},{"@type":"BreadcrumbList","@id":"https:\/\/quehacerpolitico.mx\/?p=2275#breadcrumb","itemListElement":[{"@type":"ListItem","position":1,"name":"Inicio","item":"https:\/\/quehacerpolitico.mx\/"},{"@type":"ListItem","position":2,"name":"Pl\u00e1cido Domingo se suma al Festival Cultural Revueltas"}]},{"@type":"WebSite","@id":"https:\/\/quehacerpolitico.mx\/#website","url":"https:\/\/quehacerpolitico.mx\/","name":"","description":"","potentialAction":[{"@type":"SearchAction","target":{"@type":"EntryPoint","urlTemplate":"https:\/\/quehacerpolitico.mx\/?s={search_term_string}"},"query-input":{"@type":"PropertyValueSpecification","valueRequired":true,"valueName":"search_term_string"}}],"inLanguage":"es"},{"@type":"Person","@id":"https:\/\/quehacerpolitico.mx\/#\/schema\/person\/496d8ad2d1d3f8036101dca7ee39e585","name":"Redacci\u00f3n QP","image":{"@type":"ImageObject","inLanguage":"es","@id":"https:\/\/secure.gravatar.com\/avatar\/c7164ed6fdec453195284ad24a5ae5b6e1eed2b848477fa2a4787ba9adf39a41?s=96&d=mm&r=g","url":"https:\/\/secure.gravatar.com\/avatar\/c7164ed6fdec453195284ad24a5ae5b6e1eed2b848477fa2a4787ba9adf39a41?s=96&d=mm&r=g","contentUrl":"https:\/\/secure.gravatar.com\/avatar\/c7164ed6fdec453195284ad24a5ae5b6e1eed2b848477fa2a4787ba9adf39a41?s=96&d=mm&r=g","caption":"Redacci\u00f3n QP"},"url":"https:\/\/quehacerpolitico.mx\/?author=2"}]}},"featured_image_urls":{"full":"","thumbnail":"","medium":"","medium_large":"","large":"","1536x1536":"","2048x2048":"","covernews-featured":"","covernews-medium":""},"author_info":{"display_name":"Redacci\u00f3n QP","author_link":"https:\/\/quehacerpolitico.mx\/?author=2"},"category_info":"<a href=\"https:\/\/quehacerpolitico.mx\/?cat=58\" rel=\"category\">Cultura y Entretenimiento<\/a>","tag_info":"Cultura y Entretenimiento","comment_count":"0","_links":{"self":[{"href":"https:\/\/quehacerpolitico.mx\/index.php?rest_route=\/wp\/v2\/posts\/2275","targetHints":{"allow":["GET"]}}],"collection":[{"href":"https:\/\/quehacerpolitico.mx\/index.php?rest_route=\/wp\/v2\/posts"}],"about":[{"href":"https:\/\/quehacerpolitico.mx\/index.php?rest_route=\/wp\/v2\/types\/post"}],"author":[{"embeddable":true,"href":"https:\/\/quehacerpolitico.mx\/index.php?rest_route=\/wp\/v2\/users\/2"}],"replies":[{"embeddable":true,"href":"https:\/\/quehacerpolitico.mx\/index.php?rest_route=%2Fwp%2Fv2%2Fcomments&post=2275"}],"version-history":[{"count":0,"href":"https:\/\/quehacerpolitico.mx\/index.php?rest_route=\/wp\/v2\/posts\/2275\/revisions"}],"wp:featuredmedia":[{"embeddable":true,"href":"https:\/\/quehacerpolitico.mx\/index.php?rest_route=\/"}],"wp:attachment":[{"href":"https:\/\/quehacerpolitico.mx\/index.php?rest_route=%2Fwp%2Fv2%2Fmedia&parent=2275"}],"wp:term":[{"taxonomy":"category","embeddable":true,"href":"https:\/\/quehacerpolitico.mx\/index.php?rest_route=%2Fwp%2Fv2%2Fcategories&post=2275"},{"taxonomy":"post_tag","embeddable":true,"href":"https:\/\/quehacerpolitico.mx\/index.php?rest_route=%2Fwp%2Fv2%2Ftags&post=2275"}],"curies":[{"name":"wp","href":"https:\/\/api.w.org\/{rel}","templated":true}]}}