{"id":22582,"date":"2019-04-05T04:14:17","date_gmt":"2019-04-05T04:14:17","guid":{"rendered":"http:\/\/quehacerpolitico.mx\/senador-propone-crear-un-banco-de-migrantes\/"},"modified":"2019-04-05T04:14:17","modified_gmt":"2019-04-05T04:14:17","slug":"senador-propone-crear-un-banco-de-migrantes","status":"publish","type":"post","link":"https:\/\/quehacerpolitico.mx\/?p=22582","title":{"rendered":"Senador propone crear un banco de migrantes"},"content":{"rendered":"<h1 class=\"news-title\">Senador propone crear un banco de migrantes<\/h1>\n<p>Por Redacci\u00f3n QP<\/p>\n<header class=\"news-header\">\n<div class=\"news-subtitle\">\n<p>Se planea impulsar los defensa de los derechos humanos y fortalecer la econom\u00eda mexicana<\/p>\n<\/div>\n<\/header>\n<div class=\"news-content\">\n<div class=\"news-body row\">\n<p>El senador Jos\u00e9 Narro C\u00e9spedes y Jes\u00fas Seade, subsecretario de Relaciones Exteriores para Am\u00e9rica del Norte, iniciaron gira en Estados Unidos para <strong>impulsar una campa\u00f1a de defensa de los derechos de los connacionales, en el marco de lo cual el legislador propuso crear un banco de <\/strong><strong>migrantes.<\/strong><\/p>\n<p>Ambos se reunieron con la embajadora mexicana en ese pa\u00eds, <strong>Martha B\u00e1rcena Coqui, para buscar su apoyo en las reuniones que sostendr\u00e1n con congresistas hispanos dem\u00f3cratas,<\/strong> con quienes se busca revisar los avances del <strong>Tratado entre M\u00e9xico, Estados Unidos y Canad\u00e1.<\/strong><\/p>\n<blockquote class=\"twitter-tweet\" data-width=\"550\" data-dnt=\"true\">\n<p lang=\"es\" dir=\"ltr\">Gracias a <a href=\"https:\/\/twitter.com\/HouseNewDems?ref_src=twsrc%5Etfw\">@HouseNewDems<\/a> por la invitaci\u00f3n para conversar sobre el <a href=\"https:\/\/twitter.com\/hashtag\/TMEC?src=hash&amp;ref_src=twsrc%5Etfw\">#TMEC<\/a>. En compa\u00f1\u00eda de la Embajadora <a href=\"https:\/\/twitter.com\/Martha_Barcena?ref_src=twsrc%5Etfw\">@Martha_Barcena<\/a> y el Senador <a href=\"https:\/\/twitter.com\/NarroJose?ref_src=twsrc%5Etfw\">@NarroJose<\/a>. Coincidimos en los beneficios que implica para Am\u00e9rica del Norte como regi\u00f3n. <a href=\"https:\/\/t.co\/PFH5dS6Tud\">pic.twitter.com\/PFH5dS6Tud<\/a><\/p>\n<p>&mdash; Jes\u00fas Seade (@JesusSeade) <a href=\"https:\/\/twitter.com\/JesusSeade\/status\/1113832070747426819?ref_src=twsrc%5Etfw\">April 4, 2019<\/a><\/p><\/blockquote>\n<p><script async src=\"https:\/\/platform.twitter.com\/widgets.js\" charset=\"utf-8\"><\/script><\/p>\n<p>Jos\u00e9 Narro C\u00e9spedes, coordinador de la Comisi\u00f3n de Seguimiento del T-MEC en el Senado, consider\u00f3<strong> necesario fortalecer las relaciones econ\u00f3micas de M\u00e9xico particularmente con Am\u00e9rica del Norte,<\/strong> pero tambi\u00e9n &#8220;mirar&#8221; hacia otras regiones para alcanzar mayores equilibrios comerciales y garantizar el desarrollo social y humano del pa\u00eds.<\/p>\n<p>El reto, dijo, es c\u00f3mo <strong>seguir transformando la econom\u00eda mexicana para que los beneficios de la apertura comercial alcancen todas las regiones <\/strong>y sectores del pa\u00eds. &#8220;Es importante la discusi\u00f3n desde el punto de vista de cooperaci\u00f3n y con una visi\u00f3n de migraci\u00f3n ordenada, con respeto a los derechos humanos&#8221;.<\/p>\n<p><strong>El senador por Zacatecas llam\u00f3 a dar la lucha para defender los derechos de los migrantesmexicanos en Estados Unidos,<\/strong> toda vez que las remesas, que son las principales entradas econ\u00f3micas en el pa\u00eds, se dispersan, lo que no suceder\u00eda si los migrantes y las familias se organizaran para crear un banco.<\/p>\n<p>Detall\u00f3 que <strong>10 mil millones de d\u00f3lares entran al a\u00f1o al pa\u00eds como parte de las remesas, por ello su propuesta de crear un banco de los migrantes,<\/strong> as\u00ed como fortalecer el voto hispano, entre otras iniciativas que se est\u00e1n planteando en el Senado.<\/p>\n<p>El senador por Zacatecas, tambi\u00e9n opin\u00f3<strong> que un banco de migrantes sacar\u00eda de la pobreza a mucha gente en M\u00e9xico, pero tambi\u00e9n hay que crear leyes para ayudarlos en el tema fiscal,<\/strong>as\u00ed como a los productores agr\u00edcolas del pa\u00eds para la defensa jur\u00eddica del campo, hacer cumplir los derechos agrarios y as\u00ed dar certidumbre a la propiedad social de la tierra, incluyendo a la comunidad ind\u00edgena.<\/p>\n<\/div>\n<\/div>\n","protected":false},"excerpt":{"rendered":"<p>Senador propone crear un banco de migrantes<br \/>\nPor Redacci\u00f3n QP<\/p>\n","protected":false},"author":2,"featured_media":22581,"comment_status":"open","ping_status":"open","sticky":false,"template":"","format":"standard","meta":{"_monsterinsights_skip_tracking":false,"_monsterinsights_sitenote_active":false,"_monsterinsights_sitenote_note":"","_monsterinsights_sitenote_category":0,"footnotes":""},"categories":[2],"tags":[],"class_list":["post-22582","post","type-post","status-publish","format-standard","has-post-thumbnail","hentry","category-noticias"],"yoast_head":"<!-- This site is optimized with the Yoast SEO plugin v27.3 - https:\/\/yoast.com\/product\/yoast-seo-wordpress\/ -->\n<title>Senador propone crear un banco de migrantes -<\/title>\n<meta name=\"robots\" content=\"index, follow, max-snippet:-1, max-image-preview:large, max-video-preview:-1\" \/>\n<link rel=\"canonical\" href=\"https:\/\/quehacerpolitico.mx\/?p=22582\" \/>\n<meta property=\"og:locale\" content=\"es_MX\" \/>\n<meta property=\"og:type\" content=\"article\" \/>\n<meta property=\"og:title\" content=\"Senador propone crear un banco de migrantes -\" \/>\n<meta property=\"og:description\" content=\"Senador propone crear un banco de migrantes Por Redacci\u00f3n QP\" \/>\n<meta property=\"og:url\" content=\"https:\/\/quehacerpolitico.mx\/?p=22582\" \/>\n<meta property=\"article:published_time\" content=\"2019-04-05T04:14:17+00:00\" \/>\n<meta name=\"author\" content=\"Redacci\u00f3n QP\" \/>\n<meta name=\"twitter:card\" content=\"summary_large_image\" \/>\n<meta name=\"twitter:label1\" content=\"Escrito por\" \/>\n\t<meta name=\"twitter:data1\" content=\"Redacci\u00f3n QP\" \/>\n\t<meta name=\"twitter:label2\" content=\"Tiempo de lectura\" \/>\n\t<meta name=\"twitter:data2\" content=\"2 minutos\" \/>\n<script type=\"application\/ld+json\" class=\"yoast-schema-graph\">{\"@context\":\"https:\\\/\\\/schema.org\",\"@graph\":[{\"@type\":\"Article\",\"@id\":\"https:\\\/\\\/quehacerpolitico.mx\\\/?p=22582#article\",\"isPartOf\":{\"@id\":\"https:\\\/\\\/quehacerpolitico.mx\\\/?p=22582\"},\"author\":{\"name\":\"Redacci\u00f3n QP\",\"@id\":\"https:\\\/\\\/quehacerpolitico.mx\\\/#\\\/schema\\\/person\\\/496d8ad2d1d3f8036101dca7ee39e585\"},\"headline\":\"Senador propone crear un banco de migrantes\",\"datePublished\":\"2019-04-05T04:14:17+00:00\",\"mainEntityOfPage\":{\"@id\":\"https:\\\/\\\/quehacerpolitico.mx\\\/?p=22582\"},\"wordCount\":423,\"commentCount\":0,\"image\":{\"@id\":\"https:\\\/\\\/quehacerpolitico.mx\\\/?p=22582#primaryimage\"},\"thumbnailUrl\":\"\",\"articleSection\":[\"Noticias\"],\"inLanguage\":\"es\",\"potentialAction\":[{\"@type\":\"CommentAction\",\"name\":\"Comment\",\"target\":[\"https:\\\/\\\/quehacerpolitico.mx\\\/?p=22582#respond\"]}]},{\"@type\":\"WebPage\",\"@id\":\"https:\\\/\\\/quehacerpolitico.mx\\\/?p=22582\",\"url\":\"https:\\\/\\\/quehacerpolitico.mx\\\/?p=22582\",\"name\":\"Senador propone crear un banco de migrantes -\",\"isPartOf\":{\"@id\":\"https:\\\/\\\/quehacerpolitico.mx\\\/#website\"},\"primaryImageOfPage\":{\"@id\":\"https:\\\/\\\/quehacerpolitico.mx\\\/?p=22582#primaryimage\"},\"image\":{\"@id\":\"https:\\\/\\\/quehacerpolitico.mx\\\/?p=22582#primaryimage\"},\"thumbnailUrl\":\"\",\"datePublished\":\"2019-04-05T04:14:17+00:00\",\"author\":{\"@id\":\"https:\\\/\\\/quehacerpolitico.mx\\\/#\\\/schema\\\/person\\\/496d8ad2d1d3f8036101dca7ee39e585\"},\"breadcrumb\":{\"@id\":\"https:\\\/\\\/quehacerpolitico.mx\\\/?p=22582#breadcrumb\"},\"inLanguage\":\"es\",\"potentialAction\":[{\"@type\":\"ReadAction\",\"target\":[\"https:\\\/\\\/quehacerpolitico.mx\\\/?p=22582\"]}]},{\"@type\":\"ImageObject\",\"inLanguage\":\"es\",\"@id\":\"https:\\\/\\\/quehacerpolitico.mx\\\/?p=22582#primaryimage\",\"url\":\"\",\"contentUrl\":\"\"},{\"@type\":\"BreadcrumbList\",\"@id\":\"https:\\\/\\\/quehacerpolitico.mx\\\/?p=22582#breadcrumb\",\"itemListElement\":[{\"@type\":\"ListItem\",\"position\":1,\"name\":\"Inicio\",\"item\":\"https:\\\/\\\/quehacerpolitico.mx\\\/\"},{\"@type\":\"ListItem\",\"position\":2,\"name\":\"Senador propone crear un banco de migrantes\"}]},{\"@type\":\"WebSite\",\"@id\":\"https:\\\/\\\/quehacerpolitico.mx\\\/#website\",\"url\":\"https:\\\/\\\/quehacerpolitico.mx\\\/\",\"name\":\"\",\"description\":\"\",\"potentialAction\":[{\"@type\":\"SearchAction\",\"target\":{\"@type\":\"EntryPoint\",\"urlTemplate\":\"https:\\\/\\\/quehacerpolitico.mx\\\/?s={search_term_string}\"},\"query-input\":{\"@type\":\"PropertyValueSpecification\",\"valueRequired\":true,\"valueName\":\"search_term_string\"}}],\"inLanguage\":\"es\"},{\"@type\":\"Person\",\"@id\":\"https:\\\/\\\/quehacerpolitico.mx\\\/#\\\/schema\\\/person\\\/496d8ad2d1d3f8036101dca7ee39e585\",\"name\":\"Redacci\u00f3n QP\",\"image\":{\"@type\":\"ImageObject\",\"inLanguage\":\"es\",\"@id\":\"https:\\\/\\\/secure.gravatar.com\\\/avatar\\\/c7164ed6fdec453195284ad24a5ae5b6e1eed2b848477fa2a4787ba9adf39a41?s=96&d=mm&r=g\",\"url\":\"https:\\\/\\\/secure.gravatar.com\\\/avatar\\\/c7164ed6fdec453195284ad24a5ae5b6e1eed2b848477fa2a4787ba9adf39a41?s=96&d=mm&r=g\",\"contentUrl\":\"https:\\\/\\\/secure.gravatar.com\\\/avatar\\\/c7164ed6fdec453195284ad24a5ae5b6e1eed2b848477fa2a4787ba9adf39a41?s=96&d=mm&r=g\",\"caption\":\"Redacci\u00f3n QP\"},\"url\":\"https:\\\/\\\/quehacerpolitico.mx\\\/?author=2\"}]}<\/script>\n<!-- \/ Yoast SEO plugin. -->","yoast_head_json":{"title":"Senador propone crear un banco de migrantes -","robots":{"index":"index","follow":"follow","max-snippet":"max-snippet:-1","max-image-preview":"max-image-preview:large","max-video-preview":"max-video-preview:-1"},"canonical":"https:\/\/quehacerpolitico.mx\/?p=22582","og_locale":"es_MX","og_type":"article","og_title":"Senador propone crear un banco de migrantes -","og_description":"Senador propone crear un banco de migrantes Por Redacci\u00f3n QP","og_url":"https:\/\/quehacerpolitico.mx\/?p=22582","article_published_time":"2019-04-05T04:14:17+00:00","author":"Redacci\u00f3n QP","twitter_card":"summary_large_image","twitter_misc":{"Escrito por":"Redacci\u00f3n QP","Tiempo de lectura":"2 minutos"},"schema":{"@context":"https:\/\/schema.org","@graph":[{"@type":"Article","@id":"https:\/\/quehacerpolitico.mx\/?p=22582#article","isPartOf":{"@id":"https:\/\/quehacerpolitico.mx\/?p=22582"},"author":{"name":"Redacci\u00f3n QP","@id":"https:\/\/quehacerpolitico.mx\/#\/schema\/person\/496d8ad2d1d3f8036101dca7ee39e585"},"headline":"Senador propone crear un banco de migrantes","datePublished":"2019-04-05T04:14:17+00:00","mainEntityOfPage":{"@id":"https:\/\/quehacerpolitico.mx\/?p=22582"},"wordCount":423,"commentCount":0,"image":{"@id":"https:\/\/quehacerpolitico.mx\/?p=22582#primaryimage"},"thumbnailUrl":"","articleSection":["Noticias"],"inLanguage":"es","potentialAction":[{"@type":"CommentAction","name":"Comment","target":["https:\/\/quehacerpolitico.mx\/?p=22582#respond"]}]},{"@type":"WebPage","@id":"https:\/\/quehacerpolitico.mx\/?p=22582","url":"https:\/\/quehacerpolitico.mx\/?p=22582","name":"Senador propone crear un banco de migrantes -","isPartOf":{"@id":"https:\/\/quehacerpolitico.mx\/#website"},"primaryImageOfPage":{"@id":"https:\/\/quehacerpolitico.mx\/?p=22582#primaryimage"},"image":{"@id":"https:\/\/quehacerpolitico.mx\/?p=22582#primaryimage"},"thumbnailUrl":"","datePublished":"2019-04-05T04:14:17+00:00","author":{"@id":"https:\/\/quehacerpolitico.mx\/#\/schema\/person\/496d8ad2d1d3f8036101dca7ee39e585"},"breadcrumb":{"@id":"https:\/\/quehacerpolitico.mx\/?p=22582#breadcrumb"},"inLanguage":"es","potentialAction":[{"@type":"ReadAction","target":["https:\/\/quehacerpolitico.mx\/?p=22582"]}]},{"@type":"ImageObject","inLanguage":"es","@id":"https:\/\/quehacerpolitico.mx\/?p=22582#primaryimage","url":"","contentUrl":""},{"@type":"BreadcrumbList","@id":"https:\/\/quehacerpolitico.mx\/?p=22582#breadcrumb","itemListElement":[{"@type":"ListItem","position":1,"name":"Inicio","item":"https:\/\/quehacerpolitico.mx\/"},{"@type":"ListItem","position":2,"name":"Senador propone crear un banco de migrantes"}]},{"@type":"WebSite","@id":"https:\/\/quehacerpolitico.mx\/#website","url":"https:\/\/quehacerpolitico.mx\/","name":"","description":"","potentialAction":[{"@type":"SearchAction","target":{"@type":"EntryPoint","urlTemplate":"https:\/\/quehacerpolitico.mx\/?s={search_term_string}"},"query-input":{"@type":"PropertyValueSpecification","valueRequired":true,"valueName":"search_term_string"}}],"inLanguage":"es"},{"@type":"Person","@id":"https:\/\/quehacerpolitico.mx\/#\/schema\/person\/496d8ad2d1d3f8036101dca7ee39e585","name":"Redacci\u00f3n QP","image":{"@type":"ImageObject","inLanguage":"es","@id":"https:\/\/secure.gravatar.com\/avatar\/c7164ed6fdec453195284ad24a5ae5b6e1eed2b848477fa2a4787ba9adf39a41?s=96&d=mm&r=g","url":"https:\/\/secure.gravatar.com\/avatar\/c7164ed6fdec453195284ad24a5ae5b6e1eed2b848477fa2a4787ba9adf39a41?s=96&d=mm&r=g","contentUrl":"https:\/\/secure.gravatar.com\/avatar\/c7164ed6fdec453195284ad24a5ae5b6e1eed2b848477fa2a4787ba9adf39a41?s=96&d=mm&r=g","caption":"Redacci\u00f3n QP"},"url":"https:\/\/quehacerpolitico.mx\/?author=2"}]}},"featured_image_urls":{"full":"","thumbnail":"","medium":"","medium_large":"","large":"","1536x1536":"","2048x2048":"","covernews-featured":"","covernews-medium":""},"author_info":{"display_name":"Redacci\u00f3n QP","author_link":"https:\/\/quehacerpolitico.mx\/?author=2"},"category_info":"<a href=\"https:\/\/quehacerpolitico.mx\/?cat=2\" rel=\"category\">Noticias<\/a>","tag_info":"Noticias","comment_count":"0","_links":{"self":[{"href":"https:\/\/quehacerpolitico.mx\/index.php?rest_route=\/wp\/v2\/posts\/22582","targetHints":{"allow":["GET"]}}],"collection":[{"href":"https:\/\/quehacerpolitico.mx\/index.php?rest_route=\/wp\/v2\/posts"}],"about":[{"href":"https:\/\/quehacerpolitico.mx\/index.php?rest_route=\/wp\/v2\/types\/post"}],"author":[{"embeddable":true,"href":"https:\/\/quehacerpolitico.mx\/index.php?rest_route=\/wp\/v2\/users\/2"}],"replies":[{"embeddable":true,"href":"https:\/\/quehacerpolitico.mx\/index.php?rest_route=%2Fwp%2Fv2%2Fcomments&post=22582"}],"version-history":[{"count":0,"href":"https:\/\/quehacerpolitico.mx\/index.php?rest_route=\/wp\/v2\/posts\/22582\/revisions"}],"wp:featuredmedia":[{"embeddable":true,"href":"https:\/\/quehacerpolitico.mx\/index.php?rest_route=\/"}],"wp:attachment":[{"href":"https:\/\/quehacerpolitico.mx\/index.php?rest_route=%2Fwp%2Fv2%2Fmedia&parent=22582"}],"wp:term":[{"taxonomy":"category","embeddable":true,"href":"https:\/\/quehacerpolitico.mx\/index.php?rest_route=%2Fwp%2Fv2%2Fcategories&post=22582"},{"taxonomy":"post_tag","embeddable":true,"href":"https:\/\/quehacerpolitico.mx\/index.php?rest_route=%2Fwp%2Fv2%2Ftags&post=22582"}],"curies":[{"name":"wp","href":"https:\/\/api.w.org\/{rel}","templated":true}]}}