{"id":22579,"date":"2019-04-05T04:07:29","date_gmt":"2019-04-05T04:07:29","guid":{"rendered":"http:\/\/quehacerpolitico.mx\/el-inai-podra-revocar-reserva-sobre-temas-de-violaciones-graves-a-dh\/"},"modified":"2019-04-05T04:07:29","modified_gmt":"2019-04-05T04:07:29","slug":"el-inai-podra-revocar-reserva-sobre-temas-de-violaciones-graves-a-dh","status":"publish","type":"post","link":"https:\/\/quehacerpolitico.mx\/?p=22579","title":{"rendered":"El Inai podr\u00e1 revocar reserva sobre temas de violaciones graves a DH"},"content":{"rendered":"<h1 class=\"news-title\">El Inai podr\u00e1 revocar reserva sobre temas de violaciones graves a DH<\/h1>\n<p>Por Redacci\u00f3n QP<\/p>\n<header class=\"news-header\">\n<div class=\"news-subtitle\">\n<p>La SCJN confirm\u00f3 que el Instituto est\u00e1 facultado para determinar si una investigaci\u00f3n de esta naturaleza puede publicarse o no<\/p>\n<\/div>\n<\/header>\n<div class=\"news-content\">\n<div class=\"news-body row\">\n<p>La Suprema Corte de Justicia de la Naci\u00f3n (SCJN) confirm\u00f3 que el Instituto Nacional de Acceso a la Informaci\u00f3n y Protecci\u00f3n de Datos Personales (Inai) <strong>est\u00e1 facultado para determinar si una investigaci\u00f3n se refiere a violaciones graves de derechos humanos y, por ello, debe hacerse p\u00fablica.<\/strong><\/p>\n<p>Durante la sesi\u00f3n del Pleno de la Corte, los ministros indicaron que el INAI\u00a0puede determinar si las investigaciones est\u00e1n relacionadas con violaciones graves a derechos humanos o cr\u00edmenes de lesa humanidad para entonces revocar cualquier reserva sobre esa informaci\u00f3n, como ocurre en el caso de la masacre de migrantes en San Fernando, Tamaulipas y la matanza de 49 personas en Cadereyta, Nuevo Le\u00f3n.<\/p>\n<p>&#8220;Una supuesta protecci\u00f3n de datos o de confidencialidad, que est\u00e1 prohibida por el propio art\u00edculo 14, vendr\u00eda a frustrar el conocimiento de la verdad de las personas, de los ciudadanos sobre este tipo de eventos de extraordinaria relevancia y gravedad para los sociedad, que deben ser inadmisibles, que deben ser desterrados de la vida p\u00fablica del pa\u00eds&#8221;, destac\u00f3 el ministro presidente, Arturo Zald\u00edvar Lelo de Larrea.<\/p>\n<p>Por ello, la Corte <strong>aval\u00f3 los proyectos de los ministros Alfredo Guti\u00e9rrez Ortiz Mena y Norma Pi\u00f1a<\/strong> en los que se confirmaron los amparos contra la reserva emitida por la Fiscal\u00eda General de la Rep\u00fablica\u00a0(FGR, antes Procuradur\u00eda) para dar acceso a las averiguaciones previas de estos casos.<\/p>\n<p>En el litigio, que data de 2013, el Inai confirm\u00f3 las negativas de la entonces PGR a dar acceso a las investigaciones con base en los principios de secrec\u00eda de las averiguaciones previas, pero no se pronunci\u00f3 sobre la posible existencia de hechos relacionados con violaciones graves a derechos humanos en las mismas.<\/p>\n<p>Por ello, la Corte devolver\u00e1 el expediente para que el Inai revise nuevamente y se pronuncie sobre la existencia de este tipo de hechos para resolver sobre la posible apertura de las investigaciones en cumplimiento al precepto constitucional que establece que de existir estos hechos, no puede reservarse la informaci\u00f3n.<\/p>\n<\/div>\n<\/div>\n","protected":false},"excerpt":{"rendered":"<p>El Inai podr\u00e1 revocar reserva sobre temas de violaciones graves a DH<br \/>\nPor Redacci\u00f3n QP<\/p>\n","protected":false},"author":2,"featured_media":22578,"comment_status":"open","ping_status":"open","sticky":false,"template":"","format":"standard","meta":{"_monsterinsights_skip_tracking":false,"_monsterinsights_sitenote_active":false,"_monsterinsights_sitenote_note":"","_monsterinsights_sitenote_category":0,"footnotes":""},"categories":[2],"tags":[],"class_list":["post-22579","post","type-post","status-publish","format-standard","has-post-thumbnail","hentry","category-noticias"],"yoast_head":"<!-- This site is optimized with the Yoast SEO plugin v27.3 - https:\/\/yoast.com\/product\/yoast-seo-wordpress\/ -->\n<title>El Inai podr\u00e1 revocar reserva sobre temas de violaciones graves a DH -<\/title>\n<meta name=\"robots\" content=\"index, follow, max-snippet:-1, max-image-preview:large, max-video-preview:-1\" \/>\n<link rel=\"canonical\" href=\"https:\/\/quehacerpolitico.mx\/?p=22579\" \/>\n<meta property=\"og:locale\" content=\"es_MX\" \/>\n<meta property=\"og:type\" content=\"article\" \/>\n<meta property=\"og:title\" content=\"El Inai podr\u00e1 revocar reserva sobre temas de violaciones graves a DH -\" \/>\n<meta property=\"og:description\" content=\"El Inai podr\u00e1 revocar reserva sobre temas de violaciones graves a DH Por Redacci\u00f3n QP\" \/>\n<meta property=\"og:url\" content=\"https:\/\/quehacerpolitico.mx\/?p=22579\" \/>\n<meta property=\"article:published_time\" content=\"2019-04-05T04:07:29+00:00\" \/>\n<meta name=\"author\" content=\"Redacci\u00f3n QP\" \/>\n<meta name=\"twitter:card\" content=\"summary_large_image\" \/>\n<meta name=\"twitter:label1\" content=\"Escrito por\" \/>\n\t<meta name=\"twitter:data1\" content=\"Redacci\u00f3n QP\" \/>\n\t<meta name=\"twitter:label2\" content=\"Tiempo de lectura\" \/>\n\t<meta name=\"twitter:data2\" content=\"2 minutos\" \/>\n<script type=\"application\/ld+json\" class=\"yoast-schema-graph\">{\"@context\":\"https:\\\/\\\/schema.org\",\"@graph\":[{\"@type\":\"Article\",\"@id\":\"https:\\\/\\\/quehacerpolitico.mx\\\/?p=22579#article\",\"isPartOf\":{\"@id\":\"https:\\\/\\\/quehacerpolitico.mx\\\/?p=22579\"},\"author\":{\"name\":\"Redacci\u00f3n QP\",\"@id\":\"https:\\\/\\\/quehacerpolitico.mx\\\/#\\\/schema\\\/person\\\/496d8ad2d1d3f8036101dca7ee39e585\"},\"headline\":\"El Inai podr\u00e1 revocar reserva sobre temas de violaciones graves a DH\",\"datePublished\":\"2019-04-05T04:07:29+00:00\",\"mainEntityOfPage\":{\"@id\":\"https:\\\/\\\/quehacerpolitico.mx\\\/?p=22579\"},\"wordCount\":396,\"commentCount\":0,\"image\":{\"@id\":\"https:\\\/\\\/quehacerpolitico.mx\\\/?p=22579#primaryimage\"},\"thumbnailUrl\":\"\",\"articleSection\":[\"Noticias\"],\"inLanguage\":\"es\",\"potentialAction\":[{\"@type\":\"CommentAction\",\"name\":\"Comment\",\"target\":[\"https:\\\/\\\/quehacerpolitico.mx\\\/?p=22579#respond\"]}]},{\"@type\":\"WebPage\",\"@id\":\"https:\\\/\\\/quehacerpolitico.mx\\\/?p=22579\",\"url\":\"https:\\\/\\\/quehacerpolitico.mx\\\/?p=22579\",\"name\":\"El Inai podr\u00e1 revocar reserva sobre temas de violaciones graves a DH -\",\"isPartOf\":{\"@id\":\"https:\\\/\\\/quehacerpolitico.mx\\\/#website\"},\"primaryImageOfPage\":{\"@id\":\"https:\\\/\\\/quehacerpolitico.mx\\\/?p=22579#primaryimage\"},\"image\":{\"@id\":\"https:\\\/\\\/quehacerpolitico.mx\\\/?p=22579#primaryimage\"},\"thumbnailUrl\":\"\",\"datePublished\":\"2019-04-05T04:07:29+00:00\",\"author\":{\"@id\":\"https:\\\/\\\/quehacerpolitico.mx\\\/#\\\/schema\\\/person\\\/496d8ad2d1d3f8036101dca7ee39e585\"},\"breadcrumb\":{\"@id\":\"https:\\\/\\\/quehacerpolitico.mx\\\/?p=22579#breadcrumb\"},\"inLanguage\":\"es\",\"potentialAction\":[{\"@type\":\"ReadAction\",\"target\":[\"https:\\\/\\\/quehacerpolitico.mx\\\/?p=22579\"]}]},{\"@type\":\"ImageObject\",\"inLanguage\":\"es\",\"@id\":\"https:\\\/\\\/quehacerpolitico.mx\\\/?p=22579#primaryimage\",\"url\":\"\",\"contentUrl\":\"\"},{\"@type\":\"BreadcrumbList\",\"@id\":\"https:\\\/\\\/quehacerpolitico.mx\\\/?p=22579#breadcrumb\",\"itemListElement\":[{\"@type\":\"ListItem\",\"position\":1,\"name\":\"Inicio\",\"item\":\"https:\\\/\\\/quehacerpolitico.mx\\\/\"},{\"@type\":\"ListItem\",\"position\":2,\"name\":\"El Inai podr\u00e1 revocar reserva sobre temas de violaciones graves a DH\"}]},{\"@type\":\"WebSite\",\"@id\":\"https:\\\/\\\/quehacerpolitico.mx\\\/#website\",\"url\":\"https:\\\/\\\/quehacerpolitico.mx\\\/\",\"name\":\"\",\"description\":\"\",\"potentialAction\":[{\"@type\":\"SearchAction\",\"target\":{\"@type\":\"EntryPoint\",\"urlTemplate\":\"https:\\\/\\\/quehacerpolitico.mx\\\/?s={search_term_string}\"},\"query-input\":{\"@type\":\"PropertyValueSpecification\",\"valueRequired\":true,\"valueName\":\"search_term_string\"}}],\"inLanguage\":\"es\"},{\"@type\":\"Person\",\"@id\":\"https:\\\/\\\/quehacerpolitico.mx\\\/#\\\/schema\\\/person\\\/496d8ad2d1d3f8036101dca7ee39e585\",\"name\":\"Redacci\u00f3n QP\",\"image\":{\"@type\":\"ImageObject\",\"inLanguage\":\"es\",\"@id\":\"https:\\\/\\\/secure.gravatar.com\\\/avatar\\\/c7164ed6fdec453195284ad24a5ae5b6e1eed2b848477fa2a4787ba9adf39a41?s=96&d=mm&r=g\",\"url\":\"https:\\\/\\\/secure.gravatar.com\\\/avatar\\\/c7164ed6fdec453195284ad24a5ae5b6e1eed2b848477fa2a4787ba9adf39a41?s=96&d=mm&r=g\",\"contentUrl\":\"https:\\\/\\\/secure.gravatar.com\\\/avatar\\\/c7164ed6fdec453195284ad24a5ae5b6e1eed2b848477fa2a4787ba9adf39a41?s=96&d=mm&r=g\",\"caption\":\"Redacci\u00f3n QP\"},\"url\":\"https:\\\/\\\/quehacerpolitico.mx\\\/?author=2\"}]}<\/script>\n<!-- \/ Yoast SEO plugin. -->","yoast_head_json":{"title":"El Inai podr\u00e1 revocar reserva sobre temas de violaciones graves a DH -","robots":{"index":"index","follow":"follow","max-snippet":"max-snippet:-1","max-image-preview":"max-image-preview:large","max-video-preview":"max-video-preview:-1"},"canonical":"https:\/\/quehacerpolitico.mx\/?p=22579","og_locale":"es_MX","og_type":"article","og_title":"El Inai podr\u00e1 revocar reserva sobre temas de violaciones graves a DH -","og_description":"El Inai podr\u00e1 revocar reserva sobre temas de violaciones graves a DH Por Redacci\u00f3n QP","og_url":"https:\/\/quehacerpolitico.mx\/?p=22579","article_published_time":"2019-04-05T04:07:29+00:00","author":"Redacci\u00f3n QP","twitter_card":"summary_large_image","twitter_misc":{"Escrito por":"Redacci\u00f3n QP","Tiempo de lectura":"2 minutos"},"schema":{"@context":"https:\/\/schema.org","@graph":[{"@type":"Article","@id":"https:\/\/quehacerpolitico.mx\/?p=22579#article","isPartOf":{"@id":"https:\/\/quehacerpolitico.mx\/?p=22579"},"author":{"name":"Redacci\u00f3n QP","@id":"https:\/\/quehacerpolitico.mx\/#\/schema\/person\/496d8ad2d1d3f8036101dca7ee39e585"},"headline":"El Inai podr\u00e1 revocar reserva sobre temas de violaciones graves a DH","datePublished":"2019-04-05T04:07:29+00:00","mainEntityOfPage":{"@id":"https:\/\/quehacerpolitico.mx\/?p=22579"},"wordCount":396,"commentCount":0,"image":{"@id":"https:\/\/quehacerpolitico.mx\/?p=22579#primaryimage"},"thumbnailUrl":"","articleSection":["Noticias"],"inLanguage":"es","potentialAction":[{"@type":"CommentAction","name":"Comment","target":["https:\/\/quehacerpolitico.mx\/?p=22579#respond"]}]},{"@type":"WebPage","@id":"https:\/\/quehacerpolitico.mx\/?p=22579","url":"https:\/\/quehacerpolitico.mx\/?p=22579","name":"El Inai podr\u00e1 revocar reserva sobre temas de violaciones graves a DH -","isPartOf":{"@id":"https:\/\/quehacerpolitico.mx\/#website"},"primaryImageOfPage":{"@id":"https:\/\/quehacerpolitico.mx\/?p=22579#primaryimage"},"image":{"@id":"https:\/\/quehacerpolitico.mx\/?p=22579#primaryimage"},"thumbnailUrl":"","datePublished":"2019-04-05T04:07:29+00:00","author":{"@id":"https:\/\/quehacerpolitico.mx\/#\/schema\/person\/496d8ad2d1d3f8036101dca7ee39e585"},"breadcrumb":{"@id":"https:\/\/quehacerpolitico.mx\/?p=22579#breadcrumb"},"inLanguage":"es","potentialAction":[{"@type":"ReadAction","target":["https:\/\/quehacerpolitico.mx\/?p=22579"]}]},{"@type":"ImageObject","inLanguage":"es","@id":"https:\/\/quehacerpolitico.mx\/?p=22579#primaryimage","url":"","contentUrl":""},{"@type":"BreadcrumbList","@id":"https:\/\/quehacerpolitico.mx\/?p=22579#breadcrumb","itemListElement":[{"@type":"ListItem","position":1,"name":"Inicio","item":"https:\/\/quehacerpolitico.mx\/"},{"@type":"ListItem","position":2,"name":"El Inai podr\u00e1 revocar reserva sobre temas de violaciones graves a DH"}]},{"@type":"WebSite","@id":"https:\/\/quehacerpolitico.mx\/#website","url":"https:\/\/quehacerpolitico.mx\/","name":"","description":"","potentialAction":[{"@type":"SearchAction","target":{"@type":"EntryPoint","urlTemplate":"https:\/\/quehacerpolitico.mx\/?s={search_term_string}"},"query-input":{"@type":"PropertyValueSpecification","valueRequired":true,"valueName":"search_term_string"}}],"inLanguage":"es"},{"@type":"Person","@id":"https:\/\/quehacerpolitico.mx\/#\/schema\/person\/496d8ad2d1d3f8036101dca7ee39e585","name":"Redacci\u00f3n QP","image":{"@type":"ImageObject","inLanguage":"es","@id":"https:\/\/secure.gravatar.com\/avatar\/c7164ed6fdec453195284ad24a5ae5b6e1eed2b848477fa2a4787ba9adf39a41?s=96&d=mm&r=g","url":"https:\/\/secure.gravatar.com\/avatar\/c7164ed6fdec453195284ad24a5ae5b6e1eed2b848477fa2a4787ba9adf39a41?s=96&d=mm&r=g","contentUrl":"https:\/\/secure.gravatar.com\/avatar\/c7164ed6fdec453195284ad24a5ae5b6e1eed2b848477fa2a4787ba9adf39a41?s=96&d=mm&r=g","caption":"Redacci\u00f3n QP"},"url":"https:\/\/quehacerpolitico.mx\/?author=2"}]}},"featured_image_urls":{"full":"","thumbnail":"","medium":"","medium_large":"","large":"","1536x1536":"","2048x2048":"","covernews-featured":"","covernews-medium":""},"author_info":{"display_name":"Redacci\u00f3n QP","author_link":"https:\/\/quehacerpolitico.mx\/?author=2"},"category_info":"<a href=\"https:\/\/quehacerpolitico.mx\/?cat=2\" rel=\"category\">Noticias<\/a>","tag_info":"Noticias","comment_count":"0","_links":{"self":[{"href":"https:\/\/quehacerpolitico.mx\/index.php?rest_route=\/wp\/v2\/posts\/22579","targetHints":{"allow":["GET"]}}],"collection":[{"href":"https:\/\/quehacerpolitico.mx\/index.php?rest_route=\/wp\/v2\/posts"}],"about":[{"href":"https:\/\/quehacerpolitico.mx\/index.php?rest_route=\/wp\/v2\/types\/post"}],"author":[{"embeddable":true,"href":"https:\/\/quehacerpolitico.mx\/index.php?rest_route=\/wp\/v2\/users\/2"}],"replies":[{"embeddable":true,"href":"https:\/\/quehacerpolitico.mx\/index.php?rest_route=%2Fwp%2Fv2%2Fcomments&post=22579"}],"version-history":[{"count":0,"href":"https:\/\/quehacerpolitico.mx\/index.php?rest_route=\/wp\/v2\/posts\/22579\/revisions"}],"wp:featuredmedia":[{"embeddable":true,"href":"https:\/\/quehacerpolitico.mx\/index.php?rest_route=\/"}],"wp:attachment":[{"href":"https:\/\/quehacerpolitico.mx\/index.php?rest_route=%2Fwp%2Fv2%2Fmedia&parent=22579"}],"wp:term":[{"taxonomy":"category","embeddable":true,"href":"https:\/\/quehacerpolitico.mx\/index.php?rest_route=%2Fwp%2Fv2%2Fcategories&post=22579"},{"taxonomy":"post_tag","embeddable":true,"href":"https:\/\/quehacerpolitico.mx\/index.php?rest_route=%2Fwp%2Fv2%2Ftags&post=22579"}],"curies":[{"name":"wp","href":"https:\/\/api.w.org\/{rel}","templated":true}]}}