{"id":22570,"date":"2019-04-05T03:45:30","date_gmt":"2019-04-05T03:45:30","guid":{"rendered":"http:\/\/quehacerpolitico.mx\/fotogaleria-lele-la-muneca-indigena-que-viaja-por-el-mundo\/"},"modified":"2019-04-05T03:45:30","modified_gmt":"2019-04-05T03:45:30","slug":"fotogaleria-lele-la-muneca-indigena-que-viaja-por-el-mundo","status":"publish","type":"post","link":"https:\/\/quehacerpolitico.mx\/?p=22570","title":{"rendered":"Fotogaler\u00eda: &#8220;Lele&#8221;, la mu\u00f1eca ind\u00edgena que viaja por el mundo"},"content":{"rendered":"<h1 class=\"news-title\">Fotogaler\u00eda: &#8220;Lele&#8221;, la mu\u00f1eca ind\u00edgena que viaja por el mundo<\/h1>\n<p>Por Redacci\u00f3n QP<\/p>\n<p>Visitar\u00e1 Espa\u00f1a, Londres, Shangh\u00e1i y S\u00eddney para provomer el turismo, la historia y la cultura mexicana<\/p>\n<div class=\"mod-photogallery\" data-pagination=\".swiper-pagination\" data-id=\"article-photogallery\">\n<div class=\"swiper-container swiper-container-horizontal\">\n<div class=\"swiper-wrapper\">\n<figure class=\"swiper-slide swiper-image active swiper-slide-active\" data-index=\"0\">\n<div class=\"swiper-responsive\" data-openfullscreen=\"\"><img loading=\"lazy\" decoding=\"async\" title=\"La mu\u00f1eca \" src=\"https:\/\/www.informador.mx\/__export\/1554403386182\/sites\/elinformador\/img\/2019\/04\/04\/55929351_10156286770746409_5938140355164635136_n_crop1554401820990.jpg_1970638775.jpg\" alt=\"La mu\u00f1eca \" width=\"320\" height=\"320\" data-fullscreen=\"\/__export\/1554403386182\/sites\/elinformador\/img\/2019\/04\/04\/55929351_10156286770746409_5938140355164635136_n_crop1554401820990.jpg_1709026569.jpg\" \/><\/div><figcaption class=\"swiper-caption\"><\/figcaption><\/figure>\n<figure class=\"swiper-slide swiper-image swiper-slide-next\" data-index=\"0\">\n<div class=\"swiper-responsive\" data-openfullscreen=\"\"><button class=\"swiper-fullscreen icon icon__fullscreen_outline\"><\/button><img loading=\"lazy\" decoding=\"async\" title=\"La pieza artesanal se inspira en la \u00e9poca de la conquista espa\u00f1ola en M\u00e9xico. FACEBOOK \/ Gobierno del Estado de Quer\u00e9taro\" src=\"https:\/\/www.informador.mx\/__export\/1554403386264\/sites\/elinformador\/img\/2019\/04\/04\/55892417_10156286770606409_781203071664390144_n_crop1554401858444.jpg_1970638775.jpg\" alt=\"La pieza artesanal se inspira en la \u00e9poca de la conquista espa\u00f1ola en M\u00e9xico. FACEBOOK \/ Gobierno del Estado de Quer\u00e9taro\" width=\"320\" height=\"320\" data-fullscreen=\"\/__export\/1554403386264\/sites\/elinformador\/img\/2019\/04\/04\/55892417_10156286770606409_781203071664390144_n_crop1554401858444.jpg_1709026569.jpg\" \/><\/div><figcaption class=\"swiper-caption\"><\/figcaption><\/figure>\n<figure class=\"swiper-slide swiper-image\" data-index=\"0\">\n<div class=\"swiper-responsive\" data-openfullscreen=\"\"><button class=\"swiper-fullscreen icon icon__fullscreen_outline\"><\/button><img loading=\"lazy\" decoding=\"async\" title=\"La mu\u00f1eca artesanal ind\u00edgena podr\u00eda hacer un segundo recorrido por diversas ciudades del mundo, pero es algo que a\u00fan no est\u00e1 definido. FACEBOOK \/ Gobierno del Estado de Quer\u00e9taro\" src=\"https:\/\/www.informador.mx\/__export\/1554403386348\/sites\/elinformador\/img\/2019\/04\/04\/55945062_10156286770166409_778542605712490496_n_1_crop1554401888957.jpg_1970638775.jpg\" alt=\"La mu\u00f1eca artesanal ind\u00edgena podr\u00eda hacer un segundo recorrido por diversas ciudades del mundo, pero es algo que a\u00fan no est\u00e1 definido. FACEBOOK \/ Gobierno del Estado de Quer\u00e9taro\" width=\"320\" height=\"320\" data-fullscreen=\"\/__export\/1554403386348\/sites\/elinformador\/img\/2019\/04\/04\/55945062_10156286770166409_778542605712490496_n_1_crop1554401888957.jpg_1709026569.jpg\" \/><\/div><figcaption class=\"swiper-caption\"><\/figcaption><\/figure>\n<figure class=\"swiper-slide swiper-image\" data-index=\"0\">\n<div class=\"swiper-responsive\" data-openfullscreen=\"\"><button class=\"swiper-fullscreen icon icon__fullscreen_outline\"><\/button><img loading=\"lazy\" decoding=\"async\" title=\"Las creadoras de \" src=\"https:\/\/www.informador.mx\/__export\/1554403386429\/sites\/elinformador\/img\/2019\/04\/04\/56726595_10156286770396409_3186836609458765824_n_crop1554401916670.jpg_1970638775.jpg\" alt=\"Las creadoras de \" width=\"320\" height=\"320\" data-fullscreen=\"\/__export\/1554403386429\/sites\/elinformador\/img\/2019\/04\/04\/56726595_10156286770396409_3186836609458765824_n_crop1554401916670.jpg_1709026569.jpg\" \/><\/div><figcaption class=\"swiper-caption\"><\/figcaption><\/figure>\n<figure class=\"swiper-slide swiper-image\" data-index=\"0\">\n<div class=\"swiper-responsive\" data-openfullscreen=\"\"><button class=\"swiper-fullscreen icon icon__fullscreen_outline\"><\/button><img loading=\"lazy\" decoding=\"async\" title=\"La mu\u00f1eca estar\u00e1 tambi\u00e9n en Potters Field Park, Londres el 4 de abril; luego se dirigir\u00e1 a Yuyuan Garden, Shangh\u00e1i el 9 de abril, y su \u00faltima parada ser\u00e1 en Hickson Road Reserve, S\u00eddney el 14 de abril. FACEBOOK \/ Gobierno del Estado de Quer\u00e9taro\" src=\"https:\/\/www.informador.mx\/__export\/1554403386508\/sites\/elinformador\/img\/2019\/04\/04\/56513144_10156286770256409_3539885038608842752_n_crop1554401964135.jpg_1970638775.jpg\" alt=\"La mu\u00f1eca estar\u00e1 tambi\u00e9n en Potters Field Park, Londres el 4 de abril; luego se dirigir\u00e1 a Yuyuan Garden, Shangh\u00e1i el 9 de abril, y su \u00faltima parada ser\u00e1 en Hickson Road Reserve, S\u00eddney el 14 de abril. FACEBOOK \/ Gobierno del Estado de Quer\u00e9taro\" width=\"320\" height=\"320\" data-fullscreen=\"\/__export\/1554403386508\/sites\/elinformador\/img\/2019\/04\/04\/56513144_10156286770256409_3539885038608842752_n_crop1554401964135.jpg_1709026569.jpg\" \/><\/div><figcaption class=\"swiper-caption\"><\/figcaption><\/figure>\n<figure class=\"swiper-slide swiper-image\" data-index=\"0\">\n<div class=\"swiper-responsive\" data-openfullscreen=\"\"><button class=\"swiper-fullscreen icon icon__fullscreen_outline\"><\/button><img loading=\"lazy\" decoding=\"async\" title=\"\" src=\"https:\/\/www.informador.mx\/__export\/1554403386598\/sites\/elinformador\/img\/2019\/04\/04\/d3udgquu8aavf01_1_crop1554402547132.jpg_1970638775.jpg\" alt=\"\" width=\"320\" height=\"320\" data-fullscreen=\"\/__export\/1554403386598\/sites\/elinformador\/img\/2019\/04\/04\/d3udgquu8aavf01_1_crop1554402547132.jpg_1709026569.jpg\" \/><\/div><figcaption class=\"swiper-caption\"><\/figcaption><\/figure>\n<\/div>\n<\/div>\n<\/div>\n<div class=\"news-body row\">\n<p>&#8220;Lele&#8221;, la mu\u00f1eca artesanal de Amealco y embajadora de Queretaro\u00a0en el mundo, comenz\u00f3 un recorrido por cuatro ciudades de tres continentes, siendo su primera escala la Plaza de Oriente, en Madrid, Espa\u00f1a.<\/p>\n<blockquote>\n<p>\u201cEl objetivo es difundir el liderazgo (..), compartir su enorme riqueza humana, natural, cultural e hist\u00f3rica\u201d<\/p>\n<\/blockquote>\n<p>El secretario de Turismo estatal, <strong>Hugo Burgos Garc\u00eda, dijo en entrevista que el recorrido de la emblem\u00e1tica y colorida mu\u00f1eca ind\u00edgena tiene gran importancia en materia de promoci\u00f3n tur\u00edstica.<\/strong><\/p>\n<p>\u201cEl objetivo es difundir el liderazgo en sectores como aeroespacial, automotriz y de tecnolog\u00edas de la informaci\u00f3n de la entidad, as\u00ed como compartir su enorme riqueza humana, natural, cultural e hist\u00f3rica\u201d, dijo el funcionario.<\/p>\n<p>Cabe recordar que la tradicional mu\u00f1eca de Amealco es patrimonio cultural del estado de Quer\u00e9taro y <strong>emprende un viaje por varios pa\u00edses del mundo para promoverlo como orgullo de M\u00e9xico por sus condiciones de certeza para visitantes e inversionistas. \u00a0<\/strong><\/p>\n<p>Resalt\u00f3 la importancia de la pieza artesanal cuyo origen se remonta a la \u00e9poca de la conquista espa\u00f1ola en M\u00e9xico; y surge en un territorio amplio comprendido por el estado de Michoac\u00e1n y el Estado de M\u00e9xico.<\/p>\n<p>https:\/\/www.facebook.com\/GobQro\/videos\/449795129094221?sfns=mo<\/p>\n<p>Sin embargo es en Amealco, en el estado de Quer\u00e9taro, donde esta tradici\u00f3n cobra relevancia y se arraiga en la cultura local.<\/p>\n<p><strong>Burgos Garcia record\u00f3 que la mu\u00f1eca ind\u00edgena estar\u00e1 tambi\u00e9n en Potters Field Park, Londres el 4 de abril; luego se dirigir\u00e1 a Yuyuan Garden, Shangh\u00e1i el 9 de abril, y su \u00faltima parada ser\u00e1 en Hickson Road Reserve, S\u00eddney el 14 de abril para luego volver a su natal Quer\u00e9taro.<\/strong><\/p>\n<p>Mencion\u00f3 que en fecha pr\u00f3xima, la mu\u00f1eca artesanal ind\u00edgena podr\u00eda hacer un segundo recorrido por diversas ciudades del mundo, pero es algo que a\u00fan no est\u00e1 definido.<\/p>\n<\/div>\n","protected":false},"excerpt":{"rendered":"<p>Fotogaler\u00eda: &#8220;Lele&#8221;, la mu\u00f1eca ind\u00edgena que viaja por el mundo<br \/>\nPor Redacci\u00f3n QP<\/p>\n","protected":false},"author":2,"featured_media":22569,"comment_status":"open","ping_status":"open","sticky":false,"template":"","format":"standard","meta":{"_monsterinsights_skip_tracking":false,"_monsterinsights_sitenote_active":false,"_monsterinsights_sitenote_note":"","_monsterinsights_sitenote_category":0,"footnotes":""},"categories":[58],"tags":[],"class_list":["post-22570","post","type-post","status-publish","format-standard","has-post-thumbnail","hentry","category-cultura"],"yoast_head":"<!-- This site is optimized with the Yoast SEO plugin v27.3 - https:\/\/yoast.com\/product\/yoast-seo-wordpress\/ -->\n<title>Fotogaler\u00eda: &quot;Lele&quot;, la mu\u00f1eca ind\u00edgena que viaja por el mundo -<\/title>\n<meta name=\"robots\" content=\"index, follow, max-snippet:-1, max-image-preview:large, max-video-preview:-1\" \/>\n<link rel=\"canonical\" href=\"https:\/\/quehacerpolitico.mx\/?p=22570\" \/>\n<meta property=\"og:locale\" content=\"es_MX\" \/>\n<meta property=\"og:type\" content=\"article\" \/>\n<meta property=\"og:title\" content=\"Fotogaler\u00eda: &quot;Lele&quot;, la mu\u00f1eca ind\u00edgena que viaja por el mundo -\" \/>\n<meta property=\"og:description\" content=\"Fotogaler\u00eda: &quot;Lele&quot;, la mu\u00f1eca ind\u00edgena que viaja por el mundo Por Redacci\u00f3n QP\" \/>\n<meta property=\"og:url\" content=\"https:\/\/quehacerpolitico.mx\/?p=22570\" \/>\n<meta property=\"article:published_time\" content=\"2019-04-05T03:45:30+00:00\" \/>\n<meta name=\"author\" content=\"Redacci\u00f3n QP\" \/>\n<meta name=\"twitter:card\" content=\"summary_large_image\" \/>\n<meta name=\"twitter:label1\" content=\"Escrito por\" \/>\n\t<meta name=\"twitter:data1\" content=\"Redacci\u00f3n QP\" \/>\n\t<meta name=\"twitter:label2\" content=\"Tiempo de lectura\" \/>\n\t<meta name=\"twitter:data2\" content=\"2 minutos\" \/>\n<script type=\"application\/ld+json\" class=\"yoast-schema-graph\">{\"@context\":\"https:\\\/\\\/schema.org\",\"@graph\":[{\"@type\":\"Article\",\"@id\":\"https:\\\/\\\/quehacerpolitico.mx\\\/?p=22570#article\",\"isPartOf\":{\"@id\":\"https:\\\/\\\/quehacerpolitico.mx\\\/?p=22570\"},\"author\":{\"name\":\"Redacci\u00f3n QP\",\"@id\":\"https:\\\/\\\/quehacerpolitico.mx\\\/#\\\/schema\\\/person\\\/496d8ad2d1d3f8036101dca7ee39e585\"},\"headline\":\"Fotogaler\u00eda: &#8220;Lele&#8221;, la mu\u00f1eca ind\u00edgena que viaja por el mundo\",\"datePublished\":\"2019-04-05T03:45:30+00:00\",\"mainEntityOfPage\":{\"@id\":\"https:\\\/\\\/quehacerpolitico.mx\\\/?p=22570\"},\"wordCount\":373,\"commentCount\":0,\"image\":{\"@id\":\"https:\\\/\\\/quehacerpolitico.mx\\\/?p=22570#primaryimage\"},\"thumbnailUrl\":\"\",\"articleSection\":[\"Cultura y Entretenimiento\"],\"inLanguage\":\"es\",\"potentialAction\":[{\"@type\":\"CommentAction\",\"name\":\"Comment\",\"target\":[\"https:\\\/\\\/quehacerpolitico.mx\\\/?p=22570#respond\"]}]},{\"@type\":\"WebPage\",\"@id\":\"https:\\\/\\\/quehacerpolitico.mx\\\/?p=22570\",\"url\":\"https:\\\/\\\/quehacerpolitico.mx\\\/?p=22570\",\"name\":\"Fotogaler\u00eda: \\\"Lele\\\", la mu\u00f1eca ind\u00edgena que viaja por el mundo -\",\"isPartOf\":{\"@id\":\"https:\\\/\\\/quehacerpolitico.mx\\\/#website\"},\"primaryImageOfPage\":{\"@id\":\"https:\\\/\\\/quehacerpolitico.mx\\\/?p=22570#primaryimage\"},\"image\":{\"@id\":\"https:\\\/\\\/quehacerpolitico.mx\\\/?p=22570#primaryimage\"},\"thumbnailUrl\":\"\",\"datePublished\":\"2019-04-05T03:45:30+00:00\",\"author\":{\"@id\":\"https:\\\/\\\/quehacerpolitico.mx\\\/#\\\/schema\\\/person\\\/496d8ad2d1d3f8036101dca7ee39e585\"},\"breadcrumb\":{\"@id\":\"https:\\\/\\\/quehacerpolitico.mx\\\/?p=22570#breadcrumb\"},\"inLanguage\":\"es\",\"potentialAction\":[{\"@type\":\"ReadAction\",\"target\":[\"https:\\\/\\\/quehacerpolitico.mx\\\/?p=22570\"]}]},{\"@type\":\"ImageObject\",\"inLanguage\":\"es\",\"@id\":\"https:\\\/\\\/quehacerpolitico.mx\\\/?p=22570#primaryimage\",\"url\":\"\",\"contentUrl\":\"\"},{\"@type\":\"BreadcrumbList\",\"@id\":\"https:\\\/\\\/quehacerpolitico.mx\\\/?p=22570#breadcrumb\",\"itemListElement\":[{\"@type\":\"ListItem\",\"position\":1,\"name\":\"Inicio\",\"item\":\"https:\\\/\\\/quehacerpolitico.mx\\\/\"},{\"@type\":\"ListItem\",\"position\":2,\"name\":\"Fotogaler\u00eda: &#8220;Lele&#8221;, la mu\u00f1eca ind\u00edgena que viaja por el mundo\"}]},{\"@type\":\"WebSite\",\"@id\":\"https:\\\/\\\/quehacerpolitico.mx\\\/#website\",\"url\":\"https:\\\/\\\/quehacerpolitico.mx\\\/\",\"name\":\"\",\"description\":\"\",\"potentialAction\":[{\"@type\":\"SearchAction\",\"target\":{\"@type\":\"EntryPoint\",\"urlTemplate\":\"https:\\\/\\\/quehacerpolitico.mx\\\/?s={search_term_string}\"},\"query-input\":{\"@type\":\"PropertyValueSpecification\",\"valueRequired\":true,\"valueName\":\"search_term_string\"}}],\"inLanguage\":\"es\"},{\"@type\":\"Person\",\"@id\":\"https:\\\/\\\/quehacerpolitico.mx\\\/#\\\/schema\\\/person\\\/496d8ad2d1d3f8036101dca7ee39e585\",\"name\":\"Redacci\u00f3n QP\",\"image\":{\"@type\":\"ImageObject\",\"inLanguage\":\"es\",\"@id\":\"https:\\\/\\\/secure.gravatar.com\\\/avatar\\\/c7164ed6fdec453195284ad24a5ae5b6e1eed2b848477fa2a4787ba9adf39a41?s=96&d=mm&r=g\",\"url\":\"https:\\\/\\\/secure.gravatar.com\\\/avatar\\\/c7164ed6fdec453195284ad24a5ae5b6e1eed2b848477fa2a4787ba9adf39a41?s=96&d=mm&r=g\",\"contentUrl\":\"https:\\\/\\\/secure.gravatar.com\\\/avatar\\\/c7164ed6fdec453195284ad24a5ae5b6e1eed2b848477fa2a4787ba9adf39a41?s=96&d=mm&r=g\",\"caption\":\"Redacci\u00f3n QP\"},\"url\":\"https:\\\/\\\/quehacerpolitico.mx\\\/?author=2\"}]}<\/script>\n<!-- \/ Yoast SEO plugin. -->","yoast_head_json":{"title":"Fotogaler\u00eda: \"Lele\", la mu\u00f1eca ind\u00edgena que viaja por el mundo -","robots":{"index":"index","follow":"follow","max-snippet":"max-snippet:-1","max-image-preview":"max-image-preview:large","max-video-preview":"max-video-preview:-1"},"canonical":"https:\/\/quehacerpolitico.mx\/?p=22570","og_locale":"es_MX","og_type":"article","og_title":"Fotogaler\u00eda: \"Lele\", la mu\u00f1eca ind\u00edgena que viaja por el mundo -","og_description":"Fotogaler\u00eda: \"Lele\", la mu\u00f1eca ind\u00edgena que viaja por el mundo Por Redacci\u00f3n QP","og_url":"https:\/\/quehacerpolitico.mx\/?p=22570","article_published_time":"2019-04-05T03:45:30+00:00","author":"Redacci\u00f3n QP","twitter_card":"summary_large_image","twitter_misc":{"Escrito por":"Redacci\u00f3n QP","Tiempo de lectura":"2 minutos"},"schema":{"@context":"https:\/\/schema.org","@graph":[{"@type":"Article","@id":"https:\/\/quehacerpolitico.mx\/?p=22570#article","isPartOf":{"@id":"https:\/\/quehacerpolitico.mx\/?p=22570"},"author":{"name":"Redacci\u00f3n QP","@id":"https:\/\/quehacerpolitico.mx\/#\/schema\/person\/496d8ad2d1d3f8036101dca7ee39e585"},"headline":"Fotogaler\u00eda: &#8220;Lele&#8221;, la mu\u00f1eca ind\u00edgena que viaja por el mundo","datePublished":"2019-04-05T03:45:30+00:00","mainEntityOfPage":{"@id":"https:\/\/quehacerpolitico.mx\/?p=22570"},"wordCount":373,"commentCount":0,"image":{"@id":"https:\/\/quehacerpolitico.mx\/?p=22570#primaryimage"},"thumbnailUrl":"","articleSection":["Cultura y Entretenimiento"],"inLanguage":"es","potentialAction":[{"@type":"CommentAction","name":"Comment","target":["https:\/\/quehacerpolitico.mx\/?p=22570#respond"]}]},{"@type":"WebPage","@id":"https:\/\/quehacerpolitico.mx\/?p=22570","url":"https:\/\/quehacerpolitico.mx\/?p=22570","name":"Fotogaler\u00eda: \"Lele\", la mu\u00f1eca ind\u00edgena que viaja por el mundo -","isPartOf":{"@id":"https:\/\/quehacerpolitico.mx\/#website"},"primaryImageOfPage":{"@id":"https:\/\/quehacerpolitico.mx\/?p=22570#primaryimage"},"image":{"@id":"https:\/\/quehacerpolitico.mx\/?p=22570#primaryimage"},"thumbnailUrl":"","datePublished":"2019-04-05T03:45:30+00:00","author":{"@id":"https:\/\/quehacerpolitico.mx\/#\/schema\/person\/496d8ad2d1d3f8036101dca7ee39e585"},"breadcrumb":{"@id":"https:\/\/quehacerpolitico.mx\/?p=22570#breadcrumb"},"inLanguage":"es","potentialAction":[{"@type":"ReadAction","target":["https:\/\/quehacerpolitico.mx\/?p=22570"]}]},{"@type":"ImageObject","inLanguage":"es","@id":"https:\/\/quehacerpolitico.mx\/?p=22570#primaryimage","url":"","contentUrl":""},{"@type":"BreadcrumbList","@id":"https:\/\/quehacerpolitico.mx\/?p=22570#breadcrumb","itemListElement":[{"@type":"ListItem","position":1,"name":"Inicio","item":"https:\/\/quehacerpolitico.mx\/"},{"@type":"ListItem","position":2,"name":"Fotogaler\u00eda: &#8220;Lele&#8221;, la mu\u00f1eca ind\u00edgena que viaja por el mundo"}]},{"@type":"WebSite","@id":"https:\/\/quehacerpolitico.mx\/#website","url":"https:\/\/quehacerpolitico.mx\/","name":"","description":"","potentialAction":[{"@type":"SearchAction","target":{"@type":"EntryPoint","urlTemplate":"https:\/\/quehacerpolitico.mx\/?s={search_term_string}"},"query-input":{"@type":"PropertyValueSpecification","valueRequired":true,"valueName":"search_term_string"}}],"inLanguage":"es"},{"@type":"Person","@id":"https:\/\/quehacerpolitico.mx\/#\/schema\/person\/496d8ad2d1d3f8036101dca7ee39e585","name":"Redacci\u00f3n QP","image":{"@type":"ImageObject","inLanguage":"es","@id":"https:\/\/secure.gravatar.com\/avatar\/c7164ed6fdec453195284ad24a5ae5b6e1eed2b848477fa2a4787ba9adf39a41?s=96&d=mm&r=g","url":"https:\/\/secure.gravatar.com\/avatar\/c7164ed6fdec453195284ad24a5ae5b6e1eed2b848477fa2a4787ba9adf39a41?s=96&d=mm&r=g","contentUrl":"https:\/\/secure.gravatar.com\/avatar\/c7164ed6fdec453195284ad24a5ae5b6e1eed2b848477fa2a4787ba9adf39a41?s=96&d=mm&r=g","caption":"Redacci\u00f3n QP"},"url":"https:\/\/quehacerpolitico.mx\/?author=2"}]}},"featured_image_urls":{"full":"","thumbnail":"","medium":"","medium_large":"","large":"","1536x1536":"","2048x2048":"","covernews-featured":"","covernews-medium":""},"author_info":{"display_name":"Redacci\u00f3n QP","author_link":"https:\/\/quehacerpolitico.mx\/?author=2"},"category_info":"<a href=\"https:\/\/quehacerpolitico.mx\/?cat=58\" rel=\"category\">Cultura y Entretenimiento<\/a>","tag_info":"Cultura y Entretenimiento","comment_count":"0","_links":{"self":[{"href":"https:\/\/quehacerpolitico.mx\/index.php?rest_route=\/wp\/v2\/posts\/22570","targetHints":{"allow":["GET"]}}],"collection":[{"href":"https:\/\/quehacerpolitico.mx\/index.php?rest_route=\/wp\/v2\/posts"}],"about":[{"href":"https:\/\/quehacerpolitico.mx\/index.php?rest_route=\/wp\/v2\/types\/post"}],"author":[{"embeddable":true,"href":"https:\/\/quehacerpolitico.mx\/index.php?rest_route=\/wp\/v2\/users\/2"}],"replies":[{"embeddable":true,"href":"https:\/\/quehacerpolitico.mx\/index.php?rest_route=%2Fwp%2Fv2%2Fcomments&post=22570"}],"version-history":[{"count":0,"href":"https:\/\/quehacerpolitico.mx\/index.php?rest_route=\/wp\/v2\/posts\/22570\/revisions"}],"wp:featuredmedia":[{"embeddable":true,"href":"https:\/\/quehacerpolitico.mx\/index.php?rest_route=\/"}],"wp:attachment":[{"href":"https:\/\/quehacerpolitico.mx\/index.php?rest_route=%2Fwp%2Fv2%2Fmedia&parent=22570"}],"wp:term":[{"taxonomy":"category","embeddable":true,"href":"https:\/\/quehacerpolitico.mx\/index.php?rest_route=%2Fwp%2Fv2%2Fcategories&post=22570"},{"taxonomy":"post_tag","embeddable":true,"href":"https:\/\/quehacerpolitico.mx\/index.php?rest_route=%2Fwp%2Fv2%2Ftags&post=22570"}],"curies":[{"name":"wp","href":"https:\/\/api.w.org\/{rel}","templated":true}]}}