{"id":22564,"date":"2019-04-05T03:25:26","date_gmt":"2019-04-05T03:25:26","guid":{"rendered":"http:\/\/quehacerpolitico.mx\/exportadores-mexicanos-analizan-volar-su-mercancia-hacia-eu-por-caos-en-frontera\/"},"modified":"2019-04-05T03:25:26","modified_gmt":"2019-04-05T03:25:26","slug":"exportadores-mexicanos-analizan-volar-su-mercancia-hacia-eu-por-caos-en-frontera","status":"publish","type":"post","link":"https:\/\/quehacerpolitico.mx\/?p=22564","title":{"rendered":"Exportadores mexicanos analizan &#8216;volar&#8217; su mercanc\u00eda hacia EU por caos en frontera"},"content":{"rendered":"<h3 class=\"post-title entry-title\">Exportadores mexicanos analizan &#8216;volar&#8217; su mercanc\u00eda hacia EU por caos en frontera<\/h3>\n<p>Por Redacci\u00f3n QP<\/p>\n<p class=\"mobile-photo\"><a href=\"https:\/\/2.bp.blogspot.com\/-PGAhhnlA4ng\/XKapqzeiO6I\/AAAAAAADdNQ\/gMvp4ZLBPfAdHFnb3w8t8ERbh8_gjvEfgCK4BGAYYCw\/s1600\/5f8e2fa1711554321927_standard_desktop_medium_retina-778648.jpeg\" data-src=\"https:\/\/2.bp.blogspot.com\/-PGAhhnlA4ng\/XKapqzeiO6I\/AAAAAAADdNQ\/gMvp4ZLBPfAdHFnb3w8t8ERbh8_gjvEfgCK4BGAYYCw\/s1600\/5f8e2fa1711554321927_standard_desktop_medium_retina-778648.jpeg\" data-thumb=\"https:\/\/2.bp.blogspot.com\/-PGAhhnlA4ng\/XKapqzeiO6I\/AAAAAAADdNQ\/gMvp4ZLBPfAdHFnb3w8t8ERbh8_gjvEfgCK4BGAYYCw\/s320\/5f8e2fa1711554321927_standard_desktop_medium_retina-778648.jpeg\" class=\"ml-lightbox-enabled\"><img decoding=\"async\" id=\"BLOGGER_PHOTO_ID_6676210050461219746\" src=\"https:\/\/2.bp.blogspot.com\/-PGAhhnlA4ng\/XKapqzeiO6I\/AAAAAAADdNQ\/gMvp4ZLBPfAdHFnb3w8t8ERbh8_gjvEfgCK4BGAYYCw\/s320\/5f8e2fa1711554321927_standard_desktop_medium_retina-778648.jpeg\" alt=\"\" border=\"0\" \/><\/a><\/p>\n<div dir=\"ltr\">\n<div dir=\"ltr\">\n<div>Exportadores mexicanos analizan &#8216;volar&#8217; su\u00a0<\/div>\n<div>mercanc\u00eda hacia EU por caos en frontera<\/div>\n<div>*Se\u00f1alan que pasar hasta 8 horas para cruzar les puede costar multas por entregas tard\u00edas con sus clientes en Estados Unidos.<\/div>\n<div>\u00a0<\/div>\n<div>Exportadores mexicanos estudian hacer por v\u00eda a\u00e9rea los env\u00edos de mercanc\u00edas a Estados Unidos para evitar largas filas de hasta ocho kil\u00f3metros de camiones en la frontera entre M\u00e9xico y Estados Unidos, como consecuencia de la reubicaci\u00f3n de cientos de agentes estadounidenses para desahogar tr\u00e1mites migratorios.<\/div>\n<div>Fabricantes de autopartes y de equipos m\u00e9dicos son algunas de las empresas que ya han considerado el transporte a\u00e9reo para evitar incurrir en multas por entregas tard\u00edas a sus clientes en Estados Unidos o bien el cierre de f\u00e1bricas, dijo la noche del mi\u00e9rcoles el presidente de la C\u00e1mara de la Industria Manufacturera de M\u00e9xico, Luis Aguirre.<\/div>\n<div>Desde que comenz\u00f3 la medida migratoria la semana pasada, al menos una planta de autopartes cerr\u00f3 una de sus l\u00edneas de producci\u00f3n en Ciudad Ju\u00e1rez, pese a que el tr\u00e1fico se desplaz\u00f3 a puertos de entrada m\u00e1s peque\u00f1os y cercanos, coment\u00f3 Aguirre sin precisar el nombre de la compa\u00f1\u00eda afectada.<\/div>\n<div>Otras alternativas de embarque, como trenes o barcos, no son factibles en el corto plazo seg\u00fan el presidente de la Industria Nacional de Autopartes (INA), en M\u00e9xico, Oscar Albin. &#8220;Esperamos que esto se normalice la pr\u00f3xima semana&#8221;, detall\u00f3 a Reuters.<\/div>\n<div>&#8220;Nunca me hab\u00eda pasado algo as\u00ed, es muy fuerte lo que est\u00e1 pasando (&#8230;) yo estoy listo para venir a dormir aqu\u00ed ma\u00f1ana, varios ya lo hicieron hoy&#8221;, destac\u00f3 Juan Sandoval, un conductor de un cami\u00f3n de carga en Ciudad Ju\u00e1rez, quien comenz\u00f3 a hacer fila la madrugada del jueves junto con otras decenas de choferes.<\/div>\n<div>Sandoval mencion\u00f3 que el fabricante de alarmas para el que trabaja en El Paso hab\u00eda reducido las entregas de ocho a cuatro por d\u00eda, aunque desconoc\u00eda las p\u00e9rdidas econ\u00f3micas por la medida.<\/div>\n<div>A ra\u00edz de las aglomeraciones, autoridades de Ciudad Ju\u00e1rez incluso instalaron ba\u00f1os port\u00e1tiles de color rosa y azul a lo largo de la l\u00ednea y distribuyeron agua potable a los camioneros, algunos de los cuales durmieron en las cabinas de sus unidades.<\/div>\n<div>&#8220;Algunas de las empresas exportadoras y de manufactura a lo largo de la frontera e interior del pa\u00eds ya empiezan a evaluar los costos adicionales que implicar\u00edan servicios como almacenes, vuelos y bodegas&#8221;, puntualiz\u00f3 Jos\u00e9 Casta\u00f1\u00f3n, experto en temas de exportaci\u00f3n en M\u00e9xico.<\/div>\n<div>La decisi\u00f3n de Washington de trasladar unos 750 agentes fronterizos de servicios comerciales a servicios de inmigraci\u00f3n para desahogar los tr\u00e1mites de familias que buscan asilo ha provocado demoras en el tr\u00e1fico transfronterizo en Ciudad Ju\u00e1rez, Nuevo Laredo y Otay Mesa.<\/div>\n<div>El presidente de Estados Unidos, Donald Trump, se retract\u00f3 de una amenaza de cerrar inmediatamente la frontera con M\u00e9xico, pero plante\u00f3 el nuevo escenario de eventualmente gravar con aranceles a los autos provenientes del pa\u00eds a menos que haga m\u00e1s para detener a los inmigrantes ilegales y las drogas.<\/div>\n<div>Los l\u00edderes empresariales de ambos lados de la frontera dicen que un cierre da\u00f1ar\u00eda las cadenas de suministro y los mil 700 millones de d\u00f3lares de comercio diario en algunos de los cruces terrestres m\u00e1s transitados del mundo.<\/div>\n<div>&#8220;Trump est\u00e1 buscando la reelecci\u00f3n, y claramente las amenazas sobre el aumento de inmigrantes son pol\u00edticas&#8221;, coment\u00f3 Aguirre, y agreg\u00f3 que las compa\u00f1\u00edas mexicanas argumentar\u00e1n en un foro importante entre Estados Unidos y M\u00e9xico la pr\u00f3xima semana que la inmigraci\u00f3n y el comercio deben tratarse por separado.\u00a0<\/div>\n<div>Foto: Garita de San Ysidro, en la frontera entre EU y M\u00e9xico<\/div>\n<div>++++++++++++++++++++<\/div>\n<div>\u00a0<\/div>\n<div>\u00a0<\/div>\n<div>Ha desaparecido 60% de fabricantes<\/div>\n<div>\u00a0de popotes en M\u00e9xico: ANIPAC<\/div>\n<div>La Asociaci\u00f3n Nacional de Industrias del Pl\u00e1stico asegur\u00f3 casi 8.5% del personal contratado por este sector se ha quedado sin empleo por la prohibici\u00f3n del material en algunos estados y la campa\u00f1a en contra de su uso.<\/div>\n<div>Ante la prohibici\u00f3n de vender popotes en algunos estados, combinado con la campa\u00f1a en contra de su uso, alrededor de 60 por ciento de los fabricantes de este producto desaparecieron o cambiaron de giro de negocio, dijo Aldimir Torres, presidente de la Asociaci\u00f3n Nacional de Industrias del Pl\u00e1stico (ANIPAC).<\/div>\n<div>En conferencia dentro del foro Plastimagen 2019, el representante industrial destac\u00f3 que en todos los estados est\u00e1n enfrentando propuestas del ley en el uso no solo de popotes, sino tambi\u00e9n de otros productos pl\u00e1sticos de uso dom\u00e9stico como bolsas y platos.<\/div>\n<div>&#8220;Hay m\u00e1s de 80 iniciativas de ley en contra del uso de pl\u00e1stico. Estamos trabajando de cerca con todos los legisladores para que comprendan que el problema no est\u00e1 en su aplicaci\u00f3n, sino en la falta de un esquema de reutilizaci\u00f3n de estos materiales&#8221;, dijo el directivo.<\/div>\n<div>Torres destac\u00f3 que, en el caso de las bolsas de pl\u00e1stico, las empresas est\u00e1n trabajando entre 30 y 70 por ciento de su capacidad por la baja demanda, lo cual puede empujar a su desaparici\u00f3n.<\/div>\n<div>Con ello reportan que casi 8.5 por ciento del personal contratado por la industria del pl\u00e1stico ya se qued\u00f3 sin empleo por esta situaci\u00f3n.<\/div>\n<div>&#8220;Esto se combina tambi\u00e9n con el problema de la inseguridad -algunas empresas tienen que pagar derecho de suelo a la delincuencia organizada-, as\u00ed como un aumento acelerado en el costo de los energ\u00e9ticos&#8221;, dijo Aldimir Torres.<\/div>\n<div>Sobre este tema, Heberto Moreno, director de pl\u00e1sticos de la compa\u00f1\u00eda BASF en M\u00e9xico, dijo que ellos trabajan en sistemas personalizados conforme a la demanda del pa\u00eds, para poder ser m\u00e1s competitivos ante los importadores.\u00a0<\/div>\n<div>Foto: Desaparecen casi la mayor\u00eda de fabricantes de popotes mexicanos.<\/div>\n<div>++++++++++++++++<\/div>\n<div>Breves<\/div>\n<div>1.- SHCP se re\u00fane con\u00a0<\/div>\n<div>\u00a0 \u00a0 \u00a0 inversionistas en Jap\u00f3n\u00a0<\/div>\n<div>\u00a0 \u00a0 SHCP se re\u00fane con inversionistas en Jap\u00f3n Hacienda explic\u00f3 en un comunicado que el principal objetivo de dichas reuniones fue presentar al nuevo equipo econ\u00f3mico.<\/div>\n<div>La Secretar\u00eda de Hacienda y Cr\u00e9dito P\u00fablico sostuvo en Jap\u00f3n, reuniones no transaccionales (non-deal roadshow, por su terminolog\u00eda en ingl\u00e9s) con inversionistas, agencias calificadoras, bancos, fondos de inversi\u00f3n y aseguradoras.\u00a0<\/div>\n<div>La dependencia explic\u00f3 en un comunicado que el principal objetivo de dichas reuniones fue presentar al nuevo equipo econ\u00f3mico y exponer las l\u00edneas de pol\u00edtica econ\u00f3mica del nuevo gobierno, con lo que se estableci\u00f3 un di\u00e1logo fruct\u00edfero para fomentar la inversi\u00f3n entre ambos pa\u00edses.\u00a0<\/div>\n<div>Hacienda detall\u00f3 que las reuniones en Jap\u00f3n son parte de una serie de encuentros que se han llevado a cabo desde enero de este a\u00f1o para entablar un di\u00e1logo con los principales inversionistas que participan en las emisiones de bonos denominados en moneda extranjera del Gobierno Federal.\u00a0<\/div>\n<div>M\u00e9xico es un emisor recurrente en los mercados financieros de mayor liquidez a nivel internacional como lo son el mercado de d\u00f3lares estadounidenses, el de euros y el de yenes.<\/div>\n<div>\u00a0<\/div>\n<div>2.-Pese a menor producci\u00f3n de petr\u00f3leo, Gobierno<\/div>\n<div>\u00a0 \u00a0 de M\u00e9xico mantiene disciplina fiscal: Fitch\u00a0<\/div>\n<div>La calificadora Fitch Ratings destac\u00f3 que pese al panorama &#8220;nublado&#8221;, Hacienda mantuvo en 1.0 por ciento su meta de super\u00e1vit primario.\u00a0<\/div>\n<div>El gobierno de M\u00e9xico mantiene un enfoque de disciplina fiscal en medio de una desaceleraci\u00f3n econ\u00f3mica, dijo la agencia calificadora Fitch el mi\u00e9rcoles, luego de que el gobierno revel\u00f3 su plan de recortar el gasto ante una menor producci\u00f3n petrolera y un crecimiento m\u00e1s bajo al previsto para 2019.\u00a0<\/div>\n<div>La secretar\u00eda de Hacienda redujo su previsi\u00f3n de expansi\u00f3n del Producto Interno Bruto (PIB) del 2019 a un rango de 1.1-2.1 por ciento, desde 1.5-2.5 por ciento previo, y de 1.4-2.4 por ciento para 2020, seg\u00fan sus precriterios macroecon\u00f3micos enviados el lunes al Congreso.\u00a0<\/div>\n<div>&#8220;El gobierno mantiene una postura fiscal disciplinada a pesar de la perspectiva macroecon\u00f3mica m\u00e1s d\u00e9bil y a una producci\u00f3n de petr\u00f3leo menor que la esperada&#8221;, dijo Fitch. La producci\u00f3n de crudo promediar\u00eda este a\u00f1o 1.78 millones de barriles por d\u00eda (bpd), menos que los 1.84 millones bpd presupuestados.<\/div>\n<div>\u00a0Pese al panorama m\u00e1s nublado para la segunda mayor econom\u00eda latinoamericana, Fitch destac\u00f3 que Hacienda mantuvo en 1.0 por ciento su meta de super\u00e1vit primario e, incluso, la mejor\u00f3 a 1.3 por ciento desde 1.1 por ciento para 2020, cuando prev\u00e9 un d\u00e9ficit de 2.1 por ciento en el sector p\u00fablico.\u00a0<\/div>\n<div>&#8220;Para lograr este objetivo en medio del debilitamiento de los ingresos, el gobierno ahora apunta a una reducci\u00f3n del 0.5 por ciento del PIB en el gasto en relaci\u00f3n con el presupuesto aprobado&#8221;, dijo. Para Fitch sigue siendo incierto cu\u00e1les gastos podr\u00eda recortar la administraci\u00f3n actual para alcanzar sus objetivos de super\u00e1vit primario y de d\u00e9ficit, aunque record\u00f3 que el partido de gobierno Morena mantiene la mayor\u00eda en ambas c\u00e1maras del Congreso.\u00a0<\/div>\n<div>\u00a0<\/div>\n<div>3.-Interjet desmiente supuestas<\/div>\n<div>\u00a0 \u00a0 \u00a0cancelaciones de vuelos\u00a0<\/div>\n<div>\u00a0 Interjet se reserva el derecho de emprender las acciones legales que considere oportunas, en defensa de sus derechos contra quien resulte responsable.<\/div>\n<div>Interjet informa que est\u00e1n circulando en redes sociales publicaciones que promueven informaci\u00f3n falsa y dolosa sobre supuestas cancelaciones de vuelos de nuestra empresa, con el fin de desinformar y desorientar al p\u00fablico en general cuando estamos trabajando de forma normal.\u00a0<\/div>\n<div>La informaci\u00f3n publicada carece de todo sustento y hace uso de im\u00e1genes y logotipo de la empresa sin los permisos pertinentes, por lo que Interjet se reserva el derecho de emprender las acciones legales que considere oportunas en defensa de sus derechos contra quien resulte responsable.<\/div>\n<div>\u00a0Se hace un atento llamado a los usuarios en Twitter y otras redes sociales a que hagan caso omiso de todos estos mensajes y siempre confirmen directamente la informaci\u00f3n en el sitio web <a href=\"http:\/\/www.interjet.com\/\">www.interjet.com<\/a> y sus cuentas oficiales y verificadas en redes sociales FB: @Interjet TW: @Interjet IG: @Interjet, o en los tel\u00e9fonos: <a href=\"tel:11 02 55 37\">11 02 55 37<\/a>. Estamos conscientes que esta eventualidad ha generado diversas afectaciones y molestias a nuestros pasajeros; sin embargo, Interjet es una empresa responsable que se maneja con transparencia y bajo los m\u00e1s altos principios \u00e9ticos.<\/div>\n<\/div>\n<\/div>\n","protected":false},"excerpt":{"rendered":"<p>Exportadores mexicanos analizan &#8216;volar&#8217; su mercanc\u00eda hacia EU por caos en frontera<br \/>\nPor Redacci\u00f3n QP<\/p>\n","protected":false},"author":2,"featured_media":22563,"comment_status":"open","ping_status":"open","sticky":false,"template":"","format":"standard","meta":{"_monsterinsights_skip_tracking":false,"_monsterinsights_sitenote_active":false,"_monsterinsights_sitenote_note":"","_monsterinsights_sitenote_category":0,"footnotes":""},"categories":[56],"tags":[],"class_list":["post-22564","post","type-post","status-publish","format-standard","has-post-thumbnail","hentry","category-economia"],"yoast_head":"<!-- This site is optimized with the Yoast SEO plugin v27.3 - https:\/\/yoast.com\/product\/yoast-seo-wordpress\/ -->\n<title>Exportadores mexicanos analizan &#039;volar&#039; su mercanc\u00eda hacia EU por caos en frontera -<\/title>\n<meta name=\"robots\" content=\"index, follow, max-snippet:-1, max-image-preview:large, max-video-preview:-1\" \/>\n<link rel=\"canonical\" href=\"https:\/\/quehacerpolitico.mx\/?p=22564\" \/>\n<meta property=\"og:locale\" content=\"es_MX\" \/>\n<meta property=\"og:type\" content=\"article\" \/>\n<meta property=\"og:title\" content=\"Exportadores mexicanos analizan &#039;volar&#039; su mercanc\u00eda hacia EU por caos en frontera -\" \/>\n<meta property=\"og:description\" content=\"Exportadores mexicanos analizan &#039;volar&#039; su mercanc\u00eda hacia EU por caos en frontera Por Redacci\u00f3n QP\" \/>\n<meta property=\"og:url\" content=\"https:\/\/quehacerpolitico.mx\/?p=22564\" \/>\n<meta property=\"article:published_time\" content=\"2019-04-05T03:25:26+00:00\" \/>\n<meta name=\"author\" content=\"Redacci\u00f3n QP\" \/>\n<meta name=\"twitter:card\" content=\"summary_large_image\" \/>\n<meta name=\"twitter:label1\" content=\"Escrito por\" \/>\n\t<meta name=\"twitter:data1\" content=\"Redacci\u00f3n QP\" \/>\n\t<meta name=\"twitter:label2\" content=\"Tiempo de lectura\" \/>\n\t<meta name=\"twitter:data2\" content=\"9 minutos\" \/>\n<script type=\"application\/ld+json\" class=\"yoast-schema-graph\">{\"@context\":\"https:\\\/\\\/schema.org\",\"@graph\":[{\"@type\":\"Article\",\"@id\":\"https:\\\/\\\/quehacerpolitico.mx\\\/?p=22564#article\",\"isPartOf\":{\"@id\":\"https:\\\/\\\/quehacerpolitico.mx\\\/?p=22564\"},\"author\":{\"name\":\"Redacci\u00f3n QP\",\"@id\":\"https:\\\/\\\/quehacerpolitico.mx\\\/#\\\/schema\\\/person\\\/496d8ad2d1d3f8036101dca7ee39e585\"},\"headline\":\"Exportadores mexicanos analizan &#8216;volar&#8217; su mercanc\u00eda hacia EU por caos en frontera\",\"datePublished\":\"2019-04-05T03:25:26+00:00\",\"mainEntityOfPage\":{\"@id\":\"https:\\\/\\\/quehacerpolitico.mx\\\/?p=22564\"},\"wordCount\":1770,\"commentCount\":0,\"image\":{\"@id\":\"https:\\\/\\\/quehacerpolitico.mx\\\/?p=22564#primaryimage\"},\"thumbnailUrl\":\"\",\"articleSection\":[\"Econom\u00eda\"],\"inLanguage\":\"es\",\"potentialAction\":[{\"@type\":\"CommentAction\",\"name\":\"Comment\",\"target\":[\"https:\\\/\\\/quehacerpolitico.mx\\\/?p=22564#respond\"]}]},{\"@type\":\"WebPage\",\"@id\":\"https:\\\/\\\/quehacerpolitico.mx\\\/?p=22564\",\"url\":\"https:\\\/\\\/quehacerpolitico.mx\\\/?p=22564\",\"name\":\"Exportadores mexicanos analizan 'volar' su mercanc\u00eda hacia EU por caos en frontera -\",\"isPartOf\":{\"@id\":\"https:\\\/\\\/quehacerpolitico.mx\\\/#website\"},\"primaryImageOfPage\":{\"@id\":\"https:\\\/\\\/quehacerpolitico.mx\\\/?p=22564#primaryimage\"},\"image\":{\"@id\":\"https:\\\/\\\/quehacerpolitico.mx\\\/?p=22564#primaryimage\"},\"thumbnailUrl\":\"\",\"datePublished\":\"2019-04-05T03:25:26+00:00\",\"author\":{\"@id\":\"https:\\\/\\\/quehacerpolitico.mx\\\/#\\\/schema\\\/person\\\/496d8ad2d1d3f8036101dca7ee39e585\"},\"breadcrumb\":{\"@id\":\"https:\\\/\\\/quehacerpolitico.mx\\\/?p=22564#breadcrumb\"},\"inLanguage\":\"es\",\"potentialAction\":[{\"@type\":\"ReadAction\",\"target\":[\"https:\\\/\\\/quehacerpolitico.mx\\\/?p=22564\"]}]},{\"@type\":\"ImageObject\",\"inLanguage\":\"es\",\"@id\":\"https:\\\/\\\/quehacerpolitico.mx\\\/?p=22564#primaryimage\",\"url\":\"\",\"contentUrl\":\"\"},{\"@type\":\"BreadcrumbList\",\"@id\":\"https:\\\/\\\/quehacerpolitico.mx\\\/?p=22564#breadcrumb\",\"itemListElement\":[{\"@type\":\"ListItem\",\"position\":1,\"name\":\"Inicio\",\"item\":\"https:\\\/\\\/quehacerpolitico.mx\\\/\"},{\"@type\":\"ListItem\",\"position\":2,\"name\":\"Exportadores mexicanos analizan &#8216;volar&#8217; su mercanc\u00eda hacia EU por caos en frontera\"}]},{\"@type\":\"WebSite\",\"@id\":\"https:\\\/\\\/quehacerpolitico.mx\\\/#website\",\"url\":\"https:\\\/\\\/quehacerpolitico.mx\\\/\",\"name\":\"\",\"description\":\"\",\"potentialAction\":[{\"@type\":\"SearchAction\",\"target\":{\"@type\":\"EntryPoint\",\"urlTemplate\":\"https:\\\/\\\/quehacerpolitico.mx\\\/?s={search_term_string}\"},\"query-input\":{\"@type\":\"PropertyValueSpecification\",\"valueRequired\":true,\"valueName\":\"search_term_string\"}}],\"inLanguage\":\"es\"},{\"@type\":\"Person\",\"@id\":\"https:\\\/\\\/quehacerpolitico.mx\\\/#\\\/schema\\\/person\\\/496d8ad2d1d3f8036101dca7ee39e585\",\"name\":\"Redacci\u00f3n QP\",\"image\":{\"@type\":\"ImageObject\",\"inLanguage\":\"es\",\"@id\":\"https:\\\/\\\/secure.gravatar.com\\\/avatar\\\/c7164ed6fdec453195284ad24a5ae5b6e1eed2b848477fa2a4787ba9adf39a41?s=96&d=mm&r=g\",\"url\":\"https:\\\/\\\/secure.gravatar.com\\\/avatar\\\/c7164ed6fdec453195284ad24a5ae5b6e1eed2b848477fa2a4787ba9adf39a41?s=96&d=mm&r=g\",\"contentUrl\":\"https:\\\/\\\/secure.gravatar.com\\\/avatar\\\/c7164ed6fdec453195284ad24a5ae5b6e1eed2b848477fa2a4787ba9adf39a41?s=96&d=mm&r=g\",\"caption\":\"Redacci\u00f3n QP\"},\"url\":\"https:\\\/\\\/quehacerpolitico.mx\\\/?author=2\"}]}<\/script>\n<!-- \/ Yoast SEO plugin. -->","yoast_head_json":{"title":"Exportadores mexicanos analizan 'volar' su mercanc\u00eda hacia EU por caos en frontera -","robots":{"index":"index","follow":"follow","max-snippet":"max-snippet:-1","max-image-preview":"max-image-preview:large","max-video-preview":"max-video-preview:-1"},"canonical":"https:\/\/quehacerpolitico.mx\/?p=22564","og_locale":"es_MX","og_type":"article","og_title":"Exportadores mexicanos analizan 'volar' su mercanc\u00eda hacia EU por caos en frontera -","og_description":"Exportadores mexicanos analizan 'volar' su mercanc\u00eda hacia EU por caos en frontera Por Redacci\u00f3n QP","og_url":"https:\/\/quehacerpolitico.mx\/?p=22564","article_published_time":"2019-04-05T03:25:26+00:00","author":"Redacci\u00f3n QP","twitter_card":"summary_large_image","twitter_misc":{"Escrito por":"Redacci\u00f3n QP","Tiempo de lectura":"9 minutos"},"schema":{"@context":"https:\/\/schema.org","@graph":[{"@type":"Article","@id":"https:\/\/quehacerpolitico.mx\/?p=22564#article","isPartOf":{"@id":"https:\/\/quehacerpolitico.mx\/?p=22564"},"author":{"name":"Redacci\u00f3n QP","@id":"https:\/\/quehacerpolitico.mx\/#\/schema\/person\/496d8ad2d1d3f8036101dca7ee39e585"},"headline":"Exportadores mexicanos analizan &#8216;volar&#8217; su mercanc\u00eda hacia EU por caos en frontera","datePublished":"2019-04-05T03:25:26+00:00","mainEntityOfPage":{"@id":"https:\/\/quehacerpolitico.mx\/?p=22564"},"wordCount":1770,"commentCount":0,"image":{"@id":"https:\/\/quehacerpolitico.mx\/?p=22564#primaryimage"},"thumbnailUrl":"","articleSection":["Econom\u00eda"],"inLanguage":"es","potentialAction":[{"@type":"CommentAction","name":"Comment","target":["https:\/\/quehacerpolitico.mx\/?p=22564#respond"]}]},{"@type":"WebPage","@id":"https:\/\/quehacerpolitico.mx\/?p=22564","url":"https:\/\/quehacerpolitico.mx\/?p=22564","name":"Exportadores mexicanos analizan 'volar' su mercanc\u00eda hacia EU por caos en frontera -","isPartOf":{"@id":"https:\/\/quehacerpolitico.mx\/#website"},"primaryImageOfPage":{"@id":"https:\/\/quehacerpolitico.mx\/?p=22564#primaryimage"},"image":{"@id":"https:\/\/quehacerpolitico.mx\/?p=22564#primaryimage"},"thumbnailUrl":"","datePublished":"2019-04-05T03:25:26+00:00","author":{"@id":"https:\/\/quehacerpolitico.mx\/#\/schema\/person\/496d8ad2d1d3f8036101dca7ee39e585"},"breadcrumb":{"@id":"https:\/\/quehacerpolitico.mx\/?p=22564#breadcrumb"},"inLanguage":"es","potentialAction":[{"@type":"ReadAction","target":["https:\/\/quehacerpolitico.mx\/?p=22564"]}]},{"@type":"ImageObject","inLanguage":"es","@id":"https:\/\/quehacerpolitico.mx\/?p=22564#primaryimage","url":"","contentUrl":""},{"@type":"BreadcrumbList","@id":"https:\/\/quehacerpolitico.mx\/?p=22564#breadcrumb","itemListElement":[{"@type":"ListItem","position":1,"name":"Inicio","item":"https:\/\/quehacerpolitico.mx\/"},{"@type":"ListItem","position":2,"name":"Exportadores mexicanos analizan &#8216;volar&#8217; su mercanc\u00eda hacia EU por caos en frontera"}]},{"@type":"WebSite","@id":"https:\/\/quehacerpolitico.mx\/#website","url":"https:\/\/quehacerpolitico.mx\/","name":"","description":"","potentialAction":[{"@type":"SearchAction","target":{"@type":"EntryPoint","urlTemplate":"https:\/\/quehacerpolitico.mx\/?s={search_term_string}"},"query-input":{"@type":"PropertyValueSpecification","valueRequired":true,"valueName":"search_term_string"}}],"inLanguage":"es"},{"@type":"Person","@id":"https:\/\/quehacerpolitico.mx\/#\/schema\/person\/496d8ad2d1d3f8036101dca7ee39e585","name":"Redacci\u00f3n QP","image":{"@type":"ImageObject","inLanguage":"es","@id":"https:\/\/secure.gravatar.com\/avatar\/c7164ed6fdec453195284ad24a5ae5b6e1eed2b848477fa2a4787ba9adf39a41?s=96&d=mm&r=g","url":"https:\/\/secure.gravatar.com\/avatar\/c7164ed6fdec453195284ad24a5ae5b6e1eed2b848477fa2a4787ba9adf39a41?s=96&d=mm&r=g","contentUrl":"https:\/\/secure.gravatar.com\/avatar\/c7164ed6fdec453195284ad24a5ae5b6e1eed2b848477fa2a4787ba9adf39a41?s=96&d=mm&r=g","caption":"Redacci\u00f3n QP"},"url":"https:\/\/quehacerpolitico.mx\/?author=2"}]}},"featured_image_urls":{"full":"","thumbnail":"","medium":"","medium_large":"","large":"","1536x1536":"","2048x2048":"","covernews-featured":"","covernews-medium":""},"author_info":{"display_name":"Redacci\u00f3n QP","author_link":"https:\/\/quehacerpolitico.mx\/?author=2"},"category_info":"<a href=\"https:\/\/quehacerpolitico.mx\/?cat=56\" rel=\"category\">Econom\u00eda<\/a>","tag_info":"Econom\u00eda","comment_count":"0","_links":{"self":[{"href":"https:\/\/quehacerpolitico.mx\/index.php?rest_route=\/wp\/v2\/posts\/22564","targetHints":{"allow":["GET"]}}],"collection":[{"href":"https:\/\/quehacerpolitico.mx\/index.php?rest_route=\/wp\/v2\/posts"}],"about":[{"href":"https:\/\/quehacerpolitico.mx\/index.php?rest_route=\/wp\/v2\/types\/post"}],"author":[{"embeddable":true,"href":"https:\/\/quehacerpolitico.mx\/index.php?rest_route=\/wp\/v2\/users\/2"}],"replies":[{"embeddable":true,"href":"https:\/\/quehacerpolitico.mx\/index.php?rest_route=%2Fwp%2Fv2%2Fcomments&post=22564"}],"version-history":[{"count":0,"href":"https:\/\/quehacerpolitico.mx\/index.php?rest_route=\/wp\/v2\/posts\/22564\/revisions"}],"wp:featuredmedia":[{"embeddable":true,"href":"https:\/\/quehacerpolitico.mx\/index.php?rest_route=\/"}],"wp:attachment":[{"href":"https:\/\/quehacerpolitico.mx\/index.php?rest_route=%2Fwp%2Fv2%2Fmedia&parent=22564"}],"wp:term":[{"taxonomy":"category","embeddable":true,"href":"https:\/\/quehacerpolitico.mx\/index.php?rest_route=%2Fwp%2Fv2%2Fcategories&post=22564"},{"taxonomy":"post_tag","embeddable":true,"href":"https:\/\/quehacerpolitico.mx\/index.php?rest_route=%2Fwp%2Fv2%2Ftags&post=22564"}],"curies":[{"name":"wp","href":"https:\/\/api.w.org\/{rel}","templated":true}]}}