{"id":22561,"date":"2019-04-05T02:32:39","date_gmt":"2019-04-05T02:32:39","guid":{"rendered":"http:\/\/quehacerpolitico.mx\/estados-inicia-cuauhtemoc-blanco-trabajos-para-prevenir-inundaciones-en-temporada-de-lluvias\/"},"modified":"2019-04-05T02:32:39","modified_gmt":"2019-04-05T02:32:39","slug":"estados-inicia-cuauhtemoc-blanco-trabajos-para-prevenir-inundaciones-en-temporada-de-lluvias","status":"publish","type":"post","link":"https:\/\/quehacerpolitico.mx\/?p=22561","title":{"rendered":"Estados\/\/\/Inicia Cuauht\u00e9moc Blanco trabajos para prevenir inundaciones en temporada de lluvias"},"content":{"rendered":"<h3 class=\"post-title entry-title\">Inicia Cuauht\u00e9moc Blanco trabajos para prevenir inundaciones en temporada de lluvias<\/h3>\n<p>Por Redacci\u00f3n QP<\/p>\n<p class=\"mobile-photo\"><a href=\"https:\/\/3.bp.blogspot.com\/-gPvgNle4yco\/XKalSxIPIjI\/AAAAAAADdM4\/dm0qgszaZmMbva30dvQ9tamFWQlErmQgACK4BGAYYCw\/s1600\/1534654800000_1.png-758177.jpg\" data-src=\"https:\/\/3.bp.blogspot.com\/-gPvgNle4yco\/XKalSxIPIjI\/AAAAAAADdM4\/dm0qgszaZmMbva30dvQ9tamFWQlErmQgACK4BGAYYCw\/s1600\/1534654800000_1.png-758177.jpg\" data-thumb=\"https:\/\/3.bp.blogspot.com\/-gPvgNle4yco\/XKalSxIPIjI\/AAAAAAADdM4\/dm0qgszaZmMbva30dvQ9tamFWQlErmQgACK4BGAYYCw\/s320\/1534654800000_1.png-758177.jpg\" class=\"ml-lightbox-enabled\"><img decoding=\"async\" id=\"BLOGGER_PHOTO_ID_6676205239467450930\" src=\"https:\/\/3.bp.blogspot.com\/-gPvgNle4yco\/XKalSxIPIjI\/AAAAAAADdM4\/dm0qgszaZmMbva30dvQ9tamFWQlErmQgACK4BGAYYCw\/s320\/1534654800000_1.png-758177.jpg\" alt=\"\" border=\"0\" \/><\/a><\/p>\n<div dir=\"ltr\">\n<div dir=\"ltr\">\n<div>Inicia Cuauht\u00e9moc Blanco trabajos para\u00a0<\/div>\n<div>prevenir inundaciones en temporada de lluvias<\/div>\n<div>*Desazolve en principales r\u00edos y barrancas impedir\u00e1n el desbordamiento que afecten a la ciudadan\u00eda<\/div>\n<div>\u00a0<\/div>\n<div>Mazatepec, Morelos.-A dos meses de que inicie la temporada de lluvias, el gobernador Cuauht\u00e9moc Blanco Bravo puso en marcha los trabajos de mejoramiento de cauces, con el prop\u00f3sito de prevenir desbordamientos que afecten el patrimonio y la integridad de los ciudadanos.<\/div>\n<div>Las acciones son encabezadas por la Comisi\u00f3n Estatal del Agua (Ceagua) y la Comisi\u00f3n Nacional del Agua (CONAGUA), en coordinaci\u00f3n con autoridades municipales.<\/div>\n<div>&#8220;Me da tanto gusto que est\u00e9n los presidentes municipales, que en verdad todos estemos en el mismo canal de atender estos riesgos (\u2026), prevenirlos es lo mejor&#8221;, se\u00f1al\u00f3 el Gobernador.<\/div>\n<div>Debido a las caracter\u00edsticas de nuestra geograf\u00eda territorial &#8220;no estamos exentos de que la fuerza de la naturaleza nos vuelva a poner a prueba en cualquier momento&#8221;, agreg\u00f3 Blanco Bravo.<\/div>\n<div>Los trabajos de mejoramiento consisten en el desazolve de los principales r\u00edos y barrancas, donde la Ceagua detect\u00f3 puntos con peligro de inundaci\u00f3n. El compromiso del Gobierno es disminuir al m\u00e1ximo los m\u00e1rgenes de riesgo para la poblaci\u00f3n.\u00a0<\/div>\n<div>&#8220;Salvaguardar su vida y patrimonio son prioridades para este Gobierno&#8221;, expres\u00f3 el titular del Ejecutivo estatal a los pobladores que lo recibieron con gran entusiasmo en la colonia La Melena, del municipio de Mazatepec, donde esta ma\u00f1ana iniciaron las obras.<\/div>\n<div>Cuauht\u00e9moc Blanco asegur\u00f3 que los temas de seguridad, educaci\u00f3n, protecci\u00f3n civil y la prevenci\u00f3n de riesgos no deben ser considerados como bot\u00edn pol\u00edtico o monedas de cambio al servicio de intereses personales.<\/div>\n<div>Por su parte el secretario t\u00e9cnico de la Ceagua, Mois\u00e9s Agosto Ulloa, inform\u00f3 que el desazolve se realizar\u00e1 en un total de 30 kil\u00f3metros en r\u00edos y barrancas de mayor riesgo, ubicados en 12 municipios del estado y en beneficio de m\u00e1s de tres mil habitantes.<\/div>\n<div>Los trabajos tendr\u00e1n una inversi\u00f3n de cinco millones de pesos; los cauces a atender se ubican en los municipios de Mazatepec, Zacatepec, Ayala, Miacatl\u00e1n, Jiutepec, Xochitepec, Tlaquiltenango, Tlaltizap\u00e1n, Jojutla, Tetecala, Tepoztl\u00e1n y Puente de Ixtla.<\/div>\n<div>Mois\u00e9s Agosto destac\u00f3 que en los \u00faltimos a\u00f1os se han presentado casos de desbordamiento en los r\u00edos Chalma, Tembembe, Amacuzac, Apatlaco y Yautepec; &#8220;por eso la urgencia de empezar los trabajos preventivos, tramos identificados como los de mayor riesgo para la poblaci\u00f3n&#8221;.<\/div>\n<div>El funcionario estatal anunci\u00f3 tambi\u00e9n el inicio de los trabajos de rehabilitaci\u00f3n y equipamiento del Pozo Agr\u00edcola n\u00famero tres, en el campo La Presa, en beneficio de 27 usuarios que cosechan sus productos en 25 hect\u00e1reas.<\/div>\n<div>En voz de V\u00edctor Trejo Mill\u00e1n, agricultor, tanto ciudadanos como productores expresaron su reconocimiento al gobernador Cuauht\u00e9moc Blanco Bravo por los trabajos iniciados.<\/div>\n<div>El mandatario estatal acudi\u00f3 en compa\u00f1\u00eda del jefe de la Oficina de la Gubernatura, Jos\u00e9 Manuel Sanz Rivera; el secretario de Desarrollo Sustentable, Constantino Maldonado Krinis, as\u00ed como el diputado federal por Morelos, Jorge Arg\u00fcelles Victorero.<\/div>\n<div>Foto: El gobierno de Morelos inicia trabajos de prevenci\u00f3n.<\/div>\n<div>++++++++++++++++++<\/div>\n<div>Convocados por la NASA18 Estudiantes\u00a0<\/div>\n<div>de Ingenier\u00eda Aeron\u00e1utica de Hidalgo\u00a0<\/div>\n<div>*Participar\u00edan en el Air and SpaceProgram\u00a0<\/div>\n<div>\u00a0<\/div>\n<div>Pachuca.-18 alumnos de la Universidad Polit\u00e9cnica Metropolitana de Hidalgo est\u00e1n postulados para participar en la edici\u00f3n de este a\u00f1o del &#8220;Air and SpaceProgram&#8221; que organiza la NASA y se realiza a finales de octubre y principios de noviembre, y cuya convocatoria es promovida en M\u00e9xico por la Agencia Aeroespacial Mexicana AEXA.<\/div>\n<div>Este programa en el que est\u00e1 casa de estudios participa, tiene el objetivo de que los alumnos participantes tomen cursos en materia aeroespacial y desarrollen en equipo con alumnos de otras universidades de varios pa\u00edses, una misi\u00f3n espacial. Y esa por medio de una convocatoria interna que la UPMH busca a sus postulantes que deben cumplir requisitos en cuanto a nivel acad\u00e9mico, nivel de ingl\u00e9s y el pago de la estancia.<\/div>\n<div>Los 18 estudiantes postulados para este a\u00f1o son: Antonio Mart\u00ednez Cesar, Cano P\u00e9rez Kevin, Castel\u00e1n Trejo Jaime, Miranda S\u00e1nchez Luis Rodrigo, Montes Castillo Fernando, Olvera Ramos Dania, P\u00e9rez Cruz Eduardo Ismael, Quintero Zapata Fernando, Reyes Ortega Raquel, Villegas Marconi Juan Daniel, G\u00f3mez Paz V\u00edctor, G\u00f3mez Gonz\u00e1lez Samanta, Guti\u00e9rrez Castillo Enrique, Garc\u00eda P\u00e9rez Sebasti\u00e1n Arturo, Hern\u00e1ndez Olvera Carlos Iv\u00e1n, Duarte Templos Miguel \u00c1ngel, Hern\u00e1ndez Garc\u00eda Stephania Itzel, Jonathan Cristian S\u00e1nchez P\u00e9rez.<\/div>\n<div>Foto: Estudiantes destacados de Aeron\u00e1utica convocados por la NASA de EU.<\/div>\n<div>+++++++++++++++++++++<\/div>\n<div>\u00a0<\/div>\n<div>BREVES<\/div>\n<div>1.-Por calor incrementan los\u00a0<\/div>\n<div>\u00a0 \u00a0 \u00a0incendios forestales en Colima<\/div>\n<div>Ciudad de Colima.-En Colima, los incendios en zonas urbanas y rurales se han incrementado un 56 por ciento respecto al a\u00f1o anterior.<\/div>\n<div>Los municipios de Armer\u00eda y Manzanillo, en la zona costera, han sido los m\u00e1s afectados por el fuego.<\/div>\n<div>Tenemos 16 incendios registrados y combatidos. Estamos hablando de 213 hect\u00e1reas, que sumado con respecto al a\u00f1o anterior a estas fechas, estamos hablando casi de un 56.5 por ciento arriba que se ha estado incrementando&#8221;, se\u00f1al\u00f3 Castor Lerdo Catarino, encargado del despacho de la Conafor en Colima.<\/div>\n<div>&#8220;Todos los d\u00edas hemos atendido incendios, ha habido estimados de que son 10 por d\u00eda que se atienden, en ocasiones son m\u00e1s&#8221;, destac\u00f3 Ricardo Urs\u00faa, director General de la Unidad Estatal de Protecci\u00f3n Civil Colima.<\/div>\n<div>Tan s\u00f3lo en la zona urbana de la ciudad de Colima, los bomberos han atendido 15 incendios en viviendas y 145 en pastizales en lo que va del a\u00f1o.<\/div>\n<div>Realmente estos incendios son provocados en lotes bald\u00edos&#8221;, refiri\u00f3 Manuel Ram\u00edrez Nava, administrador general de Bomberos de Colima.<\/div>\n<div>&#8220;Casi en su mayor\u00eda estos incendios son provocados por la mano del hombre, finalmente por no tomar las medidas necesarias&#8221;, a\u00f1adi\u00f3 Castor Lerdo Catarino, encargado del despacho de la Conafor en Colima.<\/div>\n<div>La Conafor capacita a combatientes que integran a las brigadas municipales y comunitarias, con el objetivo de enfrentar esta temporada, que de acuerdo con las autoridades, ser\u00e1 de alta incidencia debido a la escasez de lluvia y a las altas temperaturas.<\/div>\n<div>\u00a0<\/div>\n<div>2.- Controlado en 70% incendio forestal<\/div>\n<div>\u00a0 \u00a0 \u00a0 en reserva &#8216;El Triunfo&#8217; en Chiapas<\/div>\n<div>El incendio forestal que inici\u00f3 el pasado martes 26 de marzo, en la zona de la Reserva de la Biosfera &#8220;El Triunfo&#8221;, se encuentra controlado en un 70 por ciento.<\/div>\n<div>En el lugar se encuentran trabajando 254 brigadas de los tres \u00f3rdenes de gobierno y brigadistas voluntarios, con apoyo de 4 helic\u00f3pteros, uno de la Secretar\u00eda de Marina, uno de la Polic\u00eda Federal y dos del Gobierno del estado.<\/div>\n<div>El fuego ha consumido decenas de hect\u00e1reas de bosque de pino, encino y mes\u00f3filo.<\/div>\n<div>La superficie sigue manteni\u00e9ndose con 135 hect\u00e1reas, de ayer y antier, ya no hubo avance en cuanto a la superficie preliminar; hay un 70 % de control, tenemos 254 brigadistas dentro del incendio&#8221;, se\u00f1al\u00f3 Jos\u00e9 Vel\u00e1zquez Mart\u00ednez, jefe de la unidad de Gesti\u00f3n de Riesgo de la Conanp.<\/div>\n<div>Lo accidentado del terreno dificulta el combate del fuego que est\u00e1 da\u00f1ando las \u00faltimas extensiones de bosque de niebla que existe en Am\u00e9rica Central, y de bosque perennifolio tropical de la costa del Pac\u00edfico.<\/div>\n<div>Las autoridades ambientalistas se\u00f1alan que este bosque es el \u00faltimo refugio para decenas de especies end\u00e9micas y en peligro de extinci\u00f3n, como el quetzal, el pav\u00f3n cornudo, el tucancillo verde, el puma y el mono ara\u00f1a.<\/div>\n<div>\u00a0<\/div>\n<div>3.-Explota un carro\u00a0<\/div>\n<div>\u00a0 \u00a0 bomba en Acapulco\u00a0<\/div>\n<div>Acapulco, Guerrero.- La explosi\u00f3n de un coche bomba provoc\u00f3 da\u00f1os a varios veh\u00edculos as\u00ed como a las instalaciones de la Polic\u00eda Comunitaria de la Uni\u00f3n de Pueblos y Organizaciones del Estado de Guerrero (UPOEG).<\/div>\n<div>En el video se observa al veh\u00edculo calcinado luego de que el artefacto tipo casero explotara en su interior, en la localidad de Xaltianguis, zona rural de Acapulco.La explosi\u00f3n ocurri\u00f3 la tarde de ayer mi\u00e9rcoles en la colonia Vicente Guerrero, en Acapulco.<\/div>\n<div>Ante los hechos, la Fiscal\u00eda General de Guerrero emiti\u00f3 un comunicado e inform\u00f3 que ante esta detonaci\u00f3n no hubo personas lesionadas ni muertos; de acuerdo al trabajo de campo realizado por peritos, el incidente se deriv\u00f3 de explosi\u00f3n de un tanque de gas LP, el cual habr\u00eda sido manipulado para este fin.<\/div>\n<div>Una camioneta Urvan y tres autom\u00f3viles que se encontraban estacionados a unos metros de las instalaciones de las autodefensas tambi\u00e9n fueron da\u00f1adas, seg\u00fan reportes.<\/div>\n<div>El Vocero de Seguridad del Gobierno Estatal, Roberto \u00c1lvarez Heredia, se\u00f1al\u00f3 que todav\u00eda no se establece si los da\u00f1os ocasionados a los veh\u00edculos fue producto de una explosi\u00f3n.<\/div>\n<\/div>\n<\/div>\n","protected":false},"excerpt":{"rendered":"<p>Inicia Cuauht\u00e9moc Blanco trabajos para prevenir inundaciones en temporada de lluvias<br \/>\nPor Redacci\u00f3n QP<\/p>\n","protected":false},"author":2,"featured_media":22560,"comment_status":"open","ping_status":"open","sticky":false,"template":"","format":"standard","meta":{"_monsterinsights_skip_tracking":false,"_monsterinsights_sitenote_active":false,"_monsterinsights_sitenote_note":"","_monsterinsights_sitenote_category":0,"footnotes":""},"categories":[2],"tags":[],"class_list":["post-22561","post","type-post","status-publish","format-standard","has-post-thumbnail","hentry","category-noticias"],"yoast_head":"<!-- This site is optimized with the Yoast SEO plugin v27.3 - https:\/\/yoast.com\/product\/yoast-seo-wordpress\/ -->\n<title>Estados\/\/\/Inicia Cuauht\u00e9moc Blanco trabajos para prevenir inundaciones en temporada de lluvias -<\/title>\n<meta name=\"robots\" content=\"index, follow, max-snippet:-1, max-image-preview:large, max-video-preview:-1\" \/>\n<link rel=\"canonical\" href=\"https:\/\/quehacerpolitico.mx\/?p=22561\" \/>\n<meta property=\"og:locale\" content=\"es_MX\" \/>\n<meta property=\"og:type\" content=\"article\" \/>\n<meta property=\"og:title\" content=\"Estados\/\/\/Inicia Cuauht\u00e9moc Blanco trabajos para prevenir inundaciones en temporada de lluvias -\" \/>\n<meta property=\"og:description\" content=\"Inicia Cuauht\u00e9moc Blanco trabajos para prevenir inundaciones en temporada de lluvias Por Redacci\u00f3n QP\" \/>\n<meta property=\"og:url\" content=\"https:\/\/quehacerpolitico.mx\/?p=22561\" \/>\n<meta property=\"article:published_time\" content=\"2019-04-05T02:32:39+00:00\" \/>\n<meta name=\"author\" content=\"Redacci\u00f3n QP\" \/>\n<meta name=\"twitter:card\" content=\"summary_large_image\" \/>\n<meta name=\"twitter:label1\" content=\"Escrito por\" \/>\n\t<meta name=\"twitter:data1\" content=\"Redacci\u00f3n QP\" \/>\n\t<meta name=\"twitter:label2\" content=\"Tiempo de lectura\" \/>\n\t<meta name=\"twitter:data2\" content=\"7 minutos\" \/>\n<script type=\"application\/ld+json\" class=\"yoast-schema-graph\">{\"@context\":\"https:\\\/\\\/schema.org\",\"@graph\":[{\"@type\":\"Article\",\"@id\":\"https:\\\/\\\/quehacerpolitico.mx\\\/?p=22561#article\",\"isPartOf\":{\"@id\":\"https:\\\/\\\/quehacerpolitico.mx\\\/?p=22561\"},\"author\":{\"name\":\"Redacci\u00f3n QP\",\"@id\":\"https:\\\/\\\/quehacerpolitico.mx\\\/#\\\/schema\\\/person\\\/496d8ad2d1d3f8036101dca7ee39e585\"},\"headline\":\"Estados\\\/\\\/\\\/Inicia Cuauht\u00e9moc Blanco trabajos para prevenir inundaciones en temporada de lluvias\",\"datePublished\":\"2019-04-05T02:32:39+00:00\",\"mainEntityOfPage\":{\"@id\":\"https:\\\/\\\/quehacerpolitico.mx\\\/?p=22561\"},\"wordCount\":1507,\"commentCount\":0,\"image\":{\"@id\":\"https:\\\/\\\/quehacerpolitico.mx\\\/?p=22561#primaryimage\"},\"thumbnailUrl\":\"\",\"articleSection\":[\"Noticias\"],\"inLanguage\":\"es\",\"potentialAction\":[{\"@type\":\"CommentAction\",\"name\":\"Comment\",\"target\":[\"https:\\\/\\\/quehacerpolitico.mx\\\/?p=22561#respond\"]}]},{\"@type\":\"WebPage\",\"@id\":\"https:\\\/\\\/quehacerpolitico.mx\\\/?p=22561\",\"url\":\"https:\\\/\\\/quehacerpolitico.mx\\\/?p=22561\",\"name\":\"Estados\\\/\\\/\\\/Inicia Cuauht\u00e9moc Blanco trabajos para prevenir inundaciones en temporada de lluvias -\",\"isPartOf\":{\"@id\":\"https:\\\/\\\/quehacerpolitico.mx\\\/#website\"},\"primaryImageOfPage\":{\"@id\":\"https:\\\/\\\/quehacerpolitico.mx\\\/?p=22561#primaryimage\"},\"image\":{\"@id\":\"https:\\\/\\\/quehacerpolitico.mx\\\/?p=22561#primaryimage\"},\"thumbnailUrl\":\"\",\"datePublished\":\"2019-04-05T02:32:39+00:00\",\"author\":{\"@id\":\"https:\\\/\\\/quehacerpolitico.mx\\\/#\\\/schema\\\/person\\\/496d8ad2d1d3f8036101dca7ee39e585\"},\"breadcrumb\":{\"@id\":\"https:\\\/\\\/quehacerpolitico.mx\\\/?p=22561#breadcrumb\"},\"inLanguage\":\"es\",\"potentialAction\":[{\"@type\":\"ReadAction\",\"target\":[\"https:\\\/\\\/quehacerpolitico.mx\\\/?p=22561\"]}]},{\"@type\":\"ImageObject\",\"inLanguage\":\"es\",\"@id\":\"https:\\\/\\\/quehacerpolitico.mx\\\/?p=22561#primaryimage\",\"url\":\"\",\"contentUrl\":\"\"},{\"@type\":\"BreadcrumbList\",\"@id\":\"https:\\\/\\\/quehacerpolitico.mx\\\/?p=22561#breadcrumb\",\"itemListElement\":[{\"@type\":\"ListItem\",\"position\":1,\"name\":\"Inicio\",\"item\":\"https:\\\/\\\/quehacerpolitico.mx\\\/\"},{\"@type\":\"ListItem\",\"position\":2,\"name\":\"Estados\\\/\\\/\\\/Inicia Cuauht\u00e9moc Blanco trabajos para prevenir inundaciones en temporada de lluvias\"}]},{\"@type\":\"WebSite\",\"@id\":\"https:\\\/\\\/quehacerpolitico.mx\\\/#website\",\"url\":\"https:\\\/\\\/quehacerpolitico.mx\\\/\",\"name\":\"\",\"description\":\"\",\"potentialAction\":[{\"@type\":\"SearchAction\",\"target\":{\"@type\":\"EntryPoint\",\"urlTemplate\":\"https:\\\/\\\/quehacerpolitico.mx\\\/?s={search_term_string}\"},\"query-input\":{\"@type\":\"PropertyValueSpecification\",\"valueRequired\":true,\"valueName\":\"search_term_string\"}}],\"inLanguage\":\"es\"},{\"@type\":\"Person\",\"@id\":\"https:\\\/\\\/quehacerpolitico.mx\\\/#\\\/schema\\\/person\\\/496d8ad2d1d3f8036101dca7ee39e585\",\"name\":\"Redacci\u00f3n QP\",\"image\":{\"@type\":\"ImageObject\",\"inLanguage\":\"es\",\"@id\":\"https:\\\/\\\/secure.gravatar.com\\\/avatar\\\/c7164ed6fdec453195284ad24a5ae5b6e1eed2b848477fa2a4787ba9adf39a41?s=96&d=mm&r=g\",\"url\":\"https:\\\/\\\/secure.gravatar.com\\\/avatar\\\/c7164ed6fdec453195284ad24a5ae5b6e1eed2b848477fa2a4787ba9adf39a41?s=96&d=mm&r=g\",\"contentUrl\":\"https:\\\/\\\/secure.gravatar.com\\\/avatar\\\/c7164ed6fdec453195284ad24a5ae5b6e1eed2b848477fa2a4787ba9adf39a41?s=96&d=mm&r=g\",\"caption\":\"Redacci\u00f3n QP\"},\"url\":\"https:\\\/\\\/quehacerpolitico.mx\\\/?author=2\"}]}<\/script>\n<!-- \/ Yoast SEO plugin. -->","yoast_head_json":{"title":"Estados\/\/\/Inicia Cuauht\u00e9moc Blanco trabajos para prevenir inundaciones en temporada de lluvias -","robots":{"index":"index","follow":"follow","max-snippet":"max-snippet:-1","max-image-preview":"max-image-preview:large","max-video-preview":"max-video-preview:-1"},"canonical":"https:\/\/quehacerpolitico.mx\/?p=22561","og_locale":"es_MX","og_type":"article","og_title":"Estados\/\/\/Inicia Cuauht\u00e9moc Blanco trabajos para prevenir inundaciones en temporada de lluvias -","og_description":"Inicia Cuauht\u00e9moc Blanco trabajos para prevenir inundaciones en temporada de lluvias Por Redacci\u00f3n QP","og_url":"https:\/\/quehacerpolitico.mx\/?p=22561","article_published_time":"2019-04-05T02:32:39+00:00","author":"Redacci\u00f3n QP","twitter_card":"summary_large_image","twitter_misc":{"Escrito por":"Redacci\u00f3n QP","Tiempo de lectura":"7 minutos"},"schema":{"@context":"https:\/\/schema.org","@graph":[{"@type":"Article","@id":"https:\/\/quehacerpolitico.mx\/?p=22561#article","isPartOf":{"@id":"https:\/\/quehacerpolitico.mx\/?p=22561"},"author":{"name":"Redacci\u00f3n QP","@id":"https:\/\/quehacerpolitico.mx\/#\/schema\/person\/496d8ad2d1d3f8036101dca7ee39e585"},"headline":"Estados\/\/\/Inicia Cuauht\u00e9moc Blanco trabajos para prevenir inundaciones en temporada de lluvias","datePublished":"2019-04-05T02:32:39+00:00","mainEntityOfPage":{"@id":"https:\/\/quehacerpolitico.mx\/?p=22561"},"wordCount":1507,"commentCount":0,"image":{"@id":"https:\/\/quehacerpolitico.mx\/?p=22561#primaryimage"},"thumbnailUrl":"","articleSection":["Noticias"],"inLanguage":"es","potentialAction":[{"@type":"CommentAction","name":"Comment","target":["https:\/\/quehacerpolitico.mx\/?p=22561#respond"]}]},{"@type":"WebPage","@id":"https:\/\/quehacerpolitico.mx\/?p=22561","url":"https:\/\/quehacerpolitico.mx\/?p=22561","name":"Estados\/\/\/Inicia Cuauht\u00e9moc Blanco trabajos para prevenir inundaciones en temporada de lluvias -","isPartOf":{"@id":"https:\/\/quehacerpolitico.mx\/#website"},"primaryImageOfPage":{"@id":"https:\/\/quehacerpolitico.mx\/?p=22561#primaryimage"},"image":{"@id":"https:\/\/quehacerpolitico.mx\/?p=22561#primaryimage"},"thumbnailUrl":"","datePublished":"2019-04-05T02:32:39+00:00","author":{"@id":"https:\/\/quehacerpolitico.mx\/#\/schema\/person\/496d8ad2d1d3f8036101dca7ee39e585"},"breadcrumb":{"@id":"https:\/\/quehacerpolitico.mx\/?p=22561#breadcrumb"},"inLanguage":"es","potentialAction":[{"@type":"ReadAction","target":["https:\/\/quehacerpolitico.mx\/?p=22561"]}]},{"@type":"ImageObject","inLanguage":"es","@id":"https:\/\/quehacerpolitico.mx\/?p=22561#primaryimage","url":"","contentUrl":""},{"@type":"BreadcrumbList","@id":"https:\/\/quehacerpolitico.mx\/?p=22561#breadcrumb","itemListElement":[{"@type":"ListItem","position":1,"name":"Inicio","item":"https:\/\/quehacerpolitico.mx\/"},{"@type":"ListItem","position":2,"name":"Estados\/\/\/Inicia Cuauht\u00e9moc Blanco trabajos para prevenir inundaciones en temporada de lluvias"}]},{"@type":"WebSite","@id":"https:\/\/quehacerpolitico.mx\/#website","url":"https:\/\/quehacerpolitico.mx\/","name":"","description":"","potentialAction":[{"@type":"SearchAction","target":{"@type":"EntryPoint","urlTemplate":"https:\/\/quehacerpolitico.mx\/?s={search_term_string}"},"query-input":{"@type":"PropertyValueSpecification","valueRequired":true,"valueName":"search_term_string"}}],"inLanguage":"es"},{"@type":"Person","@id":"https:\/\/quehacerpolitico.mx\/#\/schema\/person\/496d8ad2d1d3f8036101dca7ee39e585","name":"Redacci\u00f3n QP","image":{"@type":"ImageObject","inLanguage":"es","@id":"https:\/\/secure.gravatar.com\/avatar\/c7164ed6fdec453195284ad24a5ae5b6e1eed2b848477fa2a4787ba9adf39a41?s=96&d=mm&r=g","url":"https:\/\/secure.gravatar.com\/avatar\/c7164ed6fdec453195284ad24a5ae5b6e1eed2b848477fa2a4787ba9adf39a41?s=96&d=mm&r=g","contentUrl":"https:\/\/secure.gravatar.com\/avatar\/c7164ed6fdec453195284ad24a5ae5b6e1eed2b848477fa2a4787ba9adf39a41?s=96&d=mm&r=g","caption":"Redacci\u00f3n QP"},"url":"https:\/\/quehacerpolitico.mx\/?author=2"}]}},"featured_image_urls":{"full":"","thumbnail":"","medium":"","medium_large":"","large":"","1536x1536":"","2048x2048":"","covernews-featured":"","covernews-medium":""},"author_info":{"display_name":"Redacci\u00f3n QP","author_link":"https:\/\/quehacerpolitico.mx\/?author=2"},"category_info":"<a href=\"https:\/\/quehacerpolitico.mx\/?cat=2\" rel=\"category\">Noticias<\/a>","tag_info":"Noticias","comment_count":"0","_links":{"self":[{"href":"https:\/\/quehacerpolitico.mx\/index.php?rest_route=\/wp\/v2\/posts\/22561","targetHints":{"allow":["GET"]}}],"collection":[{"href":"https:\/\/quehacerpolitico.mx\/index.php?rest_route=\/wp\/v2\/posts"}],"about":[{"href":"https:\/\/quehacerpolitico.mx\/index.php?rest_route=\/wp\/v2\/types\/post"}],"author":[{"embeddable":true,"href":"https:\/\/quehacerpolitico.mx\/index.php?rest_route=\/wp\/v2\/users\/2"}],"replies":[{"embeddable":true,"href":"https:\/\/quehacerpolitico.mx\/index.php?rest_route=%2Fwp%2Fv2%2Fcomments&post=22561"}],"version-history":[{"count":0,"href":"https:\/\/quehacerpolitico.mx\/index.php?rest_route=\/wp\/v2\/posts\/22561\/revisions"}],"wp:featuredmedia":[{"embeddable":true,"href":"https:\/\/quehacerpolitico.mx\/index.php?rest_route=\/"}],"wp:attachment":[{"href":"https:\/\/quehacerpolitico.mx\/index.php?rest_route=%2Fwp%2Fv2%2Fmedia&parent=22561"}],"wp:term":[{"taxonomy":"category","embeddable":true,"href":"https:\/\/quehacerpolitico.mx\/index.php?rest_route=%2Fwp%2Fv2%2Fcategories&post=22561"},{"taxonomy":"post_tag","embeddable":true,"href":"https:\/\/quehacerpolitico.mx\/index.php?rest_route=%2Fwp%2Fv2%2Ftags&post=22561"}],"curies":[{"name":"wp","href":"https:\/\/api.w.org\/{rel}","templated":true}]}}