{"id":22558,"date":"2019-04-05T02:26:28","date_gmt":"2019-04-05T02:26:28","guid":{"rendered":"http:\/\/quehacerpolitico.mx\/internacionales-carolina-alonso-romei-mas-de-200-mil-refugiados-y-desplazados-por-violencia-en-mali-onu\/"},"modified":"2019-04-05T02:26:28","modified_gmt":"2019-04-05T02:26:28","slug":"internacionales-carolina-alonso-romei-mas-de-200-mil-refugiados-y-desplazados-por-violencia-en-mali-onu","status":"publish","type":"post","link":"https:\/\/quehacerpolitico.mx\/?p=22558","title":{"rendered":"Internacionales\/\/\/Carolina Alonso Romei\/\/\/M\u00e1s de 200 mil refugiados y desplazados por violencia en Mali: ONU"},"content":{"rendered":"<h3 class=\"post-title entry-title\">M\u00e1s de 200 mil refugiados y desplazados por violencia en Mali: ONU<\/h3>\n<p>Por Carolina Alonso Romei\u00a0<\/p>\n<p>Internacionalista\u00a0<\/p>\n<p class=\"mobile-photo\"><a href=\"https:\/\/4.bp.blogspot.com\/-67yeHBMN5kc\/XKajHzb4AJI\/AAAAAAADdMg\/xAzqI7cbKrk4mBXNomOiJu2B64C1bCr2QCK4BGAYYCw\/s1600\/MALI-1024x577-701860.jpeg\" data-src=\"https:\/\/4.bp.blogspot.com\/-67yeHBMN5kc\/XKajHzb4AJI\/AAAAAAADdMg\/xAzqI7cbKrk4mBXNomOiJu2B64C1bCr2QCK4BGAYYCw\/s1600\/MALI-1024x577-701860.jpeg\" data-thumb=\"https:\/\/4.bp.blogspot.com\/-67yeHBMN5kc\/XKajHzb4AJI\/AAAAAAADdMg\/xAzqI7cbKrk4mBXNomOiJu2B64C1bCr2QCK4BGAYYCw\/s320\/MALI-1024x577-701860.jpeg\" class=\"ml-lightbox-enabled\"><img decoding=\"async\" id=\"BLOGGER_PHOTO_ID_6676202852084875410\" src=\"https:\/\/4.bp.blogspot.com\/-67yeHBMN5kc\/XKajHzb4AJI\/AAAAAAADdMg\/xAzqI7cbKrk4mBXNomOiJu2B64C1bCr2QCK4BGAYYCw\/s320\/MALI-1024x577-701860.jpeg\" alt=\"\" border=\"0\" \/><\/a><\/p>\n<div dir=\"ltr\">\n<p class=\"gmail-MsoNoSpacing\">M\u00e1s de 200 mil refugiados y desplazados por violencia en Mali: ONU<\/p>\n<p class=\"gmail-MsoNoSpacing\">Mali tambi\u00e9n se ha convertido en una zona peligrosa para los efectivos de las Naciones Unidas, dado que 119 &#8220;cascos azules&#8221; han fallecido y 397 han resultado heridos en ataques de grupos violentos desde 2013.\u00a0 Escucha la nota: Los conflictos internos en Mali han causado cerca de 260.000 refugiados y desplazados en el pa\u00eds africano, donde 3,2 millones de personas necesitan asistencia humanitaria, destac\u00f3 la Oficina de Naciones Unidas para la Coordinaci\u00f3n de Asuntos Humanitarios (OCHA).<\/p>\n<p class=\"gmail-MsoNoSpacing\">&#8220;Mali vive entre el desorden y la esperanza&#8221;, se\u00f1al\u00f3 en rueda de prensa la jefa de la oficina de OCHA en Mali, Ute Kollies, quien destac\u00f3 que facilitar asistencia humanitaria al pa\u00eds africano &#8220;tambi\u00e9n es una inversi\u00f3n en seguridad&#8221;. Un total de 2,7 millones de personas se encuentran actualmente en situaci\u00f3n de inseguridad alimentaria y 660.000 ni\u00f1os menores de cinco a\u00f1os est\u00e1n en riesgo de desnutrici\u00f3n aguda, seg\u00fan las cifras que facilit\u00f3 hoy el organismo de las Naciones Unidas.<\/p>\n<p class=\"gmail-MsoNoSpacing\">Adem\u00e1s, 257.000 estudiantes malienses no tienen acceso a la educaci\u00f3n no s\u00f3lo por el cierre de escuelas a causa de la violencia, sino tambi\u00e9n debido a la situaci\u00f3n de inseguridad, que lleva a muchos a no asistir al colegio aunque siga abiertos.<\/p>\n<p class=\"gmail-MsoNoSpacing\">&#8220;Se est\u00e1 perdiendo toda una generaci\u00f3n&#8221;, afirm\u00f3 Kollies, quien a\u00f1adi\u00f3 que &#8220;los ni\u00f1os que hayan estado fuera de la escuela durante a\u00f1os no ser\u00e1n padres que soliciten educaci\u00f3n para sus hijos porque habr\u00e1n encontrado otras formas de sobrevivir&#8221;. El plan de respuesta humanitaria de la OCHA en Mali para 2019 es de 296 millones de d\u00f3lares (263 millones de euros).<\/p>\n<p class=\"gmail-MsoNoSpacing\">Pie de foto.- Al menos 119 &#8220;cascos azules&#8221; han fallecido y 397 han resultado heridos en ataques de grupos violentos desde 2013.<\/p>\n<p class=\"gmail-MsoNoSpacing\">Llama Guaid\u00f3 a j\u00f3venes a participar en gran protesta en Venezuela el s\u00e1bado<\/p>\n<p class=\"gmail-MsoNoSpacing\">El presidente de la Asamblea Nacional, Juan Guaid\u00f3, insisti\u00f3 en su llamado a protestar el pr\u00f3ximo s\u00e1bado a partir de las 11 de la ma\u00f1ana en todos los rincones del pa\u00eds, en el marco del simulacro de la Operaci\u00f3n Libertad. Escucha la nota: El jefe del Parlamento, Juan Guaid\u00f3, reconocido como presidente interino de Venezuela por m\u00e1s de 50 pa\u00edses, llam\u00f3 este jueves a los j\u00f3venes a protestar el s\u00e1bado en todas las ciudades del pa\u00eds y les inst\u00f3 a no acostumbrarse a vivir sin servicios b\u00e1sicos.<\/p>\n<p class=\"gmail-MsoNoSpacing\">&#8220;El 6 vayamos a las calles y ni por un segundo nos acostumbremos a vivir de esta manera&#8221;, dijo el l\u00edder opositor durante un acto con dirigentes estudiantiles en la sede del Legislativo. Pidi\u00f3 tambi\u00e9n manifestarse contra los apagones que desde el pasado 7 de marzo han afectado servicios que dependen del fluido el\u00e9ctrico como la telefon\u00eda, el acceso a internet y el bombeo de agua potable en casi todo el pa\u00eds. &#8220;Que ni por un segundo nos acostumbremos (\u2026) a que la norma sea que no haya agua&#8221;, remarc\u00f3.<\/p>\n<p class=\"gmail-MsoNoSpacing\">El jefe parlamentario se\u00f1al\u00f3 que la actividad del s\u00e1bado ser\u00e1 &#8220;el inicio de la Operaci\u00f3n Libertad&#8221;, una f\u00f3rmula de presi\u00f3n con la que espera lograr definitivamente el &#8220;cese de la usurpaci\u00f3n&#8221; que considera hace Nicol\u00e1s Maduro de la Presidencia. &#8220;Vamos a entregar la tarea bien hecha a Venezuela, vamos a entregar la misi\u00f3n completa&#8221;, dijo Guaid\u00f3 que en enero pasado invoc\u00f3 la Constituci\u00f3n para proclamarse presidente encargado y traz\u00f3 una ruta que incluye sacar a Maduro del poder, instaurar un gobierno de transici\u00f3n y llamar a &#8220;elecciones libres&#8221;.<\/p>\n<p class=\"gmail-MsoNoSpacing\">Pie de foto.- Juan Guaid\u00f3, presidente de la Asamblea Nacional de Venezuela.<\/p>\n<p class=\"gmail-MsoNoSpacing\">BREVES<\/p>\n<p class=\"gmail-MsoNoSpacing\">1.- En caso de aprobar aranceles a autos en M\u00e9xico ser\u00edan del 25%: Trump<\/p>\n<p class=\"gmail-MsoNoSpacing\">El presidente de Estados Unidos, Donald Trump, amenaz\u00f3 con imponer aranceles a las importaciones de autom\u00f3viles desde M\u00e9xico a menos que el gobierno de L\u00f3pez Obrador haga m\u00e1s para detener el narcotr\u00e1fico.<\/p>\n<p class=\"gmail-MsoNoSpacing\">El presidente de Estados Unidos, Donald Trump, dijo el jueves que si decide aplicar aranceles a las importaciones de autom\u00f3viles desde M\u00e9xico, la tasa se fijar\u00e1 en un 25 por ciento. En su m\u00e1s reciente advertencia a M\u00e9xico para reforzar la seguridad fronteriza, Trump amenaz\u00f3 el jueves con imponer aranceles a las importaciones de autom\u00f3viles desde M\u00e9xico a menos que su vecino haga m\u00e1s para detener el narcotr\u00e1fico.<\/p>\n<p class=\"gmail-MsoNoSpacing\">Trump, dijo a periodistas en la Casa Blanca, que M\u00e9xico hab\u00eda hecho un buen trabajo en los \u00faltimos cuatro d\u00edas para lidiar con migrantes que se dirigen a Estados Unidos.<\/p>\n<p class=\"gmail-MsoNoSpacing\">2.- Presentar\u00e1 Congreso de EEUU demanda para bloquear recursos para el muro<\/p>\n<p class=\"gmail-MsoNoSpacing\">Los dem\u00f3cratas quieren presentar una demanda para bloquear las transferencias de dinero decretadas por Trump para construir el muro en la frontera. Escucha la nota: La C\u00e1mara de Representantes de Estados Unidos quiere presentar una demanda para bloquear las transferencias de dinero decretadas por el presidente Donald Trump para financiar un muro en la frontera con M\u00e9xico, dijo la presidenta de la C\u00e1mara de Representantes, Nancy Pelosi.<\/p>\n<p class=\"gmail-MsoNoSpacing\">El mandatario republicano declar\u00f3 emergencia nacional para conseguir el dinero que el Congreso le hab\u00eda negado para el muro. &#8220;La medida del Presidente viola claramente la Cl\u00e1usula de Apropiaciones al robar de los fondos asignados, una acci\u00f3n que no fue autorizada por la autoridad constitucional o legal&#8221;, dijo en un comunicado Pelosi, la principal dem\u00f3crata en la C\u00e1mara.<\/p>\n<p class=\"gmail-MsoNoSpacing\">3.- Intento de robo en dos bancos deja 11 muertos en Brasil<\/p>\n<p class=\"gmail-MsoNoSpacing\">Al menos once personas murieron durante un tiroteo entre polic\u00edas y ladrones tras un intento de robo en dos sucursales bancarias en la ciudad brasile\u00f1a de Guararema, en la regi\u00f3n metropolitana de Sao Paulo, informaron fuentes policiales. Un total de 30 delincuentes fuertemente armados con fusiles y pistolas participaron en el intento de asalto a las sucursales del Banco do Brasil y el Santander Brasil, situadas a pocos metros de una misma calle en Guararema, una tur\u00edstica localidad de unos 30 mil habitantes situada a unos 80 kil\u00f3metros de Sao Paulo.<\/p>\n<p class=\"gmail-MsoNoSpacing\">Los delincuentes hicieron explotar incluso los cajeros electr\u00f3nicos de una de las agencias, pero la llegada de la polic\u00eda frustr\u00f3 el robo. &#8220;Lo primero que ocurri\u00f3 fue el intercambio de tiros con los polic\u00edas territoriales de la regi\u00f3n, que pidieron refuerzo. La Rota (el batall\u00f3n de operaciones especiales de la Polic\u00eda Militarizada de Sao Paulo) bloque\u00f3 las v\u00edas para que no consiguieran escapar&#8221;, explic\u00f3 el comandante de la Rota, Mario Alves da Silva, en declaraciones a la televisi\u00f3n Globo.<\/p>\n<p class=\"gmail-MsoNoSpacing\">Por su parte, el gobernador de Sao Paulo, Joao Doria, felicit\u00f3 a los agentes que han participado en la acci\u00f3n por haber enviado los &#8220;bandidos&#8221; al &#8220;cementerio&#8221;. &#8220;Bandidos que usan escopetas, fusiles y ametralladoras no salen de paseo. Ellos han salido para asaltar y hacer v\u00edctimas. Felicitaciones a los polic\u00edas que actuaron y pusieron en el cementerio diez bandidos m\u00e1s&#8221;, dijo Doria en declaraciones a la misma cadena televisiva.<\/p>\n<p class=\"gmail-MsoNoSpacing\">Durante la fuga, en la que usaron cinco coches blindados, los sospechosos entraron en una casa y tomaron a una familia como reh\u00e9n, aunque posteriormente los liberaron, seg\u00fan informaciones de la Polic\u00eda Militar.<\/p>\n<\/div>\n","protected":false},"excerpt":{"rendered":"<p>M\u00e1s de 200 mil refugiados y desplazados por violencia en Mali: ONU<br \/>\nPor Carolina Alonso Romei<br \/>\nInternacionalista<\/p>\n","protected":false},"author":2,"featured_media":22557,"comment_status":"open","ping_status":"open","sticky":false,"template":"","format":"standard","meta":{"_monsterinsights_skip_tracking":false,"_monsterinsights_sitenote_active":false,"_monsterinsights_sitenote_note":"","_monsterinsights_sitenote_category":0,"footnotes":""},"categories":[1],"tags":[],"class_list":["post-22558","post","type-post","status-publish","format-standard","has-post-thumbnail","hentry","category-sin-categoria"],"yoast_head":"<!-- This site is optimized with the Yoast SEO plugin v27.3 - https:\/\/yoast.com\/product\/yoast-seo-wordpress\/ -->\n<title>Internacionales\/\/\/Carolina Alonso Romei\/\/\/M\u00e1s de 200 mil refugiados y desplazados por violencia en Mali: ONU -<\/title>\n<meta name=\"robots\" content=\"index, follow, max-snippet:-1, max-image-preview:large, max-video-preview:-1\" \/>\n<link rel=\"canonical\" href=\"https:\/\/quehacerpolitico.mx\/?p=22558\" \/>\n<meta property=\"og:locale\" content=\"es_MX\" \/>\n<meta property=\"og:type\" content=\"article\" \/>\n<meta property=\"og:title\" content=\"Internacionales\/\/\/Carolina Alonso Romei\/\/\/M\u00e1s de 200 mil refugiados y desplazados por violencia en Mali: ONU -\" \/>\n<meta property=\"og:description\" content=\"M\u00e1s de 200 mil refugiados y desplazados por violencia en Mali: ONU Por Carolina Alonso Romei Internacionalista\" \/>\n<meta property=\"og:url\" content=\"https:\/\/quehacerpolitico.mx\/?p=22558\" \/>\n<meta property=\"article:published_time\" content=\"2019-04-05T02:26:28+00:00\" \/>\n<meta name=\"author\" content=\"Redacci\u00f3n QP\" \/>\n<meta name=\"twitter:card\" content=\"summary_large_image\" \/>\n<meta name=\"twitter:label1\" content=\"Escrito por\" \/>\n\t<meta name=\"twitter:data1\" content=\"Redacci\u00f3n QP\" \/>\n\t<meta name=\"twitter:label2\" content=\"Tiempo de lectura\" \/>\n\t<meta name=\"twitter:data2\" content=\"6 minutos\" \/>\n<script type=\"application\/ld+json\" class=\"yoast-schema-graph\">{\"@context\":\"https:\\\/\\\/schema.org\",\"@graph\":[{\"@type\":\"Article\",\"@id\":\"https:\\\/\\\/quehacerpolitico.mx\\\/?p=22558#article\",\"isPartOf\":{\"@id\":\"https:\\\/\\\/quehacerpolitico.mx\\\/?p=22558\"},\"author\":{\"name\":\"Redacci\u00f3n QP\",\"@id\":\"https:\\\/\\\/quehacerpolitico.mx\\\/#\\\/schema\\\/person\\\/496d8ad2d1d3f8036101dca7ee39e585\"},\"headline\":\"Internacionales\\\/\\\/\\\/Carolina Alonso Romei\\\/\\\/\\\/M\u00e1s de 200 mil refugiados y desplazados por violencia en Mali: ONU\",\"datePublished\":\"2019-04-05T02:26:28+00:00\",\"mainEntityOfPage\":{\"@id\":\"https:\\\/\\\/quehacerpolitico.mx\\\/?p=22558\"},\"wordCount\":1258,\"commentCount\":0,\"image\":{\"@id\":\"https:\\\/\\\/quehacerpolitico.mx\\\/?p=22558#primaryimage\"},\"thumbnailUrl\":\"\",\"articleSection\":[\"Internacionales\"],\"inLanguage\":\"es\",\"potentialAction\":[{\"@type\":\"CommentAction\",\"name\":\"Comment\",\"target\":[\"https:\\\/\\\/quehacerpolitico.mx\\\/?p=22558#respond\"]}]},{\"@type\":\"WebPage\",\"@id\":\"https:\\\/\\\/quehacerpolitico.mx\\\/?p=22558\",\"url\":\"https:\\\/\\\/quehacerpolitico.mx\\\/?p=22558\",\"name\":\"Internacionales\\\/\\\/\\\/Carolina Alonso Romei\\\/\\\/\\\/M\u00e1s de 200 mil refugiados y desplazados por violencia en Mali: ONU -\",\"isPartOf\":{\"@id\":\"https:\\\/\\\/quehacerpolitico.mx\\\/#website\"},\"primaryImageOfPage\":{\"@id\":\"https:\\\/\\\/quehacerpolitico.mx\\\/?p=22558#primaryimage\"},\"image\":{\"@id\":\"https:\\\/\\\/quehacerpolitico.mx\\\/?p=22558#primaryimage\"},\"thumbnailUrl\":\"\",\"datePublished\":\"2019-04-05T02:26:28+00:00\",\"author\":{\"@id\":\"https:\\\/\\\/quehacerpolitico.mx\\\/#\\\/schema\\\/person\\\/496d8ad2d1d3f8036101dca7ee39e585\"},\"breadcrumb\":{\"@id\":\"https:\\\/\\\/quehacerpolitico.mx\\\/?p=22558#breadcrumb\"},\"inLanguage\":\"es\",\"potentialAction\":[{\"@type\":\"ReadAction\",\"target\":[\"https:\\\/\\\/quehacerpolitico.mx\\\/?p=22558\"]}]},{\"@type\":\"ImageObject\",\"inLanguage\":\"es\",\"@id\":\"https:\\\/\\\/quehacerpolitico.mx\\\/?p=22558#primaryimage\",\"url\":\"\",\"contentUrl\":\"\"},{\"@type\":\"BreadcrumbList\",\"@id\":\"https:\\\/\\\/quehacerpolitico.mx\\\/?p=22558#breadcrumb\",\"itemListElement\":[{\"@type\":\"ListItem\",\"position\":1,\"name\":\"Inicio\",\"item\":\"https:\\\/\\\/quehacerpolitico.mx\\\/\"},{\"@type\":\"ListItem\",\"position\":2,\"name\":\"Internacionales\\\/\\\/\\\/Carolina Alonso Romei\\\/\\\/\\\/M\u00e1s de 200 mil refugiados y desplazados por violencia en Mali: ONU\"}]},{\"@type\":\"WebSite\",\"@id\":\"https:\\\/\\\/quehacerpolitico.mx\\\/#website\",\"url\":\"https:\\\/\\\/quehacerpolitico.mx\\\/\",\"name\":\"\",\"description\":\"\",\"potentialAction\":[{\"@type\":\"SearchAction\",\"target\":{\"@type\":\"EntryPoint\",\"urlTemplate\":\"https:\\\/\\\/quehacerpolitico.mx\\\/?s={search_term_string}\"},\"query-input\":{\"@type\":\"PropertyValueSpecification\",\"valueRequired\":true,\"valueName\":\"search_term_string\"}}],\"inLanguage\":\"es\"},{\"@type\":\"Person\",\"@id\":\"https:\\\/\\\/quehacerpolitico.mx\\\/#\\\/schema\\\/person\\\/496d8ad2d1d3f8036101dca7ee39e585\",\"name\":\"Redacci\u00f3n QP\",\"image\":{\"@type\":\"ImageObject\",\"inLanguage\":\"es\",\"@id\":\"https:\\\/\\\/secure.gravatar.com\\\/avatar\\\/c7164ed6fdec453195284ad24a5ae5b6e1eed2b848477fa2a4787ba9adf39a41?s=96&d=mm&r=g\",\"url\":\"https:\\\/\\\/secure.gravatar.com\\\/avatar\\\/c7164ed6fdec453195284ad24a5ae5b6e1eed2b848477fa2a4787ba9adf39a41?s=96&d=mm&r=g\",\"contentUrl\":\"https:\\\/\\\/secure.gravatar.com\\\/avatar\\\/c7164ed6fdec453195284ad24a5ae5b6e1eed2b848477fa2a4787ba9adf39a41?s=96&d=mm&r=g\",\"caption\":\"Redacci\u00f3n QP\"},\"url\":\"https:\\\/\\\/quehacerpolitico.mx\\\/?author=2\"}]}<\/script>\n<!-- \/ Yoast SEO plugin. -->","yoast_head_json":{"title":"Internacionales\/\/\/Carolina Alonso Romei\/\/\/M\u00e1s de 200 mil refugiados y desplazados por violencia en Mali: ONU -","robots":{"index":"index","follow":"follow","max-snippet":"max-snippet:-1","max-image-preview":"max-image-preview:large","max-video-preview":"max-video-preview:-1"},"canonical":"https:\/\/quehacerpolitico.mx\/?p=22558","og_locale":"es_MX","og_type":"article","og_title":"Internacionales\/\/\/Carolina Alonso Romei\/\/\/M\u00e1s de 200 mil refugiados y desplazados por violencia en Mali: ONU -","og_description":"M\u00e1s de 200 mil refugiados y desplazados por violencia en Mali: ONU Por Carolina Alonso Romei Internacionalista","og_url":"https:\/\/quehacerpolitico.mx\/?p=22558","article_published_time":"2019-04-05T02:26:28+00:00","author":"Redacci\u00f3n QP","twitter_card":"summary_large_image","twitter_misc":{"Escrito por":"Redacci\u00f3n QP","Tiempo de lectura":"6 minutos"},"schema":{"@context":"https:\/\/schema.org","@graph":[{"@type":"Article","@id":"https:\/\/quehacerpolitico.mx\/?p=22558#article","isPartOf":{"@id":"https:\/\/quehacerpolitico.mx\/?p=22558"},"author":{"name":"Redacci\u00f3n QP","@id":"https:\/\/quehacerpolitico.mx\/#\/schema\/person\/496d8ad2d1d3f8036101dca7ee39e585"},"headline":"Internacionales\/\/\/Carolina Alonso Romei\/\/\/M\u00e1s de 200 mil refugiados y desplazados por violencia en Mali: ONU","datePublished":"2019-04-05T02:26:28+00:00","mainEntityOfPage":{"@id":"https:\/\/quehacerpolitico.mx\/?p=22558"},"wordCount":1258,"commentCount":0,"image":{"@id":"https:\/\/quehacerpolitico.mx\/?p=22558#primaryimage"},"thumbnailUrl":"","articleSection":["Internacionales"],"inLanguage":"es","potentialAction":[{"@type":"CommentAction","name":"Comment","target":["https:\/\/quehacerpolitico.mx\/?p=22558#respond"]}]},{"@type":"WebPage","@id":"https:\/\/quehacerpolitico.mx\/?p=22558","url":"https:\/\/quehacerpolitico.mx\/?p=22558","name":"Internacionales\/\/\/Carolina Alonso Romei\/\/\/M\u00e1s de 200 mil refugiados y desplazados por violencia en Mali: ONU -","isPartOf":{"@id":"https:\/\/quehacerpolitico.mx\/#website"},"primaryImageOfPage":{"@id":"https:\/\/quehacerpolitico.mx\/?p=22558#primaryimage"},"image":{"@id":"https:\/\/quehacerpolitico.mx\/?p=22558#primaryimage"},"thumbnailUrl":"","datePublished":"2019-04-05T02:26:28+00:00","author":{"@id":"https:\/\/quehacerpolitico.mx\/#\/schema\/person\/496d8ad2d1d3f8036101dca7ee39e585"},"breadcrumb":{"@id":"https:\/\/quehacerpolitico.mx\/?p=22558#breadcrumb"},"inLanguage":"es","potentialAction":[{"@type":"ReadAction","target":["https:\/\/quehacerpolitico.mx\/?p=22558"]}]},{"@type":"ImageObject","inLanguage":"es","@id":"https:\/\/quehacerpolitico.mx\/?p=22558#primaryimage","url":"","contentUrl":""},{"@type":"BreadcrumbList","@id":"https:\/\/quehacerpolitico.mx\/?p=22558#breadcrumb","itemListElement":[{"@type":"ListItem","position":1,"name":"Inicio","item":"https:\/\/quehacerpolitico.mx\/"},{"@type":"ListItem","position":2,"name":"Internacionales\/\/\/Carolina Alonso Romei\/\/\/M\u00e1s de 200 mil refugiados y desplazados por violencia en Mali: ONU"}]},{"@type":"WebSite","@id":"https:\/\/quehacerpolitico.mx\/#website","url":"https:\/\/quehacerpolitico.mx\/","name":"","description":"","potentialAction":[{"@type":"SearchAction","target":{"@type":"EntryPoint","urlTemplate":"https:\/\/quehacerpolitico.mx\/?s={search_term_string}"},"query-input":{"@type":"PropertyValueSpecification","valueRequired":true,"valueName":"search_term_string"}}],"inLanguage":"es"},{"@type":"Person","@id":"https:\/\/quehacerpolitico.mx\/#\/schema\/person\/496d8ad2d1d3f8036101dca7ee39e585","name":"Redacci\u00f3n QP","image":{"@type":"ImageObject","inLanguage":"es","@id":"https:\/\/secure.gravatar.com\/avatar\/c7164ed6fdec453195284ad24a5ae5b6e1eed2b848477fa2a4787ba9adf39a41?s=96&d=mm&r=g","url":"https:\/\/secure.gravatar.com\/avatar\/c7164ed6fdec453195284ad24a5ae5b6e1eed2b848477fa2a4787ba9adf39a41?s=96&d=mm&r=g","contentUrl":"https:\/\/secure.gravatar.com\/avatar\/c7164ed6fdec453195284ad24a5ae5b6e1eed2b848477fa2a4787ba9adf39a41?s=96&d=mm&r=g","caption":"Redacci\u00f3n QP"},"url":"https:\/\/quehacerpolitico.mx\/?author=2"}]}},"featured_image_urls":{"full":"","thumbnail":"","medium":"","medium_large":"","large":"","1536x1536":"","2048x2048":"","covernews-featured":"","covernews-medium":""},"author_info":{"display_name":"Redacci\u00f3n QP","author_link":"https:\/\/quehacerpolitico.mx\/?author=2"},"category_info":"<a href=\"https:\/\/quehacerpolitico.mx\/?cat=1\" rel=\"category\">Internacionales<\/a>","tag_info":"Internacionales","comment_count":"0","_links":{"self":[{"href":"https:\/\/quehacerpolitico.mx\/index.php?rest_route=\/wp\/v2\/posts\/22558","targetHints":{"allow":["GET"]}}],"collection":[{"href":"https:\/\/quehacerpolitico.mx\/index.php?rest_route=\/wp\/v2\/posts"}],"about":[{"href":"https:\/\/quehacerpolitico.mx\/index.php?rest_route=\/wp\/v2\/types\/post"}],"author":[{"embeddable":true,"href":"https:\/\/quehacerpolitico.mx\/index.php?rest_route=\/wp\/v2\/users\/2"}],"replies":[{"embeddable":true,"href":"https:\/\/quehacerpolitico.mx\/index.php?rest_route=%2Fwp%2Fv2%2Fcomments&post=22558"}],"version-history":[{"count":0,"href":"https:\/\/quehacerpolitico.mx\/index.php?rest_route=\/wp\/v2\/posts\/22558\/revisions"}],"wp:featuredmedia":[{"embeddable":true,"href":"https:\/\/quehacerpolitico.mx\/index.php?rest_route=\/"}],"wp:attachment":[{"href":"https:\/\/quehacerpolitico.mx\/index.php?rest_route=%2Fwp%2Fv2%2Fmedia&parent=22558"}],"wp:term":[{"taxonomy":"category","embeddable":true,"href":"https:\/\/quehacerpolitico.mx\/index.php?rest_route=%2Fwp%2Fv2%2Fcategories&post=22558"},{"taxonomy":"post_tag","embeddable":true,"href":"https:\/\/quehacerpolitico.mx\/index.php?rest_route=%2Fwp%2Fv2%2Ftags&post=22558"}],"curies":[{"name":"wp","href":"https:\/\/api.w.org\/{rel}","templated":true}]}}