{"id":22078,"date":"2019-03-31T23:58:20","date_gmt":"2019-03-31T23:58:20","guid":{"rendered":"http:\/\/quehacerpolitico.mx\/renuncia-coordinador-de-asesores-de-morena-en-el-senado\/"},"modified":"2019-03-31T23:58:20","modified_gmt":"2019-03-31T23:58:20","slug":"renuncia-coordinador-de-asesores-de-morena-en-el-senado","status":"publish","type":"post","link":"https:\/\/quehacerpolitico.mx\/?p=22078","title":{"rendered":"Renuncia coordinador de asesores de Morena en el Senado"},"content":{"rendered":"<blockquote>\n<h1 class=\"news-title\">Renuncia coordinador de asesores de Morena en el Senado<\/h1>\n<\/blockquote>\n<p>Por Redacci\u00f3n QP<\/p>\n<header class=\"news-header\">\n<div class=\"news-subtitle\">\n<p>Alejandro Rojas D\u00edaz Dur\u00e1n dej\u00f3 su cargo debido a sus diferencias la presidenta nacional de su partido, Yeidckol Polevnsky, y dijo que analiza contender por la dirigencia<\/p>\n<\/div>\n<\/header>\n<div class=\"news-content\">\n<div class=\"news-body row\">\n<p>El coordinador de asesores de Morena en el Senado de la Rep\u00fablica, Alejandro Rojas D\u00edaz Dur\u00e1n, renunci\u00f3 a su cargo debido a sus diferencias la presidenta nacional de su partido, Yeidckol Polevnsky, y dijo que analiza contender por la dirigencia nacional de ese organismo pol\u00edtico en noviembre pr\u00f3ximo.<\/p>\n<p>En conferencia de prensa, <strong>el senador suplente manifest\u00f3 que en el pr\u00f3ximo Congreso Nacional del partido buscar\u00eda la dirigencia de Morena, pero que antes har\u00e1 una gira<\/strong> por diferentes estados del pa\u00eds para conocer el sentir de los ciudadanos.<\/p>\n<p><strong>&#8220;He decidido renunciar a la comodidad de mi puesto en el Senado de la Rep\u00fablica para ir en defensa de mis convicciones, mis principios y mis ideales<\/strong>, que creo comparten la inmensa mayor\u00eda de quienes conformamos Morena&#8221;, expres\u00f3.<\/p>\n<p>&#8220;A los intolerantes enroscados en su nomenclatura les pido que lean a Nelson Mandela, quien fue privado de su libertad durante 27 a\u00f1os por una minor\u00eda blanca en un celda h\u00fameda con cucarachas y ratas. Mandela nunca se rindi\u00f3 y nunca pidi\u00f3 perd\u00f3n, s\u00f3lo pidi\u00f3 clemencia y libertad para su pueblo&#8221;, expres\u00f3.<\/p>\n<p><strong>Rojas D\u00edaz Dur\u00e1n acus\u00f3 a Yeidckol Polevnsky de ser un &#8220;t\u00edtere&#8221; de Ra\u00fal Salinas de Gortari<\/strong>, &#8220;su maestro y gur\u00fa&#8221;, y prueba de ello es la reuni\u00f3n que sostuvo con \u00e9l para celebrar el cumplea\u00f1os de Diego Fern\u00e1ndez de Ceballos.<\/p>\n<p>Tambi\u00e9n dijo que H\u00e9ctor D\u00edaz Polanco es un hombre l\u00facido y asistente acad\u00e9mico que le ha &#8220;lavado&#8221; el cerebro a Yeidckol y a una minor\u00eda que controla el aparato burocr\u00e1tico de Morena.<\/p>\n<p>Es un acad\u00e9mico que se ha quedado &#8220;congelado&#8221; en el Siglo XIX y en la Guerra Fr\u00eda, y con la secretaria de Morena en funciones impulsa y proclama que la Revoluci\u00f3n Bolivariana de Maduro se expanda en M\u00e9xico y en Am\u00e9rica Latina.<\/p>\n<p><strong>El legislador advirti\u00f3 que no est\u00e1 de acuerdo con ning\u00fan r\u00e9gimen autoritario<\/strong> que conculque las libertades p\u00fablicas y los derechos pol\u00edticos.<\/p>\n<p>Los integrantes de Morena no quieren imitar ning\u00fan r\u00e9gimen pol\u00edtico del mundo, lo que s\u00ed hay que copiar son los sistemas que nos humanizan y nos hacen democr\u00e1ticos.<\/p>\n<p><strong>Refiri\u00f3 que la camarilla que dirige Yeidckol Polevnsky es la que lo quiere censurar por expresar sus ideas<\/strong>, y que tambi\u00e9n quiere quitarle sus libertades; es la que lleva el &#8220;terrorismo totalitario&#8221;, &#8220;estamos en alerta amarilla&#8221;.<\/p>\n<p>Habl\u00f3 sobre el apoyo que le ha dado el senador Ricardo Monreal, de quien dijo que es un gran estadista y que con \u00e9l ha luchado por el proyecto de naci\u00f3n.<\/p>\n<\/div>\n<\/div>\n","protected":false},"excerpt":{"rendered":"<p>Renuncia coordinador de asesores de Morena en el Senado<br \/>\nPor Redacci\u00f3n QP<\/p>\n","protected":false},"author":2,"featured_media":22077,"comment_status":"open","ping_status":"open","sticky":false,"template":"","format":"standard","meta":{"_monsterinsights_skip_tracking":false,"_monsterinsights_sitenote_active":false,"_monsterinsights_sitenote_note":"","_monsterinsights_sitenote_category":0,"footnotes":""},"categories":[2],"tags":[],"class_list":["post-22078","post","type-post","status-publish","format-standard","has-post-thumbnail","hentry","category-noticias"],"yoast_head":"<!-- This site is optimized with the Yoast SEO plugin v27.3 - https:\/\/yoast.com\/product\/yoast-seo-wordpress\/ -->\n<title>Renuncia coordinador de asesores de Morena en el Senado -<\/title>\n<meta name=\"robots\" content=\"index, follow, max-snippet:-1, max-image-preview:large, max-video-preview:-1\" \/>\n<link rel=\"canonical\" href=\"https:\/\/quehacerpolitico.mx\/?p=22078\" \/>\n<meta property=\"og:locale\" content=\"es_MX\" \/>\n<meta property=\"og:type\" content=\"article\" \/>\n<meta property=\"og:title\" content=\"Renuncia coordinador de asesores de Morena en el Senado -\" \/>\n<meta property=\"og:description\" content=\"Renuncia coordinador de asesores de Morena en el Senado Por Redacci\u00f3n QP\" \/>\n<meta property=\"og:url\" content=\"https:\/\/quehacerpolitico.mx\/?p=22078\" \/>\n<meta property=\"article:published_time\" content=\"2019-03-31T23:58:20+00:00\" \/>\n<meta name=\"author\" content=\"Redacci\u00f3n QP\" \/>\n<meta name=\"twitter:card\" content=\"summary_large_image\" \/>\n<meta name=\"twitter:label1\" content=\"Escrito por\" \/>\n\t<meta name=\"twitter:data1\" content=\"Redacci\u00f3n QP\" \/>\n\t<meta name=\"twitter:label2\" content=\"Tiempo de lectura\" \/>\n\t<meta name=\"twitter:data2\" content=\"2 minutos\" \/>\n<script type=\"application\/ld+json\" class=\"yoast-schema-graph\">{\"@context\":\"https:\\\/\\\/schema.org\",\"@graph\":[{\"@type\":\"Article\",\"@id\":\"https:\\\/\\\/quehacerpolitico.mx\\\/?p=22078#article\",\"isPartOf\":{\"@id\":\"https:\\\/\\\/quehacerpolitico.mx\\\/?p=22078\"},\"author\":{\"name\":\"Redacci\u00f3n QP\",\"@id\":\"https:\\\/\\\/quehacerpolitico.mx\\\/#\\\/schema\\\/person\\\/496d8ad2d1d3f8036101dca7ee39e585\"},\"headline\":\"Renuncia coordinador de asesores de Morena en el Senado\",\"datePublished\":\"2019-03-31T23:58:20+00:00\",\"mainEntityOfPage\":{\"@id\":\"https:\\\/\\\/quehacerpolitico.mx\\\/?p=22078\"},\"wordCount\":501,\"commentCount\":0,\"image\":{\"@id\":\"https:\\\/\\\/quehacerpolitico.mx\\\/?p=22078#primaryimage\"},\"thumbnailUrl\":\"\",\"articleSection\":[\"Noticias\"],\"inLanguage\":\"es\",\"potentialAction\":[{\"@type\":\"CommentAction\",\"name\":\"Comment\",\"target\":[\"https:\\\/\\\/quehacerpolitico.mx\\\/?p=22078#respond\"]}]},{\"@type\":\"WebPage\",\"@id\":\"https:\\\/\\\/quehacerpolitico.mx\\\/?p=22078\",\"url\":\"https:\\\/\\\/quehacerpolitico.mx\\\/?p=22078\",\"name\":\"Renuncia coordinador de asesores de Morena en el Senado -\",\"isPartOf\":{\"@id\":\"https:\\\/\\\/quehacerpolitico.mx\\\/#website\"},\"primaryImageOfPage\":{\"@id\":\"https:\\\/\\\/quehacerpolitico.mx\\\/?p=22078#primaryimage\"},\"image\":{\"@id\":\"https:\\\/\\\/quehacerpolitico.mx\\\/?p=22078#primaryimage\"},\"thumbnailUrl\":\"\",\"datePublished\":\"2019-03-31T23:58:20+00:00\",\"author\":{\"@id\":\"https:\\\/\\\/quehacerpolitico.mx\\\/#\\\/schema\\\/person\\\/496d8ad2d1d3f8036101dca7ee39e585\"},\"breadcrumb\":{\"@id\":\"https:\\\/\\\/quehacerpolitico.mx\\\/?p=22078#breadcrumb\"},\"inLanguage\":\"es\",\"potentialAction\":[{\"@type\":\"ReadAction\",\"target\":[\"https:\\\/\\\/quehacerpolitico.mx\\\/?p=22078\"]}]},{\"@type\":\"ImageObject\",\"inLanguage\":\"es\",\"@id\":\"https:\\\/\\\/quehacerpolitico.mx\\\/?p=22078#primaryimage\",\"url\":\"\",\"contentUrl\":\"\"},{\"@type\":\"BreadcrumbList\",\"@id\":\"https:\\\/\\\/quehacerpolitico.mx\\\/?p=22078#breadcrumb\",\"itemListElement\":[{\"@type\":\"ListItem\",\"position\":1,\"name\":\"Inicio\",\"item\":\"https:\\\/\\\/quehacerpolitico.mx\\\/\"},{\"@type\":\"ListItem\",\"position\":2,\"name\":\"Renuncia coordinador de asesores de Morena en el Senado\"}]},{\"@type\":\"WebSite\",\"@id\":\"https:\\\/\\\/quehacerpolitico.mx\\\/#website\",\"url\":\"https:\\\/\\\/quehacerpolitico.mx\\\/\",\"name\":\"\",\"description\":\"\",\"potentialAction\":[{\"@type\":\"SearchAction\",\"target\":{\"@type\":\"EntryPoint\",\"urlTemplate\":\"https:\\\/\\\/quehacerpolitico.mx\\\/?s={search_term_string}\"},\"query-input\":{\"@type\":\"PropertyValueSpecification\",\"valueRequired\":true,\"valueName\":\"search_term_string\"}}],\"inLanguage\":\"es\"},{\"@type\":\"Person\",\"@id\":\"https:\\\/\\\/quehacerpolitico.mx\\\/#\\\/schema\\\/person\\\/496d8ad2d1d3f8036101dca7ee39e585\",\"name\":\"Redacci\u00f3n QP\",\"image\":{\"@type\":\"ImageObject\",\"inLanguage\":\"es\",\"@id\":\"https:\\\/\\\/secure.gravatar.com\\\/avatar\\\/c7164ed6fdec453195284ad24a5ae5b6e1eed2b848477fa2a4787ba9adf39a41?s=96&d=mm&r=g\",\"url\":\"https:\\\/\\\/secure.gravatar.com\\\/avatar\\\/c7164ed6fdec453195284ad24a5ae5b6e1eed2b848477fa2a4787ba9adf39a41?s=96&d=mm&r=g\",\"contentUrl\":\"https:\\\/\\\/secure.gravatar.com\\\/avatar\\\/c7164ed6fdec453195284ad24a5ae5b6e1eed2b848477fa2a4787ba9adf39a41?s=96&d=mm&r=g\",\"caption\":\"Redacci\u00f3n QP\"},\"url\":\"https:\\\/\\\/quehacerpolitico.mx\\\/?author=2\"}]}<\/script>\n<!-- \/ Yoast SEO plugin. -->","yoast_head_json":{"title":"Renuncia coordinador de asesores de Morena en el Senado -","robots":{"index":"index","follow":"follow","max-snippet":"max-snippet:-1","max-image-preview":"max-image-preview:large","max-video-preview":"max-video-preview:-1"},"canonical":"https:\/\/quehacerpolitico.mx\/?p=22078","og_locale":"es_MX","og_type":"article","og_title":"Renuncia coordinador de asesores de Morena en el Senado -","og_description":"Renuncia coordinador de asesores de Morena en el Senado Por Redacci\u00f3n QP","og_url":"https:\/\/quehacerpolitico.mx\/?p=22078","article_published_time":"2019-03-31T23:58:20+00:00","author":"Redacci\u00f3n QP","twitter_card":"summary_large_image","twitter_misc":{"Escrito por":"Redacci\u00f3n QP","Tiempo de lectura":"2 minutos"},"schema":{"@context":"https:\/\/schema.org","@graph":[{"@type":"Article","@id":"https:\/\/quehacerpolitico.mx\/?p=22078#article","isPartOf":{"@id":"https:\/\/quehacerpolitico.mx\/?p=22078"},"author":{"name":"Redacci\u00f3n QP","@id":"https:\/\/quehacerpolitico.mx\/#\/schema\/person\/496d8ad2d1d3f8036101dca7ee39e585"},"headline":"Renuncia coordinador de asesores de Morena en el Senado","datePublished":"2019-03-31T23:58:20+00:00","mainEntityOfPage":{"@id":"https:\/\/quehacerpolitico.mx\/?p=22078"},"wordCount":501,"commentCount":0,"image":{"@id":"https:\/\/quehacerpolitico.mx\/?p=22078#primaryimage"},"thumbnailUrl":"","articleSection":["Noticias"],"inLanguage":"es","potentialAction":[{"@type":"CommentAction","name":"Comment","target":["https:\/\/quehacerpolitico.mx\/?p=22078#respond"]}]},{"@type":"WebPage","@id":"https:\/\/quehacerpolitico.mx\/?p=22078","url":"https:\/\/quehacerpolitico.mx\/?p=22078","name":"Renuncia coordinador de asesores de Morena en el Senado -","isPartOf":{"@id":"https:\/\/quehacerpolitico.mx\/#website"},"primaryImageOfPage":{"@id":"https:\/\/quehacerpolitico.mx\/?p=22078#primaryimage"},"image":{"@id":"https:\/\/quehacerpolitico.mx\/?p=22078#primaryimage"},"thumbnailUrl":"","datePublished":"2019-03-31T23:58:20+00:00","author":{"@id":"https:\/\/quehacerpolitico.mx\/#\/schema\/person\/496d8ad2d1d3f8036101dca7ee39e585"},"breadcrumb":{"@id":"https:\/\/quehacerpolitico.mx\/?p=22078#breadcrumb"},"inLanguage":"es","potentialAction":[{"@type":"ReadAction","target":["https:\/\/quehacerpolitico.mx\/?p=22078"]}]},{"@type":"ImageObject","inLanguage":"es","@id":"https:\/\/quehacerpolitico.mx\/?p=22078#primaryimage","url":"","contentUrl":""},{"@type":"BreadcrumbList","@id":"https:\/\/quehacerpolitico.mx\/?p=22078#breadcrumb","itemListElement":[{"@type":"ListItem","position":1,"name":"Inicio","item":"https:\/\/quehacerpolitico.mx\/"},{"@type":"ListItem","position":2,"name":"Renuncia coordinador de asesores de Morena en el Senado"}]},{"@type":"WebSite","@id":"https:\/\/quehacerpolitico.mx\/#website","url":"https:\/\/quehacerpolitico.mx\/","name":"","description":"","potentialAction":[{"@type":"SearchAction","target":{"@type":"EntryPoint","urlTemplate":"https:\/\/quehacerpolitico.mx\/?s={search_term_string}"},"query-input":{"@type":"PropertyValueSpecification","valueRequired":true,"valueName":"search_term_string"}}],"inLanguage":"es"},{"@type":"Person","@id":"https:\/\/quehacerpolitico.mx\/#\/schema\/person\/496d8ad2d1d3f8036101dca7ee39e585","name":"Redacci\u00f3n QP","image":{"@type":"ImageObject","inLanguage":"es","@id":"https:\/\/secure.gravatar.com\/avatar\/c7164ed6fdec453195284ad24a5ae5b6e1eed2b848477fa2a4787ba9adf39a41?s=96&d=mm&r=g","url":"https:\/\/secure.gravatar.com\/avatar\/c7164ed6fdec453195284ad24a5ae5b6e1eed2b848477fa2a4787ba9adf39a41?s=96&d=mm&r=g","contentUrl":"https:\/\/secure.gravatar.com\/avatar\/c7164ed6fdec453195284ad24a5ae5b6e1eed2b848477fa2a4787ba9adf39a41?s=96&d=mm&r=g","caption":"Redacci\u00f3n QP"},"url":"https:\/\/quehacerpolitico.mx\/?author=2"}]}},"featured_image_urls":{"full":"","thumbnail":"","medium":"","medium_large":"","large":"","1536x1536":"","2048x2048":"","covernews-featured":"","covernews-medium":""},"author_info":{"display_name":"Redacci\u00f3n QP","author_link":"https:\/\/quehacerpolitico.mx\/?author=2"},"category_info":"<a href=\"https:\/\/quehacerpolitico.mx\/?cat=2\" rel=\"category\">Noticias<\/a>","tag_info":"Noticias","comment_count":"0","_links":{"self":[{"href":"https:\/\/quehacerpolitico.mx\/index.php?rest_route=\/wp\/v2\/posts\/22078","targetHints":{"allow":["GET"]}}],"collection":[{"href":"https:\/\/quehacerpolitico.mx\/index.php?rest_route=\/wp\/v2\/posts"}],"about":[{"href":"https:\/\/quehacerpolitico.mx\/index.php?rest_route=\/wp\/v2\/types\/post"}],"author":[{"embeddable":true,"href":"https:\/\/quehacerpolitico.mx\/index.php?rest_route=\/wp\/v2\/users\/2"}],"replies":[{"embeddable":true,"href":"https:\/\/quehacerpolitico.mx\/index.php?rest_route=%2Fwp%2Fv2%2Fcomments&post=22078"}],"version-history":[{"count":0,"href":"https:\/\/quehacerpolitico.mx\/index.php?rest_route=\/wp\/v2\/posts\/22078\/revisions"}],"wp:featuredmedia":[{"embeddable":true,"href":"https:\/\/quehacerpolitico.mx\/index.php?rest_route=\/"}],"wp:attachment":[{"href":"https:\/\/quehacerpolitico.mx\/index.php?rest_route=%2Fwp%2Fv2%2Fmedia&parent=22078"}],"wp:term":[{"taxonomy":"category","embeddable":true,"href":"https:\/\/quehacerpolitico.mx\/index.php?rest_route=%2Fwp%2Fv2%2Fcategories&post=22078"},{"taxonomy":"post_tag","embeddable":true,"href":"https:\/\/quehacerpolitico.mx\/index.php?rest_route=%2Fwp%2Fv2%2Ftags&post=22078"}],"curies":[{"name":"wp","href":"https:\/\/api.w.org\/{rel}","templated":true}]}}