{"id":22075,"date":"2019-03-31T23:52:57","date_gmt":"2019-03-31T23:52:57","guid":{"rendered":"http:\/\/quehacerpolitico.mx\/este-lunes-comienza-afiliacion-de-trabajadoras-del-hogar-al-imss\/"},"modified":"2019-03-31T23:52:57","modified_gmt":"2019-03-31T23:52:57","slug":"este-lunes-comienza-afiliacion-de-trabajadoras-del-hogar-al-imss","status":"publish","type":"post","link":"https:\/\/quehacerpolitico.mx\/?p=22075","title":{"rendered":"Este lunes comienza afiliaci\u00f3n de trabajadoras del hogar al IMSS"},"content":{"rendered":"<h1 class=\"news-title\">Este lunes comienza afiliaci\u00f3n de trabajadoras del hogar al IMSS<\/h1>\n<p>Por Redacci\u00f3n QP<\/p>\n<header class=\"news-header\">\n<div class=\"news-subtitle\">\n<p>El programa piloto tendr\u00e1 una duraci\u00f3n de 18 meses y en este periodo estar\u00e1 sujeto a evaluaci\u00f3n<\/p>\n<\/div>\n<\/header>\n<div class=\"news-content\">\n<div class=\"news-body row\">\n<p>A partir de ma\u00f1ana lunes arranca operaciones el programa piloto con el que el Instituto Mexicano del Seguro Social (IMSS) afiliar\u00e1 a trabajadores del hogar y con el que en palabras de su director Germ\u00e1n Mart\u00ednez C\u00e1zares se empieza &#8220;a pagar la deuda de a\u00f1os de lucha y humillaciones&#8221; contra este gremio.<\/p>\n<p>En la explanada del Hospital de Especialidades del Centro M\u00e9dico Nacional Siglo XXI, el funcionario inform\u00f3 que este piloto tendr\u00e1 una duraci\u00f3n de 18 meses y en este periodo estar\u00e1 sujeto a evaluaci\u00f3n que servir\u00e1 para plantear una estrategia definitiva con la que se pueda asegurar a mujeres y hombres que trabajen en el hogar.<\/p>\n<blockquote class=\"twitter-tweet\" data-width=\"550\" data-dnt=\"true\">\n<p lang=\"es\" dir=\"ltr\">\u00a1Ahora s\u00ed! Pasos para inscripci\u00f3n al Programa Piloto de Personas <a href=\"https:\/\/twitter.com\/hashtag\/TrabajadorasDelHogar?src=hash&amp;ref_src=twsrc%5Etfw\">#TrabajadorasDelHogar<\/a>. <a href=\"https:\/\/twitter.com\/hashtag\/ConSeguroTrabajasMejor?src=hash&amp;ref_src=twsrc%5Etfw\">#ConSeguroTrabajasMejor<\/a> <a href=\"https:\/\/t.co\/WUYEyWoILY\">pic.twitter.com\/WUYEyWoILY<\/a><\/p>\n<p>&mdash; IMSS \uea00 (@Tu_IMSS) <a href=\"https:\/\/twitter.com\/Tu_IMSS\/status\/1112459553038323713?ref_src=twsrc%5Etfw\">March 31, 2019<\/a><\/p><\/blockquote>\n<p><script async src=\"https:\/\/platform.twitter.com\/widgets.js\" charset=\"utf-8\"><\/script><\/p>\n<p><strong>&#8220;En 18 meses yo tengo que llevar esto al Congreso, ayuden a publicitar el programa para que m\u00e1s personas se afilien, para que le entren, nosotros estamos preparados con todas nuestras deficiencias<\/strong>, estamos listos, el programa se va a evaluar y a la mitad de esos 18 meses yo dar\u00e9 un informe de c\u00f3mo va&#8221;, puntualiz\u00f3.<\/p>\n<p>Mart\u00ednez C\u00e1zares detall\u00f3 que a partir de ma\u00f1ana lunes se instalar\u00e1n m\u00f3dulos para brindar asesor\u00eda a las personas que quieran afiliarse.<\/p>\n<p>En su oportunidad, <strong>Luisa Alcalde, titular de la Secretar\u00eda de Trabajo afirm\u00f3 que este piloto ayudar\u00e1 a pagar la deuda hist\u00f3rica que existe con este gremio.<\/strong><\/p>\n<p>&#8220;Estoy muy contenta porque al arrancar con el piloto que incorpora a las trabajadoras del hogar en la seguridad social, pagamos una enorme deuda hist\u00f3rica que ten\u00edamos en este pa\u00eds, el trabajo digno comienza en el hogar&#8221;, coment\u00f3.<\/p>\n<blockquote class=\"twitter-tweet\" data-width=\"550\" data-dnt=\"true\">\n<p lang=\"es\" dir=\"ltr\">\ud83d\udcf8<a href=\"https:\/\/twitter.com\/hashtag\/Galer%C3%ADa?src=hash&amp;ref_src=twsrc%5Etfw\">#Galer\u00eda<\/a> <br \/>As\u00ed fue el lanzamiento del Programa Piloto para Personas <a href=\"https:\/\/twitter.com\/hashtag\/TrabajadorasDelHogar?src=hash&amp;ref_src=twsrc%5Etfw\">#TrabajadorasDelHogar<\/a>. <a href=\"https:\/\/twitter.com\/hashtag\/ConSeguroTrabajasMejor?src=hash&amp;ref_src=twsrc%5Etfw\">#ConSeguroTrabajasMejor<\/a><\/p>\n<p>\u27a1\ufe0f <a href=\"https:\/\/t.co\/Nd6SuPSm07\">https:\/\/t.co\/Nd6SuPSm07<\/a> <a href=\"https:\/\/t.co\/T7M8zvDtMk\">pic.twitter.com\/T7M8zvDtMk<\/a><\/p>\n<p>&mdash; IMSS \uea00 (@Tu_IMSS) <a href=\"https:\/\/twitter.com\/Tu_IMSS\/status\/1112451171434852354?ref_src=twsrc%5Etfw\">March 31, 2019<\/a><\/p><\/blockquote>\n<p><script async src=\"https:\/\/platform.twitter.com\/widgets.js\" charset=\"utf-8\"><\/script><\/p>\n<\/div>\n<\/div>\n","protected":false},"excerpt":{"rendered":"<p>Este lunes comienza afiliaci\u00f3n de trabajadoras del hogar al IMSS<br \/>\nPor Redacci\u00f3n QP<\/p>\n","protected":false},"author":2,"featured_media":22074,"comment_status":"open","ping_status":"open","sticky":false,"template":"","format":"standard","meta":{"_monsterinsights_skip_tracking":false,"_monsterinsights_sitenote_active":false,"_monsterinsights_sitenote_note":"","_monsterinsights_sitenote_category":0,"footnotes":""},"categories":[2],"tags":[],"class_list":["post-22075","post","type-post","status-publish","format-standard","has-post-thumbnail","hentry","category-noticias"],"yoast_head":"<!-- This site is optimized with the Yoast SEO plugin v27.3 - https:\/\/yoast.com\/product\/yoast-seo-wordpress\/ -->\n<title>Este lunes comienza afiliaci\u00f3n de trabajadoras del hogar al IMSS -<\/title>\n<meta name=\"robots\" content=\"index, follow, max-snippet:-1, max-image-preview:large, max-video-preview:-1\" \/>\n<link rel=\"canonical\" href=\"https:\/\/quehacerpolitico.mx\/?p=22075\" \/>\n<meta property=\"og:locale\" content=\"es_MX\" \/>\n<meta property=\"og:type\" content=\"article\" \/>\n<meta property=\"og:title\" content=\"Este lunes comienza afiliaci\u00f3n de trabajadoras del hogar al IMSS -\" \/>\n<meta property=\"og:description\" content=\"Este lunes comienza afiliaci\u00f3n de trabajadoras del hogar al IMSS Por Redacci\u00f3n QP\" \/>\n<meta property=\"og:url\" content=\"https:\/\/quehacerpolitico.mx\/?p=22075\" \/>\n<meta property=\"article:published_time\" content=\"2019-03-31T23:52:57+00:00\" \/>\n<meta name=\"author\" content=\"Redacci\u00f3n QP\" \/>\n<meta name=\"twitter:card\" content=\"summary_large_image\" \/>\n<meta name=\"twitter:label1\" content=\"Escrito por\" \/>\n\t<meta name=\"twitter:data1\" content=\"Redacci\u00f3n QP\" \/>\n\t<meta name=\"twitter:label2\" content=\"Tiempo de lectura\" \/>\n\t<meta name=\"twitter:data2\" content=\"2 minutos\" \/>\n<script type=\"application\/ld+json\" class=\"yoast-schema-graph\">{\"@context\":\"https:\\\/\\\/schema.org\",\"@graph\":[{\"@type\":\"Article\",\"@id\":\"https:\\\/\\\/quehacerpolitico.mx\\\/?p=22075#article\",\"isPartOf\":{\"@id\":\"https:\\\/\\\/quehacerpolitico.mx\\\/?p=22075\"},\"author\":{\"name\":\"Redacci\u00f3n QP\",\"@id\":\"https:\\\/\\\/quehacerpolitico.mx\\\/#\\\/schema\\\/person\\\/496d8ad2d1d3f8036101dca7ee39e585\"},\"headline\":\"Este lunes comienza afiliaci\u00f3n de trabajadoras del hogar al IMSS\",\"datePublished\":\"2019-03-31T23:52:57+00:00\",\"mainEntityOfPage\":{\"@id\":\"https:\\\/\\\/quehacerpolitico.mx\\\/?p=22075\"},\"wordCount\":324,\"commentCount\":0,\"image\":{\"@id\":\"https:\\\/\\\/quehacerpolitico.mx\\\/?p=22075#primaryimage\"},\"thumbnailUrl\":\"\",\"articleSection\":[\"Noticias\"],\"inLanguage\":\"es\",\"potentialAction\":[{\"@type\":\"CommentAction\",\"name\":\"Comment\",\"target\":[\"https:\\\/\\\/quehacerpolitico.mx\\\/?p=22075#respond\"]}]},{\"@type\":\"WebPage\",\"@id\":\"https:\\\/\\\/quehacerpolitico.mx\\\/?p=22075\",\"url\":\"https:\\\/\\\/quehacerpolitico.mx\\\/?p=22075\",\"name\":\"Este lunes comienza afiliaci\u00f3n de trabajadoras del hogar al IMSS -\",\"isPartOf\":{\"@id\":\"https:\\\/\\\/quehacerpolitico.mx\\\/#website\"},\"primaryImageOfPage\":{\"@id\":\"https:\\\/\\\/quehacerpolitico.mx\\\/?p=22075#primaryimage\"},\"image\":{\"@id\":\"https:\\\/\\\/quehacerpolitico.mx\\\/?p=22075#primaryimage\"},\"thumbnailUrl\":\"\",\"datePublished\":\"2019-03-31T23:52:57+00:00\",\"author\":{\"@id\":\"https:\\\/\\\/quehacerpolitico.mx\\\/#\\\/schema\\\/person\\\/496d8ad2d1d3f8036101dca7ee39e585\"},\"breadcrumb\":{\"@id\":\"https:\\\/\\\/quehacerpolitico.mx\\\/?p=22075#breadcrumb\"},\"inLanguage\":\"es\",\"potentialAction\":[{\"@type\":\"ReadAction\",\"target\":[\"https:\\\/\\\/quehacerpolitico.mx\\\/?p=22075\"]}]},{\"@type\":\"ImageObject\",\"inLanguage\":\"es\",\"@id\":\"https:\\\/\\\/quehacerpolitico.mx\\\/?p=22075#primaryimage\",\"url\":\"\",\"contentUrl\":\"\"},{\"@type\":\"BreadcrumbList\",\"@id\":\"https:\\\/\\\/quehacerpolitico.mx\\\/?p=22075#breadcrumb\",\"itemListElement\":[{\"@type\":\"ListItem\",\"position\":1,\"name\":\"Inicio\",\"item\":\"https:\\\/\\\/quehacerpolitico.mx\\\/\"},{\"@type\":\"ListItem\",\"position\":2,\"name\":\"Este lunes comienza afiliaci\u00f3n de trabajadoras del hogar al IMSS\"}]},{\"@type\":\"WebSite\",\"@id\":\"https:\\\/\\\/quehacerpolitico.mx\\\/#website\",\"url\":\"https:\\\/\\\/quehacerpolitico.mx\\\/\",\"name\":\"\",\"description\":\"\",\"potentialAction\":[{\"@type\":\"SearchAction\",\"target\":{\"@type\":\"EntryPoint\",\"urlTemplate\":\"https:\\\/\\\/quehacerpolitico.mx\\\/?s={search_term_string}\"},\"query-input\":{\"@type\":\"PropertyValueSpecification\",\"valueRequired\":true,\"valueName\":\"search_term_string\"}}],\"inLanguage\":\"es\"},{\"@type\":\"Person\",\"@id\":\"https:\\\/\\\/quehacerpolitico.mx\\\/#\\\/schema\\\/person\\\/496d8ad2d1d3f8036101dca7ee39e585\",\"name\":\"Redacci\u00f3n QP\",\"image\":{\"@type\":\"ImageObject\",\"inLanguage\":\"es\",\"@id\":\"https:\\\/\\\/secure.gravatar.com\\\/avatar\\\/c7164ed6fdec453195284ad24a5ae5b6e1eed2b848477fa2a4787ba9adf39a41?s=96&d=mm&r=g\",\"url\":\"https:\\\/\\\/secure.gravatar.com\\\/avatar\\\/c7164ed6fdec453195284ad24a5ae5b6e1eed2b848477fa2a4787ba9adf39a41?s=96&d=mm&r=g\",\"contentUrl\":\"https:\\\/\\\/secure.gravatar.com\\\/avatar\\\/c7164ed6fdec453195284ad24a5ae5b6e1eed2b848477fa2a4787ba9adf39a41?s=96&d=mm&r=g\",\"caption\":\"Redacci\u00f3n QP\"},\"url\":\"https:\\\/\\\/quehacerpolitico.mx\\\/?author=2\"}]}<\/script>\n<!-- \/ Yoast SEO plugin. -->","yoast_head_json":{"title":"Este lunes comienza afiliaci\u00f3n de trabajadoras del hogar al IMSS -","robots":{"index":"index","follow":"follow","max-snippet":"max-snippet:-1","max-image-preview":"max-image-preview:large","max-video-preview":"max-video-preview:-1"},"canonical":"https:\/\/quehacerpolitico.mx\/?p=22075","og_locale":"es_MX","og_type":"article","og_title":"Este lunes comienza afiliaci\u00f3n de trabajadoras del hogar al IMSS -","og_description":"Este lunes comienza afiliaci\u00f3n de trabajadoras del hogar al IMSS Por Redacci\u00f3n QP","og_url":"https:\/\/quehacerpolitico.mx\/?p=22075","article_published_time":"2019-03-31T23:52:57+00:00","author":"Redacci\u00f3n QP","twitter_card":"summary_large_image","twitter_misc":{"Escrito por":"Redacci\u00f3n QP","Tiempo de lectura":"2 minutos"},"schema":{"@context":"https:\/\/schema.org","@graph":[{"@type":"Article","@id":"https:\/\/quehacerpolitico.mx\/?p=22075#article","isPartOf":{"@id":"https:\/\/quehacerpolitico.mx\/?p=22075"},"author":{"name":"Redacci\u00f3n QP","@id":"https:\/\/quehacerpolitico.mx\/#\/schema\/person\/496d8ad2d1d3f8036101dca7ee39e585"},"headline":"Este lunes comienza afiliaci\u00f3n de trabajadoras del hogar al IMSS","datePublished":"2019-03-31T23:52:57+00:00","mainEntityOfPage":{"@id":"https:\/\/quehacerpolitico.mx\/?p=22075"},"wordCount":324,"commentCount":0,"image":{"@id":"https:\/\/quehacerpolitico.mx\/?p=22075#primaryimage"},"thumbnailUrl":"","articleSection":["Noticias"],"inLanguage":"es","potentialAction":[{"@type":"CommentAction","name":"Comment","target":["https:\/\/quehacerpolitico.mx\/?p=22075#respond"]}]},{"@type":"WebPage","@id":"https:\/\/quehacerpolitico.mx\/?p=22075","url":"https:\/\/quehacerpolitico.mx\/?p=22075","name":"Este lunes comienza afiliaci\u00f3n de trabajadoras del hogar al IMSS -","isPartOf":{"@id":"https:\/\/quehacerpolitico.mx\/#website"},"primaryImageOfPage":{"@id":"https:\/\/quehacerpolitico.mx\/?p=22075#primaryimage"},"image":{"@id":"https:\/\/quehacerpolitico.mx\/?p=22075#primaryimage"},"thumbnailUrl":"","datePublished":"2019-03-31T23:52:57+00:00","author":{"@id":"https:\/\/quehacerpolitico.mx\/#\/schema\/person\/496d8ad2d1d3f8036101dca7ee39e585"},"breadcrumb":{"@id":"https:\/\/quehacerpolitico.mx\/?p=22075#breadcrumb"},"inLanguage":"es","potentialAction":[{"@type":"ReadAction","target":["https:\/\/quehacerpolitico.mx\/?p=22075"]}]},{"@type":"ImageObject","inLanguage":"es","@id":"https:\/\/quehacerpolitico.mx\/?p=22075#primaryimage","url":"","contentUrl":""},{"@type":"BreadcrumbList","@id":"https:\/\/quehacerpolitico.mx\/?p=22075#breadcrumb","itemListElement":[{"@type":"ListItem","position":1,"name":"Inicio","item":"https:\/\/quehacerpolitico.mx\/"},{"@type":"ListItem","position":2,"name":"Este lunes comienza afiliaci\u00f3n de trabajadoras del hogar al IMSS"}]},{"@type":"WebSite","@id":"https:\/\/quehacerpolitico.mx\/#website","url":"https:\/\/quehacerpolitico.mx\/","name":"","description":"","potentialAction":[{"@type":"SearchAction","target":{"@type":"EntryPoint","urlTemplate":"https:\/\/quehacerpolitico.mx\/?s={search_term_string}"},"query-input":{"@type":"PropertyValueSpecification","valueRequired":true,"valueName":"search_term_string"}}],"inLanguage":"es"},{"@type":"Person","@id":"https:\/\/quehacerpolitico.mx\/#\/schema\/person\/496d8ad2d1d3f8036101dca7ee39e585","name":"Redacci\u00f3n QP","image":{"@type":"ImageObject","inLanguage":"es","@id":"https:\/\/secure.gravatar.com\/avatar\/c7164ed6fdec453195284ad24a5ae5b6e1eed2b848477fa2a4787ba9adf39a41?s=96&d=mm&r=g","url":"https:\/\/secure.gravatar.com\/avatar\/c7164ed6fdec453195284ad24a5ae5b6e1eed2b848477fa2a4787ba9adf39a41?s=96&d=mm&r=g","contentUrl":"https:\/\/secure.gravatar.com\/avatar\/c7164ed6fdec453195284ad24a5ae5b6e1eed2b848477fa2a4787ba9adf39a41?s=96&d=mm&r=g","caption":"Redacci\u00f3n QP"},"url":"https:\/\/quehacerpolitico.mx\/?author=2"}]}},"featured_image_urls":{"full":"","thumbnail":"","medium":"","medium_large":"","large":"","1536x1536":"","2048x2048":"","covernews-featured":"","covernews-medium":""},"author_info":{"display_name":"Redacci\u00f3n QP","author_link":"https:\/\/quehacerpolitico.mx\/?author=2"},"category_info":"<a href=\"https:\/\/quehacerpolitico.mx\/?cat=2\" rel=\"category\">Noticias<\/a>","tag_info":"Noticias","comment_count":"0","_links":{"self":[{"href":"https:\/\/quehacerpolitico.mx\/index.php?rest_route=\/wp\/v2\/posts\/22075","targetHints":{"allow":["GET"]}}],"collection":[{"href":"https:\/\/quehacerpolitico.mx\/index.php?rest_route=\/wp\/v2\/posts"}],"about":[{"href":"https:\/\/quehacerpolitico.mx\/index.php?rest_route=\/wp\/v2\/types\/post"}],"author":[{"embeddable":true,"href":"https:\/\/quehacerpolitico.mx\/index.php?rest_route=\/wp\/v2\/users\/2"}],"replies":[{"embeddable":true,"href":"https:\/\/quehacerpolitico.mx\/index.php?rest_route=%2Fwp%2Fv2%2Fcomments&post=22075"}],"version-history":[{"count":0,"href":"https:\/\/quehacerpolitico.mx\/index.php?rest_route=\/wp\/v2\/posts\/22075\/revisions"}],"wp:featuredmedia":[{"embeddable":true,"href":"https:\/\/quehacerpolitico.mx\/index.php?rest_route=\/"}],"wp:attachment":[{"href":"https:\/\/quehacerpolitico.mx\/index.php?rest_route=%2Fwp%2Fv2%2Fmedia&parent=22075"}],"wp:term":[{"taxonomy":"category","embeddable":true,"href":"https:\/\/quehacerpolitico.mx\/index.php?rest_route=%2Fwp%2Fv2%2Fcategories&post=22075"},{"taxonomy":"post_tag","embeddable":true,"href":"https:\/\/quehacerpolitico.mx\/index.php?rest_route=%2Fwp%2Fv2%2Ftags&post=22075"}],"curies":[{"name":"wp","href":"https:\/\/api.w.org\/{rel}","templated":true}]}}