{"id":22066,"date":"2019-03-31T18:24:27","date_gmt":"2019-03-31T18:24:27","guid":{"rendered":"http:\/\/quehacerpolitico.mx\/amlo-promete-a-los-maestros-desde-la-huasteca-que-la-reforma-educativa-chupo-faros\/"},"modified":"2019-03-31T18:24:27","modified_gmt":"2019-03-31T18:24:27","slug":"amlo-promete-a-los-maestros-desde-la-huasteca-que-la-reforma-educativa-chupo-faros","status":"publish","type":"post","link":"https:\/\/quehacerpolitico.mx\/?p=22066","title":{"rendered":"AMLO promete a los maestros desde la Huasteca que la Reforma Educativa \u201cChupo Faros\u201d"},"content":{"rendered":"<p>AMLO promete a los maestros desde la Huasteca que la Reforma Educativa \u201cChupo Faros\u201d<\/p>\n<p>Por Redacci\u00f3n QP<\/p>\n<p>El <strong>Presidente Andr\u00e9s Manuel L\u00f3pez Obrador<\/strong> prometi\u00f3 a los maestros, desde la Huasteca Potosina donde realiza una gira, que \u201cla mal llamada Reforma Educativa ya chup\u00f3 Faros\u201d.<\/p>\n<blockquote>\n<p class=\"p1\">El mandatario se dirigi\u00f3 a las y los docentes, les dijo \u201cestamos cumpliendo\u201d, y continu\u00f3:\u00a0 \u201cEst\u00e1 por cancelarse la Reforma Educativa, eso ya chup\u00f3 faros\u201d.<\/p>\n<\/blockquote>\n<p><strong>L\u00f3pez Obrador\u00a0<\/strong>acudi\u00f3 hoy al\u00a0Centro Cultural de la Huasteca Potosina, en\u00a0Ciudad Valles, San Luis Potos\u00ed, a donde acudi\u00f3 para entregar apoyos de los Programas Integrales de Bienestar. Desde ah\u00ed refrend\u00f3 su compromiso con las promesas de campa\u00f1a.<\/p>\n<p class=\"p2\">\u201cNo llegamos a la presidencia despu\u00e9s de haber luchado tanto tiempo para hacer lo mismo, no les vamos a fallar\u201d, se comprometi\u00f3 el mandatario.<\/p>\n<p class=\"p1\">El Presidente refrend\u00f3 su compromiso de gobernar en \u201cplaza p\u00fablica\u201d y acudir a San Luis y\u00a0 otros estados del pa\u00eds para informar sobre los avances del Gobierno. Dijo que envi\u00f3 hoy un mensaje a Esteban Moctezuma, Secretario de Educaci\u00f3n, para apoyar un programa de bandas de guerra en las escuelas.<\/p>\n<p class=\"p1\">\u201cTenemos que saber todos c\u00f3mo est\u00e1 el presupuesto, antes no se sab\u00eda, pero hoy queremos que se sepa qu\u00e9 le corresponde al pueblo. Decirle que vamos a llevar acciones importantes para el bienestar, porque eso es lo m\u00e1s importante, que ellos tengan para lo indispensable. Hay que atender a todos, pero hay que darle prioridad a los humildes\u201d, expuso.<\/p>\n<p class=\"p1\">Por eso, dijo que se dar\u00e1 apoyo como nunca a las personas. \u201cAhora tenemos la f\u00f3rmula: acabar con al corrupci\u00f3n y la impunidad\u201d. Asegur\u00f3 que antes solo se repart\u00eda riqueza a los pobres en \u00e9poca electoral, lo que su administraci\u00f3n terminar\u00e1. \u201cPor eso vengo a decirles que no le vamos a quedar a deber nada al pueblo de M\u00e9xico\u201d, dijo.<\/p>\n<p class=\"p1\">\u201cSon muchos los pendiente y retomando una frase de Madero, el pueblo de M\u00e9xico est\u00e1<span class=\"Apple-converted-space\">\u00a0 <\/span>sediento de justicia\u201d<\/p>\n<p class=\"p1\">Festej\u00f3 que el apoyo a adultos mayores sea de m\u00e1s de 2 mil 550 pesos, las personas ind\u00edgenas lo reciben desde que tienen 65 a\u00f1os y en otros lugares del pa\u00eds desde los 68.<\/p>\n<p class=\"p1\">Record\u00f3 que se realiza un censo para identificar a las y los adultos mayores y a las personas con discapacidad, as\u00ed como con las personas j\u00f3venes. \u201cNo pasar el dinero por el gobierno, ese fue un consejo que me dieron mis asesores, los adultos mayores, a los que escucho siempre, me dijeron, no entregues el dinero a trav\u00e9s del<span class=\"Apple-converted-space\">\u00a0 <\/span>Gobierno, por eso desde la tesorer\u00eda bajar\u00e1 el dinero a quien lo necesite.<\/p>\n<p class=\"p1\">Dijo que solo en Ciudad Valles hay 6 mil 021 estudiantes de nivel medio superior recibir\u00e1n una beca de mil 600 pesos cada dos meses y ser\u00e1n 869 becas para estudiantes de universidades.<\/p>\n<p class=\"p1\">Defendi\u00f3 la creaci\u00f3n del programa j\u00f3venes construyendo el futuro, donde se les pasar\u00e1 a los j\u00f3venes mientras se les capacita como aprendices. Dijo que no hay limites para solicitantes porque se tienen contemplados 44 mil millones de pesos para dicho programa.<\/p>\n<p class=\"p1\">Dijo que la pobreza se desat\u00f3 porque se abandon\u00f3 al campo y los j\u00f3venes, que la violencia no se enfrentar\u00e1 con m\u00e1s violencia.<\/p>\n<p class=\"p1\">Asegur\u00f3 que las cosas cambiar\u00e1n con bienestar para el pueblo, garantizando que todas y todos tengan oportunidades de trabajo, lo que ayudar\u00e1 a resolver el problema de la inseguridad; y \u201cpintar claramente la ralla aqu\u00ed la delincuencia y aqu\u00ed la autoridad, nada de que se algo mismo la delincuencia y la autoridad\u201d.<\/p>\n<p class=\"p1\">Opin\u00f3 que la huasteca es un ejemplo de la deficiencia de la pol\u00edtica neoliberal, destac\u00f3 la riqueza natural e la zona, como el agua, las tradiciones, la cultura, pero la poblaci\u00f3n tiene que emigrar. \u201cLa huasteca es una regi\u00f3n rica con pueblo pobre, lament\u00f3\u201d.<\/p>\n<p class=\"p1\">Afirm\u00f3 que por ello se apoyar\u00e1 el campo, a ejidatarios y peque\u00f1os propietarios, adem\u00e1s de a\u00f1adirse a ca\u00f1eros y fijar un precio justo para el productos del campo.<\/p>\n<p class=\"p1\">Que la tonelada de ma\u00edz se pagar\u00e1 en 5 mil 610 pesos, el arroz 6 mil 120 la<span class=\"Apple-converted-space\">\u00a0 <\/span>tonelada, trigo 5 mil 790 pesos, frijol 14 mil 500 pesos la tonelada. El litor de leche a 8 pesos con 20 centavos apra el productor,<\/p>\n<p class=\"p1\">Inform\u00f3 que en la huasteca se sembrar\u00e1n 6 mil hect\u00e1reas de \u00e1rboles frutales y maderables, dijo que 40 mil campesino ser\u00e1n contratados de manera permanente para esa tarea con jornales de 5 mil pesos mensuales. Que las personas con tierras podr\u00e1n cultivarlos y que no se tratar\u00e1 de cr\u00e9ditos. \u201cSeis a\u00f1os con 40 mil empleos, queremos que a la gente se le deje con eso trabajos, que la gente no tenga que irse por necesidad. Buscamos la migraci\u00f3n voluntaria\u201d.<\/p>\n<p class=\"p1\">Dijo que se entregar\u00e1n cr\u00e9ditos a las personas en el mercado informal, \u201cgracias a la econom\u00eda informal fue que el fracaso de la econom\u00eda neoliberal no explot\u00f3\u201d, asegur\u00f3.<\/p>\n<p class=\"p1\">\u201cVamos a entregar cr\u00e9ditos a la palabra, la mayor riqueza de M\u00e9xico es la honestidad de su pueblo\u201d, dijo sobre la entrega de apoyos.<\/p>\n<p class=\"p1\">Dijo que se comprometi\u00f3 con el Gobernador de Ciudad Valles para pensar en un aeropuerto, por lo que har\u00e1n todo lo posible para fomentar el turismo en la zona por todos los beneficios que trae.<\/p>\n<p class=\"p2\"><strong>AMLO EN SLP<\/strong><\/p>\n<p>Ayer, el mandatario encabez\u00f3 en el municipio de Aquism\u00f3n la presentaci\u00f3n del\u00a0Sistema de Universidades Benito Ju\u00e1rez, ah\u00ed lo acompa\u00f1\u00f3 el Gobernador de la entidad, Juan Manuel Carreras y la Secretaria del Bienestar, Maria Luisa Albores.<\/p>\n<p>L\u00f3pez Obrador tambi\u00e9n consider\u00f3 que la anterior administraci\u00f3n le dej\u00f3 \u201cun elefante reum\u00e1tico\u201d que estaba hecho para \u201cfacilitar el saqueo, el robo, la corrupci\u00f3n\u201d.<\/p>\n<p>\u201cEl Gobierno no estaba hecho para apoyar al pueblo, el Gobierno estaba hecho para facilitar el saqueo, el robo, para la corrupci\u00f3n\u201d, se\u00f1al\u00f3 durante el evento en Aquism\u00f3n.<\/p>\n<p>Sin embargo, dijo que con el apoyo de todos le va a quitar \u201clas reumas\u201d al Gobierno y va a caminar.<\/p>\n<p>https:\/\/www.facebook.com\/lopezobrador.org.mx\/videos\/605384656591707\/<\/p>\n","protected":false},"excerpt":{"rendered":"<p>AMLO promete a los maestros desde la Huasteca que la Reforma Educativa \u201cChupo Faros\u201d<br \/>\nPor Redacci\u00f3n QP<\/p>\n","protected":false},"author":2,"featured_media":22065,"comment_status":"open","ping_status":"open","sticky":false,"template":"","format":"standard","meta":{"_monsterinsights_skip_tracking":false,"_monsterinsights_sitenote_active":false,"_monsterinsights_sitenote_note":"","_monsterinsights_sitenote_category":0,"footnotes":""},"categories":[2],"tags":[],"class_list":["post-22066","post","type-post","status-publish","format-standard","has-post-thumbnail","hentry","category-noticias"],"yoast_head":"<!-- This site is optimized with the Yoast SEO plugin v27.3 - https:\/\/yoast.com\/product\/yoast-seo-wordpress\/ -->\n<title>AMLO promete a los maestros desde la Huasteca que la Reforma Educativa \u201cChupo Faros\u201d -<\/title>\n<meta name=\"robots\" content=\"index, follow, max-snippet:-1, max-image-preview:large, max-video-preview:-1\" \/>\n<link rel=\"canonical\" href=\"https:\/\/quehacerpolitico.mx\/?p=22066\" \/>\n<meta property=\"og:locale\" content=\"es_MX\" \/>\n<meta property=\"og:type\" content=\"article\" \/>\n<meta property=\"og:title\" content=\"AMLO promete a los maestros desde la Huasteca que la Reforma Educativa \u201cChupo Faros\u201d -\" \/>\n<meta property=\"og:description\" content=\"AMLO promete a los maestros desde la Huasteca que la Reforma Educativa \u201cChupo Faros\u201d Por Redacci\u00f3n QP\" \/>\n<meta property=\"og:url\" content=\"https:\/\/quehacerpolitico.mx\/?p=22066\" \/>\n<meta property=\"article:published_time\" content=\"2019-03-31T18:24:27+00:00\" \/>\n<meta name=\"author\" content=\"Redacci\u00f3n QP\" \/>\n<meta name=\"twitter:card\" content=\"summary_large_image\" \/>\n<meta name=\"twitter:label1\" content=\"Escrito por\" \/>\n\t<meta name=\"twitter:data1\" content=\"Redacci\u00f3n QP\" \/>\n\t<meta name=\"twitter:label2\" content=\"Tiempo de lectura\" \/>\n\t<meta name=\"twitter:data2\" content=\"5 minutos\" \/>\n<script type=\"application\/ld+json\" class=\"yoast-schema-graph\">{\"@context\":\"https:\\\/\\\/schema.org\",\"@graph\":[{\"@type\":\"Article\",\"@id\":\"https:\\\/\\\/quehacerpolitico.mx\\\/?p=22066#article\",\"isPartOf\":{\"@id\":\"https:\\\/\\\/quehacerpolitico.mx\\\/?p=22066\"},\"author\":{\"name\":\"Redacci\u00f3n QP\",\"@id\":\"https:\\\/\\\/quehacerpolitico.mx\\\/#\\\/schema\\\/person\\\/496d8ad2d1d3f8036101dca7ee39e585\"},\"headline\":\"AMLO promete a los maestros desde la Huasteca que la Reforma Educativa \u201cChupo Faros\u201d\",\"datePublished\":\"2019-03-31T18:24:27+00:00\",\"mainEntityOfPage\":{\"@id\":\"https:\\\/\\\/quehacerpolitico.mx\\\/?p=22066\"},\"wordCount\":1033,\"commentCount\":0,\"image\":{\"@id\":\"https:\\\/\\\/quehacerpolitico.mx\\\/?p=22066#primaryimage\"},\"thumbnailUrl\":\"\",\"articleSection\":[\"Noticias\"],\"inLanguage\":\"es\",\"potentialAction\":[{\"@type\":\"CommentAction\",\"name\":\"Comment\",\"target\":[\"https:\\\/\\\/quehacerpolitico.mx\\\/?p=22066#respond\"]}]},{\"@type\":\"WebPage\",\"@id\":\"https:\\\/\\\/quehacerpolitico.mx\\\/?p=22066\",\"url\":\"https:\\\/\\\/quehacerpolitico.mx\\\/?p=22066\",\"name\":\"AMLO promete a los maestros desde la Huasteca que la Reforma Educativa \u201cChupo Faros\u201d -\",\"isPartOf\":{\"@id\":\"https:\\\/\\\/quehacerpolitico.mx\\\/#website\"},\"primaryImageOfPage\":{\"@id\":\"https:\\\/\\\/quehacerpolitico.mx\\\/?p=22066#primaryimage\"},\"image\":{\"@id\":\"https:\\\/\\\/quehacerpolitico.mx\\\/?p=22066#primaryimage\"},\"thumbnailUrl\":\"\",\"datePublished\":\"2019-03-31T18:24:27+00:00\",\"author\":{\"@id\":\"https:\\\/\\\/quehacerpolitico.mx\\\/#\\\/schema\\\/person\\\/496d8ad2d1d3f8036101dca7ee39e585\"},\"breadcrumb\":{\"@id\":\"https:\\\/\\\/quehacerpolitico.mx\\\/?p=22066#breadcrumb\"},\"inLanguage\":\"es\",\"potentialAction\":[{\"@type\":\"ReadAction\",\"target\":[\"https:\\\/\\\/quehacerpolitico.mx\\\/?p=22066\"]}]},{\"@type\":\"ImageObject\",\"inLanguage\":\"es\",\"@id\":\"https:\\\/\\\/quehacerpolitico.mx\\\/?p=22066#primaryimage\",\"url\":\"\",\"contentUrl\":\"\"},{\"@type\":\"BreadcrumbList\",\"@id\":\"https:\\\/\\\/quehacerpolitico.mx\\\/?p=22066#breadcrumb\",\"itemListElement\":[{\"@type\":\"ListItem\",\"position\":1,\"name\":\"Inicio\",\"item\":\"https:\\\/\\\/quehacerpolitico.mx\\\/\"},{\"@type\":\"ListItem\",\"position\":2,\"name\":\"AMLO promete a los maestros desde la Huasteca que la Reforma Educativa \u201cChupo Faros\u201d\"}]},{\"@type\":\"WebSite\",\"@id\":\"https:\\\/\\\/quehacerpolitico.mx\\\/#website\",\"url\":\"https:\\\/\\\/quehacerpolitico.mx\\\/\",\"name\":\"\",\"description\":\"\",\"potentialAction\":[{\"@type\":\"SearchAction\",\"target\":{\"@type\":\"EntryPoint\",\"urlTemplate\":\"https:\\\/\\\/quehacerpolitico.mx\\\/?s={search_term_string}\"},\"query-input\":{\"@type\":\"PropertyValueSpecification\",\"valueRequired\":true,\"valueName\":\"search_term_string\"}}],\"inLanguage\":\"es\"},{\"@type\":\"Person\",\"@id\":\"https:\\\/\\\/quehacerpolitico.mx\\\/#\\\/schema\\\/person\\\/496d8ad2d1d3f8036101dca7ee39e585\",\"name\":\"Redacci\u00f3n QP\",\"image\":{\"@type\":\"ImageObject\",\"inLanguage\":\"es\",\"@id\":\"https:\\\/\\\/secure.gravatar.com\\\/avatar\\\/c7164ed6fdec453195284ad24a5ae5b6e1eed2b848477fa2a4787ba9adf39a41?s=96&d=mm&r=g\",\"url\":\"https:\\\/\\\/secure.gravatar.com\\\/avatar\\\/c7164ed6fdec453195284ad24a5ae5b6e1eed2b848477fa2a4787ba9adf39a41?s=96&d=mm&r=g\",\"contentUrl\":\"https:\\\/\\\/secure.gravatar.com\\\/avatar\\\/c7164ed6fdec453195284ad24a5ae5b6e1eed2b848477fa2a4787ba9adf39a41?s=96&d=mm&r=g\",\"caption\":\"Redacci\u00f3n QP\"},\"url\":\"https:\\\/\\\/quehacerpolitico.mx\\\/?author=2\"}]}<\/script>\n<!-- \/ Yoast SEO plugin. -->","yoast_head_json":{"title":"AMLO promete a los maestros desde la Huasteca que la Reforma Educativa \u201cChupo Faros\u201d -","robots":{"index":"index","follow":"follow","max-snippet":"max-snippet:-1","max-image-preview":"max-image-preview:large","max-video-preview":"max-video-preview:-1"},"canonical":"https:\/\/quehacerpolitico.mx\/?p=22066","og_locale":"es_MX","og_type":"article","og_title":"AMLO promete a los maestros desde la Huasteca que la Reforma Educativa \u201cChupo Faros\u201d -","og_description":"AMLO promete a los maestros desde la Huasteca que la Reforma Educativa \u201cChupo Faros\u201d Por Redacci\u00f3n QP","og_url":"https:\/\/quehacerpolitico.mx\/?p=22066","article_published_time":"2019-03-31T18:24:27+00:00","author":"Redacci\u00f3n QP","twitter_card":"summary_large_image","twitter_misc":{"Escrito por":"Redacci\u00f3n QP","Tiempo de lectura":"5 minutos"},"schema":{"@context":"https:\/\/schema.org","@graph":[{"@type":"Article","@id":"https:\/\/quehacerpolitico.mx\/?p=22066#article","isPartOf":{"@id":"https:\/\/quehacerpolitico.mx\/?p=22066"},"author":{"name":"Redacci\u00f3n QP","@id":"https:\/\/quehacerpolitico.mx\/#\/schema\/person\/496d8ad2d1d3f8036101dca7ee39e585"},"headline":"AMLO promete a los maestros desde la Huasteca que la Reforma Educativa \u201cChupo Faros\u201d","datePublished":"2019-03-31T18:24:27+00:00","mainEntityOfPage":{"@id":"https:\/\/quehacerpolitico.mx\/?p=22066"},"wordCount":1033,"commentCount":0,"image":{"@id":"https:\/\/quehacerpolitico.mx\/?p=22066#primaryimage"},"thumbnailUrl":"","articleSection":["Noticias"],"inLanguage":"es","potentialAction":[{"@type":"CommentAction","name":"Comment","target":["https:\/\/quehacerpolitico.mx\/?p=22066#respond"]}]},{"@type":"WebPage","@id":"https:\/\/quehacerpolitico.mx\/?p=22066","url":"https:\/\/quehacerpolitico.mx\/?p=22066","name":"AMLO promete a los maestros desde la Huasteca que la Reforma Educativa \u201cChupo Faros\u201d -","isPartOf":{"@id":"https:\/\/quehacerpolitico.mx\/#website"},"primaryImageOfPage":{"@id":"https:\/\/quehacerpolitico.mx\/?p=22066#primaryimage"},"image":{"@id":"https:\/\/quehacerpolitico.mx\/?p=22066#primaryimage"},"thumbnailUrl":"","datePublished":"2019-03-31T18:24:27+00:00","author":{"@id":"https:\/\/quehacerpolitico.mx\/#\/schema\/person\/496d8ad2d1d3f8036101dca7ee39e585"},"breadcrumb":{"@id":"https:\/\/quehacerpolitico.mx\/?p=22066#breadcrumb"},"inLanguage":"es","potentialAction":[{"@type":"ReadAction","target":["https:\/\/quehacerpolitico.mx\/?p=22066"]}]},{"@type":"ImageObject","inLanguage":"es","@id":"https:\/\/quehacerpolitico.mx\/?p=22066#primaryimage","url":"","contentUrl":""},{"@type":"BreadcrumbList","@id":"https:\/\/quehacerpolitico.mx\/?p=22066#breadcrumb","itemListElement":[{"@type":"ListItem","position":1,"name":"Inicio","item":"https:\/\/quehacerpolitico.mx\/"},{"@type":"ListItem","position":2,"name":"AMLO promete a los maestros desde la Huasteca que la Reforma Educativa \u201cChupo Faros\u201d"}]},{"@type":"WebSite","@id":"https:\/\/quehacerpolitico.mx\/#website","url":"https:\/\/quehacerpolitico.mx\/","name":"","description":"","potentialAction":[{"@type":"SearchAction","target":{"@type":"EntryPoint","urlTemplate":"https:\/\/quehacerpolitico.mx\/?s={search_term_string}"},"query-input":{"@type":"PropertyValueSpecification","valueRequired":true,"valueName":"search_term_string"}}],"inLanguage":"es"},{"@type":"Person","@id":"https:\/\/quehacerpolitico.mx\/#\/schema\/person\/496d8ad2d1d3f8036101dca7ee39e585","name":"Redacci\u00f3n QP","image":{"@type":"ImageObject","inLanguage":"es","@id":"https:\/\/secure.gravatar.com\/avatar\/c7164ed6fdec453195284ad24a5ae5b6e1eed2b848477fa2a4787ba9adf39a41?s=96&d=mm&r=g","url":"https:\/\/secure.gravatar.com\/avatar\/c7164ed6fdec453195284ad24a5ae5b6e1eed2b848477fa2a4787ba9adf39a41?s=96&d=mm&r=g","contentUrl":"https:\/\/secure.gravatar.com\/avatar\/c7164ed6fdec453195284ad24a5ae5b6e1eed2b848477fa2a4787ba9adf39a41?s=96&d=mm&r=g","caption":"Redacci\u00f3n QP"},"url":"https:\/\/quehacerpolitico.mx\/?author=2"}]}},"featured_image_urls":{"full":"","thumbnail":"","medium":"","medium_large":"","large":"","1536x1536":"","2048x2048":"","covernews-featured":"","covernews-medium":""},"author_info":{"display_name":"Redacci\u00f3n QP","author_link":"https:\/\/quehacerpolitico.mx\/?author=2"},"category_info":"<a href=\"https:\/\/quehacerpolitico.mx\/?cat=2\" rel=\"category\">Noticias<\/a>","tag_info":"Noticias","comment_count":"0","_links":{"self":[{"href":"https:\/\/quehacerpolitico.mx\/index.php?rest_route=\/wp\/v2\/posts\/22066","targetHints":{"allow":["GET"]}}],"collection":[{"href":"https:\/\/quehacerpolitico.mx\/index.php?rest_route=\/wp\/v2\/posts"}],"about":[{"href":"https:\/\/quehacerpolitico.mx\/index.php?rest_route=\/wp\/v2\/types\/post"}],"author":[{"embeddable":true,"href":"https:\/\/quehacerpolitico.mx\/index.php?rest_route=\/wp\/v2\/users\/2"}],"replies":[{"embeddable":true,"href":"https:\/\/quehacerpolitico.mx\/index.php?rest_route=%2Fwp%2Fv2%2Fcomments&post=22066"}],"version-history":[{"count":0,"href":"https:\/\/quehacerpolitico.mx\/index.php?rest_route=\/wp\/v2\/posts\/22066\/revisions"}],"wp:featuredmedia":[{"embeddable":true,"href":"https:\/\/quehacerpolitico.mx\/index.php?rest_route=\/"}],"wp:attachment":[{"href":"https:\/\/quehacerpolitico.mx\/index.php?rest_route=%2Fwp%2Fv2%2Fmedia&parent=22066"}],"wp:term":[{"taxonomy":"category","embeddable":true,"href":"https:\/\/quehacerpolitico.mx\/index.php?rest_route=%2Fwp%2Fv2%2Fcategories&post=22066"},{"taxonomy":"post_tag","embeddable":true,"href":"https:\/\/quehacerpolitico.mx\/index.php?rest_route=%2Fwp%2Fv2%2Ftags&post=22066"}],"curies":[{"name":"wp","href":"https:\/\/api.w.org\/{rel}","templated":true}]}}