{"id":22056,"date":"2019-03-31T17:55:27","date_gmt":"2019-03-31T17:55:27","guid":{"rendered":"http:\/\/quehacerpolitico.mx\/sin-transparentar-boletos-de-los-vuelos-de-lopez-obrador\/"},"modified":"2019-03-31T17:55:27","modified_gmt":"2019-03-31T17:55:27","slug":"sin-transparentar-boletos-de-los-vuelos-de-lopez-obrador","status":"publish","type":"post","link":"https:\/\/quehacerpolitico.mx\/?p=22056","title":{"rendered":"Sin transparentar, boletos de los vuelos de L\u00f3pez Obrador"},"content":{"rendered":"<div class=\"news-header-top\">\n<div class=\"news-data\">\n<h1 class=\"news-title\">Sin transparentar, boletos de los vuelos de L\u00f3pez Obrador<\/h1>\n<\/div>\n<\/div>\n<div class=\"news-subtitle\">Por Redacci\u00f3n QP<\/div>\n<div>\n<header class=\"news-header\">\n<div class=\"news-subtitle\">\n<p>La oficina de la presidencia se\u00f1al\u00f3 que los boletos de avi\u00f3n no son documentos que deban formar parte de la comprobaci\u00f3n de gastos del Presidente<\/p>\n<\/div>\n<\/header>\n<div class=\"news-content\">\n<div class=\"news-body row\">\n<p>La Oficina de la Presidencia evadi\u00f3 transparentar copias de los boletos de avi\u00f3n que se han comprado para los vuelos en aerol\u00edneas comerciales del Presidente de M\u00e9xico, Andres Manuel L\u00f3pez Obrador.<\/p>\n<p>El Universal hizo diversas solicitudes de informaci\u00f3n a la Oficina de la Presidencia, v\u00eda la Plataforma Nacional de Transparencia (PNT), <strong>pero se omiti\u00f3 dar respuesta al respecto bajo el argumento de que los boletos de avi\u00f3n no son documentos que deban formar parte de la comprobaci\u00f3n de gastos del Presidente<\/strong>.<\/p>\n<p>En un recurso de revisi\u00f3n con folio <a href=\"tel:0210000011419\">0210000011419<\/a>, la oficina respondi\u00f3 a la PNT que: &#8220;En relaci\u00f3n con la manifestaci\u00f3n con antelaci\u00f3n, me permito manifestar que resultan infundados tales argumentos, <strong>debido a que los boletos de avi\u00f3n no son documentos que deban formar parte de la comprobaci\u00f3n de gastos, ya que no es un requisito que se encuentra establecido en las Disposiciones Administrativas de la Oficina de la Presidencia de la Rep\u00fablica<\/strong>&#8220;.<\/p>\n<p>\u00danicamente se dio una respuesta parcial a la solicitud de informaci\u00f3n siguiente: &#8220;Quisiera que me proporcionen copias simples de los boletos de avi\u00f3n y el precio de cada uno de los tickets que se han comprado para el Presidente Andr\u00e9s Manuel L\u00f3pez Obrador y la Ayudant\u00eda. As\u00ed como un desglose de los estados y el asunto que fue a tratar en cada una de las entidades el Presidente L\u00f3pez Obrador desde el inicio de su administraci\u00f3n, el 1 de diciembre de 2018, y hasta la fecha de ingreso de esta solicitud de informaci\u00f3n&#8221;.<\/p>\n<p>A inicios de a\u00f1o, la Plataforma Nacional de Transparencia registr\u00f3 la solicitud de informaci\u00f3n con el folio <a href=\"tel:0210000011419\">0210000011419<\/a>, <strong>en la que la Direcci\u00f3n General de Finanzas y Presupuesto del gobierno federal precis\u00f3 que desde el inicio de la administraci\u00f3n de L\u00f3pez Obrador, el 1 de diciembre de 2018, y hasta el 7 de enero de este a\u00f1o, el Jefe del Ejecutivo federal erog\u00f3 por el concepto de boletos de avi\u00f3n la cantidad de 143 mil 572 pesos<\/strong>.<\/p>\n<p>Desde entonces, la Direcci\u00f3n General de Finanzas de la Presidencia respondi\u00f3 de manera parcial, puesto que evit\u00f3 proporcionar copias simples de los boletos de avi\u00f3n.<\/p>\n<p>&#8220;Sobre el particular, me permito hacer de su conocimiento que la Direcci\u00f3n General de Finanzas y Presupuesto resulta parcialmente competente para atender la solicitud que nos ocupa, \u00fanicamente en cuanto a lo gastado en boletos de avi\u00f3n y vi\u00e1ticos, as\u00ed como el precio de cada boleto, del 1 de diciembre 2018 al 7 de enero de 2019&#8221;, respondi\u00f3 la Direcci\u00f3n General de Finanzas y Presupuesto.<\/p>\n<p><strong>Los registros f\u00edsicos y electr\u00f3nicos de esa direcci\u00f3n \u00fanicamente contienen el gasto de los boletos de avi\u00f3n y vi\u00e1ticos del Presidente Andr\u00e9s Manuel L\u00f3pez Obrador, dejando a un lado los costos de hoteles<\/strong>.<\/p>\n<p>Desde el inicio de su administraci\u00f3n, L\u00f3pez Obrador ha viajado en avi\u00f3n comercial, puesto que puso a la venta la aeronave presidencial, TP01 Jos\u00e9 Mar\u00eda Morelos y Pavon, que utilizaba el expresidente Enrique Pe\u00f1a Nieto.<\/p>\n<p>El boleto de avi\u00f3n m\u00e1s caro que se ha comprado para las giras del Mandatario a alg\u00fan estado de la Rep\u00fablica tuvieron un costo de aproximadamente 20 mil pesos. Mientras que los boletos m\u00e1s baratos en aerol\u00ednea comercial fueron de mil 383 pesos por un viaje.<\/p>\n<\/div>\n<\/div>\n<\/div>\n","protected":false},"excerpt":{"rendered":"<p>Sin transparentar, boletos de los vuelos de L\u00f3pez Obrador<br \/>\nPor Redacci\u00f3n QP<\/p>\n","protected":false},"author":2,"featured_media":22055,"comment_status":"open","ping_status":"open","sticky":false,"template":"","format":"standard","meta":{"_monsterinsights_skip_tracking":false,"_monsterinsights_sitenote_active":false,"_monsterinsights_sitenote_note":"","_monsterinsights_sitenote_category":0,"footnotes":""},"categories":[2],"tags":[],"class_list":["post-22056","post","type-post","status-publish","format-standard","has-post-thumbnail","hentry","category-noticias"],"yoast_head":"<!-- This site is optimized with the Yoast SEO plugin v27.3 - https:\/\/yoast.com\/product\/yoast-seo-wordpress\/ -->\n<title>Sin transparentar, boletos de los vuelos de L\u00f3pez Obrador -<\/title>\n<meta name=\"robots\" content=\"index, follow, max-snippet:-1, max-image-preview:large, max-video-preview:-1\" \/>\n<link rel=\"canonical\" href=\"https:\/\/quehacerpolitico.mx\/?p=22056\" \/>\n<meta property=\"og:locale\" content=\"es_MX\" \/>\n<meta property=\"og:type\" content=\"article\" \/>\n<meta property=\"og:title\" content=\"Sin transparentar, boletos de los vuelos de L\u00f3pez Obrador -\" \/>\n<meta property=\"og:description\" content=\"Sin transparentar, boletos de los vuelos de L\u00f3pez Obrador Por Redacci\u00f3n QP\" \/>\n<meta property=\"og:url\" content=\"https:\/\/quehacerpolitico.mx\/?p=22056\" \/>\n<meta property=\"article:published_time\" content=\"2019-03-31T17:55:27+00:00\" \/>\n<meta name=\"author\" content=\"Redacci\u00f3n QP\" \/>\n<meta name=\"twitter:card\" content=\"summary_large_image\" \/>\n<meta name=\"twitter:label1\" content=\"Escrito por\" \/>\n\t<meta name=\"twitter:data1\" content=\"Redacci\u00f3n QP\" \/>\n\t<meta name=\"twitter:label2\" content=\"Tiempo de lectura\" \/>\n\t<meta name=\"twitter:data2\" content=\"3 minutos\" \/>\n<script type=\"application\/ld+json\" class=\"yoast-schema-graph\">{\"@context\":\"https:\\\/\\\/schema.org\",\"@graph\":[{\"@type\":\"Article\",\"@id\":\"https:\\\/\\\/quehacerpolitico.mx\\\/?p=22056#article\",\"isPartOf\":{\"@id\":\"https:\\\/\\\/quehacerpolitico.mx\\\/?p=22056\"},\"author\":{\"name\":\"Redacci\u00f3n QP\",\"@id\":\"https:\\\/\\\/quehacerpolitico.mx\\\/#\\\/schema\\\/person\\\/496d8ad2d1d3f8036101dca7ee39e585\"},\"headline\":\"Sin transparentar, boletos de los vuelos de L\u00f3pez Obrador\",\"datePublished\":\"2019-03-31T17:55:27+00:00\",\"mainEntityOfPage\":{\"@id\":\"https:\\\/\\\/quehacerpolitico.mx\\\/?p=22056\"},\"wordCount\":618,\"commentCount\":0,\"image\":{\"@id\":\"https:\\\/\\\/quehacerpolitico.mx\\\/?p=22056#primaryimage\"},\"thumbnailUrl\":\"\",\"articleSection\":[\"Noticias\"],\"inLanguage\":\"es\",\"potentialAction\":[{\"@type\":\"CommentAction\",\"name\":\"Comment\",\"target\":[\"https:\\\/\\\/quehacerpolitico.mx\\\/?p=22056#respond\"]}]},{\"@type\":\"WebPage\",\"@id\":\"https:\\\/\\\/quehacerpolitico.mx\\\/?p=22056\",\"url\":\"https:\\\/\\\/quehacerpolitico.mx\\\/?p=22056\",\"name\":\"Sin transparentar, boletos de los vuelos de L\u00f3pez Obrador -\",\"isPartOf\":{\"@id\":\"https:\\\/\\\/quehacerpolitico.mx\\\/#website\"},\"primaryImageOfPage\":{\"@id\":\"https:\\\/\\\/quehacerpolitico.mx\\\/?p=22056#primaryimage\"},\"image\":{\"@id\":\"https:\\\/\\\/quehacerpolitico.mx\\\/?p=22056#primaryimage\"},\"thumbnailUrl\":\"\",\"datePublished\":\"2019-03-31T17:55:27+00:00\",\"author\":{\"@id\":\"https:\\\/\\\/quehacerpolitico.mx\\\/#\\\/schema\\\/person\\\/496d8ad2d1d3f8036101dca7ee39e585\"},\"breadcrumb\":{\"@id\":\"https:\\\/\\\/quehacerpolitico.mx\\\/?p=22056#breadcrumb\"},\"inLanguage\":\"es\",\"potentialAction\":[{\"@type\":\"ReadAction\",\"target\":[\"https:\\\/\\\/quehacerpolitico.mx\\\/?p=22056\"]}]},{\"@type\":\"ImageObject\",\"inLanguage\":\"es\",\"@id\":\"https:\\\/\\\/quehacerpolitico.mx\\\/?p=22056#primaryimage\",\"url\":\"\",\"contentUrl\":\"\"},{\"@type\":\"BreadcrumbList\",\"@id\":\"https:\\\/\\\/quehacerpolitico.mx\\\/?p=22056#breadcrumb\",\"itemListElement\":[{\"@type\":\"ListItem\",\"position\":1,\"name\":\"Inicio\",\"item\":\"https:\\\/\\\/quehacerpolitico.mx\\\/\"},{\"@type\":\"ListItem\",\"position\":2,\"name\":\"Sin transparentar, boletos de los vuelos de L\u00f3pez Obrador\"}]},{\"@type\":\"WebSite\",\"@id\":\"https:\\\/\\\/quehacerpolitico.mx\\\/#website\",\"url\":\"https:\\\/\\\/quehacerpolitico.mx\\\/\",\"name\":\"\",\"description\":\"\",\"potentialAction\":[{\"@type\":\"SearchAction\",\"target\":{\"@type\":\"EntryPoint\",\"urlTemplate\":\"https:\\\/\\\/quehacerpolitico.mx\\\/?s={search_term_string}\"},\"query-input\":{\"@type\":\"PropertyValueSpecification\",\"valueRequired\":true,\"valueName\":\"search_term_string\"}}],\"inLanguage\":\"es\"},{\"@type\":\"Person\",\"@id\":\"https:\\\/\\\/quehacerpolitico.mx\\\/#\\\/schema\\\/person\\\/496d8ad2d1d3f8036101dca7ee39e585\",\"name\":\"Redacci\u00f3n QP\",\"image\":{\"@type\":\"ImageObject\",\"inLanguage\":\"es\",\"@id\":\"https:\\\/\\\/secure.gravatar.com\\\/avatar\\\/c7164ed6fdec453195284ad24a5ae5b6e1eed2b848477fa2a4787ba9adf39a41?s=96&d=mm&r=g\",\"url\":\"https:\\\/\\\/secure.gravatar.com\\\/avatar\\\/c7164ed6fdec453195284ad24a5ae5b6e1eed2b848477fa2a4787ba9adf39a41?s=96&d=mm&r=g\",\"contentUrl\":\"https:\\\/\\\/secure.gravatar.com\\\/avatar\\\/c7164ed6fdec453195284ad24a5ae5b6e1eed2b848477fa2a4787ba9adf39a41?s=96&d=mm&r=g\",\"caption\":\"Redacci\u00f3n QP\"},\"url\":\"https:\\\/\\\/quehacerpolitico.mx\\\/?author=2\"}]}<\/script>\n<!-- \/ Yoast SEO plugin. -->","yoast_head_json":{"title":"Sin transparentar, boletos de los vuelos de L\u00f3pez Obrador -","robots":{"index":"index","follow":"follow","max-snippet":"max-snippet:-1","max-image-preview":"max-image-preview:large","max-video-preview":"max-video-preview:-1"},"canonical":"https:\/\/quehacerpolitico.mx\/?p=22056","og_locale":"es_MX","og_type":"article","og_title":"Sin transparentar, boletos de los vuelos de L\u00f3pez Obrador -","og_description":"Sin transparentar, boletos de los vuelos de L\u00f3pez Obrador Por Redacci\u00f3n QP","og_url":"https:\/\/quehacerpolitico.mx\/?p=22056","article_published_time":"2019-03-31T17:55:27+00:00","author":"Redacci\u00f3n QP","twitter_card":"summary_large_image","twitter_misc":{"Escrito por":"Redacci\u00f3n QP","Tiempo de lectura":"3 minutos"},"schema":{"@context":"https:\/\/schema.org","@graph":[{"@type":"Article","@id":"https:\/\/quehacerpolitico.mx\/?p=22056#article","isPartOf":{"@id":"https:\/\/quehacerpolitico.mx\/?p=22056"},"author":{"name":"Redacci\u00f3n QP","@id":"https:\/\/quehacerpolitico.mx\/#\/schema\/person\/496d8ad2d1d3f8036101dca7ee39e585"},"headline":"Sin transparentar, boletos de los vuelos de L\u00f3pez Obrador","datePublished":"2019-03-31T17:55:27+00:00","mainEntityOfPage":{"@id":"https:\/\/quehacerpolitico.mx\/?p=22056"},"wordCount":618,"commentCount":0,"image":{"@id":"https:\/\/quehacerpolitico.mx\/?p=22056#primaryimage"},"thumbnailUrl":"","articleSection":["Noticias"],"inLanguage":"es","potentialAction":[{"@type":"CommentAction","name":"Comment","target":["https:\/\/quehacerpolitico.mx\/?p=22056#respond"]}]},{"@type":"WebPage","@id":"https:\/\/quehacerpolitico.mx\/?p=22056","url":"https:\/\/quehacerpolitico.mx\/?p=22056","name":"Sin transparentar, boletos de los vuelos de L\u00f3pez Obrador -","isPartOf":{"@id":"https:\/\/quehacerpolitico.mx\/#website"},"primaryImageOfPage":{"@id":"https:\/\/quehacerpolitico.mx\/?p=22056#primaryimage"},"image":{"@id":"https:\/\/quehacerpolitico.mx\/?p=22056#primaryimage"},"thumbnailUrl":"","datePublished":"2019-03-31T17:55:27+00:00","author":{"@id":"https:\/\/quehacerpolitico.mx\/#\/schema\/person\/496d8ad2d1d3f8036101dca7ee39e585"},"breadcrumb":{"@id":"https:\/\/quehacerpolitico.mx\/?p=22056#breadcrumb"},"inLanguage":"es","potentialAction":[{"@type":"ReadAction","target":["https:\/\/quehacerpolitico.mx\/?p=22056"]}]},{"@type":"ImageObject","inLanguage":"es","@id":"https:\/\/quehacerpolitico.mx\/?p=22056#primaryimage","url":"","contentUrl":""},{"@type":"BreadcrumbList","@id":"https:\/\/quehacerpolitico.mx\/?p=22056#breadcrumb","itemListElement":[{"@type":"ListItem","position":1,"name":"Inicio","item":"https:\/\/quehacerpolitico.mx\/"},{"@type":"ListItem","position":2,"name":"Sin transparentar, boletos de los vuelos de L\u00f3pez Obrador"}]},{"@type":"WebSite","@id":"https:\/\/quehacerpolitico.mx\/#website","url":"https:\/\/quehacerpolitico.mx\/","name":"","description":"","potentialAction":[{"@type":"SearchAction","target":{"@type":"EntryPoint","urlTemplate":"https:\/\/quehacerpolitico.mx\/?s={search_term_string}"},"query-input":{"@type":"PropertyValueSpecification","valueRequired":true,"valueName":"search_term_string"}}],"inLanguage":"es"},{"@type":"Person","@id":"https:\/\/quehacerpolitico.mx\/#\/schema\/person\/496d8ad2d1d3f8036101dca7ee39e585","name":"Redacci\u00f3n QP","image":{"@type":"ImageObject","inLanguage":"es","@id":"https:\/\/secure.gravatar.com\/avatar\/c7164ed6fdec453195284ad24a5ae5b6e1eed2b848477fa2a4787ba9adf39a41?s=96&d=mm&r=g","url":"https:\/\/secure.gravatar.com\/avatar\/c7164ed6fdec453195284ad24a5ae5b6e1eed2b848477fa2a4787ba9adf39a41?s=96&d=mm&r=g","contentUrl":"https:\/\/secure.gravatar.com\/avatar\/c7164ed6fdec453195284ad24a5ae5b6e1eed2b848477fa2a4787ba9adf39a41?s=96&d=mm&r=g","caption":"Redacci\u00f3n QP"},"url":"https:\/\/quehacerpolitico.mx\/?author=2"}]}},"featured_image_urls":{"full":"","thumbnail":"","medium":"","medium_large":"","large":"","1536x1536":"","2048x2048":"","covernews-featured":"","covernews-medium":""},"author_info":{"display_name":"Redacci\u00f3n QP","author_link":"https:\/\/quehacerpolitico.mx\/?author=2"},"category_info":"<a href=\"https:\/\/quehacerpolitico.mx\/?cat=2\" rel=\"category\">Noticias<\/a>","tag_info":"Noticias","comment_count":"0","_links":{"self":[{"href":"https:\/\/quehacerpolitico.mx\/index.php?rest_route=\/wp\/v2\/posts\/22056","targetHints":{"allow":["GET"]}}],"collection":[{"href":"https:\/\/quehacerpolitico.mx\/index.php?rest_route=\/wp\/v2\/posts"}],"about":[{"href":"https:\/\/quehacerpolitico.mx\/index.php?rest_route=\/wp\/v2\/types\/post"}],"author":[{"embeddable":true,"href":"https:\/\/quehacerpolitico.mx\/index.php?rest_route=\/wp\/v2\/users\/2"}],"replies":[{"embeddable":true,"href":"https:\/\/quehacerpolitico.mx\/index.php?rest_route=%2Fwp%2Fv2%2Fcomments&post=22056"}],"version-history":[{"count":0,"href":"https:\/\/quehacerpolitico.mx\/index.php?rest_route=\/wp\/v2\/posts\/22056\/revisions"}],"wp:featuredmedia":[{"embeddable":true,"href":"https:\/\/quehacerpolitico.mx\/index.php?rest_route=\/"}],"wp:attachment":[{"href":"https:\/\/quehacerpolitico.mx\/index.php?rest_route=%2Fwp%2Fv2%2Fmedia&parent=22056"}],"wp:term":[{"taxonomy":"category","embeddable":true,"href":"https:\/\/quehacerpolitico.mx\/index.php?rest_route=%2Fwp%2Fv2%2Fcategories&post=22056"},{"taxonomy":"post_tag","embeddable":true,"href":"https:\/\/quehacerpolitico.mx\/index.php?rest_route=%2Fwp%2Fv2%2Ftags&post=22056"}],"curies":[{"name":"wp","href":"https:\/\/api.w.org\/{rel}","templated":true}]}}