{"id":21676,"date":"2019-03-28T05:02:12","date_gmt":"2019-03-28T05:02:12","guid":{"rendered":"http:\/\/quehacerpolitico.mx\/senadores-avalan-reformas-constitucionales-en-materia-de-fuero\/"},"modified":"2019-03-28T05:02:12","modified_gmt":"2019-03-28T05:02:12","slug":"senadores-avalan-reformas-constitucionales-en-materia-de-fuero","status":"publish","type":"post","link":"https:\/\/quehacerpolitico.mx\/?p=21676","title":{"rendered":"Senadores avalan reformas constitucionales en materia de fuero"},"content":{"rendered":"<h1 class=\"news-title\">Senadores avalan reformas constitucionales en materia de fuero<\/h1>\n<p>Por Redacci\u00f3n QP<\/p>\n<header class=\"news-header\">\n<div class=\"news-subtitle\">\n<p>Legisladores aprueban\u00a0modificar los art\u00edculos 108 y 111 con 11 votos a favor y uno en contra<\/p>\n<\/div>\n<\/header>\n<div class=\"news-content\">\n<div class=\"news-body row\">\n<p>Con 111 votos a favor y uno en contra, el pleno del Senado de la Rep\u00fablica\u00a0aprob\u00f3 la modificaci\u00f3n a los art\u00edculos 108 y 111 de la Constituci\u00f3n Pol\u00edtica del pa\u00eds en materia de fuero, tanto para el Presidente de la Rep\u00fablica como para diputados federales y senadores.<\/p>\n<p>El dictamen de las comisiones unidas de Puntos Constitucionales, Gobernaci\u00f3n y Estudios Legislativos Segunda fue defendido por varios partidos, aunque Movimiento Ciudadano hab\u00eda presentado un voto particular que no se permiti\u00f3 discutir en tribuna.<\/p>\n<p>Al presentar el dictamen ante el pleno, el presidente de la Comisi\u00f3n de Puntos Constitucionales, Eduardo Ram\u00edrez, dijo que <strong>con esta iniciativa enviada por el Ejecutivo, se cumple con la exigencia ciudadana de frenar la corrupci\u00f3n.<\/strong><\/p>\n<p>A su vez, la presidenta de la Comisi\u00f3n Estudios Legislativos Segunda, Ana Lilia Rivera, asegur\u00f3 que esta reforma implica que <strong>el Ejecutivo federal y los diputados y senadores podr\u00e1n ser juzgados por traici\u00f3n a la patria y delitos graves.<\/strong><\/p>\n<p>Pero tambi\u00e9n, abund\u00f3, por violaci\u00f3n, delitos electorales, corrupci\u00f3n, desaparici\u00f3n de personas, delitos en materia de armas de fuego y explosivos y delitos en materia de hidrocarburos, petrol\u00edferos o petroqu\u00edmicos, con lo que <strong>se ampl\u00eda el cat\u00e1logo de delitos para juzgar a estos funcionarios p\u00fablicos.<\/strong><\/p>\n<p>Por su parte, el presidente de la Comisi\u00f3n de Gobernaci\u00f3n, Crist\u00f3bal Arias, expuso que se trata de reformar el art\u00edculo 108 para que el Presidente y los legisladores federales puedan ser juzgados durante el tiempo de su encargo por los delitos establecidos en el art\u00edculo 109 constitucional.<\/p>\n<p>Adem\u00e1s, detall\u00f3 que se modifica el art\u00edculo 111 respecto al procedimiento del juicio de procedencia, para acabar con la impunidad de los altos funcionarios, tal como ofreci\u00f3 el presidente Andres Manuel L\u00f3pez Obrador\u00a0en campa\u00f1a.<\/p>\n<p>A favor del dictamen, argumentaron los coordinadores de los partidos Encuentro Social (PES), Sasil de Le\u00f3n, y de la Revoluci\u00f3n Democr\u00e1tica (PRD), Miguel \u00c1ngel Mancera.<\/p>\n<p>Este \u00faltimo <strong>destac\u00f3 la ventaja de haber ampliado el cat\u00e1logo de delitos por los que se puede juzgar al presidente<\/strong>, as\u00ed como la precisi\u00f3n que se gana en la redacci\u00f3n del art\u00edculo constitucional en esta reforma integral.<\/p>\n<p>A nombre del Partido Acci\u00f3n Nacional, la senadora Indira Rosales Sanrom\u00e1n\u00a0 dijo que su partido votar\u00eda a favor de la iniciativa presidencial, porque se ampl\u00eda el n\u00famero de delitos por los que pueden ser juzgados el presidente y los legisladores federales.<\/p>\n<p>Convoc\u00f3 a sus pares a discutir las nueve iniciativas de todos los grupos parlamentarios que est\u00e1n pendientes. &#8220;Estamos a favor de una discusi\u00f3n seria en el tema&#8221;, dijo.<\/p>\n<p>Tanto el PRI, como el PVEM, PT y Morena, adelantaron sus votos a favor, pero Samuel Garc\u00eda Sep\u00falveda, de Movimiento Ciudadano, se quej\u00f3 de que no se le permiti\u00f3 a su partido presentar el voto particular que \u00e9l firm\u00f3 en conjunto con Dante Delgado, No\u00e9 Casta\u00f1\u00f3n y Clemente Casta\u00f1eda.<\/p>\n<p>Aunque adelant\u00f3 el voto a favor del dictamen se trata de una trampa, porque no elimina el fuero, sino que establece un doble fuero.<\/p>\n<p>En tanto, el senador independiente Emilio \u00c1lvarez Icaza adelant\u00f3 su voto en contra (el \u00fanico que hubo) porque, dijo, era mejor la propuesta de MC que no se discuti\u00f3 y la reforma implica un &#8220;blindaje al fuero&#8221;, adem\u00e1s de no respetar la presunci\u00f3n de inocencia.<\/p>\n<p>Luego de la discusi\u00f3n en lo general y sin discusi\u00f3n en particular, se pas\u00f3 a la votaci\u00f3n que concluy\u00f3 con 111 sufragios a favor y uno en contra. La senadora de Morena, Luc\u00eda Meza, trat\u00f3 de votar despu\u00e9s de que se hab\u00eda cerrado el tablero electr\u00f3nico y ya no se cont\u00f3 su voto.<\/p>\n<\/div>\n<\/div>\n","protected":false},"excerpt":{"rendered":"<p>Senadores avalan reformas constitucionales en materia de fuero<br \/>\nPor Redacci\u00f3n QP<\/p>\n","protected":false},"author":2,"featured_media":21675,"comment_status":"open","ping_status":"open","sticky":false,"template":"","format":"standard","meta":{"_monsterinsights_skip_tracking":false,"_monsterinsights_sitenote_active":false,"_monsterinsights_sitenote_note":"","_monsterinsights_sitenote_category":0,"footnotes":""},"categories":[2],"tags":[],"class_list":["post-21676","post","type-post","status-publish","format-standard","has-post-thumbnail","hentry","category-noticias"],"yoast_head":"<!-- This site is optimized with the Yoast SEO plugin v27.3 - https:\/\/yoast.com\/product\/yoast-seo-wordpress\/ -->\n<title>Senadores avalan reformas constitucionales en materia de fuero -<\/title>\n<meta name=\"robots\" content=\"index, follow, max-snippet:-1, max-image-preview:large, max-video-preview:-1\" \/>\n<link rel=\"canonical\" href=\"https:\/\/quehacerpolitico.mx\/?p=21676\" \/>\n<meta property=\"og:locale\" content=\"es_MX\" \/>\n<meta property=\"og:type\" content=\"article\" \/>\n<meta property=\"og:title\" content=\"Senadores avalan reformas constitucionales en materia de fuero -\" \/>\n<meta property=\"og:description\" content=\"Senadores avalan reformas constitucionales en materia de fuero Por Redacci\u00f3n QP\" \/>\n<meta property=\"og:url\" content=\"https:\/\/quehacerpolitico.mx\/?p=21676\" \/>\n<meta property=\"article:published_time\" content=\"2019-03-28T05:02:12+00:00\" \/>\n<meta name=\"author\" content=\"Redacci\u00f3n QP\" \/>\n<meta name=\"twitter:card\" content=\"summary_large_image\" \/>\n<meta name=\"twitter:label1\" content=\"Escrito por\" \/>\n\t<meta name=\"twitter:data1\" content=\"Redacci\u00f3n QP\" \/>\n\t<meta name=\"twitter:label2\" content=\"Tiempo de lectura\" \/>\n\t<meta name=\"twitter:data2\" content=\"3 minutos\" \/>\n<script type=\"application\/ld+json\" class=\"yoast-schema-graph\">{\"@context\":\"https:\\\/\\\/schema.org\",\"@graph\":[{\"@type\":\"Article\",\"@id\":\"https:\\\/\\\/quehacerpolitico.mx\\\/?p=21676#article\",\"isPartOf\":{\"@id\":\"https:\\\/\\\/quehacerpolitico.mx\\\/?p=21676\"},\"author\":{\"name\":\"Redacci\u00f3n QP\",\"@id\":\"https:\\\/\\\/quehacerpolitico.mx\\\/#\\\/schema\\\/person\\\/496d8ad2d1d3f8036101dca7ee39e585\"},\"headline\":\"Senadores avalan reformas constitucionales en materia de fuero\",\"datePublished\":\"2019-03-28T05:02:12+00:00\",\"mainEntityOfPage\":{\"@id\":\"https:\\\/\\\/quehacerpolitico.mx\\\/?p=21676\"},\"wordCount\":673,\"commentCount\":0,\"image\":{\"@id\":\"https:\\\/\\\/quehacerpolitico.mx\\\/?p=21676#primaryimage\"},\"thumbnailUrl\":\"\",\"articleSection\":[\"Noticias\"],\"inLanguage\":\"es\",\"potentialAction\":[{\"@type\":\"CommentAction\",\"name\":\"Comment\",\"target\":[\"https:\\\/\\\/quehacerpolitico.mx\\\/?p=21676#respond\"]}]},{\"@type\":\"WebPage\",\"@id\":\"https:\\\/\\\/quehacerpolitico.mx\\\/?p=21676\",\"url\":\"https:\\\/\\\/quehacerpolitico.mx\\\/?p=21676\",\"name\":\"Senadores avalan reformas constitucionales en materia de fuero -\",\"isPartOf\":{\"@id\":\"https:\\\/\\\/quehacerpolitico.mx\\\/#website\"},\"primaryImageOfPage\":{\"@id\":\"https:\\\/\\\/quehacerpolitico.mx\\\/?p=21676#primaryimage\"},\"image\":{\"@id\":\"https:\\\/\\\/quehacerpolitico.mx\\\/?p=21676#primaryimage\"},\"thumbnailUrl\":\"\",\"datePublished\":\"2019-03-28T05:02:12+00:00\",\"author\":{\"@id\":\"https:\\\/\\\/quehacerpolitico.mx\\\/#\\\/schema\\\/person\\\/496d8ad2d1d3f8036101dca7ee39e585\"},\"breadcrumb\":{\"@id\":\"https:\\\/\\\/quehacerpolitico.mx\\\/?p=21676#breadcrumb\"},\"inLanguage\":\"es\",\"potentialAction\":[{\"@type\":\"ReadAction\",\"target\":[\"https:\\\/\\\/quehacerpolitico.mx\\\/?p=21676\"]}]},{\"@type\":\"ImageObject\",\"inLanguage\":\"es\",\"@id\":\"https:\\\/\\\/quehacerpolitico.mx\\\/?p=21676#primaryimage\",\"url\":\"\",\"contentUrl\":\"\"},{\"@type\":\"BreadcrumbList\",\"@id\":\"https:\\\/\\\/quehacerpolitico.mx\\\/?p=21676#breadcrumb\",\"itemListElement\":[{\"@type\":\"ListItem\",\"position\":1,\"name\":\"Inicio\",\"item\":\"https:\\\/\\\/quehacerpolitico.mx\\\/\"},{\"@type\":\"ListItem\",\"position\":2,\"name\":\"Senadores avalan reformas constitucionales en materia de fuero\"}]},{\"@type\":\"WebSite\",\"@id\":\"https:\\\/\\\/quehacerpolitico.mx\\\/#website\",\"url\":\"https:\\\/\\\/quehacerpolitico.mx\\\/\",\"name\":\"\",\"description\":\"\",\"potentialAction\":[{\"@type\":\"SearchAction\",\"target\":{\"@type\":\"EntryPoint\",\"urlTemplate\":\"https:\\\/\\\/quehacerpolitico.mx\\\/?s={search_term_string}\"},\"query-input\":{\"@type\":\"PropertyValueSpecification\",\"valueRequired\":true,\"valueName\":\"search_term_string\"}}],\"inLanguage\":\"es\"},{\"@type\":\"Person\",\"@id\":\"https:\\\/\\\/quehacerpolitico.mx\\\/#\\\/schema\\\/person\\\/496d8ad2d1d3f8036101dca7ee39e585\",\"name\":\"Redacci\u00f3n QP\",\"image\":{\"@type\":\"ImageObject\",\"inLanguage\":\"es\",\"@id\":\"https:\\\/\\\/secure.gravatar.com\\\/avatar\\\/c7164ed6fdec453195284ad24a5ae5b6e1eed2b848477fa2a4787ba9adf39a41?s=96&d=mm&r=g\",\"url\":\"https:\\\/\\\/secure.gravatar.com\\\/avatar\\\/c7164ed6fdec453195284ad24a5ae5b6e1eed2b848477fa2a4787ba9adf39a41?s=96&d=mm&r=g\",\"contentUrl\":\"https:\\\/\\\/secure.gravatar.com\\\/avatar\\\/c7164ed6fdec453195284ad24a5ae5b6e1eed2b848477fa2a4787ba9adf39a41?s=96&d=mm&r=g\",\"caption\":\"Redacci\u00f3n QP\"},\"url\":\"https:\\\/\\\/quehacerpolitico.mx\\\/?author=2\"}]}<\/script>\n<!-- \/ Yoast SEO plugin. -->","yoast_head_json":{"title":"Senadores avalan reformas constitucionales en materia de fuero -","robots":{"index":"index","follow":"follow","max-snippet":"max-snippet:-1","max-image-preview":"max-image-preview:large","max-video-preview":"max-video-preview:-1"},"canonical":"https:\/\/quehacerpolitico.mx\/?p=21676","og_locale":"es_MX","og_type":"article","og_title":"Senadores avalan reformas constitucionales en materia de fuero -","og_description":"Senadores avalan reformas constitucionales en materia de fuero Por Redacci\u00f3n QP","og_url":"https:\/\/quehacerpolitico.mx\/?p=21676","article_published_time":"2019-03-28T05:02:12+00:00","author":"Redacci\u00f3n QP","twitter_card":"summary_large_image","twitter_misc":{"Escrito por":"Redacci\u00f3n QP","Tiempo de lectura":"3 minutos"},"schema":{"@context":"https:\/\/schema.org","@graph":[{"@type":"Article","@id":"https:\/\/quehacerpolitico.mx\/?p=21676#article","isPartOf":{"@id":"https:\/\/quehacerpolitico.mx\/?p=21676"},"author":{"name":"Redacci\u00f3n QP","@id":"https:\/\/quehacerpolitico.mx\/#\/schema\/person\/496d8ad2d1d3f8036101dca7ee39e585"},"headline":"Senadores avalan reformas constitucionales en materia de fuero","datePublished":"2019-03-28T05:02:12+00:00","mainEntityOfPage":{"@id":"https:\/\/quehacerpolitico.mx\/?p=21676"},"wordCount":673,"commentCount":0,"image":{"@id":"https:\/\/quehacerpolitico.mx\/?p=21676#primaryimage"},"thumbnailUrl":"","articleSection":["Noticias"],"inLanguage":"es","potentialAction":[{"@type":"CommentAction","name":"Comment","target":["https:\/\/quehacerpolitico.mx\/?p=21676#respond"]}]},{"@type":"WebPage","@id":"https:\/\/quehacerpolitico.mx\/?p=21676","url":"https:\/\/quehacerpolitico.mx\/?p=21676","name":"Senadores avalan reformas constitucionales en materia de fuero -","isPartOf":{"@id":"https:\/\/quehacerpolitico.mx\/#website"},"primaryImageOfPage":{"@id":"https:\/\/quehacerpolitico.mx\/?p=21676#primaryimage"},"image":{"@id":"https:\/\/quehacerpolitico.mx\/?p=21676#primaryimage"},"thumbnailUrl":"","datePublished":"2019-03-28T05:02:12+00:00","author":{"@id":"https:\/\/quehacerpolitico.mx\/#\/schema\/person\/496d8ad2d1d3f8036101dca7ee39e585"},"breadcrumb":{"@id":"https:\/\/quehacerpolitico.mx\/?p=21676#breadcrumb"},"inLanguage":"es","potentialAction":[{"@type":"ReadAction","target":["https:\/\/quehacerpolitico.mx\/?p=21676"]}]},{"@type":"ImageObject","inLanguage":"es","@id":"https:\/\/quehacerpolitico.mx\/?p=21676#primaryimage","url":"","contentUrl":""},{"@type":"BreadcrumbList","@id":"https:\/\/quehacerpolitico.mx\/?p=21676#breadcrumb","itemListElement":[{"@type":"ListItem","position":1,"name":"Inicio","item":"https:\/\/quehacerpolitico.mx\/"},{"@type":"ListItem","position":2,"name":"Senadores avalan reformas constitucionales en materia de fuero"}]},{"@type":"WebSite","@id":"https:\/\/quehacerpolitico.mx\/#website","url":"https:\/\/quehacerpolitico.mx\/","name":"","description":"","potentialAction":[{"@type":"SearchAction","target":{"@type":"EntryPoint","urlTemplate":"https:\/\/quehacerpolitico.mx\/?s={search_term_string}"},"query-input":{"@type":"PropertyValueSpecification","valueRequired":true,"valueName":"search_term_string"}}],"inLanguage":"es"},{"@type":"Person","@id":"https:\/\/quehacerpolitico.mx\/#\/schema\/person\/496d8ad2d1d3f8036101dca7ee39e585","name":"Redacci\u00f3n QP","image":{"@type":"ImageObject","inLanguage":"es","@id":"https:\/\/secure.gravatar.com\/avatar\/c7164ed6fdec453195284ad24a5ae5b6e1eed2b848477fa2a4787ba9adf39a41?s=96&d=mm&r=g","url":"https:\/\/secure.gravatar.com\/avatar\/c7164ed6fdec453195284ad24a5ae5b6e1eed2b848477fa2a4787ba9adf39a41?s=96&d=mm&r=g","contentUrl":"https:\/\/secure.gravatar.com\/avatar\/c7164ed6fdec453195284ad24a5ae5b6e1eed2b848477fa2a4787ba9adf39a41?s=96&d=mm&r=g","caption":"Redacci\u00f3n QP"},"url":"https:\/\/quehacerpolitico.mx\/?author=2"}]}},"featured_image_urls":{"full":"","thumbnail":"","medium":"","medium_large":"","large":"","1536x1536":"","2048x2048":"","covernews-featured":"","covernews-medium":""},"author_info":{"display_name":"Redacci\u00f3n QP","author_link":"https:\/\/quehacerpolitico.mx\/?author=2"},"category_info":"<a href=\"https:\/\/quehacerpolitico.mx\/?cat=2\" rel=\"category\">Noticias<\/a>","tag_info":"Noticias","comment_count":"0","_links":{"self":[{"href":"https:\/\/quehacerpolitico.mx\/index.php?rest_route=\/wp\/v2\/posts\/21676","targetHints":{"allow":["GET"]}}],"collection":[{"href":"https:\/\/quehacerpolitico.mx\/index.php?rest_route=\/wp\/v2\/posts"}],"about":[{"href":"https:\/\/quehacerpolitico.mx\/index.php?rest_route=\/wp\/v2\/types\/post"}],"author":[{"embeddable":true,"href":"https:\/\/quehacerpolitico.mx\/index.php?rest_route=\/wp\/v2\/users\/2"}],"replies":[{"embeddable":true,"href":"https:\/\/quehacerpolitico.mx\/index.php?rest_route=%2Fwp%2Fv2%2Fcomments&post=21676"}],"version-history":[{"count":0,"href":"https:\/\/quehacerpolitico.mx\/index.php?rest_route=\/wp\/v2\/posts\/21676\/revisions"}],"wp:featuredmedia":[{"embeddable":true,"href":"https:\/\/quehacerpolitico.mx\/index.php?rest_route=\/"}],"wp:attachment":[{"href":"https:\/\/quehacerpolitico.mx\/index.php?rest_route=%2Fwp%2Fv2%2Fmedia&parent=21676"}],"wp:term":[{"taxonomy":"category","embeddable":true,"href":"https:\/\/quehacerpolitico.mx\/index.php?rest_route=%2Fwp%2Fv2%2Fcategories&post=21676"},{"taxonomy":"post_tag","embeddable":true,"href":"https:\/\/quehacerpolitico.mx\/index.php?rest_route=%2Fwp%2Fv2%2Ftags&post=21676"}],"curies":[{"name":"wp","href":"https:\/\/api.w.org\/{rel}","templated":true}]}}