{"id":21465,"date":"2019-03-25T02:05:15","date_gmt":"2019-03-25T02:05:15","guid":{"rendered":"http:\/\/quehacerpolitico.mx\/el-gobierno-de-la-cdmx-lanza-alameda-central-app-para-acceder-a-servicios-y-modulos-de-atencion\/"},"modified":"2019-03-25T02:05:15","modified_gmt":"2019-03-25T02:05:15","slug":"el-gobierno-de-la-cdmx-lanza-alameda-central-app-para-acceder-a-servicios-y-modulos-de-atencion","status":"publish","type":"post","link":"https:\/\/quehacerpolitico.mx\/?p=21465","title":{"rendered":"El Gobierno de la CdMx lanza Alameda Central, app para acceder a servicios y m\u00f3dulos de atenci\u00f3n"},"content":{"rendered":"<h1>El Gobierno de la CdMx lanza Alameda Central, app para acceder a servicios y m\u00f3dulos de atenci\u00f3n<\/h1>\n<p>Por Redacci\u00f3n QP<\/p>\n<p>La Jefa de Gobierno de la Ciudad de M\u00e9xico, <strong>Claudia Sheinbaum Pardo<\/strong>, y el titular de la <strong>Agencia Digital de Innovaci\u00f3n P\u00fablica\u00a0<\/strong>(ADIP), <strong>Jos\u00e9 Merino<\/strong>, presentaron <strong>Alameda Central<\/strong>, una nueva aplicaci\u00f3n desde la cual se podr\u00e1 acceder a las distintas dependencias del Gobierno capitalino.<\/p>\n<blockquote>\n<p>\u201cAlameda Central es una aplicaci\u00f3n para dispositivos m\u00f3viles que <strong>centraliza el acceso a las distintas aplicaciones de la administraci\u00f3n p\u00fablica de la Ciudad<\/strong>\u201d, inform\u00f3 la ADIP a trav\u00e9s de un comunicado.<\/p>\n<\/blockquote>\n<p>Con Alameda, los habitantes de la Ciudad de M\u00e9xico tendr\u00e1 acceso a nuevos servicios, \u201ccomo: tiempos de llegada a la estaci\u00f3n de los autobuses del Metrob\u00fas, un m\u00f3dulo para conocer cu\u00e1ndo ser\u00e1n las asambleas de las Comisiones de Seguridad Ciudadana y Protecci\u00f3n Civil en tu cuadrante, un m\u00f3dulo para saber qu\u00e9 PILARES est\u00e1 m\u00e1s cercano a ti as\u00ed como para tambi\u00e9n conocer la ubicaci\u00f3n del punto de acceso a Wifi gratuito m\u00e1s pr\u00f3ximo a tu ubicaci\u00f3n\u201d.<\/p>\n<blockquote class=\"twitter-tweet\" data-width=\"550\" data-dnt=\"true\">\n<p lang=\"es\" dir=\"ltr\">Tambi\u00e9n tenemos por fin una app \u00fanica de la ciudad  (Alameda Central en Android) que contiene todos los m\u00f3dulos de informaci\u00f3n y atenci\u00f3n. Iniciamos con 10, pero vamos a ir agregando varios m\u00e1s \ud83d\ude42 &#8211; &#8211; &gt; <a href=\"https:\/\/t.co\/lNAGRnNkxA\">pic.twitter.com\/lNAGRnNkxA<\/a><\/p>\n<p>&mdash; Jos\u00e9 Merino (@PPmerino) <a href=\"https:\/\/twitter.com\/PPmerino\/status\/1109905359433547776?ref_src=twsrc%5Etfw\">March 24, 2019<\/a><\/p><\/blockquote>\n<p><script async src=\"https:\/\/platform.twitter.com\/widgets.js\" charset=\"utf-8\"><\/script><\/p>\n<p>La nueva app tambi\u00e9n toma en cuenta un nuevo m\u00f3dulo para el sistema Ecobici, donde se podr\u00e1n consultar infracciones. Adem\u00e1s, los capitalinos cuyos autom\u00f3viles sean enviados al corral\u00f3n podr\u00e1n conocer la ubicaci\u00f3n de sus veh\u00edculos con la novedosa aplicaci\u00f3n. Con dichos recursos los habitantes de la capital de la Rep\u00fablica tendr\u00e1n a su disposici\u00f3n servicios de inter\u00e9s \u201cde forma pr\u00e1ctica, sencilla y eficiente a trav\u00e9s de una sola herramienta tecnol\u00f3gica\u201d.<\/p>\n<blockquote>\n<p>La app ya est\u00e1 disponible en Android y pr\u00f3ximamente se habilitar\u00e1 en el sistema IOS. Para comenzar a utilizar <strong>Alameda Central<\/strong>, los ciudadanos \u201cprimero, deber\u00e1 ser descargada en un dispositivo con sistema operativo Android, posteriormente, el ciudadano tendr\u00e1 que elegir los servicios de su inter\u00e9s, los cuales tambi\u00e9n pueden ser consultados con relaci\u00f3n a su ubicaci\u00f3n y, finalmente, se registrar\u00e1 y podr\u00e1 activar las notificaciones para mantener actualizada la informaci\u00f3n que solicit\u00f3\u201d.<\/p>\n<p><strong>LABORATORIO ANTICORRUPCI\u00d3N<\/strong><\/p>\n<p>El pasado 18 de marzo, el Gobierno capitalino anunci\u00f3 la creaci\u00f3n del Laboratorio Anticorrupci\u00f3n para atender riesgos de corrupci\u00f3n y fortalecer la integridad de los servicios y programas que operan en la capital del pa\u00eds. Sin embargo destac\u00f3 que lo primordial para combatir este flagelo es que haya funcionarios honestos.<\/p>\n<blockquote>\n<p>\u201cNosotros vamos a acabar con la corrupci\u00f3n en esta ciudad. Ya lo hemos mostrado sencillamente, de lo que se gastaba el a\u00f1o pasado y lo que se gasta hoy en muchos temas\u201d, dijo durante su conferencia de prensa matutina la Jefa de Gobierno de la capital del pa\u00eds.<\/p>\n<\/blockquote>\n<p>Por su parte, el director de la ADIP detall\u00f3 que el Laboratorio Anticorrupci\u00f3n tendr\u00e1 la participaci\u00f3n de Fernando Nieto, acad\u00e9mico del Colegio de M\u00e9xico (Colmex); Eduardo Boh\u00f3rquez de Transparencia Mexicana; y el Instituto Mexicano para la Competitividad (IMCO).<\/p>\n<p>El laboratorio es un espacio para experimentar el dise\u00f1o y la implementaci\u00f3n de pol\u00edticas p\u00fablicas para combatir la corrupci\u00f3n. Y su objetivo principal es atender riesgos de corrupci\u00f3n y fortalecer la integridad de los servicios y programas que operan en la capital del pa\u00eds.<\/p>\n<blockquote>\n<p>\u201cCualquier autoridad que implique tener un trato ampl\u00edo un poco monitoreado con la poblaci\u00f3n es un espacio para que se generen espacios de corrupci\u00f3n\u201d, precis\u00f3 Merino.<\/p>\n<blockquote class=\"twitter-tweet\" data-width=\"550\" data-dnt=\"true\">\n<p lang=\"es\" dir=\"ltr\">Presentaci\u00f3n de la \u201cAlameda Central App de la Ciudad de M\u00e9xico\u201d y el \u201cPortal Estad\u00edstico Wikiciudad\u201d por <a href=\"https:\/\/twitter.com\/LaAgenciaCDMX?ref_src=twsrc%5Etfw\">@LaAgenciaCDMX<\/a> <a href=\"https:\/\/t.co\/BqlCcsIUqb\">https:\/\/t.co\/BqlCcsIUqb<\/a><\/p>\n<p>&mdash; Claudia Sheinbaum Pardo (@Claudiashein) <a href=\"https:\/\/twitter.com\/Claudiashein\/status\/1109909510859046912?ref_src=twsrc%5Etfw\">March 24, 2019<\/a><\/p><\/blockquote>\n<p><script async src=\"https:\/\/platform.twitter.com\/widgets.js\" charset=\"utf-8\"><\/script><\/p>\n<\/blockquote>\n<\/blockquote>\n","protected":false},"excerpt":{"rendered":"<p>El Gobierno de la CdMx lanza Alameda Central, app para acceder a servicios y m\u00f3dulos de atenci\u00f3n<br \/>\nPor Redacci\u00f3n QP<\/p>\n","protected":false},"author":2,"featured_media":21464,"comment_status":"open","ping_status":"open","sticky":false,"template":"","format":"standard","meta":{"_monsterinsights_skip_tracking":false,"_monsterinsights_sitenote_active":false,"_monsterinsights_sitenote_note":"","_monsterinsights_sitenote_category":0,"footnotes":""},"categories":[55],"tags":[],"class_list":["post-21465","post","type-post","status-publish","format-standard","has-post-thumbnail","hentry","category-cdmx"],"yoast_head":"<!-- This site is optimized with the Yoast SEO plugin v27.3 - https:\/\/yoast.com\/product\/yoast-seo-wordpress\/ -->\n<title>El Gobierno de la CdMx lanza Alameda Central, app para acceder a servicios y m\u00f3dulos de atenci\u00f3n -<\/title>\n<meta name=\"robots\" content=\"index, follow, max-snippet:-1, max-image-preview:large, max-video-preview:-1\" \/>\n<link rel=\"canonical\" href=\"https:\/\/quehacerpolitico.mx\/?p=21465\" \/>\n<meta property=\"og:locale\" content=\"es_MX\" \/>\n<meta property=\"og:type\" content=\"article\" \/>\n<meta property=\"og:title\" content=\"El Gobierno de la CdMx lanza Alameda Central, app para acceder a servicios y m\u00f3dulos de atenci\u00f3n -\" \/>\n<meta property=\"og:description\" content=\"El Gobierno de la CdMx lanza Alameda Central, app para acceder a servicios y m\u00f3dulos de atenci\u00f3n Por Redacci\u00f3n QP\" \/>\n<meta property=\"og:url\" content=\"https:\/\/quehacerpolitico.mx\/?p=21465\" \/>\n<meta property=\"article:published_time\" content=\"2019-03-25T02:05:15+00:00\" \/>\n<meta name=\"author\" content=\"Redacci\u00f3n QP\" \/>\n<meta name=\"twitter:card\" content=\"summary_large_image\" \/>\n<meta name=\"twitter:label1\" content=\"Escrito por\" \/>\n\t<meta name=\"twitter:data1\" content=\"Redacci\u00f3n QP\" \/>\n\t<meta name=\"twitter:label2\" content=\"Tiempo de lectura\" \/>\n\t<meta name=\"twitter:data2\" content=\"3 minutos\" \/>\n<script type=\"application\/ld+json\" class=\"yoast-schema-graph\">{\"@context\":\"https:\\\/\\\/schema.org\",\"@graph\":[{\"@type\":\"Article\",\"@id\":\"https:\\\/\\\/quehacerpolitico.mx\\\/?p=21465#article\",\"isPartOf\":{\"@id\":\"https:\\\/\\\/quehacerpolitico.mx\\\/?p=21465\"},\"author\":{\"name\":\"Redacci\u00f3n QP\",\"@id\":\"https:\\\/\\\/quehacerpolitico.mx\\\/#\\\/schema\\\/person\\\/496d8ad2d1d3f8036101dca7ee39e585\"},\"headline\":\"El Gobierno de la CdMx lanza Alameda Central, app para acceder a servicios y m\u00f3dulos de atenci\u00f3n\",\"datePublished\":\"2019-03-25T02:05:15+00:00\",\"mainEntityOfPage\":{\"@id\":\"https:\\\/\\\/quehacerpolitico.mx\\\/?p=21465\"},\"wordCount\":623,\"commentCount\":0,\"image\":{\"@id\":\"https:\\\/\\\/quehacerpolitico.mx\\\/?p=21465#primaryimage\"},\"thumbnailUrl\":\"\",\"articleSection\":[\"CDMX\"],\"inLanguage\":\"es\",\"potentialAction\":[{\"@type\":\"CommentAction\",\"name\":\"Comment\",\"target\":[\"https:\\\/\\\/quehacerpolitico.mx\\\/?p=21465#respond\"]}]},{\"@type\":\"WebPage\",\"@id\":\"https:\\\/\\\/quehacerpolitico.mx\\\/?p=21465\",\"url\":\"https:\\\/\\\/quehacerpolitico.mx\\\/?p=21465\",\"name\":\"El Gobierno de la CdMx lanza Alameda Central, app para acceder a servicios y m\u00f3dulos de atenci\u00f3n -\",\"isPartOf\":{\"@id\":\"https:\\\/\\\/quehacerpolitico.mx\\\/#website\"},\"primaryImageOfPage\":{\"@id\":\"https:\\\/\\\/quehacerpolitico.mx\\\/?p=21465#primaryimage\"},\"image\":{\"@id\":\"https:\\\/\\\/quehacerpolitico.mx\\\/?p=21465#primaryimage\"},\"thumbnailUrl\":\"\",\"datePublished\":\"2019-03-25T02:05:15+00:00\",\"author\":{\"@id\":\"https:\\\/\\\/quehacerpolitico.mx\\\/#\\\/schema\\\/person\\\/496d8ad2d1d3f8036101dca7ee39e585\"},\"breadcrumb\":{\"@id\":\"https:\\\/\\\/quehacerpolitico.mx\\\/?p=21465#breadcrumb\"},\"inLanguage\":\"es\",\"potentialAction\":[{\"@type\":\"ReadAction\",\"target\":[\"https:\\\/\\\/quehacerpolitico.mx\\\/?p=21465\"]}]},{\"@type\":\"ImageObject\",\"inLanguage\":\"es\",\"@id\":\"https:\\\/\\\/quehacerpolitico.mx\\\/?p=21465#primaryimage\",\"url\":\"\",\"contentUrl\":\"\"},{\"@type\":\"BreadcrumbList\",\"@id\":\"https:\\\/\\\/quehacerpolitico.mx\\\/?p=21465#breadcrumb\",\"itemListElement\":[{\"@type\":\"ListItem\",\"position\":1,\"name\":\"Inicio\",\"item\":\"https:\\\/\\\/quehacerpolitico.mx\\\/\"},{\"@type\":\"ListItem\",\"position\":2,\"name\":\"El Gobierno de la CdMx lanza Alameda Central, app para acceder a servicios y m\u00f3dulos de atenci\u00f3n\"}]},{\"@type\":\"WebSite\",\"@id\":\"https:\\\/\\\/quehacerpolitico.mx\\\/#website\",\"url\":\"https:\\\/\\\/quehacerpolitico.mx\\\/\",\"name\":\"\",\"description\":\"\",\"potentialAction\":[{\"@type\":\"SearchAction\",\"target\":{\"@type\":\"EntryPoint\",\"urlTemplate\":\"https:\\\/\\\/quehacerpolitico.mx\\\/?s={search_term_string}\"},\"query-input\":{\"@type\":\"PropertyValueSpecification\",\"valueRequired\":true,\"valueName\":\"search_term_string\"}}],\"inLanguage\":\"es\"},{\"@type\":\"Person\",\"@id\":\"https:\\\/\\\/quehacerpolitico.mx\\\/#\\\/schema\\\/person\\\/496d8ad2d1d3f8036101dca7ee39e585\",\"name\":\"Redacci\u00f3n QP\",\"image\":{\"@type\":\"ImageObject\",\"inLanguage\":\"es\",\"@id\":\"https:\\\/\\\/secure.gravatar.com\\\/avatar\\\/c7164ed6fdec453195284ad24a5ae5b6e1eed2b848477fa2a4787ba9adf39a41?s=96&d=mm&r=g\",\"url\":\"https:\\\/\\\/secure.gravatar.com\\\/avatar\\\/c7164ed6fdec453195284ad24a5ae5b6e1eed2b848477fa2a4787ba9adf39a41?s=96&d=mm&r=g\",\"contentUrl\":\"https:\\\/\\\/secure.gravatar.com\\\/avatar\\\/c7164ed6fdec453195284ad24a5ae5b6e1eed2b848477fa2a4787ba9adf39a41?s=96&d=mm&r=g\",\"caption\":\"Redacci\u00f3n QP\"},\"url\":\"https:\\\/\\\/quehacerpolitico.mx\\\/?author=2\"}]}<\/script>\n<!-- \/ Yoast SEO plugin. -->","yoast_head_json":{"title":"El Gobierno de la CdMx lanza Alameda Central, app para acceder a servicios y m\u00f3dulos de atenci\u00f3n -","robots":{"index":"index","follow":"follow","max-snippet":"max-snippet:-1","max-image-preview":"max-image-preview:large","max-video-preview":"max-video-preview:-1"},"canonical":"https:\/\/quehacerpolitico.mx\/?p=21465","og_locale":"es_MX","og_type":"article","og_title":"El Gobierno de la CdMx lanza Alameda Central, app para acceder a servicios y m\u00f3dulos de atenci\u00f3n -","og_description":"El Gobierno de la CdMx lanza Alameda Central, app para acceder a servicios y m\u00f3dulos de atenci\u00f3n Por Redacci\u00f3n QP","og_url":"https:\/\/quehacerpolitico.mx\/?p=21465","article_published_time":"2019-03-25T02:05:15+00:00","author":"Redacci\u00f3n QP","twitter_card":"summary_large_image","twitter_misc":{"Escrito por":"Redacci\u00f3n QP","Tiempo de lectura":"3 minutos"},"schema":{"@context":"https:\/\/schema.org","@graph":[{"@type":"Article","@id":"https:\/\/quehacerpolitico.mx\/?p=21465#article","isPartOf":{"@id":"https:\/\/quehacerpolitico.mx\/?p=21465"},"author":{"name":"Redacci\u00f3n QP","@id":"https:\/\/quehacerpolitico.mx\/#\/schema\/person\/496d8ad2d1d3f8036101dca7ee39e585"},"headline":"El Gobierno de la CdMx lanza Alameda Central, app para acceder a servicios y m\u00f3dulos de atenci\u00f3n","datePublished":"2019-03-25T02:05:15+00:00","mainEntityOfPage":{"@id":"https:\/\/quehacerpolitico.mx\/?p=21465"},"wordCount":623,"commentCount":0,"image":{"@id":"https:\/\/quehacerpolitico.mx\/?p=21465#primaryimage"},"thumbnailUrl":"","articleSection":["CDMX"],"inLanguage":"es","potentialAction":[{"@type":"CommentAction","name":"Comment","target":["https:\/\/quehacerpolitico.mx\/?p=21465#respond"]}]},{"@type":"WebPage","@id":"https:\/\/quehacerpolitico.mx\/?p=21465","url":"https:\/\/quehacerpolitico.mx\/?p=21465","name":"El Gobierno de la CdMx lanza Alameda Central, app para acceder a servicios y m\u00f3dulos de atenci\u00f3n -","isPartOf":{"@id":"https:\/\/quehacerpolitico.mx\/#website"},"primaryImageOfPage":{"@id":"https:\/\/quehacerpolitico.mx\/?p=21465#primaryimage"},"image":{"@id":"https:\/\/quehacerpolitico.mx\/?p=21465#primaryimage"},"thumbnailUrl":"","datePublished":"2019-03-25T02:05:15+00:00","author":{"@id":"https:\/\/quehacerpolitico.mx\/#\/schema\/person\/496d8ad2d1d3f8036101dca7ee39e585"},"breadcrumb":{"@id":"https:\/\/quehacerpolitico.mx\/?p=21465#breadcrumb"},"inLanguage":"es","potentialAction":[{"@type":"ReadAction","target":["https:\/\/quehacerpolitico.mx\/?p=21465"]}]},{"@type":"ImageObject","inLanguage":"es","@id":"https:\/\/quehacerpolitico.mx\/?p=21465#primaryimage","url":"","contentUrl":""},{"@type":"BreadcrumbList","@id":"https:\/\/quehacerpolitico.mx\/?p=21465#breadcrumb","itemListElement":[{"@type":"ListItem","position":1,"name":"Inicio","item":"https:\/\/quehacerpolitico.mx\/"},{"@type":"ListItem","position":2,"name":"El Gobierno de la CdMx lanza Alameda Central, app para acceder a servicios y m\u00f3dulos de atenci\u00f3n"}]},{"@type":"WebSite","@id":"https:\/\/quehacerpolitico.mx\/#website","url":"https:\/\/quehacerpolitico.mx\/","name":"","description":"","potentialAction":[{"@type":"SearchAction","target":{"@type":"EntryPoint","urlTemplate":"https:\/\/quehacerpolitico.mx\/?s={search_term_string}"},"query-input":{"@type":"PropertyValueSpecification","valueRequired":true,"valueName":"search_term_string"}}],"inLanguage":"es"},{"@type":"Person","@id":"https:\/\/quehacerpolitico.mx\/#\/schema\/person\/496d8ad2d1d3f8036101dca7ee39e585","name":"Redacci\u00f3n QP","image":{"@type":"ImageObject","inLanguage":"es","@id":"https:\/\/secure.gravatar.com\/avatar\/c7164ed6fdec453195284ad24a5ae5b6e1eed2b848477fa2a4787ba9adf39a41?s=96&d=mm&r=g","url":"https:\/\/secure.gravatar.com\/avatar\/c7164ed6fdec453195284ad24a5ae5b6e1eed2b848477fa2a4787ba9adf39a41?s=96&d=mm&r=g","contentUrl":"https:\/\/secure.gravatar.com\/avatar\/c7164ed6fdec453195284ad24a5ae5b6e1eed2b848477fa2a4787ba9adf39a41?s=96&d=mm&r=g","caption":"Redacci\u00f3n QP"},"url":"https:\/\/quehacerpolitico.mx\/?author=2"}]}},"featured_image_urls":{"full":"","thumbnail":"","medium":"","medium_large":"","large":"","1536x1536":"","2048x2048":"","covernews-featured":"","covernews-medium":""},"author_info":{"display_name":"Redacci\u00f3n QP","author_link":"https:\/\/quehacerpolitico.mx\/?author=2"},"category_info":"<a href=\"https:\/\/quehacerpolitico.mx\/?cat=55\" rel=\"category\">CDMX<\/a>","tag_info":"CDMX","comment_count":"0","_links":{"self":[{"href":"https:\/\/quehacerpolitico.mx\/index.php?rest_route=\/wp\/v2\/posts\/21465","targetHints":{"allow":["GET"]}}],"collection":[{"href":"https:\/\/quehacerpolitico.mx\/index.php?rest_route=\/wp\/v2\/posts"}],"about":[{"href":"https:\/\/quehacerpolitico.mx\/index.php?rest_route=\/wp\/v2\/types\/post"}],"author":[{"embeddable":true,"href":"https:\/\/quehacerpolitico.mx\/index.php?rest_route=\/wp\/v2\/users\/2"}],"replies":[{"embeddable":true,"href":"https:\/\/quehacerpolitico.mx\/index.php?rest_route=%2Fwp%2Fv2%2Fcomments&post=21465"}],"version-history":[{"count":0,"href":"https:\/\/quehacerpolitico.mx\/index.php?rest_route=\/wp\/v2\/posts\/21465\/revisions"}],"wp:featuredmedia":[{"embeddable":true,"href":"https:\/\/quehacerpolitico.mx\/index.php?rest_route=\/"}],"wp:attachment":[{"href":"https:\/\/quehacerpolitico.mx\/index.php?rest_route=%2Fwp%2Fv2%2Fmedia&parent=21465"}],"wp:term":[{"taxonomy":"category","embeddable":true,"href":"https:\/\/quehacerpolitico.mx\/index.php?rest_route=%2Fwp%2Fv2%2Fcategories&post=21465"},{"taxonomy":"post_tag","embeddable":true,"href":"https:\/\/quehacerpolitico.mx\/index.php?rest_route=%2Fwp%2Fv2%2Ftags&post=21465"}],"curies":[{"name":"wp","href":"https:\/\/api.w.org\/{rel}","templated":true}]}}