{"id":2120,"date":"2018-08-09T19:05:35","date_gmt":"2018-08-09T19:05:35","guid":{"rendered":"http:\/\/quehacerpolitico.mx\/conoce-la-primera-escuela-tapatia-de-circo\/"},"modified":"2018-08-09T19:05:35","modified_gmt":"2018-08-09T19:05:35","slug":"conoce-la-primera-escuela-tapatia-de-circo","status":"publish","type":"post","link":"https:\/\/quehacerpolitico.mx\/?p=2120","title":{"rendered":"Conoce la primera escuela tapat\u00eda de circo"},"content":{"rendered":"<p>Las artes <strong><a href=\"https:\/\/www.informador.mx\/circo-t473\" target=\"_blank\" rel=\"noopener\">circenses<\/a><\/strong> tendr\u00e1n un antes y un despu\u00e9s en Guadalajara con la llegada de la Escuela Latinoamericana de Circo y Arte en Jalisco (ELCIRCA), la primera instituci\u00f3n en M\u00e9xico que abre sus puertas \u2014con el apoyo Proyecta Jalisco e Industrias Creativas de la <strong><a href=\"https:\/\/www.informador.mx\/secretaria-de-cultura-de-jalisco-t1194\" target=\"_blank\" rel=\"noopener\">Secretar\u00eda de Cultura de Jalisco<\/a><\/strong>\u2014 para profesionalizar desde una mirada m\u00e1s acad\u00e9mica el quehacer y desarrollo del arte circense.<\/p>\n<div id=\"div-gpt-ad-1524682842930-0\" data-google-query-id=\"CO7vyZfU4NwCFZDIwAodqQoOUQ\">\n<div id=\"google_ads_iframe_\/40135427\/informador_mx_Video_Outstream_0__container__\">Esta instituci\u00f3n surge de la inquietud de compa\u00f1\u00edas profesionales como Circo Drag\u00f3n, colectivo tapat\u00edo que desde 2005 se encarga no solo de ofrecer espect\u00e1culos circenses contempor\u00e1neos, pues a trav\u00e9s de Estudio Drag\u00f3n tambi\u00e9n se ha enfocado en impartir talleres y cursos especializados a la comunidad art\u00edstica m\u00e1s orientada al desarrollo esc\u00e9nico.<\/div>\n<div>\u00a0<\/div>\n<div>\u201cNos damos cuenta que Circo Drag\u00f3n tambi\u00e9n estaba funcionando como una incubadora de artistas, que siempre han sido personas que tienen talento pero la mayor\u00eda no tienen consolidado un acto y nosotros entramos como formadores (\u2026). Ahora, este programa de formaci\u00f3n lo estamos formalizando. Guadalajara est\u00e1 teniendo una fuerza importante en el circo contempor\u00e1neo, hay un movimiento importante en todo el pa\u00eds con muchos festivales, cultura y gente que viene a la ciudad porque hay m\u00e1s posibilidades ahora\u201d, detalla Rodrigo Orellana, uno de los fundadores de Circo Drag\u00f3n.<\/div>\n<div>\u00a0<\/div>\n<\/div>\n<div>https:\/\/www.facebook.com\/1578247815751645\/posts\/2140727756170312\/<\/div>\n<div>\n<h4>Recreativo, formativo y profesional<\/h4>\n<p>Ser\u00e1 hasta septiembre cuando ELCIRCA abra sus puertas en el Estudio Drag\u00f3n (colonia Seattle, en Zapopan) bajo la supervisi\u00f3n y aval de Circo Central en Newcastle, Circomedia en Bristol, la Escuela de Circo de Qu\u00e9bec y Carampa en Madrid, instituciones formativas de prestigio internacional, adem\u00e1s de Miguel Manzano Olmos, artista profesional de circo, quien fungir\u00e1 tambi\u00e9n como director de ELCIRCA.<\/p>\n<p>\u201cEs muy pertinente hacer una escuela ahora, realmente el nivel de calle, de lo que est\u00e1 sucediendo tiene cada vez m\u00e1s vigencia, hay m\u00e1s circo en lo recreativo, formativo y profesional, hay muchas compa\u00f1\u00edas, esta realidad lo exige\u201d, explica Miguel Manzano, responsable tambi\u00e9n de toda la estructura pedag\u00f3gica que tendr\u00e1 ELCIRCA.<\/p>\n<p>Entre las tem\u00e1ticas que se impartir\u00e1n en ELCIRCA <strong>se contemplan materias como acrobacia, port\u00e9s acrob\u00e1ticos, manipulaci\u00f3n de objetos, equilibrios, clown, actuaciones con p\u00fablico, maquillaje y dise\u00f1o de vestuario y t\u00e9cnica teatral, entre otras<\/strong>. Sin embargo, la parte pr\u00e1ctica no ser\u00e1 lo \u00fanico que ense\u00f1ar\u00e1n en la nueva escuela, pues reconocen en la parte te\u00f3rica un elemento importante en la formaci\u00f3n profesional de artistas circenses, por lo que tambi\u00e9n se contar\u00e1 con materias como historia del circo, anatom\u00eda y kinesiolog\u00eda, antropolog\u00eda del arte e iniciaci\u00f3n a la gesti\u00f3n empresarial, entre otras.<\/p>\n<p>\u201cEn M\u00e9xico s\u00ed ha habido formaci\u00f3n, pero no hay escuelas profesionales de circo, esto es un parteaguas. Hay pa\u00edses con escuelas de m\u00e1s de 25 \u00f3 30 a\u00f1os en Europa, en Per\u00fa tambi\u00e9n hay una escuela. Aunque en Guadalajara y en general en M\u00e9xico hemos buscado la forma de prepararnos, los artistas no nos hemos quedado atr\u00e1s, pero s\u00ed en lo que es una escuela, apenas estamos iniciando\u201d.<\/p>\n<h4>SABER M\u00c1S<br \/>Ag\u00e9ndalo<\/h4>\n<p>Previo al inicio oficial de actividades, ELCIRCA implementar\u00e1 pruebas de acceso para conocer la condici\u00f3n de los aspirantes, los d\u00edas 28, 29 y 30 de agosto, con un costo de 500 pesos como cuota de recuperaci\u00f3n. Hasta el d\u00eda 28 de agosto estar\u00e1n abiertas las inscripciones previas. El primer diplomado iniciar\u00e1 formalmente el 17 de septiembre y finaliza el 26 de octubre.<\/p>\n<p>M\u00e1s informaci\u00f3n al tel\u00e9fono 01 <a href=\"tel:(33) 36245843\">(33) 36245843<\/a> o al correo: elcirca.edu@gmail.com y <strong><a href=\"https:\/\/www.facebook.com\/estudiocircodragon\/?hc_ref=ARRuNsrrrFiyUSnWNuM1IknNDHaC62EHZyV8D-5yczDFR4QvhGPDMZFZHylNFezZkf8&amp;fref=nf\" target=\"_blank\" rel=\"noopener\">redes sociales de Circo Drag\u00f3n<\/a><\/strong>.<\/p>\n<\/div>\n","protected":false},"excerpt":{"rendered":"<p>ELCIRCA est\u00e1 cerca de comenzar sus actividades acad\u00e9micas que buscan profesionalizar el quehacer circense<br \/>\nPor Redacci\u00f3n QP<\/p>\n","protected":false},"author":2,"featured_media":2119,"comment_status":"open","ping_status":"open","sticky":false,"template":"","format":"standard","meta":{"_monsterinsights_skip_tracking":false,"_monsterinsights_sitenote_active":false,"_monsterinsights_sitenote_note":"","_monsterinsights_sitenote_category":0,"footnotes":""},"categories":[58],"tags":[],"class_list":["post-2120","post","type-post","status-publish","format-standard","has-post-thumbnail","hentry","category-cultura"],"yoast_head":"<!-- This site is optimized with the Yoast SEO plugin v27.3 - https:\/\/yoast.com\/product\/yoast-seo-wordpress\/ -->\n<title>Conoce la primera escuela tapat\u00eda de circo -<\/title>\n<meta name=\"robots\" content=\"index, follow, max-snippet:-1, max-image-preview:large, max-video-preview:-1\" \/>\n<link rel=\"canonical\" href=\"https:\/\/quehacerpolitico.mx\/?p=2120\" \/>\n<meta property=\"og:locale\" content=\"es_MX\" \/>\n<meta property=\"og:type\" content=\"article\" \/>\n<meta property=\"og:title\" content=\"Conoce la primera escuela tapat\u00eda de circo -\" \/>\n<meta property=\"og:description\" content=\"ELCIRCA est\u00e1 cerca de comenzar sus actividades acad\u00e9micas que buscan profesionalizar el quehacer circense Por Redacci\u00f3n QP\" \/>\n<meta property=\"og:url\" content=\"https:\/\/quehacerpolitico.mx\/?p=2120\" \/>\n<meta property=\"article:published_time\" content=\"2018-08-09T19:05:35+00:00\" \/>\n<meta name=\"author\" content=\"Redacci\u00f3n QP\" \/>\n<meta name=\"twitter:card\" content=\"summary_large_image\" \/>\n<meta name=\"twitter:label1\" content=\"Escrito por\" \/>\n\t<meta name=\"twitter:data1\" content=\"Redacci\u00f3n QP\" \/>\n\t<meta name=\"twitter:label2\" content=\"Tiempo de lectura\" \/>\n\t<meta name=\"twitter:data2\" content=\"3 minutos\" \/>\n<script type=\"application\/ld+json\" class=\"yoast-schema-graph\">{\"@context\":\"https:\\\/\\\/schema.org\",\"@graph\":[{\"@type\":\"Article\",\"@id\":\"https:\\\/\\\/quehacerpolitico.mx\\\/?p=2120#article\",\"isPartOf\":{\"@id\":\"https:\\\/\\\/quehacerpolitico.mx\\\/?p=2120\"},\"author\":{\"name\":\"Redacci\u00f3n QP\",\"@id\":\"https:\\\/\\\/quehacerpolitico.mx\\\/#\\\/schema\\\/person\\\/496d8ad2d1d3f8036101dca7ee39e585\"},\"headline\":\"Conoce la primera escuela tapat\u00eda de circo\",\"datePublished\":\"2018-08-09T19:05:35+00:00\",\"mainEntityOfPage\":{\"@id\":\"https:\\\/\\\/quehacerpolitico.mx\\\/?p=2120\"},\"wordCount\":632,\"commentCount\":0,\"image\":{\"@id\":\"https:\\\/\\\/quehacerpolitico.mx\\\/?p=2120#primaryimage\"},\"thumbnailUrl\":\"\",\"articleSection\":[\"Cultura y Entretenimiento\"],\"inLanguage\":\"es\",\"potentialAction\":[{\"@type\":\"CommentAction\",\"name\":\"Comment\",\"target\":[\"https:\\\/\\\/quehacerpolitico.mx\\\/?p=2120#respond\"]}]},{\"@type\":\"WebPage\",\"@id\":\"https:\\\/\\\/quehacerpolitico.mx\\\/?p=2120\",\"url\":\"https:\\\/\\\/quehacerpolitico.mx\\\/?p=2120\",\"name\":\"Conoce la primera escuela tapat\u00eda de circo -\",\"isPartOf\":{\"@id\":\"https:\\\/\\\/quehacerpolitico.mx\\\/#website\"},\"primaryImageOfPage\":{\"@id\":\"https:\\\/\\\/quehacerpolitico.mx\\\/?p=2120#primaryimage\"},\"image\":{\"@id\":\"https:\\\/\\\/quehacerpolitico.mx\\\/?p=2120#primaryimage\"},\"thumbnailUrl\":\"\",\"datePublished\":\"2018-08-09T19:05:35+00:00\",\"author\":{\"@id\":\"https:\\\/\\\/quehacerpolitico.mx\\\/#\\\/schema\\\/person\\\/496d8ad2d1d3f8036101dca7ee39e585\"},\"breadcrumb\":{\"@id\":\"https:\\\/\\\/quehacerpolitico.mx\\\/?p=2120#breadcrumb\"},\"inLanguage\":\"es\",\"potentialAction\":[{\"@type\":\"ReadAction\",\"target\":[\"https:\\\/\\\/quehacerpolitico.mx\\\/?p=2120\"]}]},{\"@type\":\"ImageObject\",\"inLanguage\":\"es\",\"@id\":\"https:\\\/\\\/quehacerpolitico.mx\\\/?p=2120#primaryimage\",\"url\":\"\",\"contentUrl\":\"\"},{\"@type\":\"BreadcrumbList\",\"@id\":\"https:\\\/\\\/quehacerpolitico.mx\\\/?p=2120#breadcrumb\",\"itemListElement\":[{\"@type\":\"ListItem\",\"position\":1,\"name\":\"Inicio\",\"item\":\"https:\\\/\\\/quehacerpolitico.mx\\\/\"},{\"@type\":\"ListItem\",\"position\":2,\"name\":\"Conoce la primera escuela tapat\u00eda de circo\"}]},{\"@type\":\"WebSite\",\"@id\":\"https:\\\/\\\/quehacerpolitico.mx\\\/#website\",\"url\":\"https:\\\/\\\/quehacerpolitico.mx\\\/\",\"name\":\"\",\"description\":\"\",\"potentialAction\":[{\"@type\":\"SearchAction\",\"target\":{\"@type\":\"EntryPoint\",\"urlTemplate\":\"https:\\\/\\\/quehacerpolitico.mx\\\/?s={search_term_string}\"},\"query-input\":{\"@type\":\"PropertyValueSpecification\",\"valueRequired\":true,\"valueName\":\"search_term_string\"}}],\"inLanguage\":\"es\"},{\"@type\":\"Person\",\"@id\":\"https:\\\/\\\/quehacerpolitico.mx\\\/#\\\/schema\\\/person\\\/496d8ad2d1d3f8036101dca7ee39e585\",\"name\":\"Redacci\u00f3n QP\",\"image\":{\"@type\":\"ImageObject\",\"inLanguage\":\"es\",\"@id\":\"https:\\\/\\\/secure.gravatar.com\\\/avatar\\\/c7164ed6fdec453195284ad24a5ae5b6e1eed2b848477fa2a4787ba9adf39a41?s=96&d=mm&r=g\",\"url\":\"https:\\\/\\\/secure.gravatar.com\\\/avatar\\\/c7164ed6fdec453195284ad24a5ae5b6e1eed2b848477fa2a4787ba9adf39a41?s=96&d=mm&r=g\",\"contentUrl\":\"https:\\\/\\\/secure.gravatar.com\\\/avatar\\\/c7164ed6fdec453195284ad24a5ae5b6e1eed2b848477fa2a4787ba9adf39a41?s=96&d=mm&r=g\",\"caption\":\"Redacci\u00f3n QP\"},\"url\":\"https:\\\/\\\/quehacerpolitico.mx\\\/?author=2\"}]}<\/script>\n<!-- \/ Yoast SEO plugin. -->","yoast_head_json":{"title":"Conoce la primera escuela tapat\u00eda de circo -","robots":{"index":"index","follow":"follow","max-snippet":"max-snippet:-1","max-image-preview":"max-image-preview:large","max-video-preview":"max-video-preview:-1"},"canonical":"https:\/\/quehacerpolitico.mx\/?p=2120","og_locale":"es_MX","og_type":"article","og_title":"Conoce la primera escuela tapat\u00eda de circo -","og_description":"ELCIRCA est\u00e1 cerca de comenzar sus actividades acad\u00e9micas que buscan profesionalizar el quehacer circense Por Redacci\u00f3n QP","og_url":"https:\/\/quehacerpolitico.mx\/?p=2120","article_published_time":"2018-08-09T19:05:35+00:00","author":"Redacci\u00f3n QP","twitter_card":"summary_large_image","twitter_misc":{"Escrito por":"Redacci\u00f3n QP","Tiempo de lectura":"3 minutos"},"schema":{"@context":"https:\/\/schema.org","@graph":[{"@type":"Article","@id":"https:\/\/quehacerpolitico.mx\/?p=2120#article","isPartOf":{"@id":"https:\/\/quehacerpolitico.mx\/?p=2120"},"author":{"name":"Redacci\u00f3n QP","@id":"https:\/\/quehacerpolitico.mx\/#\/schema\/person\/496d8ad2d1d3f8036101dca7ee39e585"},"headline":"Conoce la primera escuela tapat\u00eda de circo","datePublished":"2018-08-09T19:05:35+00:00","mainEntityOfPage":{"@id":"https:\/\/quehacerpolitico.mx\/?p=2120"},"wordCount":632,"commentCount":0,"image":{"@id":"https:\/\/quehacerpolitico.mx\/?p=2120#primaryimage"},"thumbnailUrl":"","articleSection":["Cultura y Entretenimiento"],"inLanguage":"es","potentialAction":[{"@type":"CommentAction","name":"Comment","target":["https:\/\/quehacerpolitico.mx\/?p=2120#respond"]}]},{"@type":"WebPage","@id":"https:\/\/quehacerpolitico.mx\/?p=2120","url":"https:\/\/quehacerpolitico.mx\/?p=2120","name":"Conoce la primera escuela tapat\u00eda de circo -","isPartOf":{"@id":"https:\/\/quehacerpolitico.mx\/#website"},"primaryImageOfPage":{"@id":"https:\/\/quehacerpolitico.mx\/?p=2120#primaryimage"},"image":{"@id":"https:\/\/quehacerpolitico.mx\/?p=2120#primaryimage"},"thumbnailUrl":"","datePublished":"2018-08-09T19:05:35+00:00","author":{"@id":"https:\/\/quehacerpolitico.mx\/#\/schema\/person\/496d8ad2d1d3f8036101dca7ee39e585"},"breadcrumb":{"@id":"https:\/\/quehacerpolitico.mx\/?p=2120#breadcrumb"},"inLanguage":"es","potentialAction":[{"@type":"ReadAction","target":["https:\/\/quehacerpolitico.mx\/?p=2120"]}]},{"@type":"ImageObject","inLanguage":"es","@id":"https:\/\/quehacerpolitico.mx\/?p=2120#primaryimage","url":"","contentUrl":""},{"@type":"BreadcrumbList","@id":"https:\/\/quehacerpolitico.mx\/?p=2120#breadcrumb","itemListElement":[{"@type":"ListItem","position":1,"name":"Inicio","item":"https:\/\/quehacerpolitico.mx\/"},{"@type":"ListItem","position":2,"name":"Conoce la primera escuela tapat\u00eda de circo"}]},{"@type":"WebSite","@id":"https:\/\/quehacerpolitico.mx\/#website","url":"https:\/\/quehacerpolitico.mx\/","name":"","description":"","potentialAction":[{"@type":"SearchAction","target":{"@type":"EntryPoint","urlTemplate":"https:\/\/quehacerpolitico.mx\/?s={search_term_string}"},"query-input":{"@type":"PropertyValueSpecification","valueRequired":true,"valueName":"search_term_string"}}],"inLanguage":"es"},{"@type":"Person","@id":"https:\/\/quehacerpolitico.mx\/#\/schema\/person\/496d8ad2d1d3f8036101dca7ee39e585","name":"Redacci\u00f3n QP","image":{"@type":"ImageObject","inLanguage":"es","@id":"https:\/\/secure.gravatar.com\/avatar\/c7164ed6fdec453195284ad24a5ae5b6e1eed2b848477fa2a4787ba9adf39a41?s=96&d=mm&r=g","url":"https:\/\/secure.gravatar.com\/avatar\/c7164ed6fdec453195284ad24a5ae5b6e1eed2b848477fa2a4787ba9adf39a41?s=96&d=mm&r=g","contentUrl":"https:\/\/secure.gravatar.com\/avatar\/c7164ed6fdec453195284ad24a5ae5b6e1eed2b848477fa2a4787ba9adf39a41?s=96&d=mm&r=g","caption":"Redacci\u00f3n QP"},"url":"https:\/\/quehacerpolitico.mx\/?author=2"}]}},"featured_image_urls":{"full":"","thumbnail":"","medium":"","medium_large":"","large":"","1536x1536":"","2048x2048":"","covernews-featured":"","covernews-medium":""},"author_info":{"display_name":"Redacci\u00f3n QP","author_link":"https:\/\/quehacerpolitico.mx\/?author=2"},"category_info":"<a href=\"https:\/\/quehacerpolitico.mx\/?cat=58\" rel=\"category\">Cultura y Entretenimiento<\/a>","tag_info":"Cultura y Entretenimiento","comment_count":"0","_links":{"self":[{"href":"https:\/\/quehacerpolitico.mx\/index.php?rest_route=\/wp\/v2\/posts\/2120","targetHints":{"allow":["GET"]}}],"collection":[{"href":"https:\/\/quehacerpolitico.mx\/index.php?rest_route=\/wp\/v2\/posts"}],"about":[{"href":"https:\/\/quehacerpolitico.mx\/index.php?rest_route=\/wp\/v2\/types\/post"}],"author":[{"embeddable":true,"href":"https:\/\/quehacerpolitico.mx\/index.php?rest_route=\/wp\/v2\/users\/2"}],"replies":[{"embeddable":true,"href":"https:\/\/quehacerpolitico.mx\/index.php?rest_route=%2Fwp%2Fv2%2Fcomments&post=2120"}],"version-history":[{"count":0,"href":"https:\/\/quehacerpolitico.mx\/index.php?rest_route=\/wp\/v2\/posts\/2120\/revisions"}],"wp:featuredmedia":[{"embeddable":true,"href":"https:\/\/quehacerpolitico.mx\/index.php?rest_route=\/"}],"wp:attachment":[{"href":"https:\/\/quehacerpolitico.mx\/index.php?rest_route=%2Fwp%2Fv2%2Fmedia&parent=2120"}],"wp:term":[{"taxonomy":"category","embeddable":true,"href":"https:\/\/quehacerpolitico.mx\/index.php?rest_route=%2Fwp%2Fv2%2Fcategories&post=2120"},{"taxonomy":"post_tag","embeddable":true,"href":"https:\/\/quehacerpolitico.mx\/index.php?rest_route=%2Fwp%2Fv2%2Ftags&post=2120"}],"curies":[{"name":"wp","href":"https:\/\/api.w.org\/{rel}","templated":true}]}}