{"id":2118,"date":"2018-08-09T18:58:37","date_gmt":"2018-08-09T18:58:37","guid":{"rendered":"http:\/\/quehacerpolitico.mx\/la-secretaria-de-cultura-toma-cartas-en-el-caso-barragan\/"},"modified":"2018-08-09T18:58:37","modified_gmt":"2018-08-09T18:58:37","slug":"la-secretaria-de-cultura-toma-cartas-en-el-caso-barragan","status":"publish","type":"post","link":"https:\/\/quehacerpolitico.mx\/?p=2118","title":{"rendered":"La Secretar\u00eda de Cultura toma cartas en el caso Barrag\u00e1n"},"content":{"rendered":"<p>Despu\u00e9s de la denuncia por parte de la Fundaci\u00f3n de Arquitectura Tapat\u00eda Luis Barrag\u00e1n sobre las demoliciones (realizadas el lunes 6 de agosto) hechas a la finca ubicada en la calle Hidalgo, en Chapala, intervenida por Luis Barrag\u00e1n en los a\u00f1os cuarenta, <strong>la Secretar\u00eda de Cultura Jalisco (SC) decidi\u00f3 tomar acciones respecto a este asunto.<\/strong><\/p>\n<div id=\"div-gpt-ad-1524682842930-0\" data-google-query-id=\"CMTPs-zS4NwCFQs9TwodxjcD0w\">\n<div id=\"google_ads_iframe_\/40135427\/informador_mx_Video_Outstream_0__container__\">El director de <strong><a href=\"https:\/\/www.informador.mx\/patrimonio-t662\" target=\"_blank\" rel=\"noopener\">Patrimonio<\/a><\/strong> Art\u00edstico e Hist\u00f3rico de la SC, Julio Herrera, afirm\u00f3 que el recinto en cuesti\u00f3n no puede ser intervenido si no existe la gesti\u00f3n correspondiente con las autoridades culturales:<\/div>\n<\/div>\n<p>\u201cEsta finca es parte del inventario del Patrimonio Cultural de Jalisco, como finca de valor art\u00edstico relevante, por lo tanto cualquier acci\u00f3n que tenga que ver con su conservaci\u00f3n, mantenimiento, o cualquier nivel de intervenci\u00f3n que se pretenda, debe de llevar una gesti\u00f3n con la <strong><a href=\"https:\/\/www.informador.mx\/secretaria-de-cultura-de-jalisco-t1194\" target=\"_blank\" rel=\"noopener\">Secretar\u00eda de Cultura<\/a><\/strong>, esto lleva a un dictamen, que es un instrumento legal que revisa el nivel de intervenci\u00f3n en la forma en la cual se deben generar las acciones de conservaci\u00f3n que debe de tener la finca\u201d.<\/p>\n<p>Esta labor a favor de la conservaci\u00f3n se realiza en coordinaci\u00f3n con el Instituto Nacional de Bellas Artes (INBA) a trav\u00e9s de la direcci\u00f3n de Arquitectura y Conservaci\u00f3n del Patrimonio Art\u00edstico Inmueble, a cargo de Dolores Mart\u00ednez Orralde: \u201cToda la obra de Luis Barrag\u00e1n se trata conjuntamente, la Secretar\u00eda de Cultura y el INBA tienen que emitir un dictamen. Y lo que hacemos nosotros es colaborar junto con el municipio, primero inform\u00e1ndoles para que detenga todas las acciones, revisar qu\u00e9 se est\u00e1 haciendo y que nos remita la informaci\u00f3n sobre los proyectos o las intenciones que se tengan de intervenci\u00f3n de cualquier finca, cualquier finca que est\u00e9 dentro de una zona de conservaci\u00f3n, en particular esta finca por su valor; est\u00e1 situada dentro del per\u00edmetro de conservaci\u00f3n de Chapala, esta finca est\u00e1 identificada, adem\u00e1s es una finca muy reconocida por la poblaci\u00f3n\u201d.<\/p>\n<div data-oembed-url=\"https:\/\/www.informador.mx\/cultura\/Ante-derribo-piden-conservar-casa-que-intervino-Barragan-20180807-0023.html\">\n<div class=\"iframely-embed\">\n<p>Las autoridades estatales recibieron de manera oficial un reporte del municipio de <strong><a href=\"https:\/\/www.informador.mx\/chapala-t48\" target=\"_blank\" rel=\"noopener\">Chapala<\/a><\/strong> en el que se informa que \u201cla finca tuvo un colapso, porque da de calle a calle, la entrada principal est\u00e1 en Avenida Hidalgo, y por atr\u00e1s uno de los muros sufri\u00f3 un desplome y se empez\u00f3 a desprender. Esto es parte del riesgo que se debe de atender\u201d.<\/p>\n<p>Para continuar con la labor de conservaci\u00f3n, la SC solicit\u00f3 \u201ca las autoridades que no se d\u00e9 m\u00e1s all\u00e1 de la reparaci\u00f3n de este muro, pero s\u00ed, cualquier otra intenci\u00f3n de cambio de uso de la finca, nos emitan los proyectos, para nosotros trabajar la gesti\u00f3n con la dependencia del gobierno federal. Y permitir lo que sea bueno para la finca\u201d, asegur\u00f3 Herrera.\u00a0 Mientras que el d\u00eda de hoy, el director se reunir\u00e1 con la direcci\u00f3n de Planeaci\u00f3n y Desarrollo Urbano, y con la de Cultura, ambas del municipio de Chapala, con la finalidad de concretar el proceder respecto a la finca intervenida por el arquitecto Luis Barrag\u00e1n.<\/p>\n<p>Por otra parte, la Fundaci\u00f3n de Arquitectura Tapat\u00eda Luis Barrag\u00e1n, en voz de su presidente Jorge Gamboa de Buen, mantiene la angustia por el recinto en cuesti\u00f3n, pues si bien alertaron tanto a las autoridades culturales estatales como federales, temen que mientras \u00e9stas tomen acci\u00f3n, \u201cpuedan pasar hechos que son irreversibles, que se demuele una parte elemental del edificio, se haga un contrato de compra venta para otra cosa, por eso hay una leg\u00edtima preocupaci\u00f3n sobre el tema\u201d.<\/p>\n<p>La fundaci\u00f3n espera que se\u00a0 pueda dialogar y tener una mesa de trabajo con los propietarios de la finca y con las autoridades culturales correspondientes \u201cpara poder encontrar una salida positiva para todos\u201d, y mientras esto sucede, que se impida \u201ccualquier obra que pueda da\u00f1ar el inmueble\u201d.<\/p>\n<p>\u201cLuis Barrag\u00e1n aprovech\u00f3 cimientos y muros, pero su intervenci\u00f3n fue total. Hizo todo el jard\u00edn en colaboraci\u00f3n con el se\u00f1or Mago V\u00e1zquez y la se\u00f1ora Luz Barrag\u00e1n, due\u00f1os de la casa (en aquella \u00e9poca)\u201d, inform\u00f3 Juan Palomar respecto a la finca.\u00a0<\/p>\n<\/div>\n<\/div>\n","protected":false},"excerpt":{"rendered":"<p>Autoridades culturales estatales solicitaron a las municipales de Chapala detener las obras en finca intervenida por Barrag\u00e1n en los a\u00f1os cuarenta; temen por posibles da\u00f1os irreversibles en el inmueble<br \/>\nPor Redacci\u00f3n QP<\/p>\n","protected":false},"author":2,"featured_media":2117,"comment_status":"open","ping_status":"open","sticky":false,"template":"","format":"standard","meta":{"_monsterinsights_skip_tracking":false,"_monsterinsights_sitenote_active":false,"_monsterinsights_sitenote_note":"","_monsterinsights_sitenote_category":0,"footnotes":""},"categories":[58],"tags":[],"class_list":["post-2118","post","type-post","status-publish","format-standard","has-post-thumbnail","hentry","category-cultura"],"yoast_head":"<!-- This site is optimized with the Yoast SEO plugin v27.3 - https:\/\/yoast.com\/product\/yoast-seo-wordpress\/ -->\n<title>La Secretar\u00eda de Cultura toma cartas en el caso Barrag\u00e1n -<\/title>\n<meta name=\"robots\" content=\"index, follow, max-snippet:-1, max-image-preview:large, max-video-preview:-1\" \/>\n<link rel=\"canonical\" href=\"https:\/\/quehacerpolitico.mx\/?p=2118\" \/>\n<meta property=\"og:locale\" content=\"es_MX\" \/>\n<meta property=\"og:type\" content=\"article\" \/>\n<meta property=\"og:title\" content=\"La Secretar\u00eda de Cultura toma cartas en el caso Barrag\u00e1n -\" \/>\n<meta property=\"og:description\" content=\"Autoridades culturales estatales solicitaron a las municipales de Chapala detener las obras en finca intervenida por Barrag\u00e1n en los a\u00f1os cuarenta; temen por posibles da\u00f1os irreversibles en el inmueble Por Redacci\u00f3n QP\" \/>\n<meta property=\"og:url\" content=\"https:\/\/quehacerpolitico.mx\/?p=2118\" \/>\n<meta property=\"article:published_time\" content=\"2018-08-09T18:58:37+00:00\" \/>\n<meta name=\"author\" content=\"Redacci\u00f3n QP\" \/>\n<meta name=\"twitter:card\" content=\"summary_large_image\" \/>\n<meta name=\"twitter:label1\" content=\"Escrito por\" \/>\n\t<meta name=\"twitter:data1\" content=\"Redacci\u00f3n QP\" \/>\n\t<meta name=\"twitter:label2\" content=\"Tiempo de lectura\" \/>\n\t<meta name=\"twitter:data2\" content=\"4 minutos\" \/>\n<script type=\"application\/ld+json\" class=\"yoast-schema-graph\">{\"@context\":\"https:\\\/\\\/schema.org\",\"@graph\":[{\"@type\":\"Article\",\"@id\":\"https:\\\/\\\/quehacerpolitico.mx\\\/?p=2118#article\",\"isPartOf\":{\"@id\":\"https:\\\/\\\/quehacerpolitico.mx\\\/?p=2118\"},\"author\":{\"name\":\"Redacci\u00f3n QP\",\"@id\":\"https:\\\/\\\/quehacerpolitico.mx\\\/#\\\/schema\\\/person\\\/496d8ad2d1d3f8036101dca7ee39e585\"},\"headline\":\"La Secretar\u00eda de Cultura toma cartas en el caso Barrag\u00e1n\",\"datePublished\":\"2018-08-09T18:58:37+00:00\",\"mainEntityOfPage\":{\"@id\":\"https:\\\/\\\/quehacerpolitico.mx\\\/?p=2118\"},\"wordCount\":723,\"commentCount\":0,\"image\":{\"@id\":\"https:\\\/\\\/quehacerpolitico.mx\\\/?p=2118#primaryimage\"},\"thumbnailUrl\":\"\",\"articleSection\":[\"Cultura y Entretenimiento\"],\"inLanguage\":\"es\",\"potentialAction\":[{\"@type\":\"CommentAction\",\"name\":\"Comment\",\"target\":[\"https:\\\/\\\/quehacerpolitico.mx\\\/?p=2118#respond\"]}]},{\"@type\":\"WebPage\",\"@id\":\"https:\\\/\\\/quehacerpolitico.mx\\\/?p=2118\",\"url\":\"https:\\\/\\\/quehacerpolitico.mx\\\/?p=2118\",\"name\":\"La Secretar\u00eda de Cultura toma cartas en el caso Barrag\u00e1n -\",\"isPartOf\":{\"@id\":\"https:\\\/\\\/quehacerpolitico.mx\\\/#website\"},\"primaryImageOfPage\":{\"@id\":\"https:\\\/\\\/quehacerpolitico.mx\\\/?p=2118#primaryimage\"},\"image\":{\"@id\":\"https:\\\/\\\/quehacerpolitico.mx\\\/?p=2118#primaryimage\"},\"thumbnailUrl\":\"\",\"datePublished\":\"2018-08-09T18:58:37+00:00\",\"author\":{\"@id\":\"https:\\\/\\\/quehacerpolitico.mx\\\/#\\\/schema\\\/person\\\/496d8ad2d1d3f8036101dca7ee39e585\"},\"breadcrumb\":{\"@id\":\"https:\\\/\\\/quehacerpolitico.mx\\\/?p=2118#breadcrumb\"},\"inLanguage\":\"es\",\"potentialAction\":[{\"@type\":\"ReadAction\",\"target\":[\"https:\\\/\\\/quehacerpolitico.mx\\\/?p=2118\"]}]},{\"@type\":\"ImageObject\",\"inLanguage\":\"es\",\"@id\":\"https:\\\/\\\/quehacerpolitico.mx\\\/?p=2118#primaryimage\",\"url\":\"\",\"contentUrl\":\"\"},{\"@type\":\"BreadcrumbList\",\"@id\":\"https:\\\/\\\/quehacerpolitico.mx\\\/?p=2118#breadcrumb\",\"itemListElement\":[{\"@type\":\"ListItem\",\"position\":1,\"name\":\"Inicio\",\"item\":\"https:\\\/\\\/quehacerpolitico.mx\\\/\"},{\"@type\":\"ListItem\",\"position\":2,\"name\":\"La Secretar\u00eda de Cultura toma cartas en el caso Barrag\u00e1n\"}]},{\"@type\":\"WebSite\",\"@id\":\"https:\\\/\\\/quehacerpolitico.mx\\\/#website\",\"url\":\"https:\\\/\\\/quehacerpolitico.mx\\\/\",\"name\":\"\",\"description\":\"\",\"potentialAction\":[{\"@type\":\"SearchAction\",\"target\":{\"@type\":\"EntryPoint\",\"urlTemplate\":\"https:\\\/\\\/quehacerpolitico.mx\\\/?s={search_term_string}\"},\"query-input\":{\"@type\":\"PropertyValueSpecification\",\"valueRequired\":true,\"valueName\":\"search_term_string\"}}],\"inLanguage\":\"es\"},{\"@type\":\"Person\",\"@id\":\"https:\\\/\\\/quehacerpolitico.mx\\\/#\\\/schema\\\/person\\\/496d8ad2d1d3f8036101dca7ee39e585\",\"name\":\"Redacci\u00f3n QP\",\"image\":{\"@type\":\"ImageObject\",\"inLanguage\":\"es\",\"@id\":\"https:\\\/\\\/secure.gravatar.com\\\/avatar\\\/c7164ed6fdec453195284ad24a5ae5b6e1eed2b848477fa2a4787ba9adf39a41?s=96&d=mm&r=g\",\"url\":\"https:\\\/\\\/secure.gravatar.com\\\/avatar\\\/c7164ed6fdec453195284ad24a5ae5b6e1eed2b848477fa2a4787ba9adf39a41?s=96&d=mm&r=g\",\"contentUrl\":\"https:\\\/\\\/secure.gravatar.com\\\/avatar\\\/c7164ed6fdec453195284ad24a5ae5b6e1eed2b848477fa2a4787ba9adf39a41?s=96&d=mm&r=g\",\"caption\":\"Redacci\u00f3n QP\"},\"url\":\"https:\\\/\\\/quehacerpolitico.mx\\\/?author=2\"}]}<\/script>\n<!-- \/ Yoast SEO plugin. -->","yoast_head_json":{"title":"La Secretar\u00eda de Cultura toma cartas en el caso Barrag\u00e1n -","robots":{"index":"index","follow":"follow","max-snippet":"max-snippet:-1","max-image-preview":"max-image-preview:large","max-video-preview":"max-video-preview:-1"},"canonical":"https:\/\/quehacerpolitico.mx\/?p=2118","og_locale":"es_MX","og_type":"article","og_title":"La Secretar\u00eda de Cultura toma cartas en el caso Barrag\u00e1n -","og_description":"Autoridades culturales estatales solicitaron a las municipales de Chapala detener las obras en finca intervenida por Barrag\u00e1n en los a\u00f1os cuarenta; temen por posibles da\u00f1os irreversibles en el inmueble Por Redacci\u00f3n QP","og_url":"https:\/\/quehacerpolitico.mx\/?p=2118","article_published_time":"2018-08-09T18:58:37+00:00","author":"Redacci\u00f3n QP","twitter_card":"summary_large_image","twitter_misc":{"Escrito por":"Redacci\u00f3n QP","Tiempo de lectura":"4 minutos"},"schema":{"@context":"https:\/\/schema.org","@graph":[{"@type":"Article","@id":"https:\/\/quehacerpolitico.mx\/?p=2118#article","isPartOf":{"@id":"https:\/\/quehacerpolitico.mx\/?p=2118"},"author":{"name":"Redacci\u00f3n QP","@id":"https:\/\/quehacerpolitico.mx\/#\/schema\/person\/496d8ad2d1d3f8036101dca7ee39e585"},"headline":"La Secretar\u00eda de Cultura toma cartas en el caso Barrag\u00e1n","datePublished":"2018-08-09T18:58:37+00:00","mainEntityOfPage":{"@id":"https:\/\/quehacerpolitico.mx\/?p=2118"},"wordCount":723,"commentCount":0,"image":{"@id":"https:\/\/quehacerpolitico.mx\/?p=2118#primaryimage"},"thumbnailUrl":"","articleSection":["Cultura y Entretenimiento"],"inLanguage":"es","potentialAction":[{"@type":"CommentAction","name":"Comment","target":["https:\/\/quehacerpolitico.mx\/?p=2118#respond"]}]},{"@type":"WebPage","@id":"https:\/\/quehacerpolitico.mx\/?p=2118","url":"https:\/\/quehacerpolitico.mx\/?p=2118","name":"La Secretar\u00eda de Cultura toma cartas en el caso Barrag\u00e1n -","isPartOf":{"@id":"https:\/\/quehacerpolitico.mx\/#website"},"primaryImageOfPage":{"@id":"https:\/\/quehacerpolitico.mx\/?p=2118#primaryimage"},"image":{"@id":"https:\/\/quehacerpolitico.mx\/?p=2118#primaryimage"},"thumbnailUrl":"","datePublished":"2018-08-09T18:58:37+00:00","author":{"@id":"https:\/\/quehacerpolitico.mx\/#\/schema\/person\/496d8ad2d1d3f8036101dca7ee39e585"},"breadcrumb":{"@id":"https:\/\/quehacerpolitico.mx\/?p=2118#breadcrumb"},"inLanguage":"es","potentialAction":[{"@type":"ReadAction","target":["https:\/\/quehacerpolitico.mx\/?p=2118"]}]},{"@type":"ImageObject","inLanguage":"es","@id":"https:\/\/quehacerpolitico.mx\/?p=2118#primaryimage","url":"","contentUrl":""},{"@type":"BreadcrumbList","@id":"https:\/\/quehacerpolitico.mx\/?p=2118#breadcrumb","itemListElement":[{"@type":"ListItem","position":1,"name":"Inicio","item":"https:\/\/quehacerpolitico.mx\/"},{"@type":"ListItem","position":2,"name":"La Secretar\u00eda de Cultura toma cartas en el caso Barrag\u00e1n"}]},{"@type":"WebSite","@id":"https:\/\/quehacerpolitico.mx\/#website","url":"https:\/\/quehacerpolitico.mx\/","name":"","description":"","potentialAction":[{"@type":"SearchAction","target":{"@type":"EntryPoint","urlTemplate":"https:\/\/quehacerpolitico.mx\/?s={search_term_string}"},"query-input":{"@type":"PropertyValueSpecification","valueRequired":true,"valueName":"search_term_string"}}],"inLanguage":"es"},{"@type":"Person","@id":"https:\/\/quehacerpolitico.mx\/#\/schema\/person\/496d8ad2d1d3f8036101dca7ee39e585","name":"Redacci\u00f3n QP","image":{"@type":"ImageObject","inLanguage":"es","@id":"https:\/\/secure.gravatar.com\/avatar\/c7164ed6fdec453195284ad24a5ae5b6e1eed2b848477fa2a4787ba9adf39a41?s=96&d=mm&r=g","url":"https:\/\/secure.gravatar.com\/avatar\/c7164ed6fdec453195284ad24a5ae5b6e1eed2b848477fa2a4787ba9adf39a41?s=96&d=mm&r=g","contentUrl":"https:\/\/secure.gravatar.com\/avatar\/c7164ed6fdec453195284ad24a5ae5b6e1eed2b848477fa2a4787ba9adf39a41?s=96&d=mm&r=g","caption":"Redacci\u00f3n QP"},"url":"https:\/\/quehacerpolitico.mx\/?author=2"}]}},"featured_image_urls":{"full":"","thumbnail":"","medium":"","medium_large":"","large":"","1536x1536":"","2048x2048":"","covernews-featured":"","covernews-medium":""},"author_info":{"display_name":"Redacci\u00f3n QP","author_link":"https:\/\/quehacerpolitico.mx\/?author=2"},"category_info":"<a href=\"https:\/\/quehacerpolitico.mx\/?cat=58\" rel=\"category\">Cultura y Entretenimiento<\/a>","tag_info":"Cultura y Entretenimiento","comment_count":"0","_links":{"self":[{"href":"https:\/\/quehacerpolitico.mx\/index.php?rest_route=\/wp\/v2\/posts\/2118","targetHints":{"allow":["GET"]}}],"collection":[{"href":"https:\/\/quehacerpolitico.mx\/index.php?rest_route=\/wp\/v2\/posts"}],"about":[{"href":"https:\/\/quehacerpolitico.mx\/index.php?rest_route=\/wp\/v2\/types\/post"}],"author":[{"embeddable":true,"href":"https:\/\/quehacerpolitico.mx\/index.php?rest_route=\/wp\/v2\/users\/2"}],"replies":[{"embeddable":true,"href":"https:\/\/quehacerpolitico.mx\/index.php?rest_route=%2Fwp%2Fv2%2Fcomments&post=2118"}],"version-history":[{"count":0,"href":"https:\/\/quehacerpolitico.mx\/index.php?rest_route=\/wp\/v2\/posts\/2118\/revisions"}],"wp:featuredmedia":[{"embeddable":true,"href":"https:\/\/quehacerpolitico.mx\/index.php?rest_route=\/"}],"wp:attachment":[{"href":"https:\/\/quehacerpolitico.mx\/index.php?rest_route=%2Fwp%2Fv2%2Fmedia&parent=2118"}],"wp:term":[{"taxonomy":"category","embeddable":true,"href":"https:\/\/quehacerpolitico.mx\/index.php?rest_route=%2Fwp%2Fv2%2Fcategories&post=2118"},{"taxonomy":"post_tag","embeddable":true,"href":"https:\/\/quehacerpolitico.mx\/index.php?rest_route=%2Fwp%2Fv2%2Ftags&post=2118"}],"curies":[{"name":"wp","href":"https:\/\/api.w.org\/{rel}","templated":true}]}}