{"id":20967,"date":"2019-03-20T00:01:31","date_gmt":"2019-03-20T00:01:31","guid":{"rendered":"http:\/\/quehacerpolitico.mx\/voces-del-periodista-desde-filomeno-mata-8-mouris-salloum-george-revocacion-a-que-tanto-brinco-estando-el-suelo-tan-parejo\/"},"modified":"2019-03-20T00:01:31","modified_gmt":"2019-03-20T00:01:31","slug":"voces-del-periodista-desde-filomeno-mata-8-mouris-salloum-george-revocacion-a-que-tanto-brinco-estando-el-suelo-tan-parejo","status":"publish","type":"post","link":"https:\/\/quehacerpolitico.mx\/?p=20967","title":{"rendered":"Voces del Periodista Desde Filomeno Mata 8\/\/\/Mouris Salloum George\/\/\/Revocaci\u00f3n, \u00bfa qu\u00e9 tanto brinco estando el suelo tan parejo?"},"content":{"rendered":"<h1 class=\"entry-title penci-entry-title penci-title-\">Revocaci\u00f3n, \u00bfa qu\u00e9 tanto brinco estando el suelo tan parejo?<\/h1>\n<p>Por Mouris Salloum George<\/p>\n<p>Director General del Club de Periodistas de Mexico AC<\/p>\n<p>No desviemos el reflector: Lo que hoy est\u00e1 en el centro del debate pol\u00edtico -si es que, a <em>eso<\/em>, le puede llamar debate-, es el asomo de la <strong>democracia participativa<\/strong>, que ha puesto a temblar a los abogados de la <strong><em>democracia representativa<\/em><\/strong>, cuyos depositarios no representan m\u00e1s que <strong><em>a s\u00ed mismos<\/em><\/strong>.<\/p>\n<p>Algunos te\u00f3ricos identifican la democracia participativa -ejercicio directo del <strong>ciudadano<\/strong>\u2013 como <strong><em>democracia sustancial<\/em><\/strong>. De eso se trata el asunto.<\/p>\n<p><strong>Los que aprobaron y festejaron la consulta popular<\/strong><\/p>\n<p>Aclarando paradas: Al terminar el sexenio de Felipe Calder\u00f3n, las bancadas dominantes en el Congreso de la Uni\u00f3n eran las del <strong>PRI <\/strong>y del <strong>PAN<\/strong>.<\/p>\n<p>Esas bancadas dieron la <strong>mayor\u00eda calificada<\/strong> a la iniciativa para elevar a rango constitucional la figura: <strong>Consulta popular<\/strong>, vinculada al derecho ciudadano de <strong>iniciar leyes<\/strong>.<\/p>\n<p>La primera tentativa, fallida, del ejercicio concurrente de la consulta popular, fue en las elecciones intermedias de diputados federales en 2015.<\/p>\n<p><strong>Iniciar leyes <\/strong>(art\u00edculo 35\/ Carta fundamental): En 2014, cumpliendo en tiempo y forma la Constituci\u00f3n, el <strong>Partido Sinaloense <\/strong>(PAS) moviliz\u00f3 pueblo para introducir ante el Senado una <strong><em>iniciativa ciudadana <\/em><\/strong>que vers\u00f3 sobre dos cuestiones: 1) <strong>Segunda vuelta electoral<\/strong>, b\u00e1sicamente en la elecci\u00f3n presidencial, y 2) <strong>Revocaci\u00f3n de mandato<\/strong>.<\/p>\n<p>Estamos hablando de hace casi cinco a\u00f1os. El <strong>Poder Judicial de la Federaci\u00f3n<\/strong>, incluso, llam\u00f3 la atenci\u00f3n al Senado por no cumplir el procedimiento legislativo correspondiente.<\/p>\n<p>La revocaci\u00f3n de mandato ya estaba establecida en algunos estados; si mal no recordamos, en Guerrero, por ejemplo.<\/p>\n<p><strong>Sirvi\u00f3 de modelo para la Constituci\u00f3n de la Ciudad de M\u00e9xico<\/strong><\/p>\n<p>Una lectura <strong><em>a vuelo de p\u00e1jaro <\/em><\/strong>de los festejos ret\u00f3ricos por la instituci\u00f3n de la consulta popular, informa que no se regate\u00f3 el <strong><em>valor democr\u00e1tico <\/em><\/strong>de ese avance.<\/p>\n<p>En la <strong><em>Asamblea Constituyente <\/em><\/strong>para dar un dise\u00f1o pol\u00edtico a la <strong>Ciudad de M\u00e9xico<\/strong>, los tribunos bordaron bellas piezas oratorias sobre la multicitada figura constitucional.<\/p>\n<p>Pero los que le <strong><em>echaron tanta crema a sus tacos <\/em><\/strong>con la tal consulta, cambiaron a la baja en la correlaci\u00f3n de fuerzas surgidas en las elecciones generales de 2018.<\/p>\n<p>Tronaron chinampinas cuando el proyecto del Nuevo Aeropuerto Internacional de M\u00e9xico fue expuesto a consulta popular: Que incumple la Constituci\u00f3n, que si las leyes y su reglamentaci\u00f3n fueron atentadas\u2026 que.<\/p>\n<p><strong>Asalto a las tribunas; ahora por otros asaltantes<\/strong><\/p>\n<p>En su campa\u00f1a, Andr\u00e9s Manuel L\u00f3pez Obrador se comprometi\u00f3 a poner a consulta su permanencia en el poder a mitad de su mandato.<\/p>\n<p>Ahora resulta que, seg\u00fan sus detractores, el Presidente quiere \u201cver su fotograf\u00eda\u201d en las boletas electorales de las elecciones intermedias de 2021.<\/p>\n<p><strong><em>Revocaci\u00f3n-reelecci\u00f3n<\/em><\/strong>, dec\u00edan unas cartulinas de los que ayer armaron alboroto en los recintos parlamentarios, una vez que se allan\u00f3 la iniciativa sobre la consulta popular sobre el tema <strong><em>revocatorio<\/em><\/strong>.<\/p>\n<p>Entre los llamados al tribunal medi\u00e1tico, estuvo <strong>Margarita Zavala<\/strong>, buscadora de registro para su propio partido: Se trama, expector\u00f3, un atentado contra la <strong><em>democracia representativa<\/em><\/strong>. \u00bfQui\u00e9n les entiende, pues?<\/p>\n","protected":false},"excerpt":{"rendered":"<p>Revocaci\u00f3n, \u00bfa qu\u00e9 tanto brinco estando el suelo tan parejo?<br \/>\nPor Mouris Salloum George<br \/>\nDirector General del Club de Periodistas de Mexico AC<\/p>\n","protected":false},"author":2,"featured_media":20966,"comment_status":"open","ping_status":"open","sticky":false,"template":"","format":"standard","meta":{"_monsterinsights_skip_tracking":false,"_monsterinsights_sitenote_active":false,"_monsterinsights_sitenote_note":"","_monsterinsights_sitenote_category":0,"footnotes":""},"categories":[2],"tags":[],"class_list":["post-20967","post","type-post","status-publish","format-standard","has-post-thumbnail","hentry","category-noticias"],"yoast_head":"<!-- This site is optimized with the Yoast SEO plugin v27.3 - https:\/\/yoast.com\/product\/yoast-seo-wordpress\/ -->\n<title>Voces del Periodista Desde Filomeno Mata 8\/\/\/Mouris Salloum George\/\/\/Revocaci\u00f3n, \u00bfa qu\u00e9 tanto brinco estando el suelo tan parejo? -<\/title>\n<meta name=\"robots\" content=\"index, follow, max-snippet:-1, max-image-preview:large, max-video-preview:-1\" \/>\n<link rel=\"canonical\" href=\"https:\/\/quehacerpolitico.mx\/?p=20967\" \/>\n<meta property=\"og:locale\" content=\"es_MX\" \/>\n<meta property=\"og:type\" content=\"article\" \/>\n<meta property=\"og:title\" content=\"Voces del Periodista Desde Filomeno Mata 8\/\/\/Mouris Salloum George\/\/\/Revocaci\u00f3n, \u00bfa qu\u00e9 tanto brinco estando el suelo tan parejo? -\" \/>\n<meta property=\"og:description\" content=\"Revocaci\u00f3n, \u00bfa qu\u00e9 tanto brinco estando el suelo tan parejo? Por Mouris Salloum George Director General del Club de Periodistas de Mexico AC\" \/>\n<meta property=\"og:url\" content=\"https:\/\/quehacerpolitico.mx\/?p=20967\" \/>\n<meta property=\"article:published_time\" content=\"2019-03-20T00:01:31+00:00\" \/>\n<meta name=\"author\" content=\"Redacci\u00f3n QP\" \/>\n<meta name=\"twitter:card\" content=\"summary_large_image\" \/>\n<meta name=\"twitter:label1\" content=\"Escrito por\" \/>\n\t<meta name=\"twitter:data1\" content=\"Redacci\u00f3n QP\" \/>\n\t<meta name=\"twitter:label2\" content=\"Tiempo de lectura\" \/>\n\t<meta name=\"twitter:data2\" content=\"3 minutos\" \/>\n<script type=\"application\/ld+json\" class=\"yoast-schema-graph\">{\"@context\":\"https:\\\/\\\/schema.org\",\"@graph\":[{\"@type\":\"Article\",\"@id\":\"https:\\\/\\\/quehacerpolitico.mx\\\/?p=20967#article\",\"isPartOf\":{\"@id\":\"https:\\\/\\\/quehacerpolitico.mx\\\/?p=20967\"},\"author\":{\"name\":\"Redacci\u00f3n QP\",\"@id\":\"https:\\\/\\\/quehacerpolitico.mx\\\/#\\\/schema\\\/person\\\/496d8ad2d1d3f8036101dca7ee39e585\"},\"headline\":\"Voces del Periodista Desde Filomeno Mata 8\\\/\\\/\\\/Mouris Salloum George\\\/\\\/\\\/Revocaci\u00f3n, \u00bfa qu\u00e9 tanto brinco estando el suelo tan parejo?\",\"datePublished\":\"2019-03-20T00:01:31+00:00\",\"mainEntityOfPage\":{\"@id\":\"https:\\\/\\\/quehacerpolitico.mx\\\/?p=20967\"},\"wordCount\":551,\"commentCount\":0,\"image\":{\"@id\":\"https:\\\/\\\/quehacerpolitico.mx\\\/?p=20967#primaryimage\"},\"thumbnailUrl\":\"\",\"articleSection\":[\"Noticias\"],\"inLanguage\":\"es\",\"potentialAction\":[{\"@type\":\"CommentAction\",\"name\":\"Comment\",\"target\":[\"https:\\\/\\\/quehacerpolitico.mx\\\/?p=20967#respond\"]}]},{\"@type\":\"WebPage\",\"@id\":\"https:\\\/\\\/quehacerpolitico.mx\\\/?p=20967\",\"url\":\"https:\\\/\\\/quehacerpolitico.mx\\\/?p=20967\",\"name\":\"Voces del Periodista Desde Filomeno Mata 8\\\/\\\/\\\/Mouris Salloum George\\\/\\\/\\\/Revocaci\u00f3n, \u00bfa qu\u00e9 tanto brinco estando el suelo tan parejo? -\",\"isPartOf\":{\"@id\":\"https:\\\/\\\/quehacerpolitico.mx\\\/#website\"},\"primaryImageOfPage\":{\"@id\":\"https:\\\/\\\/quehacerpolitico.mx\\\/?p=20967#primaryimage\"},\"image\":{\"@id\":\"https:\\\/\\\/quehacerpolitico.mx\\\/?p=20967#primaryimage\"},\"thumbnailUrl\":\"\",\"datePublished\":\"2019-03-20T00:01:31+00:00\",\"author\":{\"@id\":\"https:\\\/\\\/quehacerpolitico.mx\\\/#\\\/schema\\\/person\\\/496d8ad2d1d3f8036101dca7ee39e585\"},\"breadcrumb\":{\"@id\":\"https:\\\/\\\/quehacerpolitico.mx\\\/?p=20967#breadcrumb\"},\"inLanguage\":\"es\",\"potentialAction\":[{\"@type\":\"ReadAction\",\"target\":[\"https:\\\/\\\/quehacerpolitico.mx\\\/?p=20967\"]}]},{\"@type\":\"ImageObject\",\"inLanguage\":\"es\",\"@id\":\"https:\\\/\\\/quehacerpolitico.mx\\\/?p=20967#primaryimage\",\"url\":\"\",\"contentUrl\":\"\"},{\"@type\":\"BreadcrumbList\",\"@id\":\"https:\\\/\\\/quehacerpolitico.mx\\\/?p=20967#breadcrumb\",\"itemListElement\":[{\"@type\":\"ListItem\",\"position\":1,\"name\":\"Inicio\",\"item\":\"https:\\\/\\\/quehacerpolitico.mx\\\/\"},{\"@type\":\"ListItem\",\"position\":2,\"name\":\"Voces del Periodista Desde Filomeno Mata 8\\\/\\\/\\\/Mouris Salloum George\\\/\\\/\\\/Revocaci\u00f3n, \u00bfa qu\u00e9 tanto brinco estando el suelo tan parejo?\"}]},{\"@type\":\"WebSite\",\"@id\":\"https:\\\/\\\/quehacerpolitico.mx\\\/#website\",\"url\":\"https:\\\/\\\/quehacerpolitico.mx\\\/\",\"name\":\"\",\"description\":\"\",\"potentialAction\":[{\"@type\":\"SearchAction\",\"target\":{\"@type\":\"EntryPoint\",\"urlTemplate\":\"https:\\\/\\\/quehacerpolitico.mx\\\/?s={search_term_string}\"},\"query-input\":{\"@type\":\"PropertyValueSpecification\",\"valueRequired\":true,\"valueName\":\"search_term_string\"}}],\"inLanguage\":\"es\"},{\"@type\":\"Person\",\"@id\":\"https:\\\/\\\/quehacerpolitico.mx\\\/#\\\/schema\\\/person\\\/496d8ad2d1d3f8036101dca7ee39e585\",\"name\":\"Redacci\u00f3n QP\",\"image\":{\"@type\":\"ImageObject\",\"inLanguage\":\"es\",\"@id\":\"https:\\\/\\\/secure.gravatar.com\\\/avatar\\\/c7164ed6fdec453195284ad24a5ae5b6e1eed2b848477fa2a4787ba9adf39a41?s=96&d=mm&r=g\",\"url\":\"https:\\\/\\\/secure.gravatar.com\\\/avatar\\\/c7164ed6fdec453195284ad24a5ae5b6e1eed2b848477fa2a4787ba9adf39a41?s=96&d=mm&r=g\",\"contentUrl\":\"https:\\\/\\\/secure.gravatar.com\\\/avatar\\\/c7164ed6fdec453195284ad24a5ae5b6e1eed2b848477fa2a4787ba9adf39a41?s=96&d=mm&r=g\",\"caption\":\"Redacci\u00f3n QP\"},\"url\":\"https:\\\/\\\/quehacerpolitico.mx\\\/?author=2\"}]}<\/script>\n<!-- \/ Yoast SEO plugin. -->","yoast_head_json":{"title":"Voces del Periodista Desde Filomeno Mata 8\/\/\/Mouris Salloum George\/\/\/Revocaci\u00f3n, \u00bfa qu\u00e9 tanto brinco estando el suelo tan parejo? -","robots":{"index":"index","follow":"follow","max-snippet":"max-snippet:-1","max-image-preview":"max-image-preview:large","max-video-preview":"max-video-preview:-1"},"canonical":"https:\/\/quehacerpolitico.mx\/?p=20967","og_locale":"es_MX","og_type":"article","og_title":"Voces del Periodista Desde Filomeno Mata 8\/\/\/Mouris Salloum George\/\/\/Revocaci\u00f3n, \u00bfa qu\u00e9 tanto brinco estando el suelo tan parejo? -","og_description":"Revocaci\u00f3n, \u00bfa qu\u00e9 tanto brinco estando el suelo tan parejo? Por Mouris Salloum George Director General del Club de Periodistas de Mexico AC","og_url":"https:\/\/quehacerpolitico.mx\/?p=20967","article_published_time":"2019-03-20T00:01:31+00:00","author":"Redacci\u00f3n QP","twitter_card":"summary_large_image","twitter_misc":{"Escrito por":"Redacci\u00f3n QP","Tiempo de lectura":"3 minutos"},"schema":{"@context":"https:\/\/schema.org","@graph":[{"@type":"Article","@id":"https:\/\/quehacerpolitico.mx\/?p=20967#article","isPartOf":{"@id":"https:\/\/quehacerpolitico.mx\/?p=20967"},"author":{"name":"Redacci\u00f3n QP","@id":"https:\/\/quehacerpolitico.mx\/#\/schema\/person\/496d8ad2d1d3f8036101dca7ee39e585"},"headline":"Voces del Periodista Desde Filomeno Mata 8\/\/\/Mouris Salloum George\/\/\/Revocaci\u00f3n, \u00bfa qu\u00e9 tanto brinco estando el suelo tan parejo?","datePublished":"2019-03-20T00:01:31+00:00","mainEntityOfPage":{"@id":"https:\/\/quehacerpolitico.mx\/?p=20967"},"wordCount":551,"commentCount":0,"image":{"@id":"https:\/\/quehacerpolitico.mx\/?p=20967#primaryimage"},"thumbnailUrl":"","articleSection":["Noticias"],"inLanguage":"es","potentialAction":[{"@type":"CommentAction","name":"Comment","target":["https:\/\/quehacerpolitico.mx\/?p=20967#respond"]}]},{"@type":"WebPage","@id":"https:\/\/quehacerpolitico.mx\/?p=20967","url":"https:\/\/quehacerpolitico.mx\/?p=20967","name":"Voces del Periodista Desde Filomeno Mata 8\/\/\/Mouris Salloum George\/\/\/Revocaci\u00f3n, \u00bfa qu\u00e9 tanto brinco estando el suelo tan parejo? -","isPartOf":{"@id":"https:\/\/quehacerpolitico.mx\/#website"},"primaryImageOfPage":{"@id":"https:\/\/quehacerpolitico.mx\/?p=20967#primaryimage"},"image":{"@id":"https:\/\/quehacerpolitico.mx\/?p=20967#primaryimage"},"thumbnailUrl":"","datePublished":"2019-03-20T00:01:31+00:00","author":{"@id":"https:\/\/quehacerpolitico.mx\/#\/schema\/person\/496d8ad2d1d3f8036101dca7ee39e585"},"breadcrumb":{"@id":"https:\/\/quehacerpolitico.mx\/?p=20967#breadcrumb"},"inLanguage":"es","potentialAction":[{"@type":"ReadAction","target":["https:\/\/quehacerpolitico.mx\/?p=20967"]}]},{"@type":"ImageObject","inLanguage":"es","@id":"https:\/\/quehacerpolitico.mx\/?p=20967#primaryimage","url":"","contentUrl":""},{"@type":"BreadcrumbList","@id":"https:\/\/quehacerpolitico.mx\/?p=20967#breadcrumb","itemListElement":[{"@type":"ListItem","position":1,"name":"Inicio","item":"https:\/\/quehacerpolitico.mx\/"},{"@type":"ListItem","position":2,"name":"Voces del Periodista Desde Filomeno Mata 8\/\/\/Mouris Salloum George\/\/\/Revocaci\u00f3n, \u00bfa qu\u00e9 tanto brinco estando el suelo tan parejo?"}]},{"@type":"WebSite","@id":"https:\/\/quehacerpolitico.mx\/#website","url":"https:\/\/quehacerpolitico.mx\/","name":"","description":"","potentialAction":[{"@type":"SearchAction","target":{"@type":"EntryPoint","urlTemplate":"https:\/\/quehacerpolitico.mx\/?s={search_term_string}"},"query-input":{"@type":"PropertyValueSpecification","valueRequired":true,"valueName":"search_term_string"}}],"inLanguage":"es"},{"@type":"Person","@id":"https:\/\/quehacerpolitico.mx\/#\/schema\/person\/496d8ad2d1d3f8036101dca7ee39e585","name":"Redacci\u00f3n QP","image":{"@type":"ImageObject","inLanguage":"es","@id":"https:\/\/secure.gravatar.com\/avatar\/c7164ed6fdec453195284ad24a5ae5b6e1eed2b848477fa2a4787ba9adf39a41?s=96&d=mm&r=g","url":"https:\/\/secure.gravatar.com\/avatar\/c7164ed6fdec453195284ad24a5ae5b6e1eed2b848477fa2a4787ba9adf39a41?s=96&d=mm&r=g","contentUrl":"https:\/\/secure.gravatar.com\/avatar\/c7164ed6fdec453195284ad24a5ae5b6e1eed2b848477fa2a4787ba9adf39a41?s=96&d=mm&r=g","caption":"Redacci\u00f3n QP"},"url":"https:\/\/quehacerpolitico.mx\/?author=2"}]}},"featured_image_urls":{"full":"","thumbnail":"","medium":"","medium_large":"","large":"","1536x1536":"","2048x2048":"","covernews-featured":"","covernews-medium":""},"author_info":{"display_name":"Redacci\u00f3n QP","author_link":"https:\/\/quehacerpolitico.mx\/?author=2"},"category_info":"<a href=\"https:\/\/quehacerpolitico.mx\/?cat=2\" rel=\"category\">Noticias<\/a>","tag_info":"Noticias","comment_count":"0","_links":{"self":[{"href":"https:\/\/quehacerpolitico.mx\/index.php?rest_route=\/wp\/v2\/posts\/20967","targetHints":{"allow":["GET"]}}],"collection":[{"href":"https:\/\/quehacerpolitico.mx\/index.php?rest_route=\/wp\/v2\/posts"}],"about":[{"href":"https:\/\/quehacerpolitico.mx\/index.php?rest_route=\/wp\/v2\/types\/post"}],"author":[{"embeddable":true,"href":"https:\/\/quehacerpolitico.mx\/index.php?rest_route=\/wp\/v2\/users\/2"}],"replies":[{"embeddable":true,"href":"https:\/\/quehacerpolitico.mx\/index.php?rest_route=%2Fwp%2Fv2%2Fcomments&post=20967"}],"version-history":[{"count":0,"href":"https:\/\/quehacerpolitico.mx\/index.php?rest_route=\/wp\/v2\/posts\/20967\/revisions"}],"wp:featuredmedia":[{"embeddable":true,"href":"https:\/\/quehacerpolitico.mx\/index.php?rest_route=\/"}],"wp:attachment":[{"href":"https:\/\/quehacerpolitico.mx\/index.php?rest_route=%2Fwp%2Fv2%2Fmedia&parent=20967"}],"wp:term":[{"taxonomy":"category","embeddable":true,"href":"https:\/\/quehacerpolitico.mx\/index.php?rest_route=%2Fwp%2Fv2%2Fcategories&post=20967"},{"taxonomy":"post_tag","embeddable":true,"href":"https:\/\/quehacerpolitico.mx\/index.php?rest_route=%2Fwp%2Fv2%2Ftags&post=20967"}],"curies":[{"name":"wp","href":"https:\/\/api.w.org\/{rel}","templated":true}]}}