{"id":20809,"date":"2019-03-16T17:20:11","date_gmt":"2019-03-16T17:20:11","guid":{"rendered":"http:\/\/quehacerpolitico.mx\/asesinan-en-san-luis-a-periodista-santiago-barroso\/"},"modified":"2019-03-16T17:20:11","modified_gmt":"2019-03-16T17:20:11","slug":"asesinan-en-san-luis-a-periodista-santiago-barroso","status":"publish","type":"post","link":"https:\/\/quehacerpolitico.mx\/?p=20809","title":{"rendered":"Asesinan en San Luis a periodista Santiago Barroso"},"content":{"rendered":"<h3 class=\"post-title entry-title\">Asesinan en San Luis a periodista Santiago Barroso<\/h3>\n<p>Por Redacci\u00f3n QP<\/p>\n<div>El periodista sonorense con amplia experiencia y conocido en la Frontera de ese estado contaba con una programa de radio y colaboraba con la revista contrase\u00f1a<\/div>\n<div>\u00a0<\/div>\n<div>El periodista Santiago Barroso Alfaro fue v\u00edctima de un ataque a balazos en su propio domicilio y luego de que fue trasladado para su atenci\u00f3n hospitalaria por los servicios de urgencias falleci\u00f3 hace unos minutos.<\/div>\n<div>La informaci\u00f3n con la que se cuenta es que en el atentado participaron dos sujetos quienes llegaron a bordo de un veh\u00edculo, cuyas caracter\u00edsticas se est\u00e1n revisando en un video de las c\u00e1maras de seguridad de uno de los vecinos, hasta su domicilio en el callej\u00f3n Sinaloa 7 y 8.<\/div>\n<div>Se bajaron, tocaron a la puerta y cuando Santiago abri\u00f3 le dispararon a quemarropa, logrando impactarlo hasta en tres ocasiones, dos en el est\u00f3mago y uno m\u00e1s\u00a0 arriba de la tetilla izquierda.<\/div>\n<div>Polic\u00edas municipales y de la Agencia Ministerial de Investigaci\u00f3n Criminal se encuentran en el lugar de los hechos recabando lo primeros indicios.<\/div>\n<div>El colaborador de CONTRASE\u00d1A, Pa\u00fal Villasana, nos reporta desde el hospital del IMSS que desgraciadamente Barroso acaba de fallecer.<\/div>\n<div>Santiago Barroso era periodista con amplia experiencia, comunic\u00f3logo por la UABC, se form\u00f3 en el diarismo con El Imparcial y La Cr\u00f3nica, estuvo en La Prensa del malogrado periodista Benjam\u00edn Flores, asesinado en esta frontera en julio del `97 y m\u00e1s recientemente fue editor en el diario Noticias, conduce un programa de radio, escribe su columna Sin Compromisos en CONTRASE\u00d1A y de paso daba clases en la Universidad Tecnol\u00f3gica.<\/div>\n<div>A continuaci\u00f3n, el bolet\u00edn enviado por la Fiscal\u00eda Estatal:<\/div>\n<div>Inicia Fiscalia General indagator\u00edas con relaci\u00f3n a la agresi\u00f3n\u00a0 con proyectiles de armas de fuego en contra un periodista en SLRC<\/div>\n<div>San Luis R\u00edo Colorado, Sonora, marzo 15 de 2019.- Por el probable delito de tentativa de homicidio con arma de fuego y lo que resulte, es investigado por personal de la FGJE luego de tener conocimiento de la agresi\u00f3n contra un periodista.<\/div>\n<div>A las 21:10 horas de hoy se tuvo conocimiento del hecho en agravio de Santiago &#8220;N.&#8221;, de 47 a\u00f1os, suscitado en su domicilio, ubicado en la colonia Sonora, de esta ciudad.<\/div>\n<div>Los primeros indicios, recabados a trav\u00e9s de entrevistas a testigos, indican que tocaron a la puerta de la vivienda y al abrirla el comunicador fue agredido.<\/div>\n<div>Alcanz\u00f3 a correr al interior y solicitar, v\u00eda telef\u00f3nica, una ambulancia de la Cruz Roja que lo traslad\u00f3 a recibir atenci\u00f3n m\u00e9dica a un nosocomio.<\/div>\n<div>Present\u00f3 una herida de proyectil de arma de fuego a la altura de la clav\u00edcula izquierda y dos en el abdomen. Se investiga.<\/div>\n<div>\u00a0<\/div>\n<div>la FG investiga la siguiente\u00a0<\/div>\n<div>l\u00ednea de investigaci\u00f3n\u00a0<\/div>\n<div>De acuerdo con algunas versiones informativas una nota informativa publicada el mes de agosto de 2017 en un diario local en la que se maneja que el activista Manuel Santeliz el `Chilakil\u00b4 cuenta con una orden de aprehensi\u00f3n y averiguaciones en proceso desat\u00f3 esta semana el inicio de un proceso legal contra el medio al que se podr\u00eda acusar del delito de calumnia, sin embargo el periodista sostiene lo dicho y lamenta que pretendan desviar el fondo del asunto, atacando la libertad de expresi\u00f3n.<\/div>\n<div>EsSta es la informaci\u00f3n y que podr\u00eda ser causa de la muerte del comunicador: .<\/div>\n<div>Este mi\u00e9rcoles 08 de agosto el pol\u00e9mico Manuel Santeliz Ortiz, conocido como \u00b4el Chilakil\u00b4, present\u00f3 cargos contra los directivos del Peri\u00f3dico Noticias ante la Agencia del Ministerio P\u00fablico, sector 2.<\/div>\n<div>Luego de interponer la denuncia de hechos mediante su abogada, Alma Patricia Aguilar Hern\u00e1ndez, el ofendido explic\u00f3 que la informaci\u00f3n que se public\u00f3 sobre su persona el pasado 19 de julio y que apareci\u00f3 en la portada del peri\u00f3dico es falsa.<\/div>\n<div>En la nota, firmada por el reportero Santiago Barroso, se precisa que: &#8220;una orden de aprehensi\u00f3n vigente y una averiguaci\u00f3n en proceso pesan sobre el activista Manuel Santeliz Ortiz, seg\u00fan consta en archivos de la Fiscal\u00eda General de Justicia del Estado&#8221;.<\/div>\n<div>Asimismo, el reportero escribe que el protagonista de la nota enfrenta un proceso judicial en Puerto Pe\u00f1asco y otro en San Luis, informaci\u00f3n que, afirma, fue recabada por el diario v\u00eda Transparencia sobre lo cual cita fechas y n\u00fameros de expedientes.<\/div>\n<div>Al presentar la denuncia de hechos esta semana contra el medio impreso, Manuel Santeliz manifest\u00f3 que la informaci\u00f3n contenida en dicha publicaci\u00f3n no tiene contacto con la realidad, que se manej\u00f3 de manera tendenciosa, que tiene un trasfondo pol\u00edtico y que se hizo con el \u00fanico fin de desprestigiar su imagen.<\/div>\n<div>Por su parte, la abogada que lleva su caso inform\u00f3 que junto con la denuncia se entreg\u00f3 una carta de no antecedentes penales con fecha del 12 de julio de 2017 a manera de prueba de que el ofendido no enfrenta ning\u00fan proceso de tipo judicial, as\u00ed como una copia del ejemplar del Peri\u00f3dico Noticias, con fecha del 19 de julio.<\/div>\n<div>De ah\u00ed que se podr\u00eda encuadrar la denuncia, explica, en el delito de calumnia, establecido en el Art\u00edculo 284 del C\u00f3digo Penal del Estado de Sonora, toda vez que se imput\u00f3 a su cliente un hecho delictivo falso que afect\u00f3 su honorabilidad y le caus\u00f3 un perjuicio moral.<\/div>\n<div>En caso de probarse que se trata del delito de Calumnia, el acusado podr\u00eda ser sancionado con una condena de tres d\u00edas a cinco a\u00f1os de prisi\u00f3n, o de veinte a trescientos cincuenta d\u00edas de multa administrativa.<\/div>\n<div>En ese sentido, Santeliz Ortiz se\u00f1al\u00f3 que al publicarse la nota se perturb\u00f3 la paz y la tranquilidad de su familia siendo que, asegura, no es ning\u00fan delincuente.<\/div>\n<div>Tambi\u00e9n se procedi\u00f3 a solicitar la reparaci\u00f3n del da\u00f1o moral y, de nuevo, una disculpa p\u00fablica por parte del peri\u00f3dico as\u00ed como una nota aclaratoria o \u00b4fe de erratas\u00b4.<\/div>\n<div>&#8220;Yo estoy pidiendo que se retracten en lo que me inventaron ah\u00ed porque eso no se puede sustentar, que reconozcan ante la sociedad que est\u00e1n mal, pero en la portada, no lo quiero en el interior, y reparaci\u00f3n del da\u00f1o moral&#8221;, asent\u00f3.<\/div>\n<div>La abogada reiter\u00f3 que la figura delictiva en la se vaya a encuadrar que la denuncia de hechos es funci\u00f3n de la agencia \u2013que se turnar\u00eda al Centro de Atenci\u00f3n Temprana (CAT)-, porque se aplicar\u00e1 en medidas alternas.<\/div>\n<div>&#8220;Me queda claro que el delito va a ser Calumnia, es una apreciaci\u00f3n personal&#8221;, anot\u00f3.<\/div>\n<div>Convencido de que se trata de un golpe medi\u00e1tico, insiste en que ver con que recientemente anunciara su intenci\u00f3n de contender por la presidencia municipal mediante una candidatura independiente, a pesar de que no se trata de algo cien por ciento seguro todav\u00eda.<\/div>\n<div>Inclusive, es muy posible que el propio gobierno municipal haya estado involucrado en que se publicara dicha nota para manchar su imagen ante la sociedad, asegur\u00f3.<\/div>\n<div>Adem\u00e1s, dijo estar consciente de que sus videos pueden causar pol\u00e9mica aunque m\u00e1s controversia deber\u00eda levantar, resalt\u00f3, las tropel\u00edas que comete el Ayuntamiento a quien se\u00f1ala constante y fuertemente a trav\u00e9s de las redes sociales por lo que eso le tiene sin cuidado y no tiene &#8220;pelos en la lengua&#8221;.<\/div>\n<div>Precisamente hace un par de semanas una de sus transmisiones de Facebook Live hizo eco no s\u00f3lo en San Luis R\u00edo Colorado, sino en todo el estado porque detuvo a un sujeto al que acus\u00f3 de robarle unos aparatos de aire acondicionado, lo amarr\u00f3, lo amenaz\u00f3 con &#8220;partirle la madre&#8221; y luego lo dej\u00f3 ir tras despojarlo de su ropa, grab\u00e1ndolo en todo momento.<\/div>\n<div>Muchos medios locales y estatales afirmaron que el suceso tuvo lugar en la ciudad de Hermosillo, sin embargo, aclara Manuel Santeliz, ocurri\u00f3 en esta ciudad, por la avenida Nuevo Le\u00f3n, y lo hizo con el \u00fanico fin de darle una lecci\u00f3n al \u00b4malandr\u00edn\u00b4 porque adem\u00e1s, mencion\u00f3, la polic\u00eda no hubiera hecho nada al respecto, o bien, de haberlo detenido lo hubiesen soltado de inmediato.<\/div>\n<div>De la misma manera, aclar\u00f3 que no le paga ni el PRI o el Gobierno del Estado para golpear al presidente municipal, Enrique Reina, y tampoco esconde su pasado en el que contendi\u00f3 por la alcald\u00eda por el PRD, particip\u00f3 en campa\u00f1as del PAN y trabaj\u00f3 de la mano del Partido Revolucionario Institucional (PRI).<\/div>\n<div>En ese sentido, tambi\u00e9n dej\u00f3 en claro que no trabaja de la mano con la maestra Petra Santos, aunque est\u00e1 agradecido con la lucha social que ella ha encabezado durante a\u00f1os, &#8220;aunque ella trae otra ideolog\u00eda&#8221;.<\/div>\n<div>Acerca del por qu\u00e9 nunca lanza cr\u00edticas contra la gobernadora, Claudia Pavlovich Arellano, como lo hace contra el alcalde, respondi\u00f3 que en su momento no atac\u00f3 al gobernador Guillermo Padr\u00e9s e incluso lo apoy\u00f3 en campa\u00f1a, y todav\u00eda durante los primeros tres a\u00f1os de su sexenio hasta que gradualmente se volvi\u00f3 insostenible hacerlo porque \u00e9ste no cumpli\u00f3 con sus promesas.<\/div>\n<div>&#8220;Sus primeros tres a\u00f1os de gobierno fueron bien pero despu\u00e9s se dedicaron a robar y empez\u00f3 a salirse de control. Entonces, a la gobernadora, va a entrando, \u00bfc\u00f3mo me voy a poner a criticar a una persona si apenas est\u00e1 recibiendo una administraci\u00f3n sin dinero?&#8221;, plante\u00f3.<\/div>\n<div>Eso s\u00ed, advirti\u00f3, si se equivoca la mandataria de manera reiterada, entonces s\u00ed lanzar\u00e1 cr\u00edticas, adem\u00e1s de que ya la ha conminado, de manera respetuosa, a que mueva todas sus influencias para solucionar el problema de las tarifas el\u00e9ctricas.<\/div>\n<div>&#8220;Me podr\u00e1n decir por qu\u00e9 a unos s\u00ed y a otros no, bueno, pues yo le hablo con respeto a quienes con respeto me tratan, si le hablo a alguien como perro, como perro me trata, que si es grosero hacer ese tipo de se\u00f1alamientos, pues s\u00ed, entonces aguanten, y se llama sin llorar. Todo mundo me dice que si me paga la gobernadora y les digo \u00b4ojal\u00e1\u00b4, y lo digo p\u00fablicamente&#8221;, concluy\u00f3.<\/div>\n<div>\u00a0<\/div>\n<div>Que no atente contra la\u00a0<\/div>\n<div>libertad de expresi\u00f3n: Barroso<\/div>\n<div>A t\u00edtulo personal y enterado de la situaci\u00f3n, el periodista Santiago Barroso Alfaro aclar\u00f3, previamente en consenso con los directivos de su medio, que en la nota del 19 de julio no hace referencia alguna a antecedentes penales sino a diligencias judiciales pendientes o en proceso, es decir, un par de \u00f3rdenes de aprehensi\u00f3n, una de ellas en Puerto Pe\u00f1asco, Sonora.<\/div>\n<div>Sobre el caso se dijo preocupado de que Santeliz Ortiz busque coartar el derecho a la libertad de expresi\u00f3n mediante recursos como los que intenta seguir ante autoridades judiciales.<\/div>\n<div>El comunicador recalc\u00f3 que est\u00e1 plenamente consciente de que jur\u00eddicamente una persona tiene antecedentes penales s\u00f3lo cuando un juez le encuentra culpable de un delito y que mientras tanto solamente hay una presunci\u00f3n por lo que en la informaci\u00f3n publicada en el diario en el que labora nunca se habl\u00f3 de &#8220;antecedentes penales&#8221;.<\/div>\n<div>&#8220;Yo le pedir\u00eda a esta persona (Manuel Santeliz) que se informe o se asesore bien para no crear confusi\u00f3n entre la comunidad&#8221;, precis\u00f3.<\/div>\n<div>Estoy abierto a sustentar este argumento ante la instancia que me lo requiera y cuando se me indique, prosigui\u00f3.<\/div>\n<div>Argument\u00f3 tambi\u00e9n que en su nota informativa cita como fuente a la Procuradur\u00eda General de Justicia del Estado y a documentos que le otorg\u00f3, previa solicitud, el Instituto de Transparencia Informativa del Estado de Sonora (Ities).<\/div>\n<div>&#8220;\u2026 y cito en la nota el n\u00famero de expediente de los dos casos a los que hago referencia, esto se public\u00f3 el mes pasado y las diligencias est\u00e1n ah\u00ed y est\u00e1n vigentes y en proceso&#8221;, puntualiz\u00f3.<\/div>\n<div>Y es que, considera el reportero, el hecho de que el Chilakil intente defenderse o entablar alg\u00fan tipo de argumento a su favor con una carta de no antecedentes penales deja de manifiesto que de alguna manera intenta confundir a la opini\u00f3n p\u00fablica.<\/div>\n<div>&#8220;Mientras esas diligencias no sean resolutivas por parte de un juez y que el incluso cumpla alguna sentencia, \u00e9l no va a aparecer con antecedentes penales ante la misma Procuradur\u00eda&#8221;, anot\u00f3.<\/div>\n<div>No obstante, reconoci\u00f3 que est\u00e1 en todo su derecho como ciudadano a interponer ese tipo de denuncias y que igualmente \u00e9l como periodista ser\u00e1 puntual para sustentar el argumento que estableci\u00f3 en su nota period\u00edstica.<\/div>\n<div>De alguna manera es preocupante el que se judicialicen este tipo de situaciones que se desprenden del ejercicio de la libertad de expresi\u00f3n, agreg\u00f3, pues as\u00ed como \u00e9l est\u00e1 en su derecho, tambi\u00e9n los medios de comunicaci\u00f3n est\u00e1n en su derecho de realizar se\u00f1alamientos que, en este caso en particular, s\u00ed tienen un sustento.<\/div>\n<div>&#8220;No me gustar\u00eda que se llegara a trastocar la libertad de expresi\u00f3n mediante recursos como los que \u00e9l est\u00e1 siguiendo ante autoridades judiciales porque de alguna manera es una forma de amedrentar al periodista y el ejercicio de la libre expresi\u00f3n&#8221;, abund\u00f3.<\/div>\n<div>Barroso Alfaro subray\u00f3 que est\u00e1 en igualdad de circunstancias con quien lo acusa que, por cierto, mucho presume de hacer valer su derecho a la libertad de expresi\u00f3n aunque &#8220;\u2026 habr\u00eda que ver cu\u00e1ntos de los argumentos que \u00e9l expone en redes sociales y declaraciones medi\u00e1ticas tienen fundamento&#8221;. @<\/div>\n","protected":false},"excerpt":{"rendered":"<p>Asesinan en San Luis a periodista Santiago Barroso<br \/>\nPor Redacci\u00f3n QP<\/p>\n","protected":false},"author":2,"featured_media":20808,"comment_status":"open","ping_status":"open","sticky":false,"template":"","format":"standard","meta":{"_monsterinsights_skip_tracking":false,"_monsterinsights_sitenote_active":false,"_monsterinsights_sitenote_note":"","_monsterinsights_sitenote_category":0,"footnotes":""},"categories":[2],"tags":[],"class_list":["post-20809","post","type-post","status-publish","format-standard","has-post-thumbnail","hentry","category-noticias"],"yoast_head":"<!-- This site is optimized with the Yoast SEO plugin v27.3 - https:\/\/yoast.com\/product\/yoast-seo-wordpress\/ -->\n<title>Asesinan en San Luis a periodista Santiago Barroso -<\/title>\n<meta name=\"robots\" content=\"index, follow, max-snippet:-1, max-image-preview:large, max-video-preview:-1\" \/>\n<link rel=\"canonical\" href=\"https:\/\/quehacerpolitico.mx\/?p=20809\" \/>\n<meta property=\"og:locale\" content=\"es_MX\" \/>\n<meta property=\"og:type\" content=\"article\" \/>\n<meta property=\"og:title\" content=\"Asesinan en San Luis a periodista Santiago Barroso -\" \/>\n<meta property=\"og:description\" content=\"Asesinan en San Luis a periodista Santiago Barroso Por Redacci\u00f3n QP\" \/>\n<meta property=\"og:url\" content=\"https:\/\/quehacerpolitico.mx\/?p=20809\" \/>\n<meta property=\"article:published_time\" content=\"2019-03-16T17:20:11+00:00\" \/>\n<meta name=\"author\" content=\"Redacci\u00f3n QP\" \/>\n<meta name=\"twitter:card\" content=\"summary_large_image\" \/>\n<meta name=\"twitter:label1\" content=\"Escrito por\" \/>\n\t<meta name=\"twitter:data1\" content=\"Redacci\u00f3n QP\" \/>\n\t<meta name=\"twitter:label2\" content=\"Tiempo de lectura\" \/>\n\t<meta name=\"twitter:data2\" content=\"11 minutos\" \/>\n<script type=\"application\/ld+json\" class=\"yoast-schema-graph\">{\"@context\":\"https:\\\/\\\/schema.org\",\"@graph\":[{\"@type\":\"Article\",\"@id\":\"https:\\\/\\\/quehacerpolitico.mx\\\/?p=20809#article\",\"isPartOf\":{\"@id\":\"https:\\\/\\\/quehacerpolitico.mx\\\/?p=20809\"},\"author\":{\"name\":\"Redacci\u00f3n QP\",\"@id\":\"https:\\\/\\\/quehacerpolitico.mx\\\/#\\\/schema\\\/person\\\/496d8ad2d1d3f8036101dca7ee39e585\"},\"headline\":\"Asesinan en San Luis a periodista Santiago Barroso\",\"datePublished\":\"2019-03-16T17:20:11+00:00\",\"mainEntityOfPage\":{\"@id\":\"https:\\\/\\\/quehacerpolitico.mx\\\/?p=20809\"},\"wordCount\":2274,\"commentCount\":0,\"image\":{\"@id\":\"https:\\\/\\\/quehacerpolitico.mx\\\/?p=20809#primaryimage\"},\"thumbnailUrl\":\"\",\"articleSection\":[\"Noticias\"],\"inLanguage\":\"es\",\"potentialAction\":[{\"@type\":\"CommentAction\",\"name\":\"Comment\",\"target\":[\"https:\\\/\\\/quehacerpolitico.mx\\\/?p=20809#respond\"]}]},{\"@type\":\"WebPage\",\"@id\":\"https:\\\/\\\/quehacerpolitico.mx\\\/?p=20809\",\"url\":\"https:\\\/\\\/quehacerpolitico.mx\\\/?p=20809\",\"name\":\"Asesinan en San Luis a periodista Santiago Barroso -\",\"isPartOf\":{\"@id\":\"https:\\\/\\\/quehacerpolitico.mx\\\/#website\"},\"primaryImageOfPage\":{\"@id\":\"https:\\\/\\\/quehacerpolitico.mx\\\/?p=20809#primaryimage\"},\"image\":{\"@id\":\"https:\\\/\\\/quehacerpolitico.mx\\\/?p=20809#primaryimage\"},\"thumbnailUrl\":\"\",\"datePublished\":\"2019-03-16T17:20:11+00:00\",\"author\":{\"@id\":\"https:\\\/\\\/quehacerpolitico.mx\\\/#\\\/schema\\\/person\\\/496d8ad2d1d3f8036101dca7ee39e585\"},\"breadcrumb\":{\"@id\":\"https:\\\/\\\/quehacerpolitico.mx\\\/?p=20809#breadcrumb\"},\"inLanguage\":\"es\",\"potentialAction\":[{\"@type\":\"ReadAction\",\"target\":[\"https:\\\/\\\/quehacerpolitico.mx\\\/?p=20809\"]}]},{\"@type\":\"ImageObject\",\"inLanguage\":\"es\",\"@id\":\"https:\\\/\\\/quehacerpolitico.mx\\\/?p=20809#primaryimage\",\"url\":\"\",\"contentUrl\":\"\"},{\"@type\":\"BreadcrumbList\",\"@id\":\"https:\\\/\\\/quehacerpolitico.mx\\\/?p=20809#breadcrumb\",\"itemListElement\":[{\"@type\":\"ListItem\",\"position\":1,\"name\":\"Inicio\",\"item\":\"https:\\\/\\\/quehacerpolitico.mx\\\/\"},{\"@type\":\"ListItem\",\"position\":2,\"name\":\"Asesinan en San Luis a periodista Santiago Barroso\"}]},{\"@type\":\"WebSite\",\"@id\":\"https:\\\/\\\/quehacerpolitico.mx\\\/#website\",\"url\":\"https:\\\/\\\/quehacerpolitico.mx\\\/\",\"name\":\"\",\"description\":\"\",\"potentialAction\":[{\"@type\":\"SearchAction\",\"target\":{\"@type\":\"EntryPoint\",\"urlTemplate\":\"https:\\\/\\\/quehacerpolitico.mx\\\/?s={search_term_string}\"},\"query-input\":{\"@type\":\"PropertyValueSpecification\",\"valueRequired\":true,\"valueName\":\"search_term_string\"}}],\"inLanguage\":\"es\"},{\"@type\":\"Person\",\"@id\":\"https:\\\/\\\/quehacerpolitico.mx\\\/#\\\/schema\\\/person\\\/496d8ad2d1d3f8036101dca7ee39e585\",\"name\":\"Redacci\u00f3n QP\",\"image\":{\"@type\":\"ImageObject\",\"inLanguage\":\"es\",\"@id\":\"https:\\\/\\\/secure.gravatar.com\\\/avatar\\\/c7164ed6fdec453195284ad24a5ae5b6e1eed2b848477fa2a4787ba9adf39a41?s=96&d=mm&r=g\",\"url\":\"https:\\\/\\\/secure.gravatar.com\\\/avatar\\\/c7164ed6fdec453195284ad24a5ae5b6e1eed2b848477fa2a4787ba9adf39a41?s=96&d=mm&r=g\",\"contentUrl\":\"https:\\\/\\\/secure.gravatar.com\\\/avatar\\\/c7164ed6fdec453195284ad24a5ae5b6e1eed2b848477fa2a4787ba9adf39a41?s=96&d=mm&r=g\",\"caption\":\"Redacci\u00f3n QP\"},\"url\":\"https:\\\/\\\/quehacerpolitico.mx\\\/?author=2\"}]}<\/script>\n<!-- \/ Yoast SEO plugin. -->","yoast_head_json":{"title":"Asesinan en San Luis a periodista Santiago Barroso -","robots":{"index":"index","follow":"follow","max-snippet":"max-snippet:-1","max-image-preview":"max-image-preview:large","max-video-preview":"max-video-preview:-1"},"canonical":"https:\/\/quehacerpolitico.mx\/?p=20809","og_locale":"es_MX","og_type":"article","og_title":"Asesinan en San Luis a periodista Santiago Barroso -","og_description":"Asesinan en San Luis a periodista Santiago Barroso Por Redacci\u00f3n QP","og_url":"https:\/\/quehacerpolitico.mx\/?p=20809","article_published_time":"2019-03-16T17:20:11+00:00","author":"Redacci\u00f3n QP","twitter_card":"summary_large_image","twitter_misc":{"Escrito por":"Redacci\u00f3n QP","Tiempo de lectura":"11 minutos"},"schema":{"@context":"https:\/\/schema.org","@graph":[{"@type":"Article","@id":"https:\/\/quehacerpolitico.mx\/?p=20809#article","isPartOf":{"@id":"https:\/\/quehacerpolitico.mx\/?p=20809"},"author":{"name":"Redacci\u00f3n QP","@id":"https:\/\/quehacerpolitico.mx\/#\/schema\/person\/496d8ad2d1d3f8036101dca7ee39e585"},"headline":"Asesinan en San Luis a periodista Santiago Barroso","datePublished":"2019-03-16T17:20:11+00:00","mainEntityOfPage":{"@id":"https:\/\/quehacerpolitico.mx\/?p=20809"},"wordCount":2274,"commentCount":0,"image":{"@id":"https:\/\/quehacerpolitico.mx\/?p=20809#primaryimage"},"thumbnailUrl":"","articleSection":["Noticias"],"inLanguage":"es","potentialAction":[{"@type":"CommentAction","name":"Comment","target":["https:\/\/quehacerpolitico.mx\/?p=20809#respond"]}]},{"@type":"WebPage","@id":"https:\/\/quehacerpolitico.mx\/?p=20809","url":"https:\/\/quehacerpolitico.mx\/?p=20809","name":"Asesinan en San Luis a periodista Santiago Barroso -","isPartOf":{"@id":"https:\/\/quehacerpolitico.mx\/#website"},"primaryImageOfPage":{"@id":"https:\/\/quehacerpolitico.mx\/?p=20809#primaryimage"},"image":{"@id":"https:\/\/quehacerpolitico.mx\/?p=20809#primaryimage"},"thumbnailUrl":"","datePublished":"2019-03-16T17:20:11+00:00","author":{"@id":"https:\/\/quehacerpolitico.mx\/#\/schema\/person\/496d8ad2d1d3f8036101dca7ee39e585"},"breadcrumb":{"@id":"https:\/\/quehacerpolitico.mx\/?p=20809#breadcrumb"},"inLanguage":"es","potentialAction":[{"@type":"ReadAction","target":["https:\/\/quehacerpolitico.mx\/?p=20809"]}]},{"@type":"ImageObject","inLanguage":"es","@id":"https:\/\/quehacerpolitico.mx\/?p=20809#primaryimage","url":"","contentUrl":""},{"@type":"BreadcrumbList","@id":"https:\/\/quehacerpolitico.mx\/?p=20809#breadcrumb","itemListElement":[{"@type":"ListItem","position":1,"name":"Inicio","item":"https:\/\/quehacerpolitico.mx\/"},{"@type":"ListItem","position":2,"name":"Asesinan en San Luis a periodista Santiago Barroso"}]},{"@type":"WebSite","@id":"https:\/\/quehacerpolitico.mx\/#website","url":"https:\/\/quehacerpolitico.mx\/","name":"","description":"","potentialAction":[{"@type":"SearchAction","target":{"@type":"EntryPoint","urlTemplate":"https:\/\/quehacerpolitico.mx\/?s={search_term_string}"},"query-input":{"@type":"PropertyValueSpecification","valueRequired":true,"valueName":"search_term_string"}}],"inLanguage":"es"},{"@type":"Person","@id":"https:\/\/quehacerpolitico.mx\/#\/schema\/person\/496d8ad2d1d3f8036101dca7ee39e585","name":"Redacci\u00f3n QP","image":{"@type":"ImageObject","inLanguage":"es","@id":"https:\/\/secure.gravatar.com\/avatar\/c7164ed6fdec453195284ad24a5ae5b6e1eed2b848477fa2a4787ba9adf39a41?s=96&d=mm&r=g","url":"https:\/\/secure.gravatar.com\/avatar\/c7164ed6fdec453195284ad24a5ae5b6e1eed2b848477fa2a4787ba9adf39a41?s=96&d=mm&r=g","contentUrl":"https:\/\/secure.gravatar.com\/avatar\/c7164ed6fdec453195284ad24a5ae5b6e1eed2b848477fa2a4787ba9adf39a41?s=96&d=mm&r=g","caption":"Redacci\u00f3n QP"},"url":"https:\/\/quehacerpolitico.mx\/?author=2"}]}},"featured_image_urls":{"full":"","thumbnail":"","medium":"","medium_large":"","large":"","1536x1536":"","2048x2048":"","covernews-featured":"","covernews-medium":""},"author_info":{"display_name":"Redacci\u00f3n QP","author_link":"https:\/\/quehacerpolitico.mx\/?author=2"},"category_info":"<a href=\"https:\/\/quehacerpolitico.mx\/?cat=2\" rel=\"category\">Noticias<\/a>","tag_info":"Noticias","comment_count":"0","_links":{"self":[{"href":"https:\/\/quehacerpolitico.mx\/index.php?rest_route=\/wp\/v2\/posts\/20809","targetHints":{"allow":["GET"]}}],"collection":[{"href":"https:\/\/quehacerpolitico.mx\/index.php?rest_route=\/wp\/v2\/posts"}],"about":[{"href":"https:\/\/quehacerpolitico.mx\/index.php?rest_route=\/wp\/v2\/types\/post"}],"author":[{"embeddable":true,"href":"https:\/\/quehacerpolitico.mx\/index.php?rest_route=\/wp\/v2\/users\/2"}],"replies":[{"embeddable":true,"href":"https:\/\/quehacerpolitico.mx\/index.php?rest_route=%2Fwp%2Fv2%2Fcomments&post=20809"}],"version-history":[{"count":0,"href":"https:\/\/quehacerpolitico.mx\/index.php?rest_route=\/wp\/v2\/posts\/20809\/revisions"}],"wp:featuredmedia":[{"embeddable":true,"href":"https:\/\/quehacerpolitico.mx\/index.php?rest_route=\/"}],"wp:attachment":[{"href":"https:\/\/quehacerpolitico.mx\/index.php?rest_route=%2Fwp%2Fv2%2Fmedia&parent=20809"}],"wp:term":[{"taxonomy":"category","embeddable":true,"href":"https:\/\/quehacerpolitico.mx\/index.php?rest_route=%2Fwp%2Fv2%2Fcategories&post=20809"},{"taxonomy":"post_tag","embeddable":true,"href":"https:\/\/quehacerpolitico.mx\/index.php?rest_route=%2Fwp%2Fv2%2Ftags&post=20809"}],"curies":[{"name":"wp","href":"https:\/\/api.w.org\/{rel}","templated":true}]}}