{"id":20806,"date":"2019-03-16T17:08:08","date_gmt":"2019-03-16T17:08:08","guid":{"rendered":"http:\/\/quehacerpolitico.mx\/gobierno-realiza-foro-de-consulta-sobre-plan-nacional-de-desarrollo\/"},"modified":"2019-03-16T17:08:08","modified_gmt":"2019-03-16T17:08:08","slug":"gobierno-realiza-foro-de-consulta-sobre-plan-nacional-de-desarrollo","status":"publish","type":"post","link":"https:\/\/quehacerpolitico.mx\/?p=20806","title":{"rendered":"Gobierno realiza foro de consulta sobre Plan Nacional de Desarrollo"},"content":{"rendered":"<p>Gobierno realiza foro de consulta sobre Plan Nacional de Desarrollo<\/p>\n<p>Por Redacci\u00f3n QP<\/p>\n<p>Este fin de semana el Gobierno de M\u00e9xico realiza en Palacio Nacional, de la capital del pa\u00eds, los foros de consulta para la elaboraci\u00f3n del Plan Nacional de Desarrollo.<\/p>\n<p>A la inauguraci\u00f3n del Foro Nacional, Planeando Juntos la Transformaci\u00f3n de M\u00e9xico, este s\u00e1bado, asistieron\u00a0el secretario de Hacienda, Carlos Urz\u00faa, y\u00a0Diana \u00c1lvarez Maury, subsecretar\u00eda de Desarrollo Democr\u00e1tico, Participaci\u00f3n Social y Asuntos Religiosos, de la Secretar\u00eda de Gobernaci\u00f3n, entre otros funcionarios.<\/p>\n<p>La v\u00edspera, el presidente Andr\u00e9s Manuel L\u00f3pez Obrador indic\u00f3 que en la consulta podr\u00e1n participar ciudadanos y especialistas para ello definir el nuevo paradigma de desarrollo con bienestar que caracterizar\u00e1 al nuevo gobierno.<\/p>\n<p>En su conferencia de prensa matutina del viernes, el mandatario federal detall\u00f3 que el Plan Nacional de Desarrollo contendr\u00e1 los ejes de la nueva administraci\u00f3n para dejar atr\u00e1s el proyecto neoliberal.<\/p>\n<p>El Foro que se realizar\u00e1 este s\u00e1bado y ma\u00f1ana domingo busca profundizar en los temas prioritarios del Plan Nacional de Desarrollo que es el documento en el que el gobierno\u00a0federal\u00a0articula los objetivos y estrategias para atender los problemas prioritarios e impulsar el desarrollo nacional.<\/p>\n<p>Dicho Plan est\u00e1 conformado por tres ejes generales que permiten agrupar las problem\u00e1ticas espec\u00edficas cuya atenci\u00f3n ser\u00e1 prioritaria en los pr\u00f3ximos seis a\u00f1os: Justicia y el Estado de derecho, Bienestar y Desarrollo Econ\u00f3mico.<\/p>\n<p>Integra, adem\u00e1s,\u00a0tres ejes transversales referentes a los problemas p\u00fablicos comunes a los ejes generales y cuya atenci\u00f3n ser\u00e1 prioritaria en todas las pol\u00edticas p\u00fablicas de la actual administraci\u00f3n: Igualdad de g\u00e9nero, no discriminaci\u00f3n e inclusi\u00f3n, Combate a la corrupci\u00f3n y mejora de la gesti\u00f3n p\u00fablica, y Territorio y desarrollo sostenible.<\/p>\n","protected":false},"excerpt":{"rendered":"<p>Gobierno realiza foro de consulta sobre Plan Nacional de Desarrollo<br \/>\nPor Redacci\u00f3n QP<\/p>\n","protected":false},"author":2,"featured_media":20805,"comment_status":"open","ping_status":"open","sticky":false,"template":"","format":"standard","meta":{"_monsterinsights_skip_tracking":false,"_monsterinsights_sitenote_active":false,"_monsterinsights_sitenote_note":"","_monsterinsights_sitenote_category":0,"footnotes":""},"categories":[2],"tags":[],"class_list":["post-20806","post","type-post","status-publish","format-standard","has-post-thumbnail","hentry","category-noticias"],"yoast_head":"<!-- This site is optimized with the Yoast SEO plugin v27.3 - https:\/\/yoast.com\/product\/yoast-seo-wordpress\/ -->\n<title>Gobierno realiza foro de consulta sobre Plan Nacional de Desarrollo -<\/title>\n<meta name=\"robots\" content=\"index, follow, max-snippet:-1, max-image-preview:large, max-video-preview:-1\" \/>\n<link rel=\"canonical\" href=\"https:\/\/quehacerpolitico.mx\/?p=20806\" \/>\n<meta property=\"og:locale\" content=\"es_MX\" \/>\n<meta property=\"og:type\" content=\"article\" \/>\n<meta property=\"og:title\" content=\"Gobierno realiza foro de consulta sobre Plan Nacional de Desarrollo -\" \/>\n<meta property=\"og:description\" content=\"Gobierno realiza foro de consulta sobre Plan Nacional de Desarrollo Por Redacci\u00f3n QP\" \/>\n<meta property=\"og:url\" content=\"https:\/\/quehacerpolitico.mx\/?p=20806\" \/>\n<meta property=\"article:published_time\" content=\"2019-03-16T17:08:08+00:00\" \/>\n<meta name=\"author\" content=\"Redacci\u00f3n QP\" \/>\n<meta name=\"twitter:card\" content=\"summary_large_image\" \/>\n<meta name=\"twitter:label1\" content=\"Escrito por\" \/>\n\t<meta name=\"twitter:data1\" content=\"Redacci\u00f3n QP\" \/>\n\t<meta name=\"twitter:label2\" content=\"Tiempo de lectura\" \/>\n\t<meta name=\"twitter:data2\" content=\"2 minutos\" \/>\n<script type=\"application\/ld+json\" class=\"yoast-schema-graph\">{\"@context\":\"https:\\\/\\\/schema.org\",\"@graph\":[{\"@type\":\"Article\",\"@id\":\"https:\\\/\\\/quehacerpolitico.mx\\\/?p=20806#article\",\"isPartOf\":{\"@id\":\"https:\\\/\\\/quehacerpolitico.mx\\\/?p=20806\"},\"author\":{\"name\":\"Redacci\u00f3n QP\",\"@id\":\"https:\\\/\\\/quehacerpolitico.mx\\\/#\\\/schema\\\/person\\\/496d8ad2d1d3f8036101dca7ee39e585\"},\"headline\":\"Gobierno realiza foro de consulta sobre Plan Nacional de Desarrollo\",\"datePublished\":\"2019-03-16T17:08:08+00:00\",\"mainEntityOfPage\":{\"@id\":\"https:\\\/\\\/quehacerpolitico.mx\\\/?p=20806\"},\"wordCount\":328,\"commentCount\":0,\"image\":{\"@id\":\"https:\\\/\\\/quehacerpolitico.mx\\\/?p=20806#primaryimage\"},\"thumbnailUrl\":\"\",\"articleSection\":[\"Noticias\"],\"inLanguage\":\"es\",\"potentialAction\":[{\"@type\":\"CommentAction\",\"name\":\"Comment\",\"target\":[\"https:\\\/\\\/quehacerpolitico.mx\\\/?p=20806#respond\"]}]},{\"@type\":\"WebPage\",\"@id\":\"https:\\\/\\\/quehacerpolitico.mx\\\/?p=20806\",\"url\":\"https:\\\/\\\/quehacerpolitico.mx\\\/?p=20806\",\"name\":\"Gobierno realiza foro de consulta sobre Plan Nacional de Desarrollo -\",\"isPartOf\":{\"@id\":\"https:\\\/\\\/quehacerpolitico.mx\\\/#website\"},\"primaryImageOfPage\":{\"@id\":\"https:\\\/\\\/quehacerpolitico.mx\\\/?p=20806#primaryimage\"},\"image\":{\"@id\":\"https:\\\/\\\/quehacerpolitico.mx\\\/?p=20806#primaryimage\"},\"thumbnailUrl\":\"\",\"datePublished\":\"2019-03-16T17:08:08+00:00\",\"author\":{\"@id\":\"https:\\\/\\\/quehacerpolitico.mx\\\/#\\\/schema\\\/person\\\/496d8ad2d1d3f8036101dca7ee39e585\"},\"breadcrumb\":{\"@id\":\"https:\\\/\\\/quehacerpolitico.mx\\\/?p=20806#breadcrumb\"},\"inLanguage\":\"es\",\"potentialAction\":[{\"@type\":\"ReadAction\",\"target\":[\"https:\\\/\\\/quehacerpolitico.mx\\\/?p=20806\"]}]},{\"@type\":\"ImageObject\",\"inLanguage\":\"es\",\"@id\":\"https:\\\/\\\/quehacerpolitico.mx\\\/?p=20806#primaryimage\",\"url\":\"\",\"contentUrl\":\"\"},{\"@type\":\"BreadcrumbList\",\"@id\":\"https:\\\/\\\/quehacerpolitico.mx\\\/?p=20806#breadcrumb\",\"itemListElement\":[{\"@type\":\"ListItem\",\"position\":1,\"name\":\"Inicio\",\"item\":\"https:\\\/\\\/quehacerpolitico.mx\\\/\"},{\"@type\":\"ListItem\",\"position\":2,\"name\":\"Gobierno realiza foro de consulta sobre Plan Nacional de Desarrollo\"}]},{\"@type\":\"WebSite\",\"@id\":\"https:\\\/\\\/quehacerpolitico.mx\\\/#website\",\"url\":\"https:\\\/\\\/quehacerpolitico.mx\\\/\",\"name\":\"\",\"description\":\"\",\"potentialAction\":[{\"@type\":\"SearchAction\",\"target\":{\"@type\":\"EntryPoint\",\"urlTemplate\":\"https:\\\/\\\/quehacerpolitico.mx\\\/?s={search_term_string}\"},\"query-input\":{\"@type\":\"PropertyValueSpecification\",\"valueRequired\":true,\"valueName\":\"search_term_string\"}}],\"inLanguage\":\"es\"},{\"@type\":\"Person\",\"@id\":\"https:\\\/\\\/quehacerpolitico.mx\\\/#\\\/schema\\\/person\\\/496d8ad2d1d3f8036101dca7ee39e585\",\"name\":\"Redacci\u00f3n QP\",\"image\":{\"@type\":\"ImageObject\",\"inLanguage\":\"es\",\"@id\":\"https:\\\/\\\/secure.gravatar.com\\\/avatar\\\/c7164ed6fdec453195284ad24a5ae5b6e1eed2b848477fa2a4787ba9adf39a41?s=96&d=mm&r=g\",\"url\":\"https:\\\/\\\/secure.gravatar.com\\\/avatar\\\/c7164ed6fdec453195284ad24a5ae5b6e1eed2b848477fa2a4787ba9adf39a41?s=96&d=mm&r=g\",\"contentUrl\":\"https:\\\/\\\/secure.gravatar.com\\\/avatar\\\/c7164ed6fdec453195284ad24a5ae5b6e1eed2b848477fa2a4787ba9adf39a41?s=96&d=mm&r=g\",\"caption\":\"Redacci\u00f3n QP\"},\"url\":\"https:\\\/\\\/quehacerpolitico.mx\\\/?author=2\"}]}<\/script>\n<!-- \/ Yoast SEO plugin. -->","yoast_head_json":{"title":"Gobierno realiza foro de consulta sobre Plan Nacional de Desarrollo -","robots":{"index":"index","follow":"follow","max-snippet":"max-snippet:-1","max-image-preview":"max-image-preview:large","max-video-preview":"max-video-preview:-1"},"canonical":"https:\/\/quehacerpolitico.mx\/?p=20806","og_locale":"es_MX","og_type":"article","og_title":"Gobierno realiza foro de consulta sobre Plan Nacional de Desarrollo -","og_description":"Gobierno realiza foro de consulta sobre Plan Nacional de Desarrollo Por Redacci\u00f3n QP","og_url":"https:\/\/quehacerpolitico.mx\/?p=20806","article_published_time":"2019-03-16T17:08:08+00:00","author":"Redacci\u00f3n QP","twitter_card":"summary_large_image","twitter_misc":{"Escrito por":"Redacci\u00f3n QP","Tiempo de lectura":"2 minutos"},"schema":{"@context":"https:\/\/schema.org","@graph":[{"@type":"Article","@id":"https:\/\/quehacerpolitico.mx\/?p=20806#article","isPartOf":{"@id":"https:\/\/quehacerpolitico.mx\/?p=20806"},"author":{"name":"Redacci\u00f3n QP","@id":"https:\/\/quehacerpolitico.mx\/#\/schema\/person\/496d8ad2d1d3f8036101dca7ee39e585"},"headline":"Gobierno realiza foro de consulta sobre Plan Nacional de Desarrollo","datePublished":"2019-03-16T17:08:08+00:00","mainEntityOfPage":{"@id":"https:\/\/quehacerpolitico.mx\/?p=20806"},"wordCount":328,"commentCount":0,"image":{"@id":"https:\/\/quehacerpolitico.mx\/?p=20806#primaryimage"},"thumbnailUrl":"","articleSection":["Noticias"],"inLanguage":"es","potentialAction":[{"@type":"CommentAction","name":"Comment","target":["https:\/\/quehacerpolitico.mx\/?p=20806#respond"]}]},{"@type":"WebPage","@id":"https:\/\/quehacerpolitico.mx\/?p=20806","url":"https:\/\/quehacerpolitico.mx\/?p=20806","name":"Gobierno realiza foro de consulta sobre Plan Nacional de Desarrollo -","isPartOf":{"@id":"https:\/\/quehacerpolitico.mx\/#website"},"primaryImageOfPage":{"@id":"https:\/\/quehacerpolitico.mx\/?p=20806#primaryimage"},"image":{"@id":"https:\/\/quehacerpolitico.mx\/?p=20806#primaryimage"},"thumbnailUrl":"","datePublished":"2019-03-16T17:08:08+00:00","author":{"@id":"https:\/\/quehacerpolitico.mx\/#\/schema\/person\/496d8ad2d1d3f8036101dca7ee39e585"},"breadcrumb":{"@id":"https:\/\/quehacerpolitico.mx\/?p=20806#breadcrumb"},"inLanguage":"es","potentialAction":[{"@type":"ReadAction","target":["https:\/\/quehacerpolitico.mx\/?p=20806"]}]},{"@type":"ImageObject","inLanguage":"es","@id":"https:\/\/quehacerpolitico.mx\/?p=20806#primaryimage","url":"","contentUrl":""},{"@type":"BreadcrumbList","@id":"https:\/\/quehacerpolitico.mx\/?p=20806#breadcrumb","itemListElement":[{"@type":"ListItem","position":1,"name":"Inicio","item":"https:\/\/quehacerpolitico.mx\/"},{"@type":"ListItem","position":2,"name":"Gobierno realiza foro de consulta sobre Plan Nacional de Desarrollo"}]},{"@type":"WebSite","@id":"https:\/\/quehacerpolitico.mx\/#website","url":"https:\/\/quehacerpolitico.mx\/","name":"","description":"","potentialAction":[{"@type":"SearchAction","target":{"@type":"EntryPoint","urlTemplate":"https:\/\/quehacerpolitico.mx\/?s={search_term_string}"},"query-input":{"@type":"PropertyValueSpecification","valueRequired":true,"valueName":"search_term_string"}}],"inLanguage":"es"},{"@type":"Person","@id":"https:\/\/quehacerpolitico.mx\/#\/schema\/person\/496d8ad2d1d3f8036101dca7ee39e585","name":"Redacci\u00f3n QP","image":{"@type":"ImageObject","inLanguage":"es","@id":"https:\/\/secure.gravatar.com\/avatar\/c7164ed6fdec453195284ad24a5ae5b6e1eed2b848477fa2a4787ba9adf39a41?s=96&d=mm&r=g","url":"https:\/\/secure.gravatar.com\/avatar\/c7164ed6fdec453195284ad24a5ae5b6e1eed2b848477fa2a4787ba9adf39a41?s=96&d=mm&r=g","contentUrl":"https:\/\/secure.gravatar.com\/avatar\/c7164ed6fdec453195284ad24a5ae5b6e1eed2b848477fa2a4787ba9adf39a41?s=96&d=mm&r=g","caption":"Redacci\u00f3n QP"},"url":"https:\/\/quehacerpolitico.mx\/?author=2"}]}},"featured_image_urls":{"full":"","thumbnail":"","medium":"","medium_large":"","large":"","1536x1536":"","2048x2048":"","covernews-featured":"","covernews-medium":""},"author_info":{"display_name":"Redacci\u00f3n QP","author_link":"https:\/\/quehacerpolitico.mx\/?author=2"},"category_info":"<a href=\"https:\/\/quehacerpolitico.mx\/?cat=2\" rel=\"category\">Noticias<\/a>","tag_info":"Noticias","comment_count":"0","_links":{"self":[{"href":"https:\/\/quehacerpolitico.mx\/index.php?rest_route=\/wp\/v2\/posts\/20806","targetHints":{"allow":["GET"]}}],"collection":[{"href":"https:\/\/quehacerpolitico.mx\/index.php?rest_route=\/wp\/v2\/posts"}],"about":[{"href":"https:\/\/quehacerpolitico.mx\/index.php?rest_route=\/wp\/v2\/types\/post"}],"author":[{"embeddable":true,"href":"https:\/\/quehacerpolitico.mx\/index.php?rest_route=\/wp\/v2\/users\/2"}],"replies":[{"embeddable":true,"href":"https:\/\/quehacerpolitico.mx\/index.php?rest_route=%2Fwp%2Fv2%2Fcomments&post=20806"}],"version-history":[{"count":0,"href":"https:\/\/quehacerpolitico.mx\/index.php?rest_route=\/wp\/v2\/posts\/20806\/revisions"}],"wp:featuredmedia":[{"embeddable":true,"href":"https:\/\/quehacerpolitico.mx\/index.php?rest_route=\/"}],"wp:attachment":[{"href":"https:\/\/quehacerpolitico.mx\/index.php?rest_route=%2Fwp%2Fv2%2Fmedia&parent=20806"}],"wp:term":[{"taxonomy":"category","embeddable":true,"href":"https:\/\/quehacerpolitico.mx\/index.php?rest_route=%2Fwp%2Fv2%2Fcategories&post=20806"},{"taxonomy":"post_tag","embeddable":true,"href":"https:\/\/quehacerpolitico.mx\/index.php?rest_route=%2Fwp%2Fv2%2Ftags&post=20806"}],"curies":[{"name":"wp","href":"https:\/\/api.w.org\/{rel}","templated":true}]}}