{"id":2066,"date":"2018-08-09T14:19:19","date_gmt":"2018-08-09T14:19:19","guid":{"rendered":"http:\/\/quehacerpolitico.mx\/la-inflacion-anual-en-julio-se-ubica-en-4-81-la-segunda-mas-alta-del-ano-inegi\/"},"modified":"2018-08-09T14:19:19","modified_gmt":"2018-08-09T14:19:19","slug":"la-inflacion-anual-en-julio-se-ubica-en-4-81-la-segunda-mas-alta-del-ano-inegi","status":"publish","type":"post","link":"https:\/\/quehacerpolitico.mx\/?p=2066","title":{"rendered":"La inflaci\u00f3n anual en julio se ubica en 4.81%, la segunda m\u00e1s alta del a\u00f1o: Inegi"},"content":{"rendered":"<h3>Los incrementos en los precios del tomate, la naranja, la cebolla, el jitomate y la gasolina de bajo octanaje derivaron en un aumento del 4.81 por ciento de la inflaci\u00f3n con respecto a julio de 2017, seg\u00fan el Inegi.<\/h3>\n<h3>Mientras la guayaba, con 8.61 por ciento; la uva, con 7.90 por ciento; el durazno, con 5.54 por ciento, y el pollo, con 3.27 por ciento, fueron algunos de los productos que presentaron una variaci\u00f3n a la baja con respecto al mes anterior.<\/h3>\n<p>En julio, el \u00cdndice Nacional de Precios al Consumidor (INPC) registr\u00f3 un tasa de <strong>inflaci\u00f3n <\/strong>anual de 4.81 por ciento, esta cifra es la segunda m\u00e1s alta del a\u00f1o, tras la registrada en marzo pasado y que ascendi\u00f3 a 5.04 por ciento, seg\u00fan el Instituto Nacional de Estad\u00edstica y Geograf\u00eda (Inegi).<\/p>\n<p>La variaci\u00f3n mensual se situ\u00f3 en 0.54 por ciento.<\/p>\n<p>La aceleraci\u00f3n en la inflaci\u00f3n anual se debi\u00f3, en mayor medida, a los incrementos en los precios de las <strong>gasolinas<\/strong>, algunas <strong>frutas<\/strong> y verduras.<\/p>\n<p>Los mayores incrementos por variaci\u00f3n mensual se registraron en el tomate verde con 49.69 por ciento; la naranja con 19.63 por ciento; la cebolla con 11.30 por ciento; el jitomate, con 10.58 por ciento; la papa y otros tub\u00e9rculos, con 8.90 por ciento.<\/p>\n<p>La manzana mostr\u00f3 un aumento del 8.16 por ciento; los servicios tur\u00edsticos de paquete, con 4.59 por ciento; la gasolina de bajo octanaje, con 1.81 por ciento; los precios en loncher\u00edas, fondas y tonter\u00edas, con 0.64 por ciento, y la vivienda propia con 0.20 por ciento, inform\u00f3 el <strong>Inegi<\/strong>.<\/p>\n<p>Mientras la guayaba, con 8.61 por ciento; la uva, con 7.90 por ciento; el durazno, con 5.54 por ciento, y el pollo, con 3.27 por ciento, fueron algunos de los productos que presentaron una variaci\u00f3n a la baja con respecto al mes anterior.<\/p>\n<p>Por otra parte, el \u00edndice de precios subyacente registr\u00f3 un alza mensual de 0.29 por ciento y una tasa anual de 3.63 por ciento; mientras que el \u00edndice de precios no subyacente se increment\u00f3 1.27 por ciento mensual y 8.38 por ciento anual.<\/p>\n<p>Al interior del \u00edndice de precios subyacente, se elevaron los precios de las mercanc\u00edas en 0.22 por ciento y los de servicios en 0.34 por ciento a tasa mensual.<\/p>\n<p>El Inegi inform\u00f3 que el INPC se calcula tras cotizar los precios de los productos y servicios en 46 ciudades ubicadas en las 32 entidades del pa\u00eds. En promedio se recabaron 117 mil 500 precios quincenalmente agrupados en 283 conceptos de consumo gen\u00e9ricos, los cuales abarca 48 ramas de actividad econ\u00f3mica.<\/p>\n<p>La pr\u00f3xima publicaci\u00f3n del \u00edndice se dar\u00e1 el 7 de septiembre.<\/p>\n<p>El Banco de M\u00e9xico (Banxico) tiene un objetivo de inflaci\u00f3n del 3.0 por ciento, aunque \u00e9sta ha sido rebasado desde enero del a\u00f1o pasado.<\/p>\n<p>En su \u00faltima junta, el banco central mantuvo sin cambios la tasa de inter\u00e9s interbancaria, por lo que se continuar\u00e1 en un nivel de 7.75 por ciento. Aunque se dijo atento a la presencia de factores que impliquen riesgos para la inflaci\u00f3n, como la renegociaci\u00f3n de Tratado de Libre Comercio de Am\u00e9rica del Norte (TLCAN) o el aumento en el precio del tipo de cambio.<\/p>\n<p>La decisi\u00f3n de Banxico se tom\u00f3 en concordancia con el anuncio de la Reserva Federal de Estados Unidos de mantener sin cambios los tipos de inter\u00e9s de entre el 1.75 y el 2 por ciento.<\/p>\n<p>Adem\u00e1s, baj\u00f3 su estimaci\u00f3n de crecimiento del Producto Interno Bruto (PIB) a la \u201cparte inferior del rango previsto\u201d.<\/p>\n<p>Banxico se\u00f1al\u00f3 que mantendr\u00e1 una postura monetaria prudente y continuar\u00e1 con seguimiento especial a las variaciones del tipo de cambio y la evoluci\u00f3n de las condiciones en a econom\u00eda nacional.<\/p>\n<p>Tambi\u00e9n recalc\u00f3 su compromiso de realizar ajustes a la tasa de inter\u00e9s en caso de riesgo para la inflaci\u00f3n y sus exceptivas, con el objetivo de mantener la inflaci\u00f3n en la meta del 3 por ciento.<\/p>\n","protected":false},"excerpt":{"rendered":"<p>La inflaci\u00f3n anual en julio se ubica en 4.81%, la segunda m\u00e1s alta del a\u00f1o: Inegi<br \/>\nPor Redacci\u00f3n QP<\/p>\n","protected":false},"author":2,"featured_media":2065,"comment_status":"open","ping_status":"open","sticky":false,"template":"","format":"standard","meta":{"_monsterinsights_skip_tracking":false,"_monsterinsights_sitenote_active":false,"_monsterinsights_sitenote_note":"","_monsterinsights_sitenote_category":0,"footnotes":""},"categories":[56],"tags":[],"class_list":["post-2066","post","type-post","status-publish","format-standard","has-post-thumbnail","hentry","category-economia"],"yoast_head":"<!-- This site is optimized with the Yoast SEO plugin v27.3 - https:\/\/yoast.com\/product\/yoast-seo-wordpress\/ -->\n<title>La inflaci\u00f3n anual en julio se ubica en 4.81%, la segunda m\u00e1s alta del a\u00f1o: Inegi -<\/title>\n<meta name=\"robots\" content=\"index, follow, max-snippet:-1, max-image-preview:large, max-video-preview:-1\" \/>\n<link rel=\"canonical\" href=\"https:\/\/quehacerpolitico.mx\/?p=2066\" \/>\n<meta property=\"og:locale\" content=\"es_MX\" \/>\n<meta property=\"og:type\" content=\"article\" \/>\n<meta property=\"og:title\" content=\"La inflaci\u00f3n anual en julio se ubica en 4.81%, la segunda m\u00e1s alta del a\u00f1o: Inegi -\" \/>\n<meta property=\"og:description\" content=\"La inflaci\u00f3n anual en julio se ubica en 4.81%, la segunda m\u00e1s alta del a\u00f1o: Inegi Por Redacci\u00f3n QP\" \/>\n<meta property=\"og:url\" content=\"https:\/\/quehacerpolitico.mx\/?p=2066\" \/>\n<meta property=\"article:published_time\" content=\"2018-08-09T14:19:19+00:00\" \/>\n<meta name=\"author\" content=\"Redacci\u00f3n QP\" \/>\n<meta name=\"twitter:card\" content=\"summary_large_image\" \/>\n<meta name=\"twitter:label1\" content=\"Escrito por\" \/>\n\t<meta name=\"twitter:data1\" content=\"Redacci\u00f3n QP\" \/>\n\t<meta name=\"twitter:label2\" content=\"Tiempo de lectura\" \/>\n\t<meta name=\"twitter:data2\" content=\"3 minutos\" \/>\n<script type=\"application\/ld+json\" class=\"yoast-schema-graph\">{\"@context\":\"https:\\\/\\\/schema.org\",\"@graph\":[{\"@type\":\"Article\",\"@id\":\"https:\\\/\\\/quehacerpolitico.mx\\\/?p=2066#article\",\"isPartOf\":{\"@id\":\"https:\\\/\\\/quehacerpolitico.mx\\\/?p=2066\"},\"author\":{\"name\":\"Redacci\u00f3n QP\",\"@id\":\"https:\\\/\\\/quehacerpolitico.mx\\\/#\\\/schema\\\/person\\\/496d8ad2d1d3f8036101dca7ee39e585\"},\"headline\":\"La inflaci\u00f3n anual en julio se ubica en 4.81%, la segunda m\u00e1s alta del a\u00f1o: Inegi\",\"datePublished\":\"2018-08-09T14:19:19+00:00\",\"mainEntityOfPage\":{\"@id\":\"https:\\\/\\\/quehacerpolitico.mx\\\/?p=2066\"},\"wordCount\":662,\"commentCount\":0,\"image\":{\"@id\":\"https:\\\/\\\/quehacerpolitico.mx\\\/?p=2066#primaryimage\"},\"thumbnailUrl\":\"\",\"articleSection\":[\"Econom\u00eda\"],\"inLanguage\":\"es\",\"potentialAction\":[{\"@type\":\"CommentAction\",\"name\":\"Comment\",\"target\":[\"https:\\\/\\\/quehacerpolitico.mx\\\/?p=2066#respond\"]}]},{\"@type\":\"WebPage\",\"@id\":\"https:\\\/\\\/quehacerpolitico.mx\\\/?p=2066\",\"url\":\"https:\\\/\\\/quehacerpolitico.mx\\\/?p=2066\",\"name\":\"La inflaci\u00f3n anual en julio se ubica en 4.81%, la segunda m\u00e1s alta del a\u00f1o: Inegi -\",\"isPartOf\":{\"@id\":\"https:\\\/\\\/quehacerpolitico.mx\\\/#website\"},\"primaryImageOfPage\":{\"@id\":\"https:\\\/\\\/quehacerpolitico.mx\\\/?p=2066#primaryimage\"},\"image\":{\"@id\":\"https:\\\/\\\/quehacerpolitico.mx\\\/?p=2066#primaryimage\"},\"thumbnailUrl\":\"\",\"datePublished\":\"2018-08-09T14:19:19+00:00\",\"author\":{\"@id\":\"https:\\\/\\\/quehacerpolitico.mx\\\/#\\\/schema\\\/person\\\/496d8ad2d1d3f8036101dca7ee39e585\"},\"breadcrumb\":{\"@id\":\"https:\\\/\\\/quehacerpolitico.mx\\\/?p=2066#breadcrumb\"},\"inLanguage\":\"es\",\"potentialAction\":[{\"@type\":\"ReadAction\",\"target\":[\"https:\\\/\\\/quehacerpolitico.mx\\\/?p=2066\"]}]},{\"@type\":\"ImageObject\",\"inLanguage\":\"es\",\"@id\":\"https:\\\/\\\/quehacerpolitico.mx\\\/?p=2066#primaryimage\",\"url\":\"\",\"contentUrl\":\"\"},{\"@type\":\"BreadcrumbList\",\"@id\":\"https:\\\/\\\/quehacerpolitico.mx\\\/?p=2066#breadcrumb\",\"itemListElement\":[{\"@type\":\"ListItem\",\"position\":1,\"name\":\"Inicio\",\"item\":\"https:\\\/\\\/quehacerpolitico.mx\\\/\"},{\"@type\":\"ListItem\",\"position\":2,\"name\":\"La inflaci\u00f3n anual en julio se ubica en 4.81%, la segunda m\u00e1s alta del a\u00f1o: Inegi\"}]},{\"@type\":\"WebSite\",\"@id\":\"https:\\\/\\\/quehacerpolitico.mx\\\/#website\",\"url\":\"https:\\\/\\\/quehacerpolitico.mx\\\/\",\"name\":\"\",\"description\":\"\",\"potentialAction\":[{\"@type\":\"SearchAction\",\"target\":{\"@type\":\"EntryPoint\",\"urlTemplate\":\"https:\\\/\\\/quehacerpolitico.mx\\\/?s={search_term_string}\"},\"query-input\":{\"@type\":\"PropertyValueSpecification\",\"valueRequired\":true,\"valueName\":\"search_term_string\"}}],\"inLanguage\":\"es\"},{\"@type\":\"Person\",\"@id\":\"https:\\\/\\\/quehacerpolitico.mx\\\/#\\\/schema\\\/person\\\/496d8ad2d1d3f8036101dca7ee39e585\",\"name\":\"Redacci\u00f3n QP\",\"image\":{\"@type\":\"ImageObject\",\"inLanguage\":\"es\",\"@id\":\"https:\\\/\\\/secure.gravatar.com\\\/avatar\\\/c7164ed6fdec453195284ad24a5ae5b6e1eed2b848477fa2a4787ba9adf39a41?s=96&d=mm&r=g\",\"url\":\"https:\\\/\\\/secure.gravatar.com\\\/avatar\\\/c7164ed6fdec453195284ad24a5ae5b6e1eed2b848477fa2a4787ba9adf39a41?s=96&d=mm&r=g\",\"contentUrl\":\"https:\\\/\\\/secure.gravatar.com\\\/avatar\\\/c7164ed6fdec453195284ad24a5ae5b6e1eed2b848477fa2a4787ba9adf39a41?s=96&d=mm&r=g\",\"caption\":\"Redacci\u00f3n QP\"},\"url\":\"https:\\\/\\\/quehacerpolitico.mx\\\/?author=2\"}]}<\/script>\n<!-- \/ Yoast SEO plugin. -->","yoast_head_json":{"title":"La inflaci\u00f3n anual en julio se ubica en 4.81%, la segunda m\u00e1s alta del a\u00f1o: Inegi -","robots":{"index":"index","follow":"follow","max-snippet":"max-snippet:-1","max-image-preview":"max-image-preview:large","max-video-preview":"max-video-preview:-1"},"canonical":"https:\/\/quehacerpolitico.mx\/?p=2066","og_locale":"es_MX","og_type":"article","og_title":"La inflaci\u00f3n anual en julio se ubica en 4.81%, la segunda m\u00e1s alta del a\u00f1o: Inegi -","og_description":"La inflaci\u00f3n anual en julio se ubica en 4.81%, la segunda m\u00e1s alta del a\u00f1o: Inegi Por Redacci\u00f3n QP","og_url":"https:\/\/quehacerpolitico.mx\/?p=2066","article_published_time":"2018-08-09T14:19:19+00:00","author":"Redacci\u00f3n QP","twitter_card":"summary_large_image","twitter_misc":{"Escrito por":"Redacci\u00f3n QP","Tiempo de lectura":"3 minutos"},"schema":{"@context":"https:\/\/schema.org","@graph":[{"@type":"Article","@id":"https:\/\/quehacerpolitico.mx\/?p=2066#article","isPartOf":{"@id":"https:\/\/quehacerpolitico.mx\/?p=2066"},"author":{"name":"Redacci\u00f3n QP","@id":"https:\/\/quehacerpolitico.mx\/#\/schema\/person\/496d8ad2d1d3f8036101dca7ee39e585"},"headline":"La inflaci\u00f3n anual en julio se ubica en 4.81%, la segunda m\u00e1s alta del a\u00f1o: Inegi","datePublished":"2018-08-09T14:19:19+00:00","mainEntityOfPage":{"@id":"https:\/\/quehacerpolitico.mx\/?p=2066"},"wordCount":662,"commentCount":0,"image":{"@id":"https:\/\/quehacerpolitico.mx\/?p=2066#primaryimage"},"thumbnailUrl":"","articleSection":["Econom\u00eda"],"inLanguage":"es","potentialAction":[{"@type":"CommentAction","name":"Comment","target":["https:\/\/quehacerpolitico.mx\/?p=2066#respond"]}]},{"@type":"WebPage","@id":"https:\/\/quehacerpolitico.mx\/?p=2066","url":"https:\/\/quehacerpolitico.mx\/?p=2066","name":"La inflaci\u00f3n anual en julio se ubica en 4.81%, la segunda m\u00e1s alta del a\u00f1o: Inegi -","isPartOf":{"@id":"https:\/\/quehacerpolitico.mx\/#website"},"primaryImageOfPage":{"@id":"https:\/\/quehacerpolitico.mx\/?p=2066#primaryimage"},"image":{"@id":"https:\/\/quehacerpolitico.mx\/?p=2066#primaryimage"},"thumbnailUrl":"","datePublished":"2018-08-09T14:19:19+00:00","author":{"@id":"https:\/\/quehacerpolitico.mx\/#\/schema\/person\/496d8ad2d1d3f8036101dca7ee39e585"},"breadcrumb":{"@id":"https:\/\/quehacerpolitico.mx\/?p=2066#breadcrumb"},"inLanguage":"es","potentialAction":[{"@type":"ReadAction","target":["https:\/\/quehacerpolitico.mx\/?p=2066"]}]},{"@type":"ImageObject","inLanguage":"es","@id":"https:\/\/quehacerpolitico.mx\/?p=2066#primaryimage","url":"","contentUrl":""},{"@type":"BreadcrumbList","@id":"https:\/\/quehacerpolitico.mx\/?p=2066#breadcrumb","itemListElement":[{"@type":"ListItem","position":1,"name":"Inicio","item":"https:\/\/quehacerpolitico.mx\/"},{"@type":"ListItem","position":2,"name":"La inflaci\u00f3n anual en julio se ubica en 4.81%, la segunda m\u00e1s alta del a\u00f1o: Inegi"}]},{"@type":"WebSite","@id":"https:\/\/quehacerpolitico.mx\/#website","url":"https:\/\/quehacerpolitico.mx\/","name":"","description":"","potentialAction":[{"@type":"SearchAction","target":{"@type":"EntryPoint","urlTemplate":"https:\/\/quehacerpolitico.mx\/?s={search_term_string}"},"query-input":{"@type":"PropertyValueSpecification","valueRequired":true,"valueName":"search_term_string"}}],"inLanguage":"es"},{"@type":"Person","@id":"https:\/\/quehacerpolitico.mx\/#\/schema\/person\/496d8ad2d1d3f8036101dca7ee39e585","name":"Redacci\u00f3n QP","image":{"@type":"ImageObject","inLanguage":"es","@id":"https:\/\/secure.gravatar.com\/avatar\/c7164ed6fdec453195284ad24a5ae5b6e1eed2b848477fa2a4787ba9adf39a41?s=96&d=mm&r=g","url":"https:\/\/secure.gravatar.com\/avatar\/c7164ed6fdec453195284ad24a5ae5b6e1eed2b848477fa2a4787ba9adf39a41?s=96&d=mm&r=g","contentUrl":"https:\/\/secure.gravatar.com\/avatar\/c7164ed6fdec453195284ad24a5ae5b6e1eed2b848477fa2a4787ba9adf39a41?s=96&d=mm&r=g","caption":"Redacci\u00f3n QP"},"url":"https:\/\/quehacerpolitico.mx\/?author=2"}]}},"featured_image_urls":{"full":"","thumbnail":"","medium":"","medium_large":"","large":"","1536x1536":"","2048x2048":"","covernews-featured":"","covernews-medium":""},"author_info":{"display_name":"Redacci\u00f3n QP","author_link":"https:\/\/quehacerpolitico.mx\/?author=2"},"category_info":"<a href=\"https:\/\/quehacerpolitico.mx\/?cat=56\" rel=\"category\">Econom\u00eda<\/a>","tag_info":"Econom\u00eda","comment_count":"0","_links":{"self":[{"href":"https:\/\/quehacerpolitico.mx\/index.php?rest_route=\/wp\/v2\/posts\/2066","targetHints":{"allow":["GET"]}}],"collection":[{"href":"https:\/\/quehacerpolitico.mx\/index.php?rest_route=\/wp\/v2\/posts"}],"about":[{"href":"https:\/\/quehacerpolitico.mx\/index.php?rest_route=\/wp\/v2\/types\/post"}],"author":[{"embeddable":true,"href":"https:\/\/quehacerpolitico.mx\/index.php?rest_route=\/wp\/v2\/users\/2"}],"replies":[{"embeddable":true,"href":"https:\/\/quehacerpolitico.mx\/index.php?rest_route=%2Fwp%2Fv2%2Fcomments&post=2066"}],"version-history":[{"count":0,"href":"https:\/\/quehacerpolitico.mx\/index.php?rest_route=\/wp\/v2\/posts\/2066\/revisions"}],"wp:featuredmedia":[{"embeddable":true,"href":"https:\/\/quehacerpolitico.mx\/index.php?rest_route=\/"}],"wp:attachment":[{"href":"https:\/\/quehacerpolitico.mx\/index.php?rest_route=%2Fwp%2Fv2%2Fmedia&parent=2066"}],"wp:term":[{"taxonomy":"category","embeddable":true,"href":"https:\/\/quehacerpolitico.mx\/index.php?rest_route=%2Fwp%2Fv2%2Fcategories&post=2066"},{"taxonomy":"post_tag","embeddable":true,"href":"https:\/\/quehacerpolitico.mx\/index.php?rest_route=%2Fwp%2Fv2%2Ftags&post=2066"}],"curies":[{"name":"wp","href":"https:\/\/api.w.org\/{rel}","templated":true}]}}