{"id":20508,"date":"2019-03-14T19:42:46","date_gmt":"2019-03-14T19:42:46","guid":{"rendered":"http:\/\/quehacerpolitico.mx\/nunca-mas-una-comision-ausente-para-erradicar-violencia-contra-mujeres\/"},"modified":"2019-03-14T19:42:46","modified_gmt":"2019-03-14T19:42:46","slug":"nunca-mas-una-comision-ausente-para-erradicar-violencia-contra-mujeres","status":"publish","type":"post","link":"https:\/\/quehacerpolitico.mx\/?p=20508","title":{"rendered":"Nunca m\u00e1s una Comisi\u00f3n ausente para erradicar violencia contra mujeres"},"content":{"rendered":"<p>Nunca m\u00e1s una Comisi\u00f3n ausente para erradicar violencia contra mujeres<\/p>\n<p>Por Redacci\u00f3n QP<\/p>\n<p>Frente a la emergencia que significa que en M\u00e9xico nueve mujeres por d\u00eda\u00a0sean asesinadas, la titular de la Comisi\u00f3n Nacional para Prevenir y Erradicar la Violencia Contra las Mujeres (Conavim), Mar\u00eda Candelaria Ochoa, garantiz\u00f3 que \u201cnunca m\u00e1s\u201d dicha instancia estar\u00e1 ausente de su responsabilidad en la pol\u00edtica para la atenci\u00f3n de la violencia de g\u00e9nero.<\/p>\n<p>Ofreci\u00f3 una revisi\u00f3n de la Alerta de Violencia de G\u00e9nero contra las Mujeres (AVGM) para garantizar, como lo establece la Ley General de Acceso de las Mujeres a una Vida Libre de Violencia, la seguridad de mujeres y ni\u00f1as, el cese de la violencia en su contra, as\u00ed como la eliminaci\u00f3n de las desigualdades producidas por una legislaci\u00f3n o pol\u00edtica p\u00fablica que agravia sus derechos humanos.<\/p>\n<p>\u201cCreo que es necesario hacer las reformas necesarias (a la Ley General). Como diputada (federal) present\u00e9 algunas propuestas que desafortunadamente en la 63 Legislatura no se aprobaron pero hoy, desde el gobierno de la Cuarta Transformaci\u00f3n, vamos a impulsar que salgan adelante\u201d, subray\u00f3.<\/p>\n<p>Esto, luego de las cifras de la Organizaci\u00f3n de las Naciones Unidas (ONU) Mujeres que refieren que en M\u00e9xico, cada d\u00eda son asesinadas nueve mujeres, que seis de cada 10 han sido violentadas, que 41.3 por ciento ha sufrido de violencia sexual y que la mayor\u00eda de ellas lo ha presenciado en la calle o parques, transporte p\u00fablico, plazas comerciales y vivienda.<\/p>\n<p>\u201cEs grav\u00edsimo que nueve vidas de mujeres se pierdan al d\u00eda. Lo que yo puedo decirles -y ese es mi compromiso-, es que esta Comisi\u00f3n va a estar muy presente y no va a volver a estar ausente (de su responsabilidad) mientras yo est\u00e9 al frente\u201d, dijo a Notimex.<\/p>\n<p>En entrevista, expuso que si bien las Alertas de G\u00e9nero son un llamado de alerta urgente para que los gobiernos de los estados y municipios hagan algo sobre este tema, lo cierto es que \u201cno han sido efectivas ni mucho menos, eficientes\u201d.<\/p>\n<p>\u201cPrevenir debe ser una acci\u00f3n de manera cotidiana (\u2026), lo que tenemos que hacer es atender la Alerta de G\u00e9nero no solamente desde la prevenci\u00f3n sino desde una acci\u00f3n emergente y urgente\u201d, esto es implementar acciones en materia de prevenci\u00f3n, justicia y reparaci\u00f3n, destac\u00f3.<\/p>\n<p>Ochoa \u00c1valos afirm\u00f3 que acudir\u00e1 a los centros de justicia, a las reuniones con los gobernadores, a estar al pendiente de las Alertas (de G\u00e9nero) que me parece que la Comisi\u00f3n ha tenido una especie de ausencia en ese sentido\u201d.<\/p>\n<p>De 2015 a la fecha, la Secretar\u00eda de Gobernaci\u00f3n ha emitido 17 Alertas de G\u00e9nero: Colima, en cinco municipios; Chiapas, en ocho; Estado de M\u00e9xico, en 11; Guerrero, en ocho; Michoac\u00e1n en 14, Morelos en ocho,\u00a0Nayarit en siete, Nuevo Le\u00f3n en cinco y Quintana Roo en tres municipios.<\/p>\n<p>Asimismo, en seis ayuntamientos de San Luis Potos\u00ed, en cinco de Sinaloa, en 11 de Veracruz, donde se emiti\u00f3 una segunda alerta por agravio comparado para todo el estado (212 municipios), as\u00ed como en 58 municipios de Zacatecas, 40 de Oaxaca, 16 de Durango, ocho de Campeche y 10 de Jalisco.<\/p>\n<p>Se\u00f1al\u00f3 que en la Ciudad de M\u00e9xico y el estado de Puebla, est\u00e1n en proceso de revisi\u00f3n para la declaratoria de Alerta de Violencia de G\u00e9nero contra las Mujeres y hay una solicitud de declaratoria por desaparici\u00f3n para los municipios mexiquenses de Toluca, Ecatepec, Nezahualc\u00f3yotl, Cuautitl\u00e1n, Chimalhuac\u00e1n, Ixtapaluca y Valle de Chalco.<\/p>\n<p>Mar\u00eda Candelaria Ochoa coment\u00f3 que sus primeras horas al frente de la Comisi\u00f3n las ha dedicado a revisar el presupuesto destinado para este a\u00f1o, el cual asciende a poco m\u00e1s de 260 millones de pesos, de los cuales m\u00e1s de 200 millones de pesos son para subsidios de los estados y los centros de justicia.<\/p>\n<p>\u201cAhorita, dijo, estamos iniciando las reuniones con los responsables de las alertas de violencia de g\u00e9nero en Puebla, Sonora y Guerrero que son las tres que tenemos en puerta y les tenemos que dar una respuesta r\u00e1pida\u201d, coment\u00f3.<\/p>\n<p>La\u00a0activista, acad\u00e9mica y feminista, como ella misma se define en redes sociales, asegur\u00f3 que el trabajo de esta instancia no se puede entender sin el apoyo de las organizaciones sociales.<\/p>\n<p>\u201cEn cuanto terminemos de revisar lo urgente y lo importante, vamos a convocar a una reuni\u00f3n con todas las acciones que han solicitado la alerta de g\u00e9nero para que tambi\u00e9n nos ayuden no s\u00f3lo a vigilar y a implementar las alertas, sino que nos aconsejen, que nos diga qu\u00e9 ha sido a lo bueno y qu\u00e9 es lo malo que tenemos que corregir\u201d, expres\u00f3.<\/p>\n<p>Resalt\u00f3 la urgencia de avanzar hacia la consolidaci\u00f3n del Banco Nacional de Datos, el cual debe ser \u201calimentado\u201d con la informaci\u00f3n que proporcionen los estados y municipios; \u201cdado que si se revisa, se comprobar\u00e1 que no coindicen las cifras y que hay fiscal\u00edas o procuradur\u00edas que no lo alimentan (la base de datos)\u201d.<\/p>\n<p>Para la psic\u00f3loga egresada de la Universidad de Guadalajara (UDG), se requiere de voluntad pol\u00edtica, \u201cporque una pol\u00edtica general debe tener la mira de los municipios y de los estados para saber d\u00f3nde ponemos mayor atenci\u00f3n y los datos son fundamentales\u201d.<\/p>\n<p>En s\u00edntesis, anot\u00f3, no s\u00f3lo se requiere de fiscal\u00edas o procuradur\u00edas que sirvan para la transparencia y rendici\u00f3n de cuentas, sino para combatir la violencia contra las mujeres, porque \u201chemos tenido 17 a\u00f1os en lo que se ha capacitado a ministerios p\u00fablicos y parece que siempre empezamos de cero. Eso ya no nos puede pasar\u201d.<\/p>\n<p>Record\u00f3 que la Conavim tambi\u00e9n tendr\u00e1 actuaci\u00f3n en el Plan de Emergencia para Garantizar la Integridad, la Seguridad y la Vida de las Mujeres y las Ni\u00f1as en M\u00e9xico, anunciado por el jefe del Ejecutivo.<\/p>\n<p>Ochoa, quien cuenta con una Maestr\u00eda en G\u00e9nero y Pol\u00edticas P\u00fablicas, mencion\u00f3 que en 2012, junto con el doctor Carlos Echarri del Colegio de M\u00e9xico, se present\u00f3 el estudio Feminicidio en M\u00e9xico: aproximaci\u00f3n, tendencias y cambios 1985-2009.<\/p>\n<p>\u201c(El texto) dec\u00eda que las ni\u00f1as son asesinadas de una manera terrible, porque son ahorcadas con las propias manos de quien lo hace. Entonces, eso es para estremecernos. Nunca deber\u00edamos aceptar ese tipo de violencias, ninguna. La verdad es que es muy muy grave\u201d, puntualiz\u00f3.<\/p>\n<p>Con Informaci\u00f3n de NTX<\/p>\n","protected":false},"excerpt":{"rendered":"<p>Nunca m\u00e1s una Comisi\u00f3n ausente para erradicar violencia contra mujeres<br \/>\nPor Redacci\u00f3n QP<\/p>\n","protected":false},"author":2,"featured_media":20507,"comment_status":"open","ping_status":"open","sticky":false,"template":"","format":"standard","meta":{"_monsterinsights_skip_tracking":false,"_monsterinsights_sitenote_active":false,"_monsterinsights_sitenote_note":"","_monsterinsights_sitenote_category":0,"footnotes":""},"categories":[2],"tags":[],"class_list":["post-20508","post","type-post","status-publish","format-standard","has-post-thumbnail","hentry","category-noticias"],"yoast_head":"<!-- This site is optimized with the Yoast SEO plugin v27.3 - https:\/\/yoast.com\/product\/yoast-seo-wordpress\/ -->\n<title>Nunca m\u00e1s una Comisi\u00f3n ausente para erradicar violencia contra mujeres -<\/title>\n<meta name=\"robots\" content=\"index, follow, max-snippet:-1, max-image-preview:large, max-video-preview:-1\" \/>\n<link rel=\"canonical\" href=\"https:\/\/quehacerpolitico.mx\/?p=20508\" \/>\n<meta property=\"og:locale\" content=\"es_MX\" \/>\n<meta property=\"og:type\" content=\"article\" \/>\n<meta property=\"og:title\" content=\"Nunca m\u00e1s una Comisi\u00f3n ausente para erradicar violencia contra mujeres -\" \/>\n<meta property=\"og:description\" content=\"Nunca m\u00e1s una Comisi\u00f3n ausente para erradicar violencia contra mujeres Por Redacci\u00f3n QP\" \/>\n<meta property=\"og:url\" content=\"https:\/\/quehacerpolitico.mx\/?p=20508\" \/>\n<meta property=\"article:published_time\" content=\"2019-03-14T19:42:46+00:00\" \/>\n<meta name=\"author\" content=\"Redacci\u00f3n QP\" \/>\n<meta name=\"twitter:card\" content=\"summary_large_image\" \/>\n<meta name=\"twitter:label1\" content=\"Escrito por\" \/>\n\t<meta name=\"twitter:data1\" content=\"Redacci\u00f3n QP\" \/>\n\t<meta name=\"twitter:label2\" content=\"Tiempo de lectura\" \/>\n\t<meta name=\"twitter:data2\" content=\"5 minutos\" \/>\n<script type=\"application\/ld+json\" class=\"yoast-schema-graph\">{\"@context\":\"https:\\\/\\\/schema.org\",\"@graph\":[{\"@type\":\"Article\",\"@id\":\"https:\\\/\\\/quehacerpolitico.mx\\\/?p=20508#article\",\"isPartOf\":{\"@id\":\"https:\\\/\\\/quehacerpolitico.mx\\\/?p=20508\"},\"author\":{\"name\":\"Redacci\u00f3n QP\",\"@id\":\"https:\\\/\\\/quehacerpolitico.mx\\\/#\\\/schema\\\/person\\\/496d8ad2d1d3f8036101dca7ee39e585\"},\"headline\":\"Nunca m\u00e1s una Comisi\u00f3n ausente para erradicar violencia contra mujeres\",\"datePublished\":\"2019-03-14T19:42:46+00:00\",\"mainEntityOfPage\":{\"@id\":\"https:\\\/\\\/quehacerpolitico.mx\\\/?p=20508\"},\"wordCount\":1113,\"commentCount\":0,\"image\":{\"@id\":\"https:\\\/\\\/quehacerpolitico.mx\\\/?p=20508#primaryimage\"},\"thumbnailUrl\":\"\",\"articleSection\":[\"Noticias\"],\"inLanguage\":\"es\",\"potentialAction\":[{\"@type\":\"CommentAction\",\"name\":\"Comment\",\"target\":[\"https:\\\/\\\/quehacerpolitico.mx\\\/?p=20508#respond\"]}]},{\"@type\":\"WebPage\",\"@id\":\"https:\\\/\\\/quehacerpolitico.mx\\\/?p=20508\",\"url\":\"https:\\\/\\\/quehacerpolitico.mx\\\/?p=20508\",\"name\":\"Nunca m\u00e1s una Comisi\u00f3n ausente para erradicar violencia contra mujeres -\",\"isPartOf\":{\"@id\":\"https:\\\/\\\/quehacerpolitico.mx\\\/#website\"},\"primaryImageOfPage\":{\"@id\":\"https:\\\/\\\/quehacerpolitico.mx\\\/?p=20508#primaryimage\"},\"image\":{\"@id\":\"https:\\\/\\\/quehacerpolitico.mx\\\/?p=20508#primaryimage\"},\"thumbnailUrl\":\"\",\"datePublished\":\"2019-03-14T19:42:46+00:00\",\"author\":{\"@id\":\"https:\\\/\\\/quehacerpolitico.mx\\\/#\\\/schema\\\/person\\\/496d8ad2d1d3f8036101dca7ee39e585\"},\"breadcrumb\":{\"@id\":\"https:\\\/\\\/quehacerpolitico.mx\\\/?p=20508#breadcrumb\"},\"inLanguage\":\"es\",\"potentialAction\":[{\"@type\":\"ReadAction\",\"target\":[\"https:\\\/\\\/quehacerpolitico.mx\\\/?p=20508\"]}]},{\"@type\":\"ImageObject\",\"inLanguage\":\"es\",\"@id\":\"https:\\\/\\\/quehacerpolitico.mx\\\/?p=20508#primaryimage\",\"url\":\"\",\"contentUrl\":\"\"},{\"@type\":\"BreadcrumbList\",\"@id\":\"https:\\\/\\\/quehacerpolitico.mx\\\/?p=20508#breadcrumb\",\"itemListElement\":[{\"@type\":\"ListItem\",\"position\":1,\"name\":\"Inicio\",\"item\":\"https:\\\/\\\/quehacerpolitico.mx\\\/\"},{\"@type\":\"ListItem\",\"position\":2,\"name\":\"Nunca m\u00e1s una Comisi\u00f3n ausente para erradicar violencia contra mujeres\"}]},{\"@type\":\"WebSite\",\"@id\":\"https:\\\/\\\/quehacerpolitico.mx\\\/#website\",\"url\":\"https:\\\/\\\/quehacerpolitico.mx\\\/\",\"name\":\"\",\"description\":\"\",\"potentialAction\":[{\"@type\":\"SearchAction\",\"target\":{\"@type\":\"EntryPoint\",\"urlTemplate\":\"https:\\\/\\\/quehacerpolitico.mx\\\/?s={search_term_string}\"},\"query-input\":{\"@type\":\"PropertyValueSpecification\",\"valueRequired\":true,\"valueName\":\"search_term_string\"}}],\"inLanguage\":\"es\"},{\"@type\":\"Person\",\"@id\":\"https:\\\/\\\/quehacerpolitico.mx\\\/#\\\/schema\\\/person\\\/496d8ad2d1d3f8036101dca7ee39e585\",\"name\":\"Redacci\u00f3n QP\",\"image\":{\"@type\":\"ImageObject\",\"inLanguage\":\"es\",\"@id\":\"https:\\\/\\\/secure.gravatar.com\\\/avatar\\\/c7164ed6fdec453195284ad24a5ae5b6e1eed2b848477fa2a4787ba9adf39a41?s=96&d=mm&r=g\",\"url\":\"https:\\\/\\\/secure.gravatar.com\\\/avatar\\\/c7164ed6fdec453195284ad24a5ae5b6e1eed2b848477fa2a4787ba9adf39a41?s=96&d=mm&r=g\",\"contentUrl\":\"https:\\\/\\\/secure.gravatar.com\\\/avatar\\\/c7164ed6fdec453195284ad24a5ae5b6e1eed2b848477fa2a4787ba9adf39a41?s=96&d=mm&r=g\",\"caption\":\"Redacci\u00f3n QP\"},\"url\":\"https:\\\/\\\/quehacerpolitico.mx\\\/?author=2\"}]}<\/script>\n<!-- \/ Yoast SEO plugin. -->","yoast_head_json":{"title":"Nunca m\u00e1s una Comisi\u00f3n ausente para erradicar violencia contra mujeres -","robots":{"index":"index","follow":"follow","max-snippet":"max-snippet:-1","max-image-preview":"max-image-preview:large","max-video-preview":"max-video-preview:-1"},"canonical":"https:\/\/quehacerpolitico.mx\/?p=20508","og_locale":"es_MX","og_type":"article","og_title":"Nunca m\u00e1s una Comisi\u00f3n ausente para erradicar violencia contra mujeres -","og_description":"Nunca m\u00e1s una Comisi\u00f3n ausente para erradicar violencia contra mujeres Por Redacci\u00f3n QP","og_url":"https:\/\/quehacerpolitico.mx\/?p=20508","article_published_time":"2019-03-14T19:42:46+00:00","author":"Redacci\u00f3n QP","twitter_card":"summary_large_image","twitter_misc":{"Escrito por":"Redacci\u00f3n QP","Tiempo de lectura":"5 minutos"},"schema":{"@context":"https:\/\/schema.org","@graph":[{"@type":"Article","@id":"https:\/\/quehacerpolitico.mx\/?p=20508#article","isPartOf":{"@id":"https:\/\/quehacerpolitico.mx\/?p=20508"},"author":{"name":"Redacci\u00f3n QP","@id":"https:\/\/quehacerpolitico.mx\/#\/schema\/person\/496d8ad2d1d3f8036101dca7ee39e585"},"headline":"Nunca m\u00e1s una Comisi\u00f3n ausente para erradicar violencia contra mujeres","datePublished":"2019-03-14T19:42:46+00:00","mainEntityOfPage":{"@id":"https:\/\/quehacerpolitico.mx\/?p=20508"},"wordCount":1113,"commentCount":0,"image":{"@id":"https:\/\/quehacerpolitico.mx\/?p=20508#primaryimage"},"thumbnailUrl":"","articleSection":["Noticias"],"inLanguage":"es","potentialAction":[{"@type":"CommentAction","name":"Comment","target":["https:\/\/quehacerpolitico.mx\/?p=20508#respond"]}]},{"@type":"WebPage","@id":"https:\/\/quehacerpolitico.mx\/?p=20508","url":"https:\/\/quehacerpolitico.mx\/?p=20508","name":"Nunca m\u00e1s una Comisi\u00f3n ausente para erradicar violencia contra mujeres -","isPartOf":{"@id":"https:\/\/quehacerpolitico.mx\/#website"},"primaryImageOfPage":{"@id":"https:\/\/quehacerpolitico.mx\/?p=20508#primaryimage"},"image":{"@id":"https:\/\/quehacerpolitico.mx\/?p=20508#primaryimage"},"thumbnailUrl":"","datePublished":"2019-03-14T19:42:46+00:00","author":{"@id":"https:\/\/quehacerpolitico.mx\/#\/schema\/person\/496d8ad2d1d3f8036101dca7ee39e585"},"breadcrumb":{"@id":"https:\/\/quehacerpolitico.mx\/?p=20508#breadcrumb"},"inLanguage":"es","potentialAction":[{"@type":"ReadAction","target":["https:\/\/quehacerpolitico.mx\/?p=20508"]}]},{"@type":"ImageObject","inLanguage":"es","@id":"https:\/\/quehacerpolitico.mx\/?p=20508#primaryimage","url":"","contentUrl":""},{"@type":"BreadcrumbList","@id":"https:\/\/quehacerpolitico.mx\/?p=20508#breadcrumb","itemListElement":[{"@type":"ListItem","position":1,"name":"Inicio","item":"https:\/\/quehacerpolitico.mx\/"},{"@type":"ListItem","position":2,"name":"Nunca m\u00e1s una Comisi\u00f3n ausente para erradicar violencia contra mujeres"}]},{"@type":"WebSite","@id":"https:\/\/quehacerpolitico.mx\/#website","url":"https:\/\/quehacerpolitico.mx\/","name":"","description":"","potentialAction":[{"@type":"SearchAction","target":{"@type":"EntryPoint","urlTemplate":"https:\/\/quehacerpolitico.mx\/?s={search_term_string}"},"query-input":{"@type":"PropertyValueSpecification","valueRequired":true,"valueName":"search_term_string"}}],"inLanguage":"es"},{"@type":"Person","@id":"https:\/\/quehacerpolitico.mx\/#\/schema\/person\/496d8ad2d1d3f8036101dca7ee39e585","name":"Redacci\u00f3n QP","image":{"@type":"ImageObject","inLanguage":"es","@id":"https:\/\/secure.gravatar.com\/avatar\/c7164ed6fdec453195284ad24a5ae5b6e1eed2b848477fa2a4787ba9adf39a41?s=96&d=mm&r=g","url":"https:\/\/secure.gravatar.com\/avatar\/c7164ed6fdec453195284ad24a5ae5b6e1eed2b848477fa2a4787ba9adf39a41?s=96&d=mm&r=g","contentUrl":"https:\/\/secure.gravatar.com\/avatar\/c7164ed6fdec453195284ad24a5ae5b6e1eed2b848477fa2a4787ba9adf39a41?s=96&d=mm&r=g","caption":"Redacci\u00f3n QP"},"url":"https:\/\/quehacerpolitico.mx\/?author=2"}]}},"featured_image_urls":{"full":"","thumbnail":"","medium":"","medium_large":"","large":"","1536x1536":"","2048x2048":"","covernews-featured":"","covernews-medium":""},"author_info":{"display_name":"Redacci\u00f3n QP","author_link":"https:\/\/quehacerpolitico.mx\/?author=2"},"category_info":"<a href=\"https:\/\/quehacerpolitico.mx\/?cat=2\" rel=\"category\">Noticias<\/a>","tag_info":"Noticias","comment_count":"0","_links":{"self":[{"href":"https:\/\/quehacerpolitico.mx\/index.php?rest_route=\/wp\/v2\/posts\/20508","targetHints":{"allow":["GET"]}}],"collection":[{"href":"https:\/\/quehacerpolitico.mx\/index.php?rest_route=\/wp\/v2\/posts"}],"about":[{"href":"https:\/\/quehacerpolitico.mx\/index.php?rest_route=\/wp\/v2\/types\/post"}],"author":[{"embeddable":true,"href":"https:\/\/quehacerpolitico.mx\/index.php?rest_route=\/wp\/v2\/users\/2"}],"replies":[{"embeddable":true,"href":"https:\/\/quehacerpolitico.mx\/index.php?rest_route=%2Fwp%2Fv2%2Fcomments&post=20508"}],"version-history":[{"count":0,"href":"https:\/\/quehacerpolitico.mx\/index.php?rest_route=\/wp\/v2\/posts\/20508\/revisions"}],"wp:featuredmedia":[{"embeddable":true,"href":"https:\/\/quehacerpolitico.mx\/index.php?rest_route=\/"}],"wp:attachment":[{"href":"https:\/\/quehacerpolitico.mx\/index.php?rest_route=%2Fwp%2Fv2%2Fmedia&parent=20508"}],"wp:term":[{"taxonomy":"category","embeddable":true,"href":"https:\/\/quehacerpolitico.mx\/index.php?rest_route=%2Fwp%2Fv2%2Fcategories&post=20508"},{"taxonomy":"post_tag","embeddable":true,"href":"https:\/\/quehacerpolitico.mx\/index.php?rest_route=%2Fwp%2Fv2%2Ftags&post=20508"}],"curies":[{"name":"wp","href":"https:\/\/api.w.org\/{rel}","templated":true}]}}