{"id":20480,"date":"2019-03-14T18:30:38","date_gmt":"2019-03-14T18:30:38","guid":{"rendered":"http:\/\/quehacerpolitico.mx\/disparame-disparame-retan-a-militares-en-operativo-antihuachicol\/"},"modified":"2019-03-14T18:30:38","modified_gmt":"2019-03-14T18:30:38","slug":"disparame-disparame-retan-a-militares-en-operativo-antihuachicol","status":"publish","type":"post","link":"https:\/\/quehacerpolitico.mx\/?p=20480","title":{"rendered":"&#8220;Disp\u00e1rame, disp\u00e1rame&#8221;; retan a militares en operativo &#8220;antihuachicol&#8221;"},"content":{"rendered":"<h1 class=\"news-title\">&#8220;Disp\u00e1rame, disp\u00e1rame&#8221;; retan a militares en operativo &#8220;antihuachicol&#8221;<\/h1>\n<p>Por Redacci\u00f3n QP<\/p>\n<header class=\"news-header\">\n<div class=\"news-subtitle\">\n<p>El presunto autor del robo de hidrocarburo reponzabiliza al Ej\u00e9rcito de la muerte de un joven en un enfrentamiento previo<\/p>\n<\/div>\n<\/header>\n<div class=\"news-content\">\n<div class=\"news-body row\">\n<p>En un video difundido en redes sociales se observa el momento de la discusi\u00f3n entre presuntos &#8220;huachicoleros&#8221; e integrantes del Ejercito.\u00a0<strong>Los militares llegaron al lugar luego de que se les informara que un ducto hab\u00eda sido picado en el municipio de Tetepango, Hidalgo<\/strong>, seg\u00fan detall\u00f3 el noticiero &#8220;En Punto&#8221;.<\/p>\n<p><strong>Seg\u00fan los habitantes de la zona, previamente hubo un intercambio de disparos en el que result\u00f3 herido un joven de 22 a\u00f1os y muri\u00f3 m\u00e1s tarde en un hospital<\/strong>. Este suceso provoc\u00f3 que ocho militares fueran retenidos durante varias horas por los pobladores de la comunidad de Ulapa.<\/p>\n<p><strong>En la grabaci\u00f3n un sujeto, quien presuntamente organiz\u00f3 el robo de hidrocarburo, responsabiliza al Ej\u00e9rcito por la muerte del joven y los reta: &#8220;acaban de matar a un guey cabrones\u2026 ah\u00ed est\u00e1 tirado el vato. Disp\u00e1rame, disp\u00e1rame&#8221;<\/strong>. En otra parte del video, este mismo hombre asegura que ninguno de los habitantes de este municipio traen &#8220;ni un arma&#8221;.<\/p>\n<p>Asimismo, en la grabaci\u00f3n <strong>se muestran varios caballos heridos y ensangrentados tras este enfrentamiento<\/strong>.<\/p>\n<p>La Procuradur\u00eda de Justicia de Hidalgo abri\u00f3 una carpeta de investigaci\u00f3n por la muerte del joven en el municipio de Tetepango.<\/p>\n<p>De acuerdo con el edil de Mixquiahuala, Humberto Pacheco, a las 3:30 de la ma\u00f1ana los militares fueron liberados luego de que se presentaran altos mandos de la Sedena a dialogar con los pobladores.<\/p>\n<blockquote class=\"twitter-tweet\" data-width=\"550\" data-dnt=\"true\">\n<p lang=\"es\" dir=\"ltr\">El robo de hidrocarburo en Hidalgo no se ha acabado a pesar de la vigilancia del Ej\u00e9rcito y polic\u00eda estatal en los ductos de Pemex <a href=\"https:\/\/twitter.com\/hashtag\/enPunto?src=hash&amp;ref_src=twsrc%5Etfw\">#enPunto<\/a><a href=\"https:\/\/t.co\/EJjxQX7bb0\">pic.twitter.com\/EJjxQX7bb0<\/a><\/p>\n<p>&mdash; Denise Maerker (@DeniseMaerker) <a href=\"https:\/\/twitter.com\/DeniseMaerker\/status\/1106052711961759745?ref_src=twsrc%5Etfw\">March 14, 2019<\/a><\/p><\/blockquote>\n<p><script async src=\"https:\/\/platform.twitter.com\/widgets.js\" charset=\"utf-8\"><\/script><\/p>\n<\/div>\n<\/div>\n","protected":false},"excerpt":{"rendered":"<p>&#8220;Disp\u00e1rame, disp\u00e1rame&#8221;; retan a militares en operativo &#8220;antihuachicol&#8221;<br \/>\nPor Redacci\u00f3n QP<\/p>\n","protected":false},"author":2,"featured_media":20479,"comment_status":"open","ping_status":"open","sticky":false,"template":"","format":"standard","meta":{"_monsterinsights_skip_tracking":false,"_monsterinsights_sitenote_active":false,"_monsterinsights_sitenote_note":"","_monsterinsights_sitenote_category":0,"footnotes":""},"categories":[2],"tags":[],"class_list":["post-20480","post","type-post","status-publish","format-standard","has-post-thumbnail","hentry","category-noticias"],"yoast_head":"<!-- This site is optimized with the Yoast SEO plugin v27.3 - https:\/\/yoast.com\/product\/yoast-seo-wordpress\/ -->\n<title>&quot;Disp\u00e1rame, disp\u00e1rame&quot;; retan a militares en operativo &quot;antihuachicol&quot; -<\/title>\n<meta name=\"robots\" content=\"index, follow, max-snippet:-1, max-image-preview:large, max-video-preview:-1\" \/>\n<link rel=\"canonical\" href=\"https:\/\/quehacerpolitico.mx\/?p=20480\" \/>\n<meta property=\"og:locale\" content=\"es_MX\" \/>\n<meta property=\"og:type\" content=\"article\" \/>\n<meta property=\"og:title\" content=\"&quot;Disp\u00e1rame, disp\u00e1rame&quot;; retan a militares en operativo &quot;antihuachicol&quot; -\" \/>\n<meta property=\"og:description\" content=\"&quot;Disp\u00e1rame, disp\u00e1rame&quot;; retan a militares en operativo &quot;antihuachicol&quot; Por Redacci\u00f3n QP\" \/>\n<meta property=\"og:url\" content=\"https:\/\/quehacerpolitico.mx\/?p=20480\" \/>\n<meta property=\"article:published_time\" content=\"2019-03-14T18:30:38+00:00\" \/>\n<meta name=\"author\" content=\"Redacci\u00f3n QP\" \/>\n<meta name=\"twitter:card\" content=\"summary_large_image\" \/>\n<meta name=\"twitter:label1\" content=\"Escrito por\" \/>\n\t<meta name=\"twitter:data1\" content=\"Redacci\u00f3n QP\" \/>\n\t<meta name=\"twitter:label2\" content=\"Tiempo de lectura\" \/>\n\t<meta name=\"twitter:data2\" content=\"1 minuto\" \/>\n<script type=\"application\/ld+json\" class=\"yoast-schema-graph\">{\"@context\":\"https:\\\/\\\/schema.org\",\"@graph\":[{\"@type\":\"Article\",\"@id\":\"https:\\\/\\\/quehacerpolitico.mx\\\/?p=20480#article\",\"isPartOf\":{\"@id\":\"https:\\\/\\\/quehacerpolitico.mx\\\/?p=20480\"},\"author\":{\"name\":\"Redacci\u00f3n QP\",\"@id\":\"https:\\\/\\\/quehacerpolitico.mx\\\/#\\\/schema\\\/person\\\/496d8ad2d1d3f8036101dca7ee39e585\"},\"headline\":\"&#8220;Disp\u00e1rame, disp\u00e1rame&#8221;; retan a militares en operativo &#8220;antihuachicol&#8221;\",\"datePublished\":\"2019-03-14T18:30:38+00:00\",\"mainEntityOfPage\":{\"@id\":\"https:\\\/\\\/quehacerpolitico.mx\\\/?p=20480\"},\"wordCount\":288,\"commentCount\":0,\"image\":{\"@id\":\"https:\\\/\\\/quehacerpolitico.mx\\\/?p=20480#primaryimage\"},\"thumbnailUrl\":\"\",\"articleSection\":[\"Noticias\"],\"inLanguage\":\"es\",\"potentialAction\":[{\"@type\":\"CommentAction\",\"name\":\"Comment\",\"target\":[\"https:\\\/\\\/quehacerpolitico.mx\\\/?p=20480#respond\"]}]},{\"@type\":\"WebPage\",\"@id\":\"https:\\\/\\\/quehacerpolitico.mx\\\/?p=20480\",\"url\":\"https:\\\/\\\/quehacerpolitico.mx\\\/?p=20480\",\"name\":\"\\\"Disp\u00e1rame, disp\u00e1rame\\\"; retan a militares en operativo \\\"antihuachicol\\\" -\",\"isPartOf\":{\"@id\":\"https:\\\/\\\/quehacerpolitico.mx\\\/#website\"},\"primaryImageOfPage\":{\"@id\":\"https:\\\/\\\/quehacerpolitico.mx\\\/?p=20480#primaryimage\"},\"image\":{\"@id\":\"https:\\\/\\\/quehacerpolitico.mx\\\/?p=20480#primaryimage\"},\"thumbnailUrl\":\"\",\"datePublished\":\"2019-03-14T18:30:38+00:00\",\"author\":{\"@id\":\"https:\\\/\\\/quehacerpolitico.mx\\\/#\\\/schema\\\/person\\\/496d8ad2d1d3f8036101dca7ee39e585\"},\"breadcrumb\":{\"@id\":\"https:\\\/\\\/quehacerpolitico.mx\\\/?p=20480#breadcrumb\"},\"inLanguage\":\"es\",\"potentialAction\":[{\"@type\":\"ReadAction\",\"target\":[\"https:\\\/\\\/quehacerpolitico.mx\\\/?p=20480\"]}]},{\"@type\":\"ImageObject\",\"inLanguage\":\"es\",\"@id\":\"https:\\\/\\\/quehacerpolitico.mx\\\/?p=20480#primaryimage\",\"url\":\"\",\"contentUrl\":\"\"},{\"@type\":\"BreadcrumbList\",\"@id\":\"https:\\\/\\\/quehacerpolitico.mx\\\/?p=20480#breadcrumb\",\"itemListElement\":[{\"@type\":\"ListItem\",\"position\":1,\"name\":\"Inicio\",\"item\":\"https:\\\/\\\/quehacerpolitico.mx\\\/\"},{\"@type\":\"ListItem\",\"position\":2,\"name\":\"&#8220;Disp\u00e1rame, disp\u00e1rame&#8221;; retan a militares en operativo &#8220;antihuachicol&#8221;\"}]},{\"@type\":\"WebSite\",\"@id\":\"https:\\\/\\\/quehacerpolitico.mx\\\/#website\",\"url\":\"https:\\\/\\\/quehacerpolitico.mx\\\/\",\"name\":\"\",\"description\":\"\",\"potentialAction\":[{\"@type\":\"SearchAction\",\"target\":{\"@type\":\"EntryPoint\",\"urlTemplate\":\"https:\\\/\\\/quehacerpolitico.mx\\\/?s={search_term_string}\"},\"query-input\":{\"@type\":\"PropertyValueSpecification\",\"valueRequired\":true,\"valueName\":\"search_term_string\"}}],\"inLanguage\":\"es\"},{\"@type\":\"Person\",\"@id\":\"https:\\\/\\\/quehacerpolitico.mx\\\/#\\\/schema\\\/person\\\/496d8ad2d1d3f8036101dca7ee39e585\",\"name\":\"Redacci\u00f3n QP\",\"image\":{\"@type\":\"ImageObject\",\"inLanguage\":\"es\",\"@id\":\"https:\\\/\\\/secure.gravatar.com\\\/avatar\\\/c7164ed6fdec453195284ad24a5ae5b6e1eed2b848477fa2a4787ba9adf39a41?s=96&d=mm&r=g\",\"url\":\"https:\\\/\\\/secure.gravatar.com\\\/avatar\\\/c7164ed6fdec453195284ad24a5ae5b6e1eed2b848477fa2a4787ba9adf39a41?s=96&d=mm&r=g\",\"contentUrl\":\"https:\\\/\\\/secure.gravatar.com\\\/avatar\\\/c7164ed6fdec453195284ad24a5ae5b6e1eed2b848477fa2a4787ba9adf39a41?s=96&d=mm&r=g\",\"caption\":\"Redacci\u00f3n QP\"},\"url\":\"https:\\\/\\\/quehacerpolitico.mx\\\/?author=2\"}]}<\/script>\n<!-- \/ Yoast SEO plugin. -->","yoast_head_json":{"title":"\"Disp\u00e1rame, disp\u00e1rame\"; retan a militares en operativo \"antihuachicol\" -","robots":{"index":"index","follow":"follow","max-snippet":"max-snippet:-1","max-image-preview":"max-image-preview:large","max-video-preview":"max-video-preview:-1"},"canonical":"https:\/\/quehacerpolitico.mx\/?p=20480","og_locale":"es_MX","og_type":"article","og_title":"\"Disp\u00e1rame, disp\u00e1rame\"; retan a militares en operativo \"antihuachicol\" -","og_description":"\"Disp\u00e1rame, disp\u00e1rame\"; retan a militares en operativo \"antihuachicol\" Por Redacci\u00f3n QP","og_url":"https:\/\/quehacerpolitico.mx\/?p=20480","article_published_time":"2019-03-14T18:30:38+00:00","author":"Redacci\u00f3n QP","twitter_card":"summary_large_image","twitter_misc":{"Escrito por":"Redacci\u00f3n QP","Tiempo de lectura":"1 minuto"},"schema":{"@context":"https:\/\/schema.org","@graph":[{"@type":"Article","@id":"https:\/\/quehacerpolitico.mx\/?p=20480#article","isPartOf":{"@id":"https:\/\/quehacerpolitico.mx\/?p=20480"},"author":{"name":"Redacci\u00f3n QP","@id":"https:\/\/quehacerpolitico.mx\/#\/schema\/person\/496d8ad2d1d3f8036101dca7ee39e585"},"headline":"&#8220;Disp\u00e1rame, disp\u00e1rame&#8221;; retan a militares en operativo &#8220;antihuachicol&#8221;","datePublished":"2019-03-14T18:30:38+00:00","mainEntityOfPage":{"@id":"https:\/\/quehacerpolitico.mx\/?p=20480"},"wordCount":288,"commentCount":0,"image":{"@id":"https:\/\/quehacerpolitico.mx\/?p=20480#primaryimage"},"thumbnailUrl":"","articleSection":["Noticias"],"inLanguage":"es","potentialAction":[{"@type":"CommentAction","name":"Comment","target":["https:\/\/quehacerpolitico.mx\/?p=20480#respond"]}]},{"@type":"WebPage","@id":"https:\/\/quehacerpolitico.mx\/?p=20480","url":"https:\/\/quehacerpolitico.mx\/?p=20480","name":"\"Disp\u00e1rame, disp\u00e1rame\"; retan a militares en operativo \"antihuachicol\" -","isPartOf":{"@id":"https:\/\/quehacerpolitico.mx\/#website"},"primaryImageOfPage":{"@id":"https:\/\/quehacerpolitico.mx\/?p=20480#primaryimage"},"image":{"@id":"https:\/\/quehacerpolitico.mx\/?p=20480#primaryimage"},"thumbnailUrl":"","datePublished":"2019-03-14T18:30:38+00:00","author":{"@id":"https:\/\/quehacerpolitico.mx\/#\/schema\/person\/496d8ad2d1d3f8036101dca7ee39e585"},"breadcrumb":{"@id":"https:\/\/quehacerpolitico.mx\/?p=20480#breadcrumb"},"inLanguage":"es","potentialAction":[{"@type":"ReadAction","target":["https:\/\/quehacerpolitico.mx\/?p=20480"]}]},{"@type":"ImageObject","inLanguage":"es","@id":"https:\/\/quehacerpolitico.mx\/?p=20480#primaryimage","url":"","contentUrl":""},{"@type":"BreadcrumbList","@id":"https:\/\/quehacerpolitico.mx\/?p=20480#breadcrumb","itemListElement":[{"@type":"ListItem","position":1,"name":"Inicio","item":"https:\/\/quehacerpolitico.mx\/"},{"@type":"ListItem","position":2,"name":"&#8220;Disp\u00e1rame, disp\u00e1rame&#8221;; retan a militares en operativo &#8220;antihuachicol&#8221;"}]},{"@type":"WebSite","@id":"https:\/\/quehacerpolitico.mx\/#website","url":"https:\/\/quehacerpolitico.mx\/","name":"","description":"","potentialAction":[{"@type":"SearchAction","target":{"@type":"EntryPoint","urlTemplate":"https:\/\/quehacerpolitico.mx\/?s={search_term_string}"},"query-input":{"@type":"PropertyValueSpecification","valueRequired":true,"valueName":"search_term_string"}}],"inLanguage":"es"},{"@type":"Person","@id":"https:\/\/quehacerpolitico.mx\/#\/schema\/person\/496d8ad2d1d3f8036101dca7ee39e585","name":"Redacci\u00f3n QP","image":{"@type":"ImageObject","inLanguage":"es","@id":"https:\/\/secure.gravatar.com\/avatar\/c7164ed6fdec453195284ad24a5ae5b6e1eed2b848477fa2a4787ba9adf39a41?s=96&d=mm&r=g","url":"https:\/\/secure.gravatar.com\/avatar\/c7164ed6fdec453195284ad24a5ae5b6e1eed2b848477fa2a4787ba9adf39a41?s=96&d=mm&r=g","contentUrl":"https:\/\/secure.gravatar.com\/avatar\/c7164ed6fdec453195284ad24a5ae5b6e1eed2b848477fa2a4787ba9adf39a41?s=96&d=mm&r=g","caption":"Redacci\u00f3n QP"},"url":"https:\/\/quehacerpolitico.mx\/?author=2"}]}},"featured_image_urls":{"full":"","thumbnail":"","medium":"","medium_large":"","large":"","1536x1536":"","2048x2048":"","covernews-featured":"","covernews-medium":""},"author_info":{"display_name":"Redacci\u00f3n QP","author_link":"https:\/\/quehacerpolitico.mx\/?author=2"},"category_info":"<a href=\"https:\/\/quehacerpolitico.mx\/?cat=2\" rel=\"category\">Noticias<\/a>","tag_info":"Noticias","comment_count":"0","_links":{"self":[{"href":"https:\/\/quehacerpolitico.mx\/index.php?rest_route=\/wp\/v2\/posts\/20480","targetHints":{"allow":["GET"]}}],"collection":[{"href":"https:\/\/quehacerpolitico.mx\/index.php?rest_route=\/wp\/v2\/posts"}],"about":[{"href":"https:\/\/quehacerpolitico.mx\/index.php?rest_route=\/wp\/v2\/types\/post"}],"author":[{"embeddable":true,"href":"https:\/\/quehacerpolitico.mx\/index.php?rest_route=\/wp\/v2\/users\/2"}],"replies":[{"embeddable":true,"href":"https:\/\/quehacerpolitico.mx\/index.php?rest_route=%2Fwp%2Fv2%2Fcomments&post=20480"}],"version-history":[{"count":0,"href":"https:\/\/quehacerpolitico.mx\/index.php?rest_route=\/wp\/v2\/posts\/20480\/revisions"}],"wp:featuredmedia":[{"embeddable":true,"href":"https:\/\/quehacerpolitico.mx\/index.php?rest_route=\/"}],"wp:attachment":[{"href":"https:\/\/quehacerpolitico.mx\/index.php?rest_route=%2Fwp%2Fv2%2Fmedia&parent=20480"}],"wp:term":[{"taxonomy":"category","embeddable":true,"href":"https:\/\/quehacerpolitico.mx\/index.php?rest_route=%2Fwp%2Fv2%2Fcategories&post=20480"},{"taxonomy":"post_tag","embeddable":true,"href":"https:\/\/quehacerpolitico.mx\/index.php?rest_route=%2Fwp%2Fv2%2Ftags&post=20480"}],"curies":[{"name":"wp","href":"https:\/\/api.w.org\/{rel}","templated":true}]}}