{"id":20477,"date":"2019-03-14T18:24:39","date_gmt":"2019-03-14T18:24:39","guid":{"rendered":"http:\/\/quehacerpolitico.mx\/el-financiero-claudia-sheinbaum-alcanza-63-de-aprobacion-a-100-dias-como-jefa-de-gobierno\/"},"modified":"2019-03-14T18:24:39","modified_gmt":"2019-03-14T18:24:39","slug":"el-financiero-claudia-sheinbaum-alcanza-63-de-aprobacion-a-100-dias-como-jefa-de-gobierno","status":"publish","type":"post","link":"https:\/\/quehacerpolitico.mx\/?p=20477","title":{"rendered":"El Financiero: Claudia Sheinbaum alcanza 63% de aprobaci\u00f3n a 100 d\u00edas como Jefa de Gobierno"},"content":{"rendered":"<h1><em>El Financiero<\/em>: Claudia Sheinbaum alcanza 63% de aprobaci\u00f3n a 100 d\u00edas como Jefa de Gobierno<\/h1>\n<p>Por Redacci\u00f3n QP<\/p>\n<p>La Jefa de Gobierno de la\u00a0Ciudad\u00a0de\u00a0M\u00e9xico, <strong>Claudia Sheinbaum<\/strong>, tiene la\u00a0<strong>aprobaci\u00f3n<\/strong>\u00a0del\u00a0<strong>63\u00a0por ciento<\/strong> de los <strong>capitalinos<\/strong> al cumplir <strong>100\u00a0d\u00edas<\/strong>\u00a0de\u00a0haber iniciado su <strong>administraci\u00f3n<\/strong>, inform\u00f3 este jueves una encuesta publicada por el <strong>diario <em>El Financiero<\/em><\/strong>.<\/p>\n<p>Seg\u00fan este sondeo, solo el 28 por ciento de los habitantes de la capital la desaprueba y un 9 por ciento no sabe valorar la gesti\u00f3n de Sheinbaum, quien lleg\u00f3 al poder con el partido Movimiento Regeneraci\u00f3n Nacional (Morena).<\/p>\n<p>En una puntuaci\u00f3n entre el 0 y el 10, los capitalinos punt\u00faan con un 6 a Sheinbaum, quien asumi\u00f3 como ejecutiva capitalina el pasado 5 de diciembre.<\/p>\n<blockquote>\n<p>Solo el 38 por ciento cree que Sheinbaum ha logrado mejorar el transporte p\u00fablico, frente al 59 por ciento que opina lo contrario, y solo el 34 por ciento considera que ha conseguido combatir la delincuencia, mientras que el 64 por ciento no se lo cree.<\/p>\n<\/blockquote>\n<p>Por otro lado, el 78 por ciento asegura que Sheinbaum tiene el apoyo del presidente L\u00f3pez Obrador, solo el 18 por ciento se opone a ello, y el 58 % ve liderazgo en Sheinbaum, frente al 35 por ciento que no lo ve.<\/p>\n<p>El principal problema percibido por los capitalinos es el crimen y la inseguridad, como opina el 66 % de los ciudadanos, seguido del desempleo (9 por ciento ), la corrupci\u00f3n (7 por ciento ), la pobreza (2 por ciento ) y los servicios p\u00fablicos (1 por ciento ).<\/p>\n<p>Seg\u00fan el historial de sondeos del mismo peri\u00f3dico, la\u00a0aprobaci\u00f3n\u00a0del\u00a063\u00a0por ciento obtenida por Sheinbaum es la mejor que ha tenido nunca un jefe de Gobierno de\u00a0Ciudad de\u00a0M\u00e9xico\u00a0al iniciar el\u00a0mandato.<\/p>\n<p>Miguel \u00c1ngel Mancera, predecesor de Sheinbaum, comenz\u00f3 su\u00a0mandato\u00a0en 2012 con un apoyo del 53 por ciento y lo cerr\u00f3 en 2012 con una baja\u00a0aprobaci\u00f3n\u00a0del 34 por ciento .<\/p>\n<p>Por su parte, L\u00f3pez Obrador, quien gobern\u00f3 la capital entre el 2000 y el 2005, inici\u00f3 su gesti\u00f3n con una\u00a0aprobaci\u00f3n\u00a0del 61 por ciento y la cerr\u00f3 con un alto apoyo del 76 por ciento .<\/p>\n<p>Tras ganar las elecciones del 1 de diciembre de 2018 con el 47 por ciento de los votos, Sheinbaum se convirti\u00f3 en la primera mujer gobernante de\u00a0Ciudad\u00a0de\u00a0M\u00e9xico\u00a0por voto popular.<\/p>\n<p>Tambi\u00e9n es la primera jefa del Gobierno capitalino que no pertenece al Partido de la Revoluci\u00f3n Democr\u00e1tica (PRD), fuerza pol\u00edtica en la capital desde que en 1997 se estableci\u00f3 la elecci\u00f3n directa de su alcalde.<\/p>\n<p>Sheinbaum ha aplicado en la\u00a0ciudad\u00a0la misma manera de trabajar de L\u00f3pez Obrador, de modo que preside cada d\u00eda a las seis de la ma\u00f1ana una reuni\u00f3n para evaluar la delincuencia en la\u00a0ciudad\u00a0y posteriormente ofrece una rueda de prensa.<\/p>\n<p>Durante estos\u00a0100\u00a0d\u00edas, han salido a la luz numerosos casos de agresiones y secuestros contra mujeres en el metro capitalino, a lo que Sheinbaum ha respondido aumentando la seguridad en el transporte p\u00fablico.<\/p>\n<p>La encuesta se realiz\u00f3 en vivienda y por tel\u00e9fono entre el 1 y el 2 de marzo a 600 personas.\u2028\u2028Cuenta con un nivel de confianza del 95 por ciento y un margen de error del +\/- 4 por ciento .<\/p>\n<p>Con Informaci\u00f3n de EFE<\/p>\n","protected":false},"excerpt":{"rendered":"<p>El Financiero: Claudia Sheinbaum alcanza 63% de aprobaci\u00f3n a 100 d\u00edas como Jefa de Gobierno<br \/>\nPor Redacci\u00f3n QP<\/p>\n","protected":false},"author":2,"featured_media":20476,"comment_status":"open","ping_status":"open","sticky":false,"template":"","format":"standard","meta":{"_monsterinsights_skip_tracking":false,"_monsterinsights_sitenote_active":false,"_monsterinsights_sitenote_note":"","_monsterinsights_sitenote_category":0,"footnotes":""},"categories":[55],"tags":[],"class_list":["post-20477","post","type-post","status-publish","format-standard","has-post-thumbnail","hentry","category-cdmx"],"yoast_head":"<!-- This site is optimized with the Yoast SEO plugin v27.3 - https:\/\/yoast.com\/product\/yoast-seo-wordpress\/ -->\n<title>El Financiero: Claudia Sheinbaum alcanza 63% de aprobaci\u00f3n a 100 d\u00edas como Jefa de Gobierno -<\/title>\n<meta name=\"robots\" content=\"index, follow, max-snippet:-1, max-image-preview:large, max-video-preview:-1\" \/>\n<link rel=\"canonical\" href=\"https:\/\/quehacerpolitico.mx\/?p=20477\" \/>\n<meta property=\"og:locale\" content=\"es_MX\" \/>\n<meta property=\"og:type\" content=\"article\" \/>\n<meta property=\"og:title\" content=\"El Financiero: Claudia Sheinbaum alcanza 63% de aprobaci\u00f3n a 100 d\u00edas como Jefa de Gobierno -\" \/>\n<meta property=\"og:description\" content=\"El Financiero: Claudia Sheinbaum alcanza 63% de aprobaci\u00f3n a 100 d\u00edas como Jefa de Gobierno Por Redacci\u00f3n QP\" \/>\n<meta property=\"og:url\" content=\"https:\/\/quehacerpolitico.mx\/?p=20477\" \/>\n<meta property=\"article:published_time\" content=\"2019-03-14T18:24:39+00:00\" \/>\n<meta name=\"author\" content=\"Redacci\u00f3n QP\" \/>\n<meta name=\"twitter:card\" content=\"summary_large_image\" \/>\n<meta name=\"twitter:label1\" content=\"Escrito por\" \/>\n\t<meta name=\"twitter:data1\" content=\"Redacci\u00f3n QP\" \/>\n\t<meta name=\"twitter:label2\" content=\"Tiempo de lectura\" \/>\n\t<meta name=\"twitter:data2\" content=\"3 minutos\" \/>\n<script type=\"application\/ld+json\" class=\"yoast-schema-graph\">{\"@context\":\"https:\\\/\\\/schema.org\",\"@graph\":[{\"@type\":\"Article\",\"@id\":\"https:\\\/\\\/quehacerpolitico.mx\\\/?p=20477#article\",\"isPartOf\":{\"@id\":\"https:\\\/\\\/quehacerpolitico.mx\\\/?p=20477\"},\"author\":{\"name\":\"Redacci\u00f3n QP\",\"@id\":\"https:\\\/\\\/quehacerpolitico.mx\\\/#\\\/schema\\\/person\\\/496d8ad2d1d3f8036101dca7ee39e585\"},\"headline\":\"El Financiero: Claudia Sheinbaum alcanza 63% de aprobaci\u00f3n a 100 d\u00edas como Jefa de Gobierno\",\"datePublished\":\"2019-03-14T18:24:39+00:00\",\"mainEntityOfPage\":{\"@id\":\"https:\\\/\\\/quehacerpolitico.mx\\\/?p=20477\"},\"wordCount\":558,\"commentCount\":0,\"image\":{\"@id\":\"https:\\\/\\\/quehacerpolitico.mx\\\/?p=20477#primaryimage\"},\"thumbnailUrl\":\"\",\"articleSection\":[\"CDMX\"],\"inLanguage\":\"es\",\"potentialAction\":[{\"@type\":\"CommentAction\",\"name\":\"Comment\",\"target\":[\"https:\\\/\\\/quehacerpolitico.mx\\\/?p=20477#respond\"]}]},{\"@type\":\"WebPage\",\"@id\":\"https:\\\/\\\/quehacerpolitico.mx\\\/?p=20477\",\"url\":\"https:\\\/\\\/quehacerpolitico.mx\\\/?p=20477\",\"name\":\"El Financiero: Claudia Sheinbaum alcanza 63% de aprobaci\u00f3n a 100 d\u00edas como Jefa de Gobierno -\",\"isPartOf\":{\"@id\":\"https:\\\/\\\/quehacerpolitico.mx\\\/#website\"},\"primaryImageOfPage\":{\"@id\":\"https:\\\/\\\/quehacerpolitico.mx\\\/?p=20477#primaryimage\"},\"image\":{\"@id\":\"https:\\\/\\\/quehacerpolitico.mx\\\/?p=20477#primaryimage\"},\"thumbnailUrl\":\"\",\"datePublished\":\"2019-03-14T18:24:39+00:00\",\"author\":{\"@id\":\"https:\\\/\\\/quehacerpolitico.mx\\\/#\\\/schema\\\/person\\\/496d8ad2d1d3f8036101dca7ee39e585\"},\"breadcrumb\":{\"@id\":\"https:\\\/\\\/quehacerpolitico.mx\\\/?p=20477#breadcrumb\"},\"inLanguage\":\"es\",\"potentialAction\":[{\"@type\":\"ReadAction\",\"target\":[\"https:\\\/\\\/quehacerpolitico.mx\\\/?p=20477\"]}]},{\"@type\":\"ImageObject\",\"inLanguage\":\"es\",\"@id\":\"https:\\\/\\\/quehacerpolitico.mx\\\/?p=20477#primaryimage\",\"url\":\"\",\"contentUrl\":\"\"},{\"@type\":\"BreadcrumbList\",\"@id\":\"https:\\\/\\\/quehacerpolitico.mx\\\/?p=20477#breadcrumb\",\"itemListElement\":[{\"@type\":\"ListItem\",\"position\":1,\"name\":\"Inicio\",\"item\":\"https:\\\/\\\/quehacerpolitico.mx\\\/\"},{\"@type\":\"ListItem\",\"position\":2,\"name\":\"El Financiero: Claudia Sheinbaum alcanza 63% de aprobaci\u00f3n a 100 d\u00edas como Jefa de Gobierno\"}]},{\"@type\":\"WebSite\",\"@id\":\"https:\\\/\\\/quehacerpolitico.mx\\\/#website\",\"url\":\"https:\\\/\\\/quehacerpolitico.mx\\\/\",\"name\":\"\",\"description\":\"\",\"potentialAction\":[{\"@type\":\"SearchAction\",\"target\":{\"@type\":\"EntryPoint\",\"urlTemplate\":\"https:\\\/\\\/quehacerpolitico.mx\\\/?s={search_term_string}\"},\"query-input\":{\"@type\":\"PropertyValueSpecification\",\"valueRequired\":true,\"valueName\":\"search_term_string\"}}],\"inLanguage\":\"es\"},{\"@type\":\"Person\",\"@id\":\"https:\\\/\\\/quehacerpolitico.mx\\\/#\\\/schema\\\/person\\\/496d8ad2d1d3f8036101dca7ee39e585\",\"name\":\"Redacci\u00f3n QP\",\"image\":{\"@type\":\"ImageObject\",\"inLanguage\":\"es\",\"@id\":\"https:\\\/\\\/secure.gravatar.com\\\/avatar\\\/c7164ed6fdec453195284ad24a5ae5b6e1eed2b848477fa2a4787ba9adf39a41?s=96&d=mm&r=g\",\"url\":\"https:\\\/\\\/secure.gravatar.com\\\/avatar\\\/c7164ed6fdec453195284ad24a5ae5b6e1eed2b848477fa2a4787ba9adf39a41?s=96&d=mm&r=g\",\"contentUrl\":\"https:\\\/\\\/secure.gravatar.com\\\/avatar\\\/c7164ed6fdec453195284ad24a5ae5b6e1eed2b848477fa2a4787ba9adf39a41?s=96&d=mm&r=g\",\"caption\":\"Redacci\u00f3n QP\"},\"url\":\"https:\\\/\\\/quehacerpolitico.mx\\\/?author=2\"}]}<\/script>\n<!-- \/ Yoast SEO plugin. -->","yoast_head_json":{"title":"El Financiero: Claudia Sheinbaum alcanza 63% de aprobaci\u00f3n a 100 d\u00edas como Jefa de Gobierno -","robots":{"index":"index","follow":"follow","max-snippet":"max-snippet:-1","max-image-preview":"max-image-preview:large","max-video-preview":"max-video-preview:-1"},"canonical":"https:\/\/quehacerpolitico.mx\/?p=20477","og_locale":"es_MX","og_type":"article","og_title":"El Financiero: Claudia Sheinbaum alcanza 63% de aprobaci\u00f3n a 100 d\u00edas como Jefa de Gobierno -","og_description":"El Financiero: Claudia Sheinbaum alcanza 63% de aprobaci\u00f3n a 100 d\u00edas como Jefa de Gobierno Por Redacci\u00f3n QP","og_url":"https:\/\/quehacerpolitico.mx\/?p=20477","article_published_time":"2019-03-14T18:24:39+00:00","author":"Redacci\u00f3n QP","twitter_card":"summary_large_image","twitter_misc":{"Escrito por":"Redacci\u00f3n QP","Tiempo de lectura":"3 minutos"},"schema":{"@context":"https:\/\/schema.org","@graph":[{"@type":"Article","@id":"https:\/\/quehacerpolitico.mx\/?p=20477#article","isPartOf":{"@id":"https:\/\/quehacerpolitico.mx\/?p=20477"},"author":{"name":"Redacci\u00f3n QP","@id":"https:\/\/quehacerpolitico.mx\/#\/schema\/person\/496d8ad2d1d3f8036101dca7ee39e585"},"headline":"El Financiero: Claudia Sheinbaum alcanza 63% de aprobaci\u00f3n a 100 d\u00edas como Jefa de Gobierno","datePublished":"2019-03-14T18:24:39+00:00","mainEntityOfPage":{"@id":"https:\/\/quehacerpolitico.mx\/?p=20477"},"wordCount":558,"commentCount":0,"image":{"@id":"https:\/\/quehacerpolitico.mx\/?p=20477#primaryimage"},"thumbnailUrl":"","articleSection":["CDMX"],"inLanguage":"es","potentialAction":[{"@type":"CommentAction","name":"Comment","target":["https:\/\/quehacerpolitico.mx\/?p=20477#respond"]}]},{"@type":"WebPage","@id":"https:\/\/quehacerpolitico.mx\/?p=20477","url":"https:\/\/quehacerpolitico.mx\/?p=20477","name":"El Financiero: Claudia Sheinbaum alcanza 63% de aprobaci\u00f3n a 100 d\u00edas como Jefa de Gobierno -","isPartOf":{"@id":"https:\/\/quehacerpolitico.mx\/#website"},"primaryImageOfPage":{"@id":"https:\/\/quehacerpolitico.mx\/?p=20477#primaryimage"},"image":{"@id":"https:\/\/quehacerpolitico.mx\/?p=20477#primaryimage"},"thumbnailUrl":"","datePublished":"2019-03-14T18:24:39+00:00","author":{"@id":"https:\/\/quehacerpolitico.mx\/#\/schema\/person\/496d8ad2d1d3f8036101dca7ee39e585"},"breadcrumb":{"@id":"https:\/\/quehacerpolitico.mx\/?p=20477#breadcrumb"},"inLanguage":"es","potentialAction":[{"@type":"ReadAction","target":["https:\/\/quehacerpolitico.mx\/?p=20477"]}]},{"@type":"ImageObject","inLanguage":"es","@id":"https:\/\/quehacerpolitico.mx\/?p=20477#primaryimage","url":"","contentUrl":""},{"@type":"BreadcrumbList","@id":"https:\/\/quehacerpolitico.mx\/?p=20477#breadcrumb","itemListElement":[{"@type":"ListItem","position":1,"name":"Inicio","item":"https:\/\/quehacerpolitico.mx\/"},{"@type":"ListItem","position":2,"name":"El Financiero: Claudia Sheinbaum alcanza 63% de aprobaci\u00f3n a 100 d\u00edas como Jefa de Gobierno"}]},{"@type":"WebSite","@id":"https:\/\/quehacerpolitico.mx\/#website","url":"https:\/\/quehacerpolitico.mx\/","name":"","description":"","potentialAction":[{"@type":"SearchAction","target":{"@type":"EntryPoint","urlTemplate":"https:\/\/quehacerpolitico.mx\/?s={search_term_string}"},"query-input":{"@type":"PropertyValueSpecification","valueRequired":true,"valueName":"search_term_string"}}],"inLanguage":"es"},{"@type":"Person","@id":"https:\/\/quehacerpolitico.mx\/#\/schema\/person\/496d8ad2d1d3f8036101dca7ee39e585","name":"Redacci\u00f3n QP","image":{"@type":"ImageObject","inLanguage":"es","@id":"https:\/\/secure.gravatar.com\/avatar\/c7164ed6fdec453195284ad24a5ae5b6e1eed2b848477fa2a4787ba9adf39a41?s=96&d=mm&r=g","url":"https:\/\/secure.gravatar.com\/avatar\/c7164ed6fdec453195284ad24a5ae5b6e1eed2b848477fa2a4787ba9adf39a41?s=96&d=mm&r=g","contentUrl":"https:\/\/secure.gravatar.com\/avatar\/c7164ed6fdec453195284ad24a5ae5b6e1eed2b848477fa2a4787ba9adf39a41?s=96&d=mm&r=g","caption":"Redacci\u00f3n QP"},"url":"https:\/\/quehacerpolitico.mx\/?author=2"}]}},"featured_image_urls":{"full":"","thumbnail":"","medium":"","medium_large":"","large":"","1536x1536":"","2048x2048":"","covernews-featured":"","covernews-medium":""},"author_info":{"display_name":"Redacci\u00f3n QP","author_link":"https:\/\/quehacerpolitico.mx\/?author=2"},"category_info":"<a href=\"https:\/\/quehacerpolitico.mx\/?cat=55\" rel=\"category\">CDMX<\/a>","tag_info":"CDMX","comment_count":"0","_links":{"self":[{"href":"https:\/\/quehacerpolitico.mx\/index.php?rest_route=\/wp\/v2\/posts\/20477","targetHints":{"allow":["GET"]}}],"collection":[{"href":"https:\/\/quehacerpolitico.mx\/index.php?rest_route=\/wp\/v2\/posts"}],"about":[{"href":"https:\/\/quehacerpolitico.mx\/index.php?rest_route=\/wp\/v2\/types\/post"}],"author":[{"embeddable":true,"href":"https:\/\/quehacerpolitico.mx\/index.php?rest_route=\/wp\/v2\/users\/2"}],"replies":[{"embeddable":true,"href":"https:\/\/quehacerpolitico.mx\/index.php?rest_route=%2Fwp%2Fv2%2Fcomments&post=20477"}],"version-history":[{"count":0,"href":"https:\/\/quehacerpolitico.mx\/index.php?rest_route=\/wp\/v2\/posts\/20477\/revisions"}],"wp:featuredmedia":[{"embeddable":true,"href":"https:\/\/quehacerpolitico.mx\/index.php?rest_route=\/"}],"wp:attachment":[{"href":"https:\/\/quehacerpolitico.mx\/index.php?rest_route=%2Fwp%2Fv2%2Fmedia&parent=20477"}],"wp:term":[{"taxonomy":"category","embeddable":true,"href":"https:\/\/quehacerpolitico.mx\/index.php?rest_route=%2Fwp%2Fv2%2Fcategories&post=20477"},{"taxonomy":"post_tag","embeddable":true,"href":"https:\/\/quehacerpolitico.mx\/index.php?rest_route=%2Fwp%2Fv2%2Ftags&post=20477"}],"curies":[{"name":"wp","href":"https:\/\/api.w.org\/{rel}","templated":true}]}}