{"id":20433,"date":"2019-03-14T14:52:09","date_gmt":"2019-03-14T14:52:09","guid":{"rendered":"http:\/\/quehacerpolitico.mx\/sheinbaum-tiene-sus-propias-conferencias-matutinas-y-su-dream-team-de-colaboradores\/"},"modified":"2019-03-14T14:52:09","modified_gmt":"2019-03-14T14:52:09","slug":"sheinbaum-tiene-sus-propias-conferencias-matutinas-y-su-dream-team-de-colaboradores","status":"publish","type":"post","link":"https:\/\/quehacerpolitico.mx\/?p=20433","title":{"rendered":"Sheinbaum tiene sus propias conferencias matutinas y su \u201cdream team&#8221; de colaboradores"},"content":{"rendered":"<p>Sheinbaum tiene sus propias conferencias matutinas y su \u201cdream team&#8221; de colaboradores<\/p>\n<p>Por Redacci\u00f3n QP<\/p>\n<p>Tal como el presidente, Andr\u00e9s Manuel L\u00f3pez Obrador, la jefa de gobierno tambi\u00e9n ha instaurado conferencias de prensa matutinas en las que presenta proyectos, da seguimiento a diversas problem\u00e1ticas que surgen en el d\u00eda a d\u00eda en la capital y contesta las preguntas con temas abiertos por parte de representantes de los medios de comunicaci\u00f3n.<\/p>\n<p>En ocasiones no ha realizado conferencias matutinas, en esos casos ofrece entrevistas informales al salir de alg\u00fan evento y en muy pocas ocasiones no ha brindado atenci\u00f3n a la prensa.<\/p>\n<p>Al considerar que las conferencias matutinas son aquellas que se agendan previamente y se realizan de manera regular en la sala Francisco Zarco del Antiguo Palacio del Ayuntamiento ante m\u00e1s de 40 periodistas, hasta el momento ha celebrado 63, en los 100 d\u00edas de su administraci\u00f3n.<\/p>\n<p>Adem\u00e1s, se convoc\u00f3 a una conferencia urgente el domingo 13 de enero cuando se anunci\u00f3 la propuesta de cargar gasolina de acuerdo con el engomado tras la problem\u00e1tica que enfrentaron los capitalinos por las largas filas en los centros de abasto.<\/p>\n<p>Del total de conferencias la m\u00e1s extensa dur\u00f3 una hora con 17 minutos el 27 de febrero, cuando habl\u00f3 junto con la procuradora Ernestina Godoy acerca de la transici\u00f3n de la Procuradur\u00eda a Fiscal\u00eda General de Justicia de la ciudad, la conferencia se extendi\u00f3 debido a las dudas de la prensa acerca del abasto de combustible.<\/p>\n<p>Otra de las m\u00e1s largas se realiz\u00f3 el 27 de febrero cuando acus\u00f3 procesos desaseados en la administraci\u00f3n anterior en la asignaci\u00f3n de permisos en los centros de verificaci\u00f3n, ese d\u00eda la conferencia dur\u00f3 una hora con 11 minutos.<\/p>\n<p>En el tema Sheinbaum es especialista, por lo que incluso el director de Calidad del Aire, Sergio Zirath, le cedi\u00f3 la palabra y fue ella misma la que incluso ofreci\u00f3 datos t\u00e9cnicos de la condici\u00f3n de los verificentros en la ciudad.<\/p>\n<p>En cuanto a la conferencia de medios m\u00e1s corta\u00a0apenas dur\u00f3 12 minutos con 40 segundos, donde se anunci\u00f3 la coordinaci\u00f3n del gobierno capitalino con Petr\u00f3leos Mexicanos (Pemex), ante los ajustes en la distribuci\u00f3n de abasto de gasolina el 11 de enero pasado.<\/p>\n<p>Por otro lado, despu\u00e9s del incidente por la explosi\u00f3n de una toma clandestina en Tlahuelilpan, Hidalgo, el tema de la conferencia de prensa se cambi\u00f3 por el anuncio del apoyo a v\u00edctimas, fue el s\u00e1bado 19 de enero y dur\u00f3 cerca de 15 minutos.<\/p>\n<p>En nueve ocasiones la funcionaria ha estado acompa\u00f1ada por el titular de la Secretar\u00eda de Movilidad, Andr\u00e9s Lajous; tambi\u00e9n nueve veces ha estado en compa\u00f1\u00eda del secretario de Cultura, Alfonso Su\u00e1rez del Real; en siete por el secretario de Seguridad Ciudadana, Jes\u00fas Orta y en las mismas por la titular de la Procuradur\u00eda General de Justicia, Ernestina Godoy.<\/p>\n<p>Asimismo, en seis de las conferencias ha estado presente el titular de la Agencia Digital de Innovaci\u00f3n P\u00fablica, Jos\u00e9 Merino; en el mismo n\u00famero la secretaria de Finanzas, Luz Elena Gonz\u00e1lez y la secretaria de Gobierno, Rosa Icela Rodr\u00edguez.<\/p>\n<p>En contraste la directora del Sistema de Transporte Colectivo Metro, Florencia Serran\u00eda, s\u00f3lo acudi\u00f3 una sola vez a la conferencia y Oliva L\u00f3pez Arellano titular de la Secretar\u00eda de Salud ha estado presente en dos ocasiones.<\/p>\n<p>Con Informaci\u00f3n de NTX<\/p>\n","protected":false},"excerpt":{"rendered":"<p>Sheinbaum tiene sus propias conferencias matutinas y su \u201cdream team&#8221; de colaboradores<br \/>\nPor Redacci\u00f3n QP<\/p>\n","protected":false},"author":2,"featured_media":20432,"comment_status":"open","ping_status":"open","sticky":false,"template":"","format":"standard","meta":{"_monsterinsights_skip_tracking":false,"_monsterinsights_sitenote_active":false,"_monsterinsights_sitenote_note":"","_monsterinsights_sitenote_category":0,"footnotes":""},"categories":[55],"tags":[],"class_list":["post-20433","post","type-post","status-publish","format-standard","has-post-thumbnail","hentry","category-cdmx"],"yoast_head":"<!-- This site is optimized with the Yoast SEO plugin v27.3 - https:\/\/yoast.com\/product\/yoast-seo-wordpress\/ -->\n<title>Sheinbaum tiene sus propias conferencias matutinas y su \u201cdream team&quot; de colaboradores -<\/title>\n<meta name=\"robots\" content=\"index, follow, max-snippet:-1, max-image-preview:large, max-video-preview:-1\" \/>\n<link rel=\"canonical\" href=\"https:\/\/quehacerpolitico.mx\/?p=20433\" \/>\n<meta property=\"og:locale\" content=\"es_MX\" \/>\n<meta property=\"og:type\" content=\"article\" \/>\n<meta property=\"og:title\" content=\"Sheinbaum tiene sus propias conferencias matutinas y su \u201cdream team&quot; de colaboradores -\" \/>\n<meta property=\"og:description\" content=\"Sheinbaum tiene sus propias conferencias matutinas y su \u201cdream team&quot; de colaboradores Por Redacci\u00f3n QP\" \/>\n<meta property=\"og:url\" content=\"https:\/\/quehacerpolitico.mx\/?p=20433\" \/>\n<meta property=\"article:published_time\" content=\"2019-03-14T14:52:09+00:00\" \/>\n<meta name=\"author\" content=\"Redacci\u00f3n QP\" \/>\n<meta name=\"twitter:card\" content=\"summary_large_image\" \/>\n<meta name=\"twitter:label1\" content=\"Escrito por\" \/>\n\t<meta name=\"twitter:data1\" content=\"Redacci\u00f3n QP\" \/>\n\t<meta name=\"twitter:label2\" content=\"Tiempo de lectura\" \/>\n\t<meta name=\"twitter:data2\" content=\"3 minutos\" \/>\n<script type=\"application\/ld+json\" class=\"yoast-schema-graph\">{\"@context\":\"https:\\\/\\\/schema.org\",\"@graph\":[{\"@type\":\"Article\",\"@id\":\"https:\\\/\\\/quehacerpolitico.mx\\\/?p=20433#article\",\"isPartOf\":{\"@id\":\"https:\\\/\\\/quehacerpolitico.mx\\\/?p=20433\"},\"author\":{\"name\":\"Redacci\u00f3n QP\",\"@id\":\"https:\\\/\\\/quehacerpolitico.mx\\\/#\\\/schema\\\/person\\\/496d8ad2d1d3f8036101dca7ee39e585\"},\"headline\":\"Sheinbaum tiene sus propias conferencias matutinas y su \u201cdream team&#8221; de colaboradores\",\"datePublished\":\"2019-03-14T14:52:09+00:00\",\"mainEntityOfPage\":{\"@id\":\"https:\\\/\\\/quehacerpolitico.mx\\\/?p=20433\"},\"wordCount\":598,\"commentCount\":0,\"image\":{\"@id\":\"https:\\\/\\\/quehacerpolitico.mx\\\/?p=20433#primaryimage\"},\"thumbnailUrl\":\"\",\"articleSection\":[\"CDMX\"],\"inLanguage\":\"es\",\"potentialAction\":[{\"@type\":\"CommentAction\",\"name\":\"Comment\",\"target\":[\"https:\\\/\\\/quehacerpolitico.mx\\\/?p=20433#respond\"]}]},{\"@type\":\"WebPage\",\"@id\":\"https:\\\/\\\/quehacerpolitico.mx\\\/?p=20433\",\"url\":\"https:\\\/\\\/quehacerpolitico.mx\\\/?p=20433\",\"name\":\"Sheinbaum tiene sus propias conferencias matutinas y su \u201cdream team\\\" de colaboradores -\",\"isPartOf\":{\"@id\":\"https:\\\/\\\/quehacerpolitico.mx\\\/#website\"},\"primaryImageOfPage\":{\"@id\":\"https:\\\/\\\/quehacerpolitico.mx\\\/?p=20433#primaryimage\"},\"image\":{\"@id\":\"https:\\\/\\\/quehacerpolitico.mx\\\/?p=20433#primaryimage\"},\"thumbnailUrl\":\"\",\"datePublished\":\"2019-03-14T14:52:09+00:00\",\"author\":{\"@id\":\"https:\\\/\\\/quehacerpolitico.mx\\\/#\\\/schema\\\/person\\\/496d8ad2d1d3f8036101dca7ee39e585\"},\"breadcrumb\":{\"@id\":\"https:\\\/\\\/quehacerpolitico.mx\\\/?p=20433#breadcrumb\"},\"inLanguage\":\"es\",\"potentialAction\":[{\"@type\":\"ReadAction\",\"target\":[\"https:\\\/\\\/quehacerpolitico.mx\\\/?p=20433\"]}]},{\"@type\":\"ImageObject\",\"inLanguage\":\"es\",\"@id\":\"https:\\\/\\\/quehacerpolitico.mx\\\/?p=20433#primaryimage\",\"url\":\"\",\"contentUrl\":\"\"},{\"@type\":\"BreadcrumbList\",\"@id\":\"https:\\\/\\\/quehacerpolitico.mx\\\/?p=20433#breadcrumb\",\"itemListElement\":[{\"@type\":\"ListItem\",\"position\":1,\"name\":\"Inicio\",\"item\":\"https:\\\/\\\/quehacerpolitico.mx\\\/\"},{\"@type\":\"ListItem\",\"position\":2,\"name\":\"Sheinbaum tiene sus propias conferencias matutinas y su \u201cdream team&#8221; de colaboradores\"}]},{\"@type\":\"WebSite\",\"@id\":\"https:\\\/\\\/quehacerpolitico.mx\\\/#website\",\"url\":\"https:\\\/\\\/quehacerpolitico.mx\\\/\",\"name\":\"\",\"description\":\"\",\"potentialAction\":[{\"@type\":\"SearchAction\",\"target\":{\"@type\":\"EntryPoint\",\"urlTemplate\":\"https:\\\/\\\/quehacerpolitico.mx\\\/?s={search_term_string}\"},\"query-input\":{\"@type\":\"PropertyValueSpecification\",\"valueRequired\":true,\"valueName\":\"search_term_string\"}}],\"inLanguage\":\"es\"},{\"@type\":\"Person\",\"@id\":\"https:\\\/\\\/quehacerpolitico.mx\\\/#\\\/schema\\\/person\\\/496d8ad2d1d3f8036101dca7ee39e585\",\"name\":\"Redacci\u00f3n QP\",\"image\":{\"@type\":\"ImageObject\",\"inLanguage\":\"es\",\"@id\":\"https:\\\/\\\/secure.gravatar.com\\\/avatar\\\/c7164ed6fdec453195284ad24a5ae5b6e1eed2b848477fa2a4787ba9adf39a41?s=96&d=mm&r=g\",\"url\":\"https:\\\/\\\/secure.gravatar.com\\\/avatar\\\/c7164ed6fdec453195284ad24a5ae5b6e1eed2b848477fa2a4787ba9adf39a41?s=96&d=mm&r=g\",\"contentUrl\":\"https:\\\/\\\/secure.gravatar.com\\\/avatar\\\/c7164ed6fdec453195284ad24a5ae5b6e1eed2b848477fa2a4787ba9adf39a41?s=96&d=mm&r=g\",\"caption\":\"Redacci\u00f3n QP\"},\"url\":\"https:\\\/\\\/quehacerpolitico.mx\\\/?author=2\"}]}<\/script>\n<!-- \/ Yoast SEO plugin. -->","yoast_head_json":{"title":"Sheinbaum tiene sus propias conferencias matutinas y su \u201cdream team\" de colaboradores -","robots":{"index":"index","follow":"follow","max-snippet":"max-snippet:-1","max-image-preview":"max-image-preview:large","max-video-preview":"max-video-preview:-1"},"canonical":"https:\/\/quehacerpolitico.mx\/?p=20433","og_locale":"es_MX","og_type":"article","og_title":"Sheinbaum tiene sus propias conferencias matutinas y su \u201cdream team\" de colaboradores -","og_description":"Sheinbaum tiene sus propias conferencias matutinas y su \u201cdream team\" de colaboradores Por Redacci\u00f3n QP","og_url":"https:\/\/quehacerpolitico.mx\/?p=20433","article_published_time":"2019-03-14T14:52:09+00:00","author":"Redacci\u00f3n QP","twitter_card":"summary_large_image","twitter_misc":{"Escrito por":"Redacci\u00f3n QP","Tiempo de lectura":"3 minutos"},"schema":{"@context":"https:\/\/schema.org","@graph":[{"@type":"Article","@id":"https:\/\/quehacerpolitico.mx\/?p=20433#article","isPartOf":{"@id":"https:\/\/quehacerpolitico.mx\/?p=20433"},"author":{"name":"Redacci\u00f3n QP","@id":"https:\/\/quehacerpolitico.mx\/#\/schema\/person\/496d8ad2d1d3f8036101dca7ee39e585"},"headline":"Sheinbaum tiene sus propias conferencias matutinas y su \u201cdream team&#8221; de colaboradores","datePublished":"2019-03-14T14:52:09+00:00","mainEntityOfPage":{"@id":"https:\/\/quehacerpolitico.mx\/?p=20433"},"wordCount":598,"commentCount":0,"image":{"@id":"https:\/\/quehacerpolitico.mx\/?p=20433#primaryimage"},"thumbnailUrl":"","articleSection":["CDMX"],"inLanguage":"es","potentialAction":[{"@type":"CommentAction","name":"Comment","target":["https:\/\/quehacerpolitico.mx\/?p=20433#respond"]}]},{"@type":"WebPage","@id":"https:\/\/quehacerpolitico.mx\/?p=20433","url":"https:\/\/quehacerpolitico.mx\/?p=20433","name":"Sheinbaum tiene sus propias conferencias matutinas y su \u201cdream team\" de colaboradores -","isPartOf":{"@id":"https:\/\/quehacerpolitico.mx\/#website"},"primaryImageOfPage":{"@id":"https:\/\/quehacerpolitico.mx\/?p=20433#primaryimage"},"image":{"@id":"https:\/\/quehacerpolitico.mx\/?p=20433#primaryimage"},"thumbnailUrl":"","datePublished":"2019-03-14T14:52:09+00:00","author":{"@id":"https:\/\/quehacerpolitico.mx\/#\/schema\/person\/496d8ad2d1d3f8036101dca7ee39e585"},"breadcrumb":{"@id":"https:\/\/quehacerpolitico.mx\/?p=20433#breadcrumb"},"inLanguage":"es","potentialAction":[{"@type":"ReadAction","target":["https:\/\/quehacerpolitico.mx\/?p=20433"]}]},{"@type":"ImageObject","inLanguage":"es","@id":"https:\/\/quehacerpolitico.mx\/?p=20433#primaryimage","url":"","contentUrl":""},{"@type":"BreadcrumbList","@id":"https:\/\/quehacerpolitico.mx\/?p=20433#breadcrumb","itemListElement":[{"@type":"ListItem","position":1,"name":"Inicio","item":"https:\/\/quehacerpolitico.mx\/"},{"@type":"ListItem","position":2,"name":"Sheinbaum tiene sus propias conferencias matutinas y su \u201cdream team&#8221; de colaboradores"}]},{"@type":"WebSite","@id":"https:\/\/quehacerpolitico.mx\/#website","url":"https:\/\/quehacerpolitico.mx\/","name":"","description":"","potentialAction":[{"@type":"SearchAction","target":{"@type":"EntryPoint","urlTemplate":"https:\/\/quehacerpolitico.mx\/?s={search_term_string}"},"query-input":{"@type":"PropertyValueSpecification","valueRequired":true,"valueName":"search_term_string"}}],"inLanguage":"es"},{"@type":"Person","@id":"https:\/\/quehacerpolitico.mx\/#\/schema\/person\/496d8ad2d1d3f8036101dca7ee39e585","name":"Redacci\u00f3n QP","image":{"@type":"ImageObject","inLanguage":"es","@id":"https:\/\/secure.gravatar.com\/avatar\/c7164ed6fdec453195284ad24a5ae5b6e1eed2b848477fa2a4787ba9adf39a41?s=96&d=mm&r=g","url":"https:\/\/secure.gravatar.com\/avatar\/c7164ed6fdec453195284ad24a5ae5b6e1eed2b848477fa2a4787ba9adf39a41?s=96&d=mm&r=g","contentUrl":"https:\/\/secure.gravatar.com\/avatar\/c7164ed6fdec453195284ad24a5ae5b6e1eed2b848477fa2a4787ba9adf39a41?s=96&d=mm&r=g","caption":"Redacci\u00f3n QP"},"url":"https:\/\/quehacerpolitico.mx\/?author=2"}]}},"featured_image_urls":{"full":"","thumbnail":"","medium":"","medium_large":"","large":"","1536x1536":"","2048x2048":"","covernews-featured":"","covernews-medium":""},"author_info":{"display_name":"Redacci\u00f3n QP","author_link":"https:\/\/quehacerpolitico.mx\/?author=2"},"category_info":"<a href=\"https:\/\/quehacerpolitico.mx\/?cat=55\" rel=\"category\">CDMX<\/a>","tag_info":"CDMX","comment_count":"0","_links":{"self":[{"href":"https:\/\/quehacerpolitico.mx\/index.php?rest_route=\/wp\/v2\/posts\/20433","targetHints":{"allow":["GET"]}}],"collection":[{"href":"https:\/\/quehacerpolitico.mx\/index.php?rest_route=\/wp\/v2\/posts"}],"about":[{"href":"https:\/\/quehacerpolitico.mx\/index.php?rest_route=\/wp\/v2\/types\/post"}],"author":[{"embeddable":true,"href":"https:\/\/quehacerpolitico.mx\/index.php?rest_route=\/wp\/v2\/users\/2"}],"replies":[{"embeddable":true,"href":"https:\/\/quehacerpolitico.mx\/index.php?rest_route=%2Fwp%2Fv2%2Fcomments&post=20433"}],"version-history":[{"count":0,"href":"https:\/\/quehacerpolitico.mx\/index.php?rest_route=\/wp\/v2\/posts\/20433\/revisions"}],"wp:featuredmedia":[{"embeddable":true,"href":"https:\/\/quehacerpolitico.mx\/index.php?rest_route=\/"}],"wp:attachment":[{"href":"https:\/\/quehacerpolitico.mx\/index.php?rest_route=%2Fwp%2Fv2%2Fmedia&parent=20433"}],"wp:term":[{"taxonomy":"category","embeddable":true,"href":"https:\/\/quehacerpolitico.mx\/index.php?rest_route=%2Fwp%2Fv2%2Fcategories&post=20433"},{"taxonomy":"post_tag","embeddable":true,"href":"https:\/\/quehacerpolitico.mx\/index.php?rest_route=%2Fwp%2Fv2%2Ftags&post=20433"}],"curies":[{"name":"wp","href":"https:\/\/api.w.org\/{rel}","templated":true}]}}