{"id":20361,"date":"2019-03-14T05:09:28","date_gmt":"2019-03-14T05:09:28","guid":{"rendered":"http:\/\/quehacerpolitico.mx\/mexico-consumidor-de-gama-media-en-telefonia-celular\/"},"modified":"2019-03-14T05:09:28","modified_gmt":"2019-03-14T05:09:28","slug":"mexico-consumidor-de-gama-media-en-telefonia-celular","status":"publish","type":"post","link":"https:\/\/quehacerpolitico.mx\/?p=20361","title":{"rendered":"M\u00e9xico, consumidor de gama media en telefon\u00eda celular"},"content":{"rendered":"<h3 class=\"post-title entry-title\">M\u00e9xico, consumidor de gama media en telefon\u00eda celular<\/h3>\n<p>Por Redacci\u00f3n QP<\/p>\n<p class=\"mobile-photo\"><a href=\"https:\/\/4.bp.blogspot.com\/-BuR9DTG6hik\/XImdb9npmuI\/AAAAAAADYmE\/3QcS4j8bZVMb4Pf9F3TPgdGanRCNpd5rwCK4BGAYYCw\/s1600\/5cce8dede81539708989_standard_desktop_medium_retina-704049.jpeg\" data-src=\"https:\/\/4.bp.blogspot.com\/-BuR9DTG6hik\/XImdb9npmuI\/AAAAAAADYmE\/3QcS4j8bZVMb4Pf9F3TPgdGanRCNpd5rwCK4BGAYYCw\/s1600\/5cce8dede81539708989_standard_desktop_medium_retina-704049.jpeg\" data-thumb=\"https:\/\/4.bp.blogspot.com\/-BuR9DTG6hik\/XImdb9npmuI\/AAAAAAADYmE\/3QcS4j8bZVMb4Pf9F3TPgdGanRCNpd5rwCK4BGAYYCw\/s320\/5cce8dede81539708989_standard_desktop_medium_retina-704049.jpeg\" class=\"ml-lightbox-enabled\"><img decoding=\"async\" id=\"BLOGGER_PHOTO_ID_6668033827021626082\" src=\"https:\/\/4.bp.blogspot.com\/-BuR9DTG6hik\/XImdb9npmuI\/AAAAAAADYmE\/3QcS4j8bZVMb4Pf9F3TPgdGanRCNpd5rwCK4BGAYYCw\/s320\/5cce8dede81539708989_standard_desktop_medium_retina-704049.jpeg\" alt=\"\" border=\"0\" \/><\/a><\/p>\n<div dir=\"ltr\">\n<div dir=\"ltr\">\n<div>M\u00e9xico, consumidor de gama<\/div>\n<div>\u00a0media en telefon\u00eda celular<\/div>\n<div>*De acuerdo con MediaTek, el m\u00f3vil se ha convertido en un producto &#8220;necesario&#8221;, por lo que los usuarios migran cada vez m\u00e1s a smartphones m\u00e1s avanzados<\/div>\n<div>\u00a0<\/div>\n<div>El mercado mexicano en telefon\u00eda celular se concentra en los celulares de gama media, de acuerdo con estudios de la empresa MediaTek, la cual estim\u00f3 que la tendencia este a\u00f1o ser\u00e1 la inteligencia artificial y la tecnolog\u00eda 5G.<\/div>\n<div>&#8220;El consumidor\u00a0 busca una eficiencia en consumo de energ\u00eda, tambi\u00e9n la experiencia que va en funci\u00f3n del desempe\u00f1o y la experiencia multimedia&#8221;<\/div>\n<div>Tras recordar que las empresas orientales se posicionaron en el mercado telef\u00f3nico en M\u00e9xico el a\u00f1o pasado, detall\u00f3 que la gama media consiste en un equipo entre la cantidad de dos mil a tres mil pesos que ofrece memoria de ocho a 16 GB, un sistema operativo Android 6 y una resoluci\u00f3n de 540 x960 pixeles, generaci\u00f3n 4G.\u00a0<\/div>\n<div>En el segundo lugar est\u00e1n los equipos de mil 500 a dos mil pesos con el 17 por ciento y en el tercer puesto se encuentra una gama m\u00e1s alta, de seis a 10 mil pesos con el 13 por ciento, dio a conocer la compa\u00f1\u00eda en conferencia de prensa.\u00a0<\/div>\n<div>&#8220;El m\u00f3vil se convierte en un dispositivo de consumo y a trav\u00e9s del tiempo se ha convertido en un producto necesario. Los usuarios han ido migrando de tel\u00e9fonos b\u00e1sicos a inteligentes y cada vez migran a un mejor tel\u00e9fono&#8221;, dijo el director de MediaTek, Hugo Simg.<\/div>\n<div>Tambi\u00e9n destacaron que se vive un momento de cambio en el que est\u00e1 desapareciendo el 2G y el 3G con el 4G y la reci\u00e9n llegada del 5G.<\/div>\n<div>Pero la desaparici\u00f3n no puede ser tan brusca y la llegada de nueva tecnolog\u00eda a M\u00e9xico no es tan r\u00e1pida, inclusive los nuevos tel\u00e9fonos con pantallas plegable tal vez se pueda utilizar m\u00e1ximo a fin de a\u00f1o, ya que se necesita un mayor desarrollo desde aplicaciones hasta innovaci\u00f3n.<\/div>\n<div>Incluso, pensando en la accesibilidad en costo m\u00ednimo tendr\u00e1n que pasar cuatro a\u00f1os.<\/div>\n<div>&#8220;Si solo es la pantalla plegable es una propuesta muy pobre para el mercado, tiene que ir acompa\u00f1ado de mayores innovaciones tecnol\u00f3gicas como un 5G que ofrezca una descarga de datos mucha m\u00e1s r\u00e1pida, donde tengas un poder de computo m\u00e1s robusto, donde se puedan correr aplicaciones de inteligencia artificial&#8221;, explic\u00f3 Simg.<\/div>\n<div>Los mexicanos gastan en aparatos del siguiente modo: 50 por ciento en tel\u00e9fonos inteligentes, seguido de Smart TV con el 25 por ciento, mientras que el resto lo complementan tablets, computadoras, consolas y otros.<\/div>\n<div>En el 2018, el inter\u00e9s de los mexicanos sobre la telefon\u00eda MediaTek registr\u00f3 que los usuarios al comprar un tel\u00e9fono se enfocaron principalmente a la duraci\u00f3n de bater\u00eda y el procesador, ya no tanto en el modelo como era antes.<\/div>\n<div>&#8220;El consumidor\u00a0 busca una eficiencia en consumo de energ\u00eda, tambi\u00e9n la experiencia que va en funci\u00f3n del desempe\u00f1o y la experiencia multimedia, principalmente en funci\u00f3n de las necesidades&#8221; indic\u00f3 el director.<\/div>\n<div>En el pa\u00eds existen 31.94 millones de unidades, de los cuales el 68 por ciento tienen los servicios de la compa\u00f1\u00eda telef\u00f3nica Telcel, el 15 es de AT&amp;T, el nueve por ciento otras compa\u00f1\u00edas y el ocho por ciento est\u00e1 con Movistar.<\/div>\n<div>Foto: La gama media consiste en un equipo entre la cantidad de dos mil a tres mil pesos que ofrece memoria de ocho a 16 GB y un sistema operativo Android 6<\/div>\n<div>\u00a0<\/div>\n<div>\u00a0<\/div>\n<div>+++++++++++++++++++++++++++++++<\/div>\n<div>No son los hackers, los incidentes de\u00a0<\/div>\n<div>seguridad los provocan los bancos: BaFin<\/div>\n<div>\u00a0<\/div>\n<div>La mayor\u00eda de los problemas de seguridad de TI o los incidentes que ocurren no son resultado de actividades delictivas externas. Entre el 66 y el 75% de los incidentes corresponden a problemas internos, dijo el presidente de BaFin, Felix Hufeld.<\/div>\n<div>\u00bfUn ataque de piratas inform\u00e1ticos al dispositivo de seguridad de un banco? Seg\u00fan el principal regulador financiero de Alemania, la mayor\u00eda de las veces se trata de un error humano o de malos controles inform\u00e1ticos en la propia empresa.<\/div>\n<div>&#8220;La gran mayor\u00eda de los problemas de seguridad de TI o los incidentes que ocurren no son resultado de actividades delictivas externas&#8221;, dijo el presidente de BaFin, Felix Hufeld. &#8220;Entre el 66 y el 75 por ciento de todos los incidentes corresponden m\u00e1s bien a problemas internos o errores o problemas de procedimiento&#8221;.<\/div>\n<div>Hufeld no hizo referencia a ninguna firma en concreto, pero el mayor banco de su pa\u00eds de origen, Deutsche Bank, ha sufrido el bochorno de problemas de TI, tales como transferencias accidentales de miles de millones de euros. Estos fallos pueden tener importantes consecuencias, ya que los reguladores ordenan a los bancos con sistemas inform\u00e1ticos deficientes que tengan m\u00e1s capital.<\/div>\n<div>No obstante, hay que tomarse en serio los ataques de delincuentes cibern\u00e9ticos a empresas financieras, dijo Hufeld en una conferencia en Basilea, Suiza, este mi\u00e9rcoles. Los organismos reguladores est\u00e1n presionando a las compa\u00f1\u00edas para que mejoren sus defensas y la planificaci\u00f3n de su respuesta a ataques con \u00e9xito, dijo.<\/div>\n<div>&#8220;La diferencia entre resolver un problema dentro de dos horas, en lugar de ocho o 24 horas, puede ser una diferencia de en torno a 20 mil millones de d\u00f3lares&#8221;, dijo.<\/div>\n<div>Foto: Bancos deben de reforzar su seguridad cibern\u00e9tica.<\/div>\n<div>+++++++++++++++++++\u00a0<\/div>\n<div>\u00a0<\/div>\n<div>Breves<\/div>\n<div>1.-La Bolsa Mexicana\u00a0<\/div>\n<div>\u00a0 \u00a0 regresa a terreno negativo<\/div>\n<div>La Bolsa Mexicana de Valores (BMV) finaliz\u00f3 con una baja de 0.32 por ciento, con lo que regres\u00f3 a terreno negativo, en l\u00ednea con los mercados internacionales.<\/div>\n<div>En cifras definitivas de cierre, el principal indicador accionario, el S&amp;P BMV IPC, se ubic\u00f3 41 mil 740.62 unidades, con 135.55 enteros menos respecto al viernes previo.<\/div>\n<div>Al t\u00e9rmino de la jornada accionaria, en la Bolsa Mexicana se oper\u00f3 un volumen de 203.5 millones de t\u00edtulos, por un importe econ\u00f3mico de seis mil 557.1 millones de pesos, con 53 emisoras que ganaron, 62 perdieron y cuatro se mantuvieron sin cambio.<\/div>\n<div>Este d\u00eda destac\u00f3 la ca\u00edda de las acciones de Grupo Financiero Banorte, de 1.16 por ciento, as\u00ed como de Grupo Alfa con menos 1.32 por ciento y Fomento Econ\u00f3mico Mexicano (Femsa) que perdi\u00f3 2.67 por ciento.<\/div>\n<div>La plaza burs\u00e1til local concluy\u00f3 en l\u00ednea con el \u00edndice Dow Jones de Estados Unidos, que perdi\u00f3 0.38 por ciento; por el contrario, el Standard and Poor\u00b4s 500 subi\u00f3 0.30 por ciento y el \u00edndice tecnol\u00f3gico Nasdaq avanz\u00f3 0.44 por ciento.<\/div>\n<div>En el mercado cambiario, d\u00f3lar libre cerr\u00f3 en 18.75 pesos a la compra y 19.60 pesos a la venta, mientras que el intercambio se ubic\u00f3 en 19.28 pesos a la compra y 19.29 pesos a la venta; en tanto, el euro se tom\u00f3 en 21.79 pesos y se ofert\u00f3 en 21.82 pesos, de acuerdo con Citibanamex.<\/div>\n<div>\u00a0<\/div>\n<div>2.-Productores de jitomate ven<\/div>\n<div>\u00a0 \u00a0 \u00a0riesgos en exportaciones a EU<\/div>\n<div>Productores y exportadores de jitomate pidieron al gobierno federal &#8220;endurecer&#8221; un poco m\u00e1s sus acciones para que el Departamento de Comercio de Estados Unidos (EU) se siente a negociar con ellos la extensi\u00f3n del acuerdo que evita se cobren impuestos compensatorios a la hortaliza mexicana, ya que la Casa Blanca pretende terminar con ese convenio el pr\u00f3ximo 7 de mayo.<\/div>\n<div>&#8220;Necesitamos presionar m\u00e1s duro porque el Departamento de Comercio de EU no nos ha abierto la puerta para reconsiderar o llegar a un acuerdo&#8221;<\/div>\n<div>La Confederaci\u00f3n de Asociaciones Agr\u00edcolas del Estado de Sinaloa (Caades), el Sistema Producto Tomate Nacional, la Asociaci\u00f3n Mexicana de Horticultura Protegida, el Consejo Agr\u00edcola de Baja California, la Asociaci\u00f3n de Productores de Hortalizas del Yaqui-Mayo, afirmaron que si no se renueva el acuerdo se pone en riesgo al sector exportador de dicha hortaliza y a m\u00e1s de 380 mil empleos directos.<\/div>\n<div>Explicaron que el acuerdo de suspensi\u00f3n opera desde 1996, por el cual no se cobra cuota compensatoria a la hortaliza mexicana a cambio de que se sujete a precios m\u00ednimos de venta, ello porque EU encontr\u00f3 supuestos indicios de pr\u00e1cticas desleales que lo llevaron a calcular de manera preliminar que el jitomate entraba con 17.5% de subvaluaci\u00f3n.<\/div>\n<div>\u00a0<\/div>\n<div>2.- El tequila se abre\u00a0<\/div>\n<div>\u00a0 \u00a0 \u00a0camino en China<\/div>\n<div>Lento y a base de mucho esfuerzo, as\u00ed est\u00e1 siendo el crecimiento del tequila mexicano en China, un mercado rendido hasta hace poco a la bebida nacional, el baijiou, en el que destilado de agave azul es cada vez m\u00e1s popular y conocido.<\/div>\n<div>&#8220;Ha sido un proceso largo. A China no lo puedes comparar con otro pa\u00eds ya que aqu\u00ed no mandas un producto y te olvidas de \u00e9l, le tienes que estar invirtiendo tiempo. Siento que ya se est\u00e1n recogiendo los frutos de las personas que llevan a\u00f1os picando piedra, tratando de entrar en el mercado y posicionar su producto&#8221;, cuenta Alba Avil\u00e9s, representante en China del Consejo Regulador del Tequila (CRT).<\/div>\n<div>Y as\u00ed lo atestiguan los n\u00fameros. El a\u00f1o pasado se exportaron a China 951 mil 293 litros, una cifra con la que el gigante asi\u00e1tico todav\u00eda no est\u00e1 entre los m\u00e1ximos importadores de tequila pero que supone un aumento interanual del 40%.<\/div>\n<div>Y un dato que muestra que China es uno de los pa\u00edses donde la bebida mexicana por excelencia tiene m\u00e1s posibilidades de crecer, se\u00f1ala Avil\u00e9s desde Shangh\u00e1i, donde se ubica desde hace 10 a\u00f1os una de las cuatro oficinas que el CRT tiene en el mundo.<\/div>\n<\/div>\n<\/div>\n","protected":false},"excerpt":{"rendered":"<p>M\u00e9xico, consumidor de gama media en telefon\u00eda celular<br \/>\nPor Redacci\u00f3n QP<\/p>\n","protected":false},"author":2,"featured_media":20360,"comment_status":"open","ping_status":"open","sticky":false,"template":"","format":"standard","meta":{"_monsterinsights_skip_tracking":false,"_monsterinsights_sitenote_active":false,"_monsterinsights_sitenote_note":"","_monsterinsights_sitenote_category":0,"footnotes":""},"categories":[56],"tags":[],"class_list":["post-20361","post","type-post","status-publish","format-standard","has-post-thumbnail","hentry","category-economia"],"yoast_head":"<!-- This site is optimized with the Yoast SEO plugin v27.3 - https:\/\/yoast.com\/product\/yoast-seo-wordpress\/ -->\n<title>M\u00e9xico, consumidor de gama media en telefon\u00eda celular -<\/title>\n<meta name=\"robots\" content=\"index, follow, max-snippet:-1, max-image-preview:large, max-video-preview:-1\" \/>\n<link rel=\"canonical\" href=\"https:\/\/quehacerpolitico.mx\/?p=20361\" \/>\n<meta property=\"og:locale\" content=\"es_MX\" \/>\n<meta property=\"og:type\" content=\"article\" \/>\n<meta property=\"og:title\" content=\"M\u00e9xico, consumidor de gama media en telefon\u00eda celular -\" \/>\n<meta property=\"og:description\" content=\"M\u00e9xico, consumidor de gama media en telefon\u00eda celular Por Redacci\u00f3n QP\" \/>\n<meta property=\"og:url\" content=\"https:\/\/quehacerpolitico.mx\/?p=20361\" \/>\n<meta property=\"article:published_time\" content=\"2019-03-14T05:09:28+00:00\" \/>\n<meta name=\"author\" content=\"Redacci\u00f3n QP\" \/>\n<meta name=\"twitter:card\" content=\"summary_large_image\" \/>\n<meta name=\"twitter:label1\" content=\"Escrito por\" \/>\n\t<meta name=\"twitter:data1\" content=\"Redacci\u00f3n QP\" \/>\n\t<meta name=\"twitter:label2\" content=\"Tiempo de lectura\" \/>\n\t<meta name=\"twitter:data2\" content=\"8 minutos\" \/>\n<script type=\"application\/ld+json\" class=\"yoast-schema-graph\">{\"@context\":\"https:\\\/\\\/schema.org\",\"@graph\":[{\"@type\":\"Article\",\"@id\":\"https:\\\/\\\/quehacerpolitico.mx\\\/?p=20361#article\",\"isPartOf\":{\"@id\":\"https:\\\/\\\/quehacerpolitico.mx\\\/?p=20361\"},\"author\":{\"name\":\"Redacci\u00f3n QP\",\"@id\":\"https:\\\/\\\/quehacerpolitico.mx\\\/#\\\/schema\\\/person\\\/496d8ad2d1d3f8036101dca7ee39e585\"},\"headline\":\"M\u00e9xico, consumidor de gama media en telefon\u00eda celular\",\"datePublished\":\"2019-03-14T05:09:28+00:00\",\"mainEntityOfPage\":{\"@id\":\"https:\\\/\\\/quehacerpolitico.mx\\\/?p=20361\"},\"wordCount\":1615,\"commentCount\":0,\"image\":{\"@id\":\"https:\\\/\\\/quehacerpolitico.mx\\\/?p=20361#primaryimage\"},\"thumbnailUrl\":\"\",\"articleSection\":[\"Econom\u00eda\"],\"inLanguage\":\"es\",\"potentialAction\":[{\"@type\":\"CommentAction\",\"name\":\"Comment\",\"target\":[\"https:\\\/\\\/quehacerpolitico.mx\\\/?p=20361#respond\"]}]},{\"@type\":\"WebPage\",\"@id\":\"https:\\\/\\\/quehacerpolitico.mx\\\/?p=20361\",\"url\":\"https:\\\/\\\/quehacerpolitico.mx\\\/?p=20361\",\"name\":\"M\u00e9xico, consumidor de gama media en telefon\u00eda celular -\",\"isPartOf\":{\"@id\":\"https:\\\/\\\/quehacerpolitico.mx\\\/#website\"},\"primaryImageOfPage\":{\"@id\":\"https:\\\/\\\/quehacerpolitico.mx\\\/?p=20361#primaryimage\"},\"image\":{\"@id\":\"https:\\\/\\\/quehacerpolitico.mx\\\/?p=20361#primaryimage\"},\"thumbnailUrl\":\"\",\"datePublished\":\"2019-03-14T05:09:28+00:00\",\"author\":{\"@id\":\"https:\\\/\\\/quehacerpolitico.mx\\\/#\\\/schema\\\/person\\\/496d8ad2d1d3f8036101dca7ee39e585\"},\"breadcrumb\":{\"@id\":\"https:\\\/\\\/quehacerpolitico.mx\\\/?p=20361#breadcrumb\"},\"inLanguage\":\"es\",\"potentialAction\":[{\"@type\":\"ReadAction\",\"target\":[\"https:\\\/\\\/quehacerpolitico.mx\\\/?p=20361\"]}]},{\"@type\":\"ImageObject\",\"inLanguage\":\"es\",\"@id\":\"https:\\\/\\\/quehacerpolitico.mx\\\/?p=20361#primaryimage\",\"url\":\"\",\"contentUrl\":\"\"},{\"@type\":\"BreadcrumbList\",\"@id\":\"https:\\\/\\\/quehacerpolitico.mx\\\/?p=20361#breadcrumb\",\"itemListElement\":[{\"@type\":\"ListItem\",\"position\":1,\"name\":\"Inicio\",\"item\":\"https:\\\/\\\/quehacerpolitico.mx\\\/\"},{\"@type\":\"ListItem\",\"position\":2,\"name\":\"M\u00e9xico, consumidor de gama media en telefon\u00eda celular\"}]},{\"@type\":\"WebSite\",\"@id\":\"https:\\\/\\\/quehacerpolitico.mx\\\/#website\",\"url\":\"https:\\\/\\\/quehacerpolitico.mx\\\/\",\"name\":\"\",\"description\":\"\",\"potentialAction\":[{\"@type\":\"SearchAction\",\"target\":{\"@type\":\"EntryPoint\",\"urlTemplate\":\"https:\\\/\\\/quehacerpolitico.mx\\\/?s={search_term_string}\"},\"query-input\":{\"@type\":\"PropertyValueSpecification\",\"valueRequired\":true,\"valueName\":\"search_term_string\"}}],\"inLanguage\":\"es\"},{\"@type\":\"Person\",\"@id\":\"https:\\\/\\\/quehacerpolitico.mx\\\/#\\\/schema\\\/person\\\/496d8ad2d1d3f8036101dca7ee39e585\",\"name\":\"Redacci\u00f3n QP\",\"image\":{\"@type\":\"ImageObject\",\"inLanguage\":\"es\",\"@id\":\"https:\\\/\\\/secure.gravatar.com\\\/avatar\\\/c7164ed6fdec453195284ad24a5ae5b6e1eed2b848477fa2a4787ba9adf39a41?s=96&d=mm&r=g\",\"url\":\"https:\\\/\\\/secure.gravatar.com\\\/avatar\\\/c7164ed6fdec453195284ad24a5ae5b6e1eed2b848477fa2a4787ba9adf39a41?s=96&d=mm&r=g\",\"contentUrl\":\"https:\\\/\\\/secure.gravatar.com\\\/avatar\\\/c7164ed6fdec453195284ad24a5ae5b6e1eed2b848477fa2a4787ba9adf39a41?s=96&d=mm&r=g\",\"caption\":\"Redacci\u00f3n QP\"},\"url\":\"https:\\\/\\\/quehacerpolitico.mx\\\/?author=2\"}]}<\/script>\n<!-- \/ Yoast SEO plugin. -->","yoast_head_json":{"title":"M\u00e9xico, consumidor de gama media en telefon\u00eda celular -","robots":{"index":"index","follow":"follow","max-snippet":"max-snippet:-1","max-image-preview":"max-image-preview:large","max-video-preview":"max-video-preview:-1"},"canonical":"https:\/\/quehacerpolitico.mx\/?p=20361","og_locale":"es_MX","og_type":"article","og_title":"M\u00e9xico, consumidor de gama media en telefon\u00eda celular -","og_description":"M\u00e9xico, consumidor de gama media en telefon\u00eda celular Por Redacci\u00f3n QP","og_url":"https:\/\/quehacerpolitico.mx\/?p=20361","article_published_time":"2019-03-14T05:09:28+00:00","author":"Redacci\u00f3n QP","twitter_card":"summary_large_image","twitter_misc":{"Escrito por":"Redacci\u00f3n QP","Tiempo de lectura":"8 minutos"},"schema":{"@context":"https:\/\/schema.org","@graph":[{"@type":"Article","@id":"https:\/\/quehacerpolitico.mx\/?p=20361#article","isPartOf":{"@id":"https:\/\/quehacerpolitico.mx\/?p=20361"},"author":{"name":"Redacci\u00f3n QP","@id":"https:\/\/quehacerpolitico.mx\/#\/schema\/person\/496d8ad2d1d3f8036101dca7ee39e585"},"headline":"M\u00e9xico, consumidor de gama media en telefon\u00eda celular","datePublished":"2019-03-14T05:09:28+00:00","mainEntityOfPage":{"@id":"https:\/\/quehacerpolitico.mx\/?p=20361"},"wordCount":1615,"commentCount":0,"image":{"@id":"https:\/\/quehacerpolitico.mx\/?p=20361#primaryimage"},"thumbnailUrl":"","articleSection":["Econom\u00eda"],"inLanguage":"es","potentialAction":[{"@type":"CommentAction","name":"Comment","target":["https:\/\/quehacerpolitico.mx\/?p=20361#respond"]}]},{"@type":"WebPage","@id":"https:\/\/quehacerpolitico.mx\/?p=20361","url":"https:\/\/quehacerpolitico.mx\/?p=20361","name":"M\u00e9xico, consumidor de gama media en telefon\u00eda celular -","isPartOf":{"@id":"https:\/\/quehacerpolitico.mx\/#website"},"primaryImageOfPage":{"@id":"https:\/\/quehacerpolitico.mx\/?p=20361#primaryimage"},"image":{"@id":"https:\/\/quehacerpolitico.mx\/?p=20361#primaryimage"},"thumbnailUrl":"","datePublished":"2019-03-14T05:09:28+00:00","author":{"@id":"https:\/\/quehacerpolitico.mx\/#\/schema\/person\/496d8ad2d1d3f8036101dca7ee39e585"},"breadcrumb":{"@id":"https:\/\/quehacerpolitico.mx\/?p=20361#breadcrumb"},"inLanguage":"es","potentialAction":[{"@type":"ReadAction","target":["https:\/\/quehacerpolitico.mx\/?p=20361"]}]},{"@type":"ImageObject","inLanguage":"es","@id":"https:\/\/quehacerpolitico.mx\/?p=20361#primaryimage","url":"","contentUrl":""},{"@type":"BreadcrumbList","@id":"https:\/\/quehacerpolitico.mx\/?p=20361#breadcrumb","itemListElement":[{"@type":"ListItem","position":1,"name":"Inicio","item":"https:\/\/quehacerpolitico.mx\/"},{"@type":"ListItem","position":2,"name":"M\u00e9xico, consumidor de gama media en telefon\u00eda celular"}]},{"@type":"WebSite","@id":"https:\/\/quehacerpolitico.mx\/#website","url":"https:\/\/quehacerpolitico.mx\/","name":"","description":"","potentialAction":[{"@type":"SearchAction","target":{"@type":"EntryPoint","urlTemplate":"https:\/\/quehacerpolitico.mx\/?s={search_term_string}"},"query-input":{"@type":"PropertyValueSpecification","valueRequired":true,"valueName":"search_term_string"}}],"inLanguage":"es"},{"@type":"Person","@id":"https:\/\/quehacerpolitico.mx\/#\/schema\/person\/496d8ad2d1d3f8036101dca7ee39e585","name":"Redacci\u00f3n QP","image":{"@type":"ImageObject","inLanguage":"es","@id":"https:\/\/secure.gravatar.com\/avatar\/c7164ed6fdec453195284ad24a5ae5b6e1eed2b848477fa2a4787ba9adf39a41?s=96&d=mm&r=g","url":"https:\/\/secure.gravatar.com\/avatar\/c7164ed6fdec453195284ad24a5ae5b6e1eed2b848477fa2a4787ba9adf39a41?s=96&d=mm&r=g","contentUrl":"https:\/\/secure.gravatar.com\/avatar\/c7164ed6fdec453195284ad24a5ae5b6e1eed2b848477fa2a4787ba9adf39a41?s=96&d=mm&r=g","caption":"Redacci\u00f3n QP"},"url":"https:\/\/quehacerpolitico.mx\/?author=2"}]}},"featured_image_urls":{"full":"","thumbnail":"","medium":"","medium_large":"","large":"","1536x1536":"","2048x2048":"","covernews-featured":"","covernews-medium":""},"author_info":{"display_name":"Redacci\u00f3n QP","author_link":"https:\/\/quehacerpolitico.mx\/?author=2"},"category_info":"<a href=\"https:\/\/quehacerpolitico.mx\/?cat=56\" rel=\"category\">Econom\u00eda<\/a>","tag_info":"Econom\u00eda","comment_count":"0","_links":{"self":[{"href":"https:\/\/quehacerpolitico.mx\/index.php?rest_route=\/wp\/v2\/posts\/20361","targetHints":{"allow":["GET"]}}],"collection":[{"href":"https:\/\/quehacerpolitico.mx\/index.php?rest_route=\/wp\/v2\/posts"}],"about":[{"href":"https:\/\/quehacerpolitico.mx\/index.php?rest_route=\/wp\/v2\/types\/post"}],"author":[{"embeddable":true,"href":"https:\/\/quehacerpolitico.mx\/index.php?rest_route=\/wp\/v2\/users\/2"}],"replies":[{"embeddable":true,"href":"https:\/\/quehacerpolitico.mx\/index.php?rest_route=%2Fwp%2Fv2%2Fcomments&post=20361"}],"version-history":[{"count":0,"href":"https:\/\/quehacerpolitico.mx\/index.php?rest_route=\/wp\/v2\/posts\/20361\/revisions"}],"wp:featuredmedia":[{"embeddable":true,"href":"https:\/\/quehacerpolitico.mx\/index.php?rest_route=\/"}],"wp:attachment":[{"href":"https:\/\/quehacerpolitico.mx\/index.php?rest_route=%2Fwp%2Fv2%2Fmedia&parent=20361"}],"wp:term":[{"taxonomy":"category","embeddable":true,"href":"https:\/\/quehacerpolitico.mx\/index.php?rest_route=%2Fwp%2Fv2%2Fcategories&post=20361"},{"taxonomy":"post_tag","embeddable":true,"href":"https:\/\/quehacerpolitico.mx\/index.php?rest_route=%2Fwp%2Fv2%2Ftags&post=20361"}],"curies":[{"name":"wp","href":"https:\/\/api.w.org\/{rel}","templated":true}]}}