{"id":20245,"date":"2019-03-13T14:38:04","date_gmt":"2019-03-13T14:38:04","guid":{"rendered":"http:\/\/quehacerpolitico.mx\/fuera-mascaras-pide-a-amlo-a-conservadores-niega-que-usen-bots-para-defenderlo\/"},"modified":"2019-03-13T14:38:04","modified_gmt":"2019-03-13T14:38:04","slug":"fuera-mascaras-pide-a-amlo-a-conservadores-niega-que-usen-bots-para-defenderlo","status":"publish","type":"post","link":"https:\/\/quehacerpolitico.mx\/?p=20245","title":{"rendered":"\u201cfuera m\u00e1scaras\u201d, pide a AMLO a conservadores, niega que usen bots para defenderlo"},"content":{"rendered":"<p>\u201cfuera m\u00e1scaras\u201d, pide a AMLO a conservadores, niega que usen bots para defenderlo<\/p>\n<p>Por Redacci\u00f3n QP<\/p>\n<p>El <strong>Presidente Andr\u00e9s Manuel L\u00f3pez Obrador<\/strong> rechaz\u00f3 que su Gobierno tenga <strong>bots<\/strong> para <strong>defenderlo<\/strong> en <strong>redes<\/strong> sociales. Consider\u00f3 que se trata de un tema del \u201c<strong>conservadurismo<\/strong>\u201d, cuya verdadera doctrina, dijo, \u201ces la <strong>hipocres\u00eda<\/strong>\u201d.<\/p>\n<blockquote>\n<p>\u201cAhora resulta que este <strong>estudio<\/strong> nos cuestiona porque hablamos de la prensa conservadora de la prensa fif\u00ed\u201d, dijo el Jefe del Ejecutivo Federal esta ma\u00f1ana al ser cuestionado sobre el estudio publicado ayer por el Laboratorio Signa_Lab del Instituto Tecnol\u00f3gico y de Estudios Superiores de Occidente (<strong>ITESO<\/strong>), que detalla el surgimiento y evoluci\u00f3n de una tendencia en la que un grupo de usuarios ha emprendido una campa\u00f1a de ataques y ridiculizaci\u00f3n de periodistas y medios cr\u00edticos al Gobierno federal.<\/p>\n<p>\u201c\u00bfUstedes se sienten de la prensa fif\u00ed?, pregunt\u00f3 luego el Presidente a los reporteros.<\/p>\n<p>L\u00f3pez Obrador pidi\u00f3 esta ma\u00f1ana que el conservadurismo se quite las m\u00e1scaras y acepte su \u201cpostura\u201d:<\/p>\n<blockquote>\n<p>\u201cFuera m\u00e1scaras. Nada de que soy independiente, soy objetivo, soy profesional, no tengo partido, no represento a nadie. No, es mejor decir: \u2018yo tengo esta postura\u2019. Y nosotros ejercer nuestro derecho de r\u00e9plica\u201d.<\/p>\n<p>Record\u00f3 la denuncia que hace unos d\u00edas hizo el peri\u00f3dico <em>Reforma<\/em>, quien inform\u00f3 que sus accionistas est\u00e1n siendo acosados a trav\u00e9s del Sistema de Administraci\u00f3n Tributaria (SAT).<\/p>\n<blockquote>\n<p>\u201cSe pasaron. Fue demasiado, nosotros no vamos nunca a faltarle el respeto a los medios, mucho menos a perseguir a nadie, a coartar la libertad de expresi\u00f3n\u201d, asegur\u00f3 esta ma\u00f1ana el primer mandatario.<\/p>\n<p>\u201cLo \u00fanico es que s\u00ed vamos a ejercer nuestro derecho de r\u00e9plica, y es interesante que haya este debate, que se d\u00e9 esta pol\u00e9mica. As\u00ed yo creo que todo mundo actuamos con mayor responsabilidad\u201d, recalc\u00f3.<\/p>\n<p>Dijo que es bueno que haya salido el estudio, pero neg\u00f3 que su Gobierno promueva esa red para defenderlo en Twitter.<\/p>\n<blockquote>\n<p>\u201cQu\u00e9 bueno que sali\u00f3 el estudio de esta universidad, pero no es cierto que haya un grupo promovido por nosotros para defendernos en contra de los que nos cuestionan o nos critican, adem\u00e1s con derecho y que es leg\u00edtimo\u201d, indic\u00f3.<\/p>\n<p>\u201cNosotros no tenemos bots. Ese es el tema con el conservadurismo\u201d, asegur\u00f3. \u201c\u00bfSaben cu\u00e1l es la verdadera doctrina de los conservadores? la hipocres\u00eda. Todos lo que ellos hacen piensan que lo hacen sus semejantes, eso es caracter\u00edstico del conservadurismo\u201d, a\u00f1adi\u00f3.<\/p>\n<p><strong>EL ESTUDIO<\/strong><\/p>\n<p>El laboratorio Signa_Lab del ITESO public\u00f3 ayer martes el informe titulado \u201cDemocracia, libertad de expresi\u00f3n y esfera digital. An\u00e1lisis de tendencias y topolog\u00edas en Twitter: el caso de la #RedAMLOve\u201d, en el que destaca el surgimiento y evoluci\u00f3n de una tendencia en la que un grupo de usuarios ha emprendido una campa\u00f1a de ataques y ridiculizaci\u00f3n de periodistas y medios cr\u00edticos al Gobierno federal.<\/p>\n<p>Estos usuarios conforman el grupo llamado #RedAMLOve, surgido en meses pasados y con amplia capacidad de convocatoria. De acuerdo con el estudio dado a conocer este martes, entre los meses de enero y febrero esta red de usuarios ha intensificado su hostilidad hacia comunicadores y medios definidos por su postura cr\u00edtica hacia el Primer Mandatario.<\/p>\n<p>En estas discusiones destaca el empleo de etiquetas negativas como #PrensaFif\u00ed, t\u00e9rmino que introdujo el propio Presidente Andr\u00e9s Manuel L\u00f3pez Obrador a la escena de las redes sociodigitales, o #Chayateros para referirse a una antigua pr\u00e1ctica en la que gobiernos, pol\u00edticos y otros actores de poder integran a su n\u00f3mina a algunos comunicadores con el fin de controlarles y censurarles.<\/p>\n<p>El an\u00e1lisis realizado por Signa_Lab \u2013obtenido por medio de la herramienta THOTH, desarrollada por ese mismo laboratorio\u2013 muestra que la discusi\u00f3n al interior de la #RedAmlove se ha orientado en los \u00faltimos d\u00edas al ataque a periodistas que cubren las entrevistas ma\u00f1aneras.<\/p>\n<p>\u201cLas constantes descalificaciones han ido escalando no solamente hacia los periodistas de la prensa m\u00e1s convencional en M\u00e9xico, como Loret de Mola o L\u00f3pez D\u00f3riga, sino especialmente a las y los periodistas que cubren \u201clas ma\u00f1aneras\u201d, conferencias matutinas en las que L\u00f3pez Obrador usa con frecuencia adjetivaciones como \u201cprensa fif\u00ed\u201d, a la que acusa de calumnias y \u2018voladas\u2019\u201d, plantea el informe.<\/p>\n<blockquote class=\"twitter-tweet\" data-width=\"550\" data-dnt=\"true\">\n<p lang=\"es\" dir=\"ltr\">No fue casual que, durante mucho tiempo, la corrupci\u00f3n no se considerara delito grave. Conferencia matutina. <a href=\"https:\/\/t.co\/zp9xKPZth2\">https:\/\/t.co\/zp9xKPZth2<\/a><\/p>\n<p>&mdash; Andr\u00e9s Manuel (@lopezobrador_) <a href=\"https:\/\/twitter.com\/lopezobrador_\/status\/1105817917596155904?ref_src=twsrc%5Etfw\">March 13, 2019<\/a><\/p><\/blockquote>\n<p><script async src=\"https:\/\/platform.twitter.com\/widgets.js\" charset=\"utf-8\"><\/script><\/p>\n<\/blockquote>\n<\/blockquote>\n<\/blockquote>\n<\/blockquote>\n","protected":false},"excerpt":{"rendered":"<p>\u201cfuera m\u00e1scaras\u201d, pide a AMLO a conservadores, niega que usen bots para defenderlo<br \/>\nPor Redacci\u00f3n QP<\/p>\n","protected":false},"author":2,"featured_media":20244,"comment_status":"open","ping_status":"open","sticky":false,"template":"","format":"standard","meta":{"_monsterinsights_skip_tracking":false,"_monsterinsights_sitenote_active":false,"_monsterinsights_sitenote_note":"","_monsterinsights_sitenote_category":0,"footnotes":""},"categories":[2],"tags":[],"class_list":["post-20245","post","type-post","status-publish","format-standard","has-post-thumbnail","hentry","category-noticias"],"yoast_head":"<!-- This site is optimized with the Yoast SEO plugin v27.3 - https:\/\/yoast.com\/product\/yoast-seo-wordpress\/ -->\n<title>\u201cfuera m\u00e1scaras\u201d, pide a AMLO a conservadores, niega que usen bots para defenderlo -<\/title>\n<meta name=\"robots\" content=\"index, follow, max-snippet:-1, max-image-preview:large, max-video-preview:-1\" \/>\n<link rel=\"canonical\" href=\"https:\/\/quehacerpolitico.mx\/?p=20245\" \/>\n<meta property=\"og:locale\" content=\"es_MX\" \/>\n<meta property=\"og:type\" content=\"article\" \/>\n<meta property=\"og:title\" content=\"\u201cfuera m\u00e1scaras\u201d, pide a AMLO a conservadores, niega que usen bots para defenderlo -\" \/>\n<meta property=\"og:description\" content=\"\u201cfuera m\u00e1scaras\u201d, pide a AMLO a conservadores, niega que usen bots para defenderlo Por Redacci\u00f3n QP\" \/>\n<meta property=\"og:url\" content=\"https:\/\/quehacerpolitico.mx\/?p=20245\" \/>\n<meta property=\"article:published_time\" content=\"2019-03-13T14:38:04+00:00\" \/>\n<meta name=\"author\" content=\"Redacci\u00f3n QP\" \/>\n<meta name=\"twitter:card\" content=\"summary_large_image\" \/>\n<meta name=\"twitter:label1\" content=\"Escrito por\" \/>\n\t<meta name=\"twitter:data1\" content=\"Redacci\u00f3n QP\" \/>\n\t<meta name=\"twitter:label2\" content=\"Tiempo de lectura\" \/>\n\t<meta name=\"twitter:data2\" content=\"4 minutos\" \/>\n<script type=\"application\/ld+json\" class=\"yoast-schema-graph\">{\"@context\":\"https:\\\/\\\/schema.org\",\"@graph\":[{\"@type\":\"Article\",\"@id\":\"https:\\\/\\\/quehacerpolitico.mx\\\/?p=20245#article\",\"isPartOf\":{\"@id\":\"https:\\\/\\\/quehacerpolitico.mx\\\/?p=20245\"},\"author\":{\"name\":\"Redacci\u00f3n QP\",\"@id\":\"https:\\\/\\\/quehacerpolitico.mx\\\/#\\\/schema\\\/person\\\/496d8ad2d1d3f8036101dca7ee39e585\"},\"headline\":\"\u201cfuera m\u00e1scaras\u201d, pide a AMLO a conservadores, niega que usen bots para defenderlo\",\"datePublished\":\"2019-03-13T14:38:04+00:00\",\"mainEntityOfPage\":{\"@id\":\"https:\\\/\\\/quehacerpolitico.mx\\\/?p=20245\"},\"wordCount\":749,\"commentCount\":0,\"image\":{\"@id\":\"https:\\\/\\\/quehacerpolitico.mx\\\/?p=20245#primaryimage\"},\"thumbnailUrl\":\"\",\"articleSection\":[\"Noticias\"],\"inLanguage\":\"es\",\"potentialAction\":[{\"@type\":\"CommentAction\",\"name\":\"Comment\",\"target\":[\"https:\\\/\\\/quehacerpolitico.mx\\\/?p=20245#respond\"]}]},{\"@type\":\"WebPage\",\"@id\":\"https:\\\/\\\/quehacerpolitico.mx\\\/?p=20245\",\"url\":\"https:\\\/\\\/quehacerpolitico.mx\\\/?p=20245\",\"name\":\"\u201cfuera m\u00e1scaras\u201d, pide a AMLO a conservadores, niega que usen bots para defenderlo -\",\"isPartOf\":{\"@id\":\"https:\\\/\\\/quehacerpolitico.mx\\\/#website\"},\"primaryImageOfPage\":{\"@id\":\"https:\\\/\\\/quehacerpolitico.mx\\\/?p=20245#primaryimage\"},\"image\":{\"@id\":\"https:\\\/\\\/quehacerpolitico.mx\\\/?p=20245#primaryimage\"},\"thumbnailUrl\":\"\",\"datePublished\":\"2019-03-13T14:38:04+00:00\",\"author\":{\"@id\":\"https:\\\/\\\/quehacerpolitico.mx\\\/#\\\/schema\\\/person\\\/496d8ad2d1d3f8036101dca7ee39e585\"},\"breadcrumb\":{\"@id\":\"https:\\\/\\\/quehacerpolitico.mx\\\/?p=20245#breadcrumb\"},\"inLanguage\":\"es\",\"potentialAction\":[{\"@type\":\"ReadAction\",\"target\":[\"https:\\\/\\\/quehacerpolitico.mx\\\/?p=20245\"]}]},{\"@type\":\"ImageObject\",\"inLanguage\":\"es\",\"@id\":\"https:\\\/\\\/quehacerpolitico.mx\\\/?p=20245#primaryimage\",\"url\":\"\",\"contentUrl\":\"\"},{\"@type\":\"BreadcrumbList\",\"@id\":\"https:\\\/\\\/quehacerpolitico.mx\\\/?p=20245#breadcrumb\",\"itemListElement\":[{\"@type\":\"ListItem\",\"position\":1,\"name\":\"Inicio\",\"item\":\"https:\\\/\\\/quehacerpolitico.mx\\\/\"},{\"@type\":\"ListItem\",\"position\":2,\"name\":\"\u201cfuera m\u00e1scaras\u201d, pide a AMLO a conservadores, niega que usen bots para defenderlo\"}]},{\"@type\":\"WebSite\",\"@id\":\"https:\\\/\\\/quehacerpolitico.mx\\\/#website\",\"url\":\"https:\\\/\\\/quehacerpolitico.mx\\\/\",\"name\":\"\",\"description\":\"\",\"potentialAction\":[{\"@type\":\"SearchAction\",\"target\":{\"@type\":\"EntryPoint\",\"urlTemplate\":\"https:\\\/\\\/quehacerpolitico.mx\\\/?s={search_term_string}\"},\"query-input\":{\"@type\":\"PropertyValueSpecification\",\"valueRequired\":true,\"valueName\":\"search_term_string\"}}],\"inLanguage\":\"es\"},{\"@type\":\"Person\",\"@id\":\"https:\\\/\\\/quehacerpolitico.mx\\\/#\\\/schema\\\/person\\\/496d8ad2d1d3f8036101dca7ee39e585\",\"name\":\"Redacci\u00f3n QP\",\"image\":{\"@type\":\"ImageObject\",\"inLanguage\":\"es\",\"@id\":\"https:\\\/\\\/secure.gravatar.com\\\/avatar\\\/c7164ed6fdec453195284ad24a5ae5b6e1eed2b848477fa2a4787ba9adf39a41?s=96&d=mm&r=g\",\"url\":\"https:\\\/\\\/secure.gravatar.com\\\/avatar\\\/c7164ed6fdec453195284ad24a5ae5b6e1eed2b848477fa2a4787ba9adf39a41?s=96&d=mm&r=g\",\"contentUrl\":\"https:\\\/\\\/secure.gravatar.com\\\/avatar\\\/c7164ed6fdec453195284ad24a5ae5b6e1eed2b848477fa2a4787ba9adf39a41?s=96&d=mm&r=g\",\"caption\":\"Redacci\u00f3n QP\"},\"url\":\"https:\\\/\\\/quehacerpolitico.mx\\\/?author=2\"}]}<\/script>\n<!-- \/ Yoast SEO plugin. -->","yoast_head_json":{"title":"\u201cfuera m\u00e1scaras\u201d, pide a AMLO a conservadores, niega que usen bots para defenderlo -","robots":{"index":"index","follow":"follow","max-snippet":"max-snippet:-1","max-image-preview":"max-image-preview:large","max-video-preview":"max-video-preview:-1"},"canonical":"https:\/\/quehacerpolitico.mx\/?p=20245","og_locale":"es_MX","og_type":"article","og_title":"\u201cfuera m\u00e1scaras\u201d, pide a AMLO a conservadores, niega que usen bots para defenderlo -","og_description":"\u201cfuera m\u00e1scaras\u201d, pide a AMLO a conservadores, niega que usen bots para defenderlo Por Redacci\u00f3n QP","og_url":"https:\/\/quehacerpolitico.mx\/?p=20245","article_published_time":"2019-03-13T14:38:04+00:00","author":"Redacci\u00f3n QP","twitter_card":"summary_large_image","twitter_misc":{"Escrito por":"Redacci\u00f3n QP","Tiempo de lectura":"4 minutos"},"schema":{"@context":"https:\/\/schema.org","@graph":[{"@type":"Article","@id":"https:\/\/quehacerpolitico.mx\/?p=20245#article","isPartOf":{"@id":"https:\/\/quehacerpolitico.mx\/?p=20245"},"author":{"name":"Redacci\u00f3n QP","@id":"https:\/\/quehacerpolitico.mx\/#\/schema\/person\/496d8ad2d1d3f8036101dca7ee39e585"},"headline":"\u201cfuera m\u00e1scaras\u201d, pide a AMLO a conservadores, niega que usen bots para defenderlo","datePublished":"2019-03-13T14:38:04+00:00","mainEntityOfPage":{"@id":"https:\/\/quehacerpolitico.mx\/?p=20245"},"wordCount":749,"commentCount":0,"image":{"@id":"https:\/\/quehacerpolitico.mx\/?p=20245#primaryimage"},"thumbnailUrl":"","articleSection":["Noticias"],"inLanguage":"es","potentialAction":[{"@type":"CommentAction","name":"Comment","target":["https:\/\/quehacerpolitico.mx\/?p=20245#respond"]}]},{"@type":"WebPage","@id":"https:\/\/quehacerpolitico.mx\/?p=20245","url":"https:\/\/quehacerpolitico.mx\/?p=20245","name":"\u201cfuera m\u00e1scaras\u201d, pide a AMLO a conservadores, niega que usen bots para defenderlo -","isPartOf":{"@id":"https:\/\/quehacerpolitico.mx\/#website"},"primaryImageOfPage":{"@id":"https:\/\/quehacerpolitico.mx\/?p=20245#primaryimage"},"image":{"@id":"https:\/\/quehacerpolitico.mx\/?p=20245#primaryimage"},"thumbnailUrl":"","datePublished":"2019-03-13T14:38:04+00:00","author":{"@id":"https:\/\/quehacerpolitico.mx\/#\/schema\/person\/496d8ad2d1d3f8036101dca7ee39e585"},"breadcrumb":{"@id":"https:\/\/quehacerpolitico.mx\/?p=20245#breadcrumb"},"inLanguage":"es","potentialAction":[{"@type":"ReadAction","target":["https:\/\/quehacerpolitico.mx\/?p=20245"]}]},{"@type":"ImageObject","inLanguage":"es","@id":"https:\/\/quehacerpolitico.mx\/?p=20245#primaryimage","url":"","contentUrl":""},{"@type":"BreadcrumbList","@id":"https:\/\/quehacerpolitico.mx\/?p=20245#breadcrumb","itemListElement":[{"@type":"ListItem","position":1,"name":"Inicio","item":"https:\/\/quehacerpolitico.mx\/"},{"@type":"ListItem","position":2,"name":"\u201cfuera m\u00e1scaras\u201d, pide a AMLO a conservadores, niega que usen bots para defenderlo"}]},{"@type":"WebSite","@id":"https:\/\/quehacerpolitico.mx\/#website","url":"https:\/\/quehacerpolitico.mx\/","name":"","description":"","potentialAction":[{"@type":"SearchAction","target":{"@type":"EntryPoint","urlTemplate":"https:\/\/quehacerpolitico.mx\/?s={search_term_string}"},"query-input":{"@type":"PropertyValueSpecification","valueRequired":true,"valueName":"search_term_string"}}],"inLanguage":"es"},{"@type":"Person","@id":"https:\/\/quehacerpolitico.mx\/#\/schema\/person\/496d8ad2d1d3f8036101dca7ee39e585","name":"Redacci\u00f3n QP","image":{"@type":"ImageObject","inLanguage":"es","@id":"https:\/\/secure.gravatar.com\/avatar\/c7164ed6fdec453195284ad24a5ae5b6e1eed2b848477fa2a4787ba9adf39a41?s=96&d=mm&r=g","url":"https:\/\/secure.gravatar.com\/avatar\/c7164ed6fdec453195284ad24a5ae5b6e1eed2b848477fa2a4787ba9adf39a41?s=96&d=mm&r=g","contentUrl":"https:\/\/secure.gravatar.com\/avatar\/c7164ed6fdec453195284ad24a5ae5b6e1eed2b848477fa2a4787ba9adf39a41?s=96&d=mm&r=g","caption":"Redacci\u00f3n QP"},"url":"https:\/\/quehacerpolitico.mx\/?author=2"}]}},"featured_image_urls":{"full":"","thumbnail":"","medium":"","medium_large":"","large":"","1536x1536":"","2048x2048":"","covernews-featured":"","covernews-medium":""},"author_info":{"display_name":"Redacci\u00f3n QP","author_link":"https:\/\/quehacerpolitico.mx\/?author=2"},"category_info":"<a href=\"https:\/\/quehacerpolitico.mx\/?cat=2\" rel=\"category\">Noticias<\/a>","tag_info":"Noticias","comment_count":"0","_links":{"self":[{"href":"https:\/\/quehacerpolitico.mx\/index.php?rest_route=\/wp\/v2\/posts\/20245","targetHints":{"allow":["GET"]}}],"collection":[{"href":"https:\/\/quehacerpolitico.mx\/index.php?rest_route=\/wp\/v2\/posts"}],"about":[{"href":"https:\/\/quehacerpolitico.mx\/index.php?rest_route=\/wp\/v2\/types\/post"}],"author":[{"embeddable":true,"href":"https:\/\/quehacerpolitico.mx\/index.php?rest_route=\/wp\/v2\/users\/2"}],"replies":[{"embeddable":true,"href":"https:\/\/quehacerpolitico.mx\/index.php?rest_route=%2Fwp%2Fv2%2Fcomments&post=20245"}],"version-history":[{"count":0,"href":"https:\/\/quehacerpolitico.mx\/index.php?rest_route=\/wp\/v2\/posts\/20245\/revisions"}],"wp:featuredmedia":[{"embeddable":true,"href":"https:\/\/quehacerpolitico.mx\/index.php?rest_route=\/"}],"wp:attachment":[{"href":"https:\/\/quehacerpolitico.mx\/index.php?rest_route=%2Fwp%2Fv2%2Fmedia&parent=20245"}],"wp:term":[{"taxonomy":"category","embeddable":true,"href":"https:\/\/quehacerpolitico.mx\/index.php?rest_route=%2Fwp%2Fv2%2Fcategories&post=20245"},{"taxonomy":"post_tag","embeddable":true,"href":"https:\/\/quehacerpolitico.mx\/index.php?rest_route=%2Fwp%2Fv2%2Ftags&post=20245"}],"curies":[{"name":"wp","href":"https:\/\/api.w.org\/{rel}","templated":true}]}}