{"id":20176,"date":"2019-03-13T01:00:30","date_gmt":"2019-03-13T01:00:30","guid":{"rendered":"http:\/\/quehacerpolitico.mx\/reclaman-por-eliminacion-de-la-frase-sufragio-efectivo-en-documentos\/"},"modified":"2019-03-13T01:00:30","modified_gmt":"2019-03-13T01:00:30","slug":"reclaman-por-eliminacion-de-la-frase-sufragio-efectivo-en-documentos","status":"publish","type":"post","link":"https:\/\/quehacerpolitico.mx\/?p=20176","title":{"rendered":"Reclaman por eliminaci\u00f3n de la frase &#8220;Sufragio efectivo&#8221; en documentos"},"content":{"rendered":"<h1 class=\"news-title\">Reclaman por eliminaci\u00f3n de la frase &#8220;Sufragio efectivo&#8221; en documentos<\/h1>\n<p>Por Redacci\u00f3n QP<\/p>\n<header class=\"news-header\">\n<div class=\"news-subtitle\">\n<p>En redes se difundi\u00f3 una imagen en la que supuestamente se suspende la frase &#8220;Sufragio Efectivo no Reelecci\u00f3n&#8221; en la documentaci\u00f3n oficial de la SCT; el gobierno federal asegura que esto es falso<\/p>\n<\/div>\n<\/header>\n<div class=\"news-content\">\n<div class=\"news-body row\">\n<p>Los ex presidentes Vicente Fox y Felipe Calder\u00f3n\u00a0\u00a0as\u00ed como la ex candidata Margarita Zavala hicieron eco a un mensaje que circula en redes sociales, <strong>seg\u00fan el cual se suspende la frase &#8220;Sufragio Efectivo no Reelecci\u00f3n&#8221; en la documentaci\u00f3n oficial de la SCT<\/strong>.\u00a0 Consultada al respecto, la oficina de prensa de Presidencia refiri\u00f3 que tal oficio no es real, &#8220;es fake&#8221;, aclar\u00f3. \u00a0<\/p>\n<div id=\"div-gpt-ad-1548262875188-0\" data-google-query-id=\"CKLMyr30_eACFQSPYgod0xgDAQ\">\n<div id=\"google_ads_iframe_\/1001694\/INF_intext_1_0__container__\"><strong>Dicha frase se volvi\u00f3 tendencia desde muy temprana hora de este martes, con el hashtag #SufragioEfectivoNoReelecci\u00f3n<\/strong>. La imagen en cuesti\u00f3n es presuntamente un documento que alude al a\u00f1o de Emiliano Zapata y a la identidad de los oficios del gobierno federal. Seg\u00fan se lee, el Gobierno Federal,\u00a0decidi\u00f3 suprimir la frase &#8220;Sufragio Efectivo, No Reelecci\u00f3n&#8221; de la papeler\u00eda oficial. \u00a0<\/div>\n<\/div>\n<p><strong>&#8220;1.- <\/strong>Todos los oficios deber\u00e1n traer en la parte superior izquierda y despu\u00e9s del logotipo de la SCT, la imagen de Emiliano Zapata, como se muestra&#8221;, refiere el supuesto documento, firmado por la Maestra en Psicolog\u00eda Nonantzine Victoria Orta. \u00a0<\/p>\n<p><strong>&#8220;2.- <\/strong>Se suspende el uso de la frase &#8220;Sufragio efectivo. No reelecci\u00f3n&#8221;, continua el escrito. \u00a0<\/p>\n<blockquote class=\"twitter-tweet\" data-width=\"550\" data-dnt=\"true\">\n<p lang=\"es\" dir=\"ltr\">Esto para variar, es una violaci\u00f3n flagrante a nuestras Leyes de parte de AMLO y el gobierno federal. <br \/>Incre\u00edble al nivel de descaro que hemos llegado.<br \/>Despu\u00e9s dice el susodicho que me va a llevar a juicio por supuestas violaciones a la ley electoral. <a href=\"https:\/\/t.co\/OtUHbWKtdt\">pic.twitter.com\/OtUHbWKtdt<\/a><\/p>\n<p>&mdash; Vicente Fox Quesada (@VicenteFoxQue) <a href=\"https:\/\/twitter.com\/VicenteFoxQue\/status\/1105536802788651008?ref_src=twsrc%5Etfw\">March 12, 2019<\/a><\/p><\/blockquote>\n<p><script async src=\"https:\/\/platform.twitter.com\/widgets.js\" charset=\"utf-8\"><\/script><\/p>\n<p>El documento, se supone, es una comunicaci\u00f3n interna dentro de la Secretar\u00eda de Comunicaciones y Transportes. \u00a0<\/p>\n<p>&#8220;Esto para variar, es una violaci\u00f3n flagrante a nuestras Leyes de parte de AMLO y el gobierno federal. Incre\u00edble al nivel de descaro que hemos llegado. Despu\u00e9s dice el susodicho que me va a llevar a juicio por supuestas violaciones a la ley electoral&#8221;, escribi\u00f3 el ex presidente Fox en Twitter. \u00a0<\/p>\n<p>La ex primera dama Margarita Zavala\u00a0cuestion\u00f3 en la misma red social: &#8220;\u00bfEs cierto?&#8221;, mensaje que re tuite\u00f3 el ex presidente Calder\u00f3n. Los ex mandatarios cuestionaron la veracidad de la medida.<\/p>\n<blockquote class=\"twitter-tweet\" data-width=\"550\" data-dnt=\"true\">\n<p lang=\"es\" dir=\"ltr\">\u00bfEs cierto? <a href=\"https:\/\/t.co\/8qyjKglO0w\">pic.twitter.com\/8qyjKglO0w<\/a><\/p>\n<p>&mdash; Margarita Zavala (@Mzavalagc) <a href=\"https:\/\/twitter.com\/Mzavalagc\/status\/1105538169066450946?ref_src=twsrc%5Etfw\">March 12, 2019<\/a><\/p><\/blockquote>\n<p><script async src=\"https:\/\/platform.twitter.com\/widgets.js\" charset=\"utf-8\"><\/script><\/p>\n<p>El 13 de enero de este a\u00f1o el Diario Oficial de la Federaci\u00f3n public\u00f3 un decreto en el que se declara a 2019 como el A\u00f1o del Caudillo del Sur, Emiliano Zapata. Su art\u00edculo segundo dice: &#8220;Durante el a\u00f1o 2019, en toda la documentaci\u00f3n oficial de la Federaci\u00f3n se inscribir\u00e1 la leyenda: &#8216;2019, A\u00f1o del Caudillo del Sur, Emiliano Zapata&#8217;. En estricto apego al principio de distribuci\u00f3n de competencias, se invita a las entidades federativas, municipios y demarcaciones territoriales de la Ciudad de M\u00e9xico a adherirse a la presente declaratoria.&#8221; \u00a0<\/p>\n<p>Tal declaratoria no hace referencia alguna a la frase &#8220;Sufragio efectivo, no reelecci\u00f3n&#8221;, ya que dicha frase es atribuida al entonces presidente Francisco I. Madero, quien la utiliz\u00f3 en su campa\u00f1a a la presidencia, no a Emiliano Zapata.<\/p>\n<\/div>\n<\/div>\n","protected":false},"excerpt":{"rendered":"<p>Reclaman por eliminaci\u00f3n de la frase &#8220;Sufragio efectivo&#8221; en documentos<br \/>\nPor Redacci\u00f3n QP<\/p>\n","protected":false},"author":2,"featured_media":20175,"comment_status":"open","ping_status":"open","sticky":false,"template":"","format":"standard","meta":{"_monsterinsights_skip_tracking":false,"_monsterinsights_sitenote_active":false,"_monsterinsights_sitenote_note":"","_monsterinsights_sitenote_category":0,"footnotes":""},"categories":[2],"tags":[],"class_list":["post-20176","post","type-post","status-publish","format-standard","has-post-thumbnail","hentry","category-noticias"],"yoast_head":"<!-- This site is optimized with the Yoast SEO plugin v27.3 - https:\/\/yoast.com\/product\/yoast-seo-wordpress\/ -->\n<title>Reclaman por eliminaci\u00f3n de la frase &quot;Sufragio efectivo&quot; en documentos -<\/title>\n<meta name=\"robots\" content=\"index, follow, max-snippet:-1, max-image-preview:large, max-video-preview:-1\" \/>\n<link rel=\"canonical\" href=\"https:\/\/quehacerpolitico.mx\/?p=20176\" \/>\n<meta property=\"og:locale\" content=\"es_MX\" \/>\n<meta property=\"og:type\" content=\"article\" \/>\n<meta property=\"og:title\" content=\"Reclaman por eliminaci\u00f3n de la frase &quot;Sufragio efectivo&quot; en documentos -\" \/>\n<meta property=\"og:description\" content=\"Reclaman por eliminaci\u00f3n de la frase &quot;Sufragio efectivo&quot; en documentos Por Redacci\u00f3n QP\" \/>\n<meta property=\"og:url\" content=\"https:\/\/quehacerpolitico.mx\/?p=20176\" \/>\n<meta property=\"article:published_time\" content=\"2019-03-13T01:00:30+00:00\" \/>\n<meta name=\"author\" content=\"Redacci\u00f3n QP\" \/>\n<meta name=\"twitter:card\" content=\"summary_large_image\" \/>\n<meta name=\"twitter:label1\" content=\"Escrito por\" \/>\n\t<meta name=\"twitter:data1\" content=\"Redacci\u00f3n QP\" \/>\n\t<meta name=\"twitter:label2\" content=\"Tiempo de lectura\" \/>\n\t<meta name=\"twitter:data2\" content=\"2 minutos\" \/>\n<script type=\"application\/ld+json\" class=\"yoast-schema-graph\">{\"@context\":\"https:\\\/\\\/schema.org\",\"@graph\":[{\"@type\":\"Article\",\"@id\":\"https:\\\/\\\/quehacerpolitico.mx\\\/?p=20176#article\",\"isPartOf\":{\"@id\":\"https:\\\/\\\/quehacerpolitico.mx\\\/?p=20176\"},\"author\":{\"name\":\"Redacci\u00f3n QP\",\"@id\":\"https:\\\/\\\/quehacerpolitico.mx\\\/#\\\/schema\\\/person\\\/496d8ad2d1d3f8036101dca7ee39e585\"},\"headline\":\"Reclaman por eliminaci\u00f3n de la frase &#8220;Sufragio efectivo&#8221; en documentos\",\"datePublished\":\"2019-03-13T01:00:30+00:00\",\"mainEntityOfPage\":{\"@id\":\"https:\\\/\\\/quehacerpolitico.mx\\\/?p=20176\"},\"wordCount\":502,\"commentCount\":0,\"image\":{\"@id\":\"https:\\\/\\\/quehacerpolitico.mx\\\/?p=20176#primaryimage\"},\"thumbnailUrl\":\"\",\"articleSection\":[\"Noticias\"],\"inLanguage\":\"es\",\"potentialAction\":[{\"@type\":\"CommentAction\",\"name\":\"Comment\",\"target\":[\"https:\\\/\\\/quehacerpolitico.mx\\\/?p=20176#respond\"]}]},{\"@type\":\"WebPage\",\"@id\":\"https:\\\/\\\/quehacerpolitico.mx\\\/?p=20176\",\"url\":\"https:\\\/\\\/quehacerpolitico.mx\\\/?p=20176\",\"name\":\"Reclaman por eliminaci\u00f3n de la frase \\\"Sufragio efectivo\\\" en documentos -\",\"isPartOf\":{\"@id\":\"https:\\\/\\\/quehacerpolitico.mx\\\/#website\"},\"primaryImageOfPage\":{\"@id\":\"https:\\\/\\\/quehacerpolitico.mx\\\/?p=20176#primaryimage\"},\"image\":{\"@id\":\"https:\\\/\\\/quehacerpolitico.mx\\\/?p=20176#primaryimage\"},\"thumbnailUrl\":\"\",\"datePublished\":\"2019-03-13T01:00:30+00:00\",\"author\":{\"@id\":\"https:\\\/\\\/quehacerpolitico.mx\\\/#\\\/schema\\\/person\\\/496d8ad2d1d3f8036101dca7ee39e585\"},\"breadcrumb\":{\"@id\":\"https:\\\/\\\/quehacerpolitico.mx\\\/?p=20176#breadcrumb\"},\"inLanguage\":\"es\",\"potentialAction\":[{\"@type\":\"ReadAction\",\"target\":[\"https:\\\/\\\/quehacerpolitico.mx\\\/?p=20176\"]}]},{\"@type\":\"ImageObject\",\"inLanguage\":\"es\",\"@id\":\"https:\\\/\\\/quehacerpolitico.mx\\\/?p=20176#primaryimage\",\"url\":\"\",\"contentUrl\":\"\"},{\"@type\":\"BreadcrumbList\",\"@id\":\"https:\\\/\\\/quehacerpolitico.mx\\\/?p=20176#breadcrumb\",\"itemListElement\":[{\"@type\":\"ListItem\",\"position\":1,\"name\":\"Inicio\",\"item\":\"https:\\\/\\\/quehacerpolitico.mx\\\/\"},{\"@type\":\"ListItem\",\"position\":2,\"name\":\"Reclaman por eliminaci\u00f3n de la frase &#8220;Sufragio efectivo&#8221; en documentos\"}]},{\"@type\":\"WebSite\",\"@id\":\"https:\\\/\\\/quehacerpolitico.mx\\\/#website\",\"url\":\"https:\\\/\\\/quehacerpolitico.mx\\\/\",\"name\":\"\",\"description\":\"\",\"potentialAction\":[{\"@type\":\"SearchAction\",\"target\":{\"@type\":\"EntryPoint\",\"urlTemplate\":\"https:\\\/\\\/quehacerpolitico.mx\\\/?s={search_term_string}\"},\"query-input\":{\"@type\":\"PropertyValueSpecification\",\"valueRequired\":true,\"valueName\":\"search_term_string\"}}],\"inLanguage\":\"es\"},{\"@type\":\"Person\",\"@id\":\"https:\\\/\\\/quehacerpolitico.mx\\\/#\\\/schema\\\/person\\\/496d8ad2d1d3f8036101dca7ee39e585\",\"name\":\"Redacci\u00f3n QP\",\"image\":{\"@type\":\"ImageObject\",\"inLanguage\":\"es\",\"@id\":\"https:\\\/\\\/secure.gravatar.com\\\/avatar\\\/c7164ed6fdec453195284ad24a5ae5b6e1eed2b848477fa2a4787ba9adf39a41?s=96&d=mm&r=g\",\"url\":\"https:\\\/\\\/secure.gravatar.com\\\/avatar\\\/c7164ed6fdec453195284ad24a5ae5b6e1eed2b848477fa2a4787ba9adf39a41?s=96&d=mm&r=g\",\"contentUrl\":\"https:\\\/\\\/secure.gravatar.com\\\/avatar\\\/c7164ed6fdec453195284ad24a5ae5b6e1eed2b848477fa2a4787ba9adf39a41?s=96&d=mm&r=g\",\"caption\":\"Redacci\u00f3n QP\"},\"url\":\"https:\\\/\\\/quehacerpolitico.mx\\\/?author=2\"}]}<\/script>\n<!-- \/ Yoast SEO plugin. -->","yoast_head_json":{"title":"Reclaman por eliminaci\u00f3n de la frase \"Sufragio efectivo\" en documentos -","robots":{"index":"index","follow":"follow","max-snippet":"max-snippet:-1","max-image-preview":"max-image-preview:large","max-video-preview":"max-video-preview:-1"},"canonical":"https:\/\/quehacerpolitico.mx\/?p=20176","og_locale":"es_MX","og_type":"article","og_title":"Reclaman por eliminaci\u00f3n de la frase \"Sufragio efectivo\" en documentos -","og_description":"Reclaman por eliminaci\u00f3n de la frase \"Sufragio efectivo\" en documentos Por Redacci\u00f3n QP","og_url":"https:\/\/quehacerpolitico.mx\/?p=20176","article_published_time":"2019-03-13T01:00:30+00:00","author":"Redacci\u00f3n QP","twitter_card":"summary_large_image","twitter_misc":{"Escrito por":"Redacci\u00f3n QP","Tiempo de lectura":"2 minutos"},"schema":{"@context":"https:\/\/schema.org","@graph":[{"@type":"Article","@id":"https:\/\/quehacerpolitico.mx\/?p=20176#article","isPartOf":{"@id":"https:\/\/quehacerpolitico.mx\/?p=20176"},"author":{"name":"Redacci\u00f3n QP","@id":"https:\/\/quehacerpolitico.mx\/#\/schema\/person\/496d8ad2d1d3f8036101dca7ee39e585"},"headline":"Reclaman por eliminaci\u00f3n de la frase &#8220;Sufragio efectivo&#8221; en documentos","datePublished":"2019-03-13T01:00:30+00:00","mainEntityOfPage":{"@id":"https:\/\/quehacerpolitico.mx\/?p=20176"},"wordCount":502,"commentCount":0,"image":{"@id":"https:\/\/quehacerpolitico.mx\/?p=20176#primaryimage"},"thumbnailUrl":"","articleSection":["Noticias"],"inLanguage":"es","potentialAction":[{"@type":"CommentAction","name":"Comment","target":["https:\/\/quehacerpolitico.mx\/?p=20176#respond"]}]},{"@type":"WebPage","@id":"https:\/\/quehacerpolitico.mx\/?p=20176","url":"https:\/\/quehacerpolitico.mx\/?p=20176","name":"Reclaman por eliminaci\u00f3n de la frase \"Sufragio efectivo\" en documentos -","isPartOf":{"@id":"https:\/\/quehacerpolitico.mx\/#website"},"primaryImageOfPage":{"@id":"https:\/\/quehacerpolitico.mx\/?p=20176#primaryimage"},"image":{"@id":"https:\/\/quehacerpolitico.mx\/?p=20176#primaryimage"},"thumbnailUrl":"","datePublished":"2019-03-13T01:00:30+00:00","author":{"@id":"https:\/\/quehacerpolitico.mx\/#\/schema\/person\/496d8ad2d1d3f8036101dca7ee39e585"},"breadcrumb":{"@id":"https:\/\/quehacerpolitico.mx\/?p=20176#breadcrumb"},"inLanguage":"es","potentialAction":[{"@type":"ReadAction","target":["https:\/\/quehacerpolitico.mx\/?p=20176"]}]},{"@type":"ImageObject","inLanguage":"es","@id":"https:\/\/quehacerpolitico.mx\/?p=20176#primaryimage","url":"","contentUrl":""},{"@type":"BreadcrumbList","@id":"https:\/\/quehacerpolitico.mx\/?p=20176#breadcrumb","itemListElement":[{"@type":"ListItem","position":1,"name":"Inicio","item":"https:\/\/quehacerpolitico.mx\/"},{"@type":"ListItem","position":2,"name":"Reclaman por eliminaci\u00f3n de la frase &#8220;Sufragio efectivo&#8221; en documentos"}]},{"@type":"WebSite","@id":"https:\/\/quehacerpolitico.mx\/#website","url":"https:\/\/quehacerpolitico.mx\/","name":"","description":"","potentialAction":[{"@type":"SearchAction","target":{"@type":"EntryPoint","urlTemplate":"https:\/\/quehacerpolitico.mx\/?s={search_term_string}"},"query-input":{"@type":"PropertyValueSpecification","valueRequired":true,"valueName":"search_term_string"}}],"inLanguage":"es"},{"@type":"Person","@id":"https:\/\/quehacerpolitico.mx\/#\/schema\/person\/496d8ad2d1d3f8036101dca7ee39e585","name":"Redacci\u00f3n QP","image":{"@type":"ImageObject","inLanguage":"es","@id":"https:\/\/secure.gravatar.com\/avatar\/c7164ed6fdec453195284ad24a5ae5b6e1eed2b848477fa2a4787ba9adf39a41?s=96&d=mm&r=g","url":"https:\/\/secure.gravatar.com\/avatar\/c7164ed6fdec453195284ad24a5ae5b6e1eed2b848477fa2a4787ba9adf39a41?s=96&d=mm&r=g","contentUrl":"https:\/\/secure.gravatar.com\/avatar\/c7164ed6fdec453195284ad24a5ae5b6e1eed2b848477fa2a4787ba9adf39a41?s=96&d=mm&r=g","caption":"Redacci\u00f3n QP"},"url":"https:\/\/quehacerpolitico.mx\/?author=2"}]}},"featured_image_urls":{"full":"","thumbnail":"","medium":"","medium_large":"","large":"","1536x1536":"","2048x2048":"","covernews-featured":"","covernews-medium":""},"author_info":{"display_name":"Redacci\u00f3n QP","author_link":"https:\/\/quehacerpolitico.mx\/?author=2"},"category_info":"<a href=\"https:\/\/quehacerpolitico.mx\/?cat=2\" rel=\"category\">Noticias<\/a>","tag_info":"Noticias","comment_count":"0","_links":{"self":[{"href":"https:\/\/quehacerpolitico.mx\/index.php?rest_route=\/wp\/v2\/posts\/20176","targetHints":{"allow":["GET"]}}],"collection":[{"href":"https:\/\/quehacerpolitico.mx\/index.php?rest_route=\/wp\/v2\/posts"}],"about":[{"href":"https:\/\/quehacerpolitico.mx\/index.php?rest_route=\/wp\/v2\/types\/post"}],"author":[{"embeddable":true,"href":"https:\/\/quehacerpolitico.mx\/index.php?rest_route=\/wp\/v2\/users\/2"}],"replies":[{"embeddable":true,"href":"https:\/\/quehacerpolitico.mx\/index.php?rest_route=%2Fwp%2Fv2%2Fcomments&post=20176"}],"version-history":[{"count":0,"href":"https:\/\/quehacerpolitico.mx\/index.php?rest_route=\/wp\/v2\/posts\/20176\/revisions"}],"wp:featuredmedia":[{"embeddable":true,"href":"https:\/\/quehacerpolitico.mx\/index.php?rest_route=\/"}],"wp:attachment":[{"href":"https:\/\/quehacerpolitico.mx\/index.php?rest_route=%2Fwp%2Fv2%2Fmedia&parent=20176"}],"wp:term":[{"taxonomy":"category","embeddable":true,"href":"https:\/\/quehacerpolitico.mx\/index.php?rest_route=%2Fwp%2Fv2%2Fcategories&post=20176"},{"taxonomy":"post_tag","embeddable":true,"href":"https:\/\/quehacerpolitico.mx\/index.php?rest_route=%2Fwp%2Fv2%2Ftags&post=20176"}],"curies":[{"name":"wp","href":"https:\/\/api.w.org\/{rel}","templated":true}]}}