{"id":19787,"date":"2019-03-09T17:49:55","date_gmt":"2019-03-09T17:49:55","guid":{"rendered":"http:\/\/quehacerpolitico.mx\/alcaldias-kassandra-castillo-con-diversas-actividades-conmemoran-en-cuauhtemoc-el-dia-internacional-de-la-mujer\/"},"modified":"2019-03-09T17:49:55","modified_gmt":"2019-03-09T17:49:55","slug":"alcaldias-kassandra-castillo-con-diversas-actividades-conmemoran-en-cuauhtemoc-el-dia-internacional-de-la-mujer","status":"publish","type":"post","link":"https:\/\/quehacerpolitico.mx\/?p=19787","title":{"rendered":"Alcald\u00edas\/\/\/Kassandra Castillo\/\/\/Con diversas actividades conmemoran en Cuauht\u00e9moc el D\u00eda Internacional de la Mujer"},"content":{"rendered":"<p><span class=\"s10\"><span class=\"bumpedFont15\">Co<\/span><\/span><span class=\"s10\"><span class=\"bumpedFont15\">n diversas actividades conmemoran<\/span><\/span> <span class=\"s11\"><span class=\"bumpedFont15\">en Cuauht\u00e9moc <\/span><\/span><span class=\"s11\"><span class=\"bumpedFont15\">e<\/span><\/span><span class=\"s11\"><span class=\"bumpedFont15\">l D\u00eda Internacional <\/span><\/span><span class=\"s11\"><span class=\"bumpedFont15\">de la Mujer<\/span><\/span><\/p>\n<p>Por Kassandra Castillo<\/p>\n<div class=\"s15\"><span class=\"s14\"><span class=\"bumpedFont15\">N\u00e9stor<\/span><\/span> <span class=\"s14\"><span class=\"bumpedFont15\">N\u00fa\u00f1ez<\/span><\/span><span class=\"s14\"><span class=\"bumpedFont15\"> enfatiz\u00f3 en <\/span><\/span><span class=\"s14\"><span class=\"bumpedFont15\">que<\/span><\/span> <span class=\"s14\"><span class=\"bumpedFont15\">el organigrama<\/span><\/span> <span class=\"s14\"><span class=\"bumpedFont15\">de la alcald\u00eda Cuauht\u00e9moc<\/span><\/span> <span class=\"s14\"><span class=\"bumpedFont15\">est\u00e1 conformado po<\/span><\/span><span class=\"s14\"><span class=\"bumpedFont15\">r un esquema 50\/50<\/span><\/span><\/div>\n<div>\u00a0<\/div>\n<div class=\"s17\"><span class=\"s14\"><span class=\"bumpedFont15\">En el marco conmemorativo del 8 de marzo, en la Plaza R\u00edo de Janeiro se realiz\u00f3 el \u201c<\/span><\/span><span class=\"s16\"><span class=\"bumpedFont15\">Festival del D\u00eda Internacional de las Mujeres\u201d que forma parte del Circuito Cultural Cuauht\u00e9moc<\/span><\/span><span class=\"s16\"><span class=\"bumpedFont15\">, el <\/span><\/span><span class=\"s16\"><span class=\"bumpedFont15\">cu<\/span><\/span><span class=\"s16\"><span class=\"bumpedFont15\">al fue organizado por la Direcci\u00f3n General de los Derechos Culturales<\/span><\/span><span class=\"s16\"><span class=\"bumpedFont15\">, Recreativos y Educativos<\/span><\/span><span class=\"s16\"><span class=\"bumpedFont15\"> en <\/span><\/span><span class=\"s16\"><span class=\"bumpedFont15\">conjunto <\/span><\/span><span class=\"s16\"><span class=\"bumpedFont15\">con la <\/span><\/span><span class=\"s16\"><span class=\"bumpedFont15\">Unidad de<\/span><\/span><span class=\"s16\"><span class=\"bumpedFont15\"> Fomento a<\/span><\/span> <span class=\"s16\"><span class=\"bumpedFont15\">la<\/span><\/span> <span class=\"s16\"><span class=\"bumpedFont15\">Equidad de <\/span><\/span><span class=\"s16\"><span class=\"bumpedFont15\">G\u00e9nero<\/span><\/span><span class=\"s16\"><span class=\"bumpedFont15\"> de la alcald\u00eda<\/span><\/span><span class=\"s16\"><span class=\"bumpedFont15\">. <\/span><\/span><\/div>\n<p class=\"s18\"><span class=\"s16\"><span class=\"bumpedFont15\">En la inauguraci\u00f3n del festival<\/span><\/span><span class=\"s16\"><span class=\"bumpedFont15\">,<\/span><\/span> <span class=\"s16\"><span class=\"bumpedFont15\">N\u00e9stor N\u00fa\u00f1ez L\u00f3pez<\/span><\/span><span class=\"s16\"><span class=\"bumpedFont15\">reconoci\u00f3 que la \u00a0<\/span><\/span><span class=\"s16\"><span class=\"bumpedFont15\">a<\/span><\/span><span class=\"s16\"><span class=\"bumpedFont15\">lcald\u00eda Cuauht\u00e9m<\/span><\/span><span class=\"s16\"><span class=\"bumpedFont15\">oc <\/span><\/span><span class=\"s16\"><span class=\"bumpedFont15\">es la \u00fanica que cumple con lo establecido en la Ley Org\u00e1nica de Alcald\u00edas<\/span><\/span><span class=\"s16\"><span class=\"bumpedFont15\"> (LAO)<\/span><\/span><span class=\"s16\"><span class=\"bumpedFont15\">, al establecer un organigrama con paridad de g\u00e9nero.<\/span><\/span><\/p>\n<p>https:\/\/www.instagram.com\/p\/BuxZqUjnpVg\/?utm_source=ig_web_copy_link<\/p>\n<p class=\"s17\"><span class=\"s19\"><span class=\"bumpedFont15\">Adem\u00e1s, a<\/span><\/span><span class=\"s16\"><span class=\"bumpedFont15\">gradeci\u00f3 la participaci\u00f3n del <\/span><\/span><span class=\"s16\"><span class=\"bumpedFont15\">Exc<\/span><\/span><span class=\"s16\"><span class=\"bumpedFont15\">mo<\/span><\/span><span class=\"s19\"><span class=\"bumpedFont15\">. <\/span><\/span><span class=\"s16\"><span class=\"bumpedFont15\">Embajador de Marruecos<\/span><\/span><span class=\"s16\"><span class=\"bumpedFont15\"> en <\/span><\/span><span class=\"s16\"><span class=\"bumpedFont15\">M\u00e9xico<\/span><\/span><span class=\"s16\"><span class=\"bumpedFont15\">, <\/span><\/span><span class=\"s16\"><span class=\"bumpedFont15\">Sr. Mohamed Chafiki<\/span><\/span><span class=\"s16\"><span class=\"bumpedFont15\">,<\/span><\/span> <span class=\"s16\"><span class=\"bumpedFont15\">por la conferencia <\/span><\/span><span class=\"s16\"><span class=\"bumpedFont15\">sobre el tema de igualdad de g\u00e9nero<\/span><\/span><span class=\"s16\"><span class=\"bumpedFont15\">,<\/span><\/span> <span class=\"s16\"><span class=\"bumpedFont15\">quien durante su participaci\u00f3n <\/span><\/span><span class=\"s16\"><span class=\"bumpedFont15\">coment\u00f3 <\/span><\/span><span class=\"s16\"><span class=\"bumpedFont15\">que<\/span><\/span><span class=\"s16\"><span class=\"bumpedFont15\">, <\/span><\/span><span class=\"s16\"><span class=\"bumpedFont15\">&#8220;Al<\/span><\/span> <span class=\"s16\"><span class=\"bumpedFont15\">igual<\/span><\/span> <span class=\"s16\"><span class=\"bumpedFont15\">que<\/span><\/span> <span class=\"s16\"><span class=\"bumpedFont15\">en<\/span><\/span> <span class=\"s16\"><span class=\"bumpedFont15\">M\u00e9xico,<\/span><\/span> <span class=\"s16\"><span class=\"bumpedFont15\">en<\/span><\/span> <span class=\"s16\"><span class=\"bumpedFont15\">Marruecos<\/span><\/span> <span class=\"s16\"><span class=\"bumpedFont15\">la<\/span><\/span> <span class=\"s16\"><span class=\"bumpedFont15\">lucha<\/span><\/span><span class=\"s16\"><span class=\"bumpedFont15\">de<\/span><\/span> <span class=\"s16\"><span class=\"bumpedFont15\">las<\/span><\/span> <span class=\"s16\"><span class=\"bumpedFont15\">mujeres<\/span><\/span> <span class=\"s16\"><span class=\"bumpedFont15\">ha<\/span><\/span> <span class=\"s16\"><span class=\"bumpedFont15\">sido<\/span><\/span> <span class=\"s16\"><span class=\"bumpedFont15\">un<\/span><\/span> <span class=\"s16\"><span class=\"bumpedFont15\">evento<\/span><\/span> <span class=\"s16\"><span class=\"bumpedFont15\">importante<\/span><\/span> <span class=\"s16\"><span class=\"bumpedFont15\">para<\/span><\/span> <span class=\"s16\"><span class=\"bumpedFont15\">el<\/span><\/span><span class=\"s16\"><span class=\"bumpedFont15\">pa\u00eds<\/span><\/span><span class=\"s16\"><span class=\"bumpedFont15\"> y la <\/span><\/span><span class=\"s16\"><span class=\"bumpedFont15\">regi\u00f3n<\/span><\/span><span class=\"s16\"><span class=\"bumpedFont15\">.<\/span><\/span> <span class=\"s16\"><span class=\"bumpedFont15\">Es<\/span><\/span> <span class=\"s16\"><span class=\"bumpedFont15\">un<\/span><\/span> <span class=\"s16\"><span class=\"bumpedFont15\">tema<\/span><\/span> <span class=\"s16\"><span class=\"bumpedFont15\">determinante<\/span><\/span> <span class=\"s16\"><span class=\"bumpedFont15\">para<\/span><\/span> <span class=\"s16\"><span class=\"bumpedFont15\">la<\/span><\/span><span class=\"s16\"><span class=\"bumpedFont15\">historia<\/span><\/span> <span class=\"s16\"><span class=\"bumpedFont15\">y<\/span><\/span> <span class=\"s16\"><span class=\"bumpedFont15\">el<\/span><\/span> <span class=\"s16\"><span class=\"bumpedFont15\">futuro<\/span><\/span> <span class=\"s16\"><span class=\"bumpedFont15\">de<\/span><\/span> <span class=\"s16\"><span class=\"bumpedFont15\">la<\/span><\/span> <span class=\"s16\"><span class=\"bumpedFont15\">humanidad&#8221;.<\/span><\/span><\/p>\n<p class=\"s17\"><span class=\"s16\"><span class=\"bumpedFont15\">Posteriormente<\/span><\/span><span class=\"s16\"><span class=\"bumpedFont15\">, <\/span><\/span><span class=\"s16\"><span class=\"bumpedFont15\">N\u00fa\u00f1ez L\u00f3pez encabez\u00f3 la entrega de reconocimientos a las participantes del taller &#8220;Las mujeres de mi historia&#8221;, con el cual se busc\u00f3 reconocer el trabajo de mujeres que viven en Cuauht\u00e9moc y que a su vez se hizo presente con una exposici\u00f3n de fotograf\u00eda<\/span><\/span><span class=\"s16\"><span class=\"bumpedFont15\">s<\/span><\/span><span class=\"s16\"><span class=\"bumpedFont15\"> alrededor de la fuente de la <\/span><\/span><span class=\"s16\"><span class=\"bumpedFont15\">emblem\u00e1tic<\/span><\/span><span class=\"s16\"><span class=\"bumpedFont15\">a <\/span><\/span><span class=\"s16\"><span class=\"bumpedFont15\">Plaza ubicada en la <\/span><\/span><span class=\"s16\"><span class=\"bumpedFont15\">c<\/span><\/span><span class=\"s16\"><span class=\"bumpedFont15\">olonia<\/span><\/span><span class=\"s16\"><span class=\"bumpedFont15\">Rom<\/span><\/span><span class=\"s16\"><span class=\"bumpedFont15\">a<\/span><\/span><span class=\"s16\"><span class=\"bumpedFont15\">. <\/span><\/span><\/p>\n<p class=\"s18\"><span class=\"s16\"><span class=\"bumpedFont15\">A este evento<\/span><\/span> <span class=\"s16\"><span class=\"bumpedFont15\">asistieron <\/span><\/span><span class=\"s16\"><span class=\"bumpedFont15\">los \u00a0<\/span><\/span><span class=\"s16\"><span class=\"bumpedFont15\">D<\/span><\/span><span class=\"s16\"><span class=\"bumpedFont15\">iputados <\/span><\/span><span class=\"s16\"><span class=\"bumpedFont15\">L<\/span><\/span><span class=\"s16\"><span class=\"bumpedFont15\">ocales<\/span><\/span><span class=\"s16\"><span class=\"bumpedFont15\"> de<\/span><\/span><span class=\"s16\"><span class=\"bumpedFont15\">l Congreso<\/span><\/span> <span class=\"s16\"><span class=\"bumpedFont15\">de la Ciudad de M\u00e9xico <\/span><\/span><span class=\"s16\"><span class=\"bumpedFont15\">Paula Soto, <\/span><\/span><span class=\"s16\"><span class=\"bumpedFont15\">Jos\u00e9 Luis Rodr\u00edguez y <\/span><\/span><span class=\"s16\"><span class=\"bumpedFont15\">T<\/span><\/span><span class=\"s16\"><span class=\"bumpedFont15\">em\u00edstocles Villanueva<\/span><\/span><span class=\"s16\"><span class=\"bumpedFont15\">, <\/span><\/span><span class=\"s16\"><span class=\"bumpedFont15\">as\u00ed como los concejales de Cuauht\u00e9moc<\/span><\/span><span class=\"s16\"><span class=\"bumpedFont15\">. <\/span><\/span><\/p>\n<p class=\"s18\"><span class=\"s16\"><span class=\"bumpedFont15\">C<\/span><\/span><span class=\"s16\"><span class=\"bumpedFont15\">abe <\/span><\/span><span class=\"s16\"><span class=\"bumpedFont15\">se\u00f1alar <\/span><\/span><span class=\"s16\"><span class=\"bumpedFont15\">que <\/span><\/span><span class=\"s16\"><span class=\"bumpedFont15\">adem\u00e1s de<\/span><\/span><span class=\"s16\"><span class=\"bumpedFont15\">l festival cultural<\/span><\/span><span class=\"s16\"><span class=\"bumpedFont15\">,<\/span><\/span><span class=\"s16\"><span class=\"bumpedFont15\"> s<\/span><\/span><span class=\"s16\"><span class=\"bumpedFont15\">e<\/span><\/span><span class=\"s16\"><span class=\"bumpedFont15\">realizaron<\/span><\/span> <span class=\"s16\"><span class=\"bumpedFont15\">div<\/span><\/span><span class=\"s16\"><span class=\"bumpedFont15\">ersas <\/span><\/span><span class=\"s16\"><span class=\"bumpedFont15\">actividades<\/span><\/span><span class=\"s16\"><span class=\"bumpedFont15\"> en conmemoraci\u00f3n<\/span><\/span><span class=\"s16\"><span class=\"bumpedFont15\">del <\/span><\/span><span class=\"s16\"><span class=\"bumpedFont15\">D\u00eda de la Mujer<\/span><\/span><span class=\"s16\"><span class=\"bumpedFont15\">, co<\/span><\/span><span class=\"s16\"><span class=\"bumpedFont15\">mo la<\/span><\/span><span class=\"s16\"><span class=\"bumpedFont15\"> \u201cCaminata por los <\/span><\/span><span class=\"s16\"><span class=\"bumpedFont15\">D<\/span><\/span><span class=\"s16\"><span class=\"bumpedFont15\">erechos y la Paz para las <\/span><\/span><span class=\"s16\"><span class=\"bumpedFont15\">M<\/span><\/span><span class=\"s16\"><span class=\"bumpedFont15\">ujeres\u201d, en cual participaron trabajadoras de <\/span><\/span><span class=\"s16\"><span class=\"bumpedFont15\">la alcald\u00eda, <\/span><\/span><span class=\"s16\"><span class=\"bumpedFont15\">as\u00ed como integrantes del Instituto Mexicano de la Juventud (IMJUVE), del Instituto de las Mujeres de la Ciudad de M\u00e9xico y del Cecati<\/span><\/span><span class=\"s16\"><span class=\"bumpedFont15\"> 52 de<\/span><\/span><span class=\"s16\"><span class=\"bumpedFont15\"> Cuauht\u00e9moc. <\/span><\/span><\/p>\n<p class=\"s18\"><span class=\"s19\"><span class=\"bumpedFont15\">Mient<\/span><\/span><span class=\"s19\"><span class=\"bumpedFont15\">ras <\/span><\/span><span class=\"s19\"><span class=\"bumpedFont15\">que en <\/span><\/span><span class=\"s19\"><span class=\"bumpedFont15\">el B<\/span><\/span><span class=\"s16\"><span class=\"bumpedFont15\">arrio de Tepito <\/span><\/span><span class=\"s19\"><span class=\"bumpedFont15\">el <\/span><\/span><span class=\"s19\"><span class=\"bumpedFont15\">alcalde <\/span><\/span><span class=\"s19\"><span class=\"bumpedFont15\">acudi\u00f3 como <\/span><\/span><span class=\"s19\"><span class=\"bumpedFont15\">invitado a la <\/span><\/span><span class=\"s19\"><span class=\"bumpedFont15\">presentaci\u00f3n de la<\/span><\/span><span class=\"s19\"><span class=\"bumpedFont15\"> colecci\u00f3n &#8220;Resiste<\/span><\/span><span class=\"s19\"><span class=\"bumpedFont15\">&#8220;<\/span><\/span><span class=\"s19\"><span class=\"bumpedFont15\">, del dise\u00f1ador Ricardo Seco<\/span><\/span><span class=\"s19\"><span class=\"bumpedFont15\">, <\/span><\/span><span class=\"s19\"><span class=\"bumpedFont15\">presentaci\u00f3n que <\/span><\/span><span class=\"s19\"><span class=\"bumpedFont15\">tuvo como <\/span><\/span><span class=\"s19\"><span class=\"bumpedFont15\">objet<\/span><\/span><span class=\"s19\"><span class=\"bumpedFont15\">ivo <\/span><\/span><span class=\"s19\"><span class=\"bumpedFont15\">homenajear al Barri<\/span><\/span><span class=\"s19\"><span class=\"bumpedFont15\">o <\/span><\/span><span class=\"s19\"><span class=\"bumpedFont15\">Bravo<\/span><\/span><span class=\"s19\"><span class=\"bumpedFont15\">, <\/span><\/span><span class=\"s19\"><span class=\"bumpedFont15\">mostrando la <\/span><\/span><span class=\"s19\"><span class=\"bumpedFont15\">identidad <\/span><\/span><span class=\"s19\"><span class=\"bumpedFont15\">y fortaleza de la<\/span><\/span><span class=\"s19\"><span class=\"bumpedFont15\">s <\/span><\/span><span class=\"s19\"><span class=\"bumpedFont15\">mujeres que lo habitan.<\/span><\/span><\/p>\n","protected":false},"excerpt":{"rendered":"<p>Con diversas actividades conmemoran en Cuauht\u00e9moc el D\u00eda Internacional de la Mujer<br \/>\nPor Jassandra Castillo<\/p>\n","protected":false},"author":2,"featured_media":19786,"comment_status":"open","ping_status":"open","sticky":false,"template":"","format":"standard","meta":{"_monsterinsights_skip_tracking":false,"_monsterinsights_sitenote_active":false,"_monsterinsights_sitenote_note":"","_monsterinsights_sitenote_category":0,"footnotes":""},"categories":[55],"tags":[],"class_list":["post-19787","post","type-post","status-publish","format-standard","has-post-thumbnail","hentry","category-cdmx"],"yoast_head":"<!-- This site is optimized with the Yoast SEO plugin v27.3 - https:\/\/yoast.com\/product\/yoast-seo-wordpress\/ -->\n<title>Alcald\u00edas\/\/\/Kassandra Castillo\/\/\/Con diversas actividades conmemoran en Cuauht\u00e9moc el D\u00eda Internacional de la Mujer -<\/title>\n<meta name=\"robots\" content=\"index, follow, max-snippet:-1, max-image-preview:large, max-video-preview:-1\" \/>\n<link rel=\"canonical\" href=\"https:\/\/quehacerpolitico.mx\/?p=19787\" \/>\n<meta property=\"og:locale\" content=\"es_MX\" \/>\n<meta property=\"og:type\" content=\"article\" \/>\n<meta property=\"og:title\" content=\"Alcald\u00edas\/\/\/Kassandra Castillo\/\/\/Con diversas actividades conmemoran en Cuauht\u00e9moc el D\u00eda Internacional de la Mujer -\" \/>\n<meta property=\"og:description\" content=\"Con diversas actividades conmemoran en Cuauht\u00e9moc el D\u00eda Internacional de la Mujer Por Jassandra Castillo\" \/>\n<meta property=\"og:url\" content=\"https:\/\/quehacerpolitico.mx\/?p=19787\" \/>\n<meta property=\"article:published_time\" content=\"2019-03-09T17:49:55+00:00\" \/>\n<meta name=\"author\" content=\"Redacci\u00f3n QP\" \/>\n<meta name=\"twitter:card\" content=\"summary_large_image\" \/>\n<meta name=\"twitter:label1\" content=\"Escrito por\" \/>\n\t<meta name=\"twitter:data1\" content=\"Redacci\u00f3n QP\" \/>\n\t<meta name=\"twitter:label2\" content=\"Tiempo de lectura\" \/>\n\t<meta name=\"twitter:data2\" content=\"2 minutos\" \/>\n<script type=\"application\/ld+json\" class=\"yoast-schema-graph\">{\"@context\":\"https:\\\/\\\/schema.org\",\"@graph\":[{\"@type\":\"Article\",\"@id\":\"https:\\\/\\\/quehacerpolitico.mx\\\/?p=19787#article\",\"isPartOf\":{\"@id\":\"https:\\\/\\\/quehacerpolitico.mx\\\/?p=19787\"},\"author\":{\"name\":\"Redacci\u00f3n QP\",\"@id\":\"https:\\\/\\\/quehacerpolitico.mx\\\/#\\\/schema\\\/person\\\/496d8ad2d1d3f8036101dca7ee39e585\"},\"headline\":\"Alcald\u00edas\\\/\\\/\\\/Kassandra Castillo\\\/\\\/\\\/Con diversas actividades conmemoran en Cuauht\u00e9moc el D\u00eda Internacional de la Mujer\",\"datePublished\":\"2019-03-09T17:49:55+00:00\",\"mainEntityOfPage\":{\"@id\":\"https:\\\/\\\/quehacerpolitico.mx\\\/?p=19787\"},\"wordCount\":492,\"commentCount\":0,\"image\":{\"@id\":\"https:\\\/\\\/quehacerpolitico.mx\\\/?p=19787#primaryimage\"},\"thumbnailUrl\":\"\",\"articleSection\":[\"CDMX\"],\"inLanguage\":\"es\",\"potentialAction\":[{\"@type\":\"CommentAction\",\"name\":\"Comment\",\"target\":[\"https:\\\/\\\/quehacerpolitico.mx\\\/?p=19787#respond\"]}]},{\"@type\":\"WebPage\",\"@id\":\"https:\\\/\\\/quehacerpolitico.mx\\\/?p=19787\",\"url\":\"https:\\\/\\\/quehacerpolitico.mx\\\/?p=19787\",\"name\":\"Alcald\u00edas\\\/\\\/\\\/Kassandra Castillo\\\/\\\/\\\/Con diversas actividades conmemoran en Cuauht\u00e9moc el D\u00eda Internacional de la Mujer -\",\"isPartOf\":{\"@id\":\"https:\\\/\\\/quehacerpolitico.mx\\\/#website\"},\"primaryImageOfPage\":{\"@id\":\"https:\\\/\\\/quehacerpolitico.mx\\\/?p=19787#primaryimage\"},\"image\":{\"@id\":\"https:\\\/\\\/quehacerpolitico.mx\\\/?p=19787#primaryimage\"},\"thumbnailUrl\":\"\",\"datePublished\":\"2019-03-09T17:49:55+00:00\",\"author\":{\"@id\":\"https:\\\/\\\/quehacerpolitico.mx\\\/#\\\/schema\\\/person\\\/496d8ad2d1d3f8036101dca7ee39e585\"},\"breadcrumb\":{\"@id\":\"https:\\\/\\\/quehacerpolitico.mx\\\/?p=19787#breadcrumb\"},\"inLanguage\":\"es\",\"potentialAction\":[{\"@type\":\"ReadAction\",\"target\":[\"https:\\\/\\\/quehacerpolitico.mx\\\/?p=19787\"]}]},{\"@type\":\"ImageObject\",\"inLanguage\":\"es\",\"@id\":\"https:\\\/\\\/quehacerpolitico.mx\\\/?p=19787#primaryimage\",\"url\":\"\",\"contentUrl\":\"\"},{\"@type\":\"BreadcrumbList\",\"@id\":\"https:\\\/\\\/quehacerpolitico.mx\\\/?p=19787#breadcrumb\",\"itemListElement\":[{\"@type\":\"ListItem\",\"position\":1,\"name\":\"Inicio\",\"item\":\"https:\\\/\\\/quehacerpolitico.mx\\\/\"},{\"@type\":\"ListItem\",\"position\":2,\"name\":\"Alcald\u00edas\\\/\\\/\\\/Kassandra Castillo\\\/\\\/\\\/Con diversas actividades conmemoran en Cuauht\u00e9moc el D\u00eda Internacional de la Mujer\"}]},{\"@type\":\"WebSite\",\"@id\":\"https:\\\/\\\/quehacerpolitico.mx\\\/#website\",\"url\":\"https:\\\/\\\/quehacerpolitico.mx\\\/\",\"name\":\"\",\"description\":\"\",\"potentialAction\":[{\"@type\":\"SearchAction\",\"target\":{\"@type\":\"EntryPoint\",\"urlTemplate\":\"https:\\\/\\\/quehacerpolitico.mx\\\/?s={search_term_string}\"},\"query-input\":{\"@type\":\"PropertyValueSpecification\",\"valueRequired\":true,\"valueName\":\"search_term_string\"}}],\"inLanguage\":\"es\"},{\"@type\":\"Person\",\"@id\":\"https:\\\/\\\/quehacerpolitico.mx\\\/#\\\/schema\\\/person\\\/496d8ad2d1d3f8036101dca7ee39e585\",\"name\":\"Redacci\u00f3n QP\",\"image\":{\"@type\":\"ImageObject\",\"inLanguage\":\"es\",\"@id\":\"https:\\\/\\\/secure.gravatar.com\\\/avatar\\\/c7164ed6fdec453195284ad24a5ae5b6e1eed2b848477fa2a4787ba9adf39a41?s=96&d=mm&r=g\",\"url\":\"https:\\\/\\\/secure.gravatar.com\\\/avatar\\\/c7164ed6fdec453195284ad24a5ae5b6e1eed2b848477fa2a4787ba9adf39a41?s=96&d=mm&r=g\",\"contentUrl\":\"https:\\\/\\\/secure.gravatar.com\\\/avatar\\\/c7164ed6fdec453195284ad24a5ae5b6e1eed2b848477fa2a4787ba9adf39a41?s=96&d=mm&r=g\",\"caption\":\"Redacci\u00f3n QP\"},\"url\":\"https:\\\/\\\/quehacerpolitico.mx\\\/?author=2\"}]}<\/script>\n<!-- \/ Yoast SEO plugin. -->","yoast_head_json":{"title":"Alcald\u00edas\/\/\/Kassandra Castillo\/\/\/Con diversas actividades conmemoran en Cuauht\u00e9moc el D\u00eda Internacional de la Mujer -","robots":{"index":"index","follow":"follow","max-snippet":"max-snippet:-1","max-image-preview":"max-image-preview:large","max-video-preview":"max-video-preview:-1"},"canonical":"https:\/\/quehacerpolitico.mx\/?p=19787","og_locale":"es_MX","og_type":"article","og_title":"Alcald\u00edas\/\/\/Kassandra Castillo\/\/\/Con diversas actividades conmemoran en Cuauht\u00e9moc el D\u00eda Internacional de la Mujer -","og_description":"Con diversas actividades conmemoran en Cuauht\u00e9moc el D\u00eda Internacional de la Mujer Por Jassandra Castillo","og_url":"https:\/\/quehacerpolitico.mx\/?p=19787","article_published_time":"2019-03-09T17:49:55+00:00","author":"Redacci\u00f3n QP","twitter_card":"summary_large_image","twitter_misc":{"Escrito por":"Redacci\u00f3n QP","Tiempo de lectura":"2 minutos"},"schema":{"@context":"https:\/\/schema.org","@graph":[{"@type":"Article","@id":"https:\/\/quehacerpolitico.mx\/?p=19787#article","isPartOf":{"@id":"https:\/\/quehacerpolitico.mx\/?p=19787"},"author":{"name":"Redacci\u00f3n QP","@id":"https:\/\/quehacerpolitico.mx\/#\/schema\/person\/496d8ad2d1d3f8036101dca7ee39e585"},"headline":"Alcald\u00edas\/\/\/Kassandra Castillo\/\/\/Con diversas actividades conmemoran en Cuauht\u00e9moc el D\u00eda Internacional de la Mujer","datePublished":"2019-03-09T17:49:55+00:00","mainEntityOfPage":{"@id":"https:\/\/quehacerpolitico.mx\/?p=19787"},"wordCount":492,"commentCount":0,"image":{"@id":"https:\/\/quehacerpolitico.mx\/?p=19787#primaryimage"},"thumbnailUrl":"","articleSection":["CDMX"],"inLanguage":"es","potentialAction":[{"@type":"CommentAction","name":"Comment","target":["https:\/\/quehacerpolitico.mx\/?p=19787#respond"]}]},{"@type":"WebPage","@id":"https:\/\/quehacerpolitico.mx\/?p=19787","url":"https:\/\/quehacerpolitico.mx\/?p=19787","name":"Alcald\u00edas\/\/\/Kassandra Castillo\/\/\/Con diversas actividades conmemoran en Cuauht\u00e9moc el D\u00eda Internacional de la Mujer -","isPartOf":{"@id":"https:\/\/quehacerpolitico.mx\/#website"},"primaryImageOfPage":{"@id":"https:\/\/quehacerpolitico.mx\/?p=19787#primaryimage"},"image":{"@id":"https:\/\/quehacerpolitico.mx\/?p=19787#primaryimage"},"thumbnailUrl":"","datePublished":"2019-03-09T17:49:55+00:00","author":{"@id":"https:\/\/quehacerpolitico.mx\/#\/schema\/person\/496d8ad2d1d3f8036101dca7ee39e585"},"breadcrumb":{"@id":"https:\/\/quehacerpolitico.mx\/?p=19787#breadcrumb"},"inLanguage":"es","potentialAction":[{"@type":"ReadAction","target":["https:\/\/quehacerpolitico.mx\/?p=19787"]}]},{"@type":"ImageObject","inLanguage":"es","@id":"https:\/\/quehacerpolitico.mx\/?p=19787#primaryimage","url":"","contentUrl":""},{"@type":"BreadcrumbList","@id":"https:\/\/quehacerpolitico.mx\/?p=19787#breadcrumb","itemListElement":[{"@type":"ListItem","position":1,"name":"Inicio","item":"https:\/\/quehacerpolitico.mx\/"},{"@type":"ListItem","position":2,"name":"Alcald\u00edas\/\/\/Kassandra Castillo\/\/\/Con diversas actividades conmemoran en Cuauht\u00e9moc el D\u00eda Internacional de la Mujer"}]},{"@type":"WebSite","@id":"https:\/\/quehacerpolitico.mx\/#website","url":"https:\/\/quehacerpolitico.mx\/","name":"","description":"","potentialAction":[{"@type":"SearchAction","target":{"@type":"EntryPoint","urlTemplate":"https:\/\/quehacerpolitico.mx\/?s={search_term_string}"},"query-input":{"@type":"PropertyValueSpecification","valueRequired":true,"valueName":"search_term_string"}}],"inLanguage":"es"},{"@type":"Person","@id":"https:\/\/quehacerpolitico.mx\/#\/schema\/person\/496d8ad2d1d3f8036101dca7ee39e585","name":"Redacci\u00f3n QP","image":{"@type":"ImageObject","inLanguage":"es","@id":"https:\/\/secure.gravatar.com\/avatar\/c7164ed6fdec453195284ad24a5ae5b6e1eed2b848477fa2a4787ba9adf39a41?s=96&d=mm&r=g","url":"https:\/\/secure.gravatar.com\/avatar\/c7164ed6fdec453195284ad24a5ae5b6e1eed2b848477fa2a4787ba9adf39a41?s=96&d=mm&r=g","contentUrl":"https:\/\/secure.gravatar.com\/avatar\/c7164ed6fdec453195284ad24a5ae5b6e1eed2b848477fa2a4787ba9adf39a41?s=96&d=mm&r=g","caption":"Redacci\u00f3n QP"},"url":"https:\/\/quehacerpolitico.mx\/?author=2"}]}},"featured_image_urls":{"full":"","thumbnail":"","medium":"","medium_large":"","large":"","1536x1536":"","2048x2048":"","covernews-featured":"","covernews-medium":""},"author_info":{"display_name":"Redacci\u00f3n QP","author_link":"https:\/\/quehacerpolitico.mx\/?author=2"},"category_info":"<a href=\"https:\/\/quehacerpolitico.mx\/?cat=55\" rel=\"category\">CDMX<\/a>","tag_info":"CDMX","comment_count":"0","_links":{"self":[{"href":"https:\/\/quehacerpolitico.mx\/index.php?rest_route=\/wp\/v2\/posts\/19787","targetHints":{"allow":["GET"]}}],"collection":[{"href":"https:\/\/quehacerpolitico.mx\/index.php?rest_route=\/wp\/v2\/posts"}],"about":[{"href":"https:\/\/quehacerpolitico.mx\/index.php?rest_route=\/wp\/v2\/types\/post"}],"author":[{"embeddable":true,"href":"https:\/\/quehacerpolitico.mx\/index.php?rest_route=\/wp\/v2\/users\/2"}],"replies":[{"embeddable":true,"href":"https:\/\/quehacerpolitico.mx\/index.php?rest_route=%2Fwp%2Fv2%2Fcomments&post=19787"}],"version-history":[{"count":0,"href":"https:\/\/quehacerpolitico.mx\/index.php?rest_route=\/wp\/v2\/posts\/19787\/revisions"}],"wp:featuredmedia":[{"embeddable":true,"href":"https:\/\/quehacerpolitico.mx\/index.php?rest_route=\/"}],"wp:attachment":[{"href":"https:\/\/quehacerpolitico.mx\/index.php?rest_route=%2Fwp%2Fv2%2Fmedia&parent=19787"}],"wp:term":[{"taxonomy":"category","embeddable":true,"href":"https:\/\/quehacerpolitico.mx\/index.php?rest_route=%2Fwp%2Fv2%2Fcategories&post=19787"},{"taxonomy":"post_tag","embeddable":true,"href":"https:\/\/quehacerpolitico.mx\/index.php?rest_route=%2Fwp%2Fv2%2Ftags&post=19787"}],"curies":[{"name":"wp","href":"https:\/\/api.w.org\/{rel}","templated":true}]}}