{"id":19731,"date":"2019-03-09T01:28:29","date_gmt":"2019-03-09T01:28:29","guid":{"rendered":"http:\/\/quehacerpolitico.mx\/si-puedo-imaginarlo-puedo-lograrlo-dice-yalitza-a-hada-en-video-especial-de-plaza-sesamo\/"},"modified":"2019-03-09T01:28:29","modified_gmt":"2019-03-09T01:28:29","slug":"si-puedo-imaginarlo-puedo-lograrlo-dice-yalitza-a-hada-en-video-especial-de-plaza-sesamo","status":"publish","type":"post","link":"https:\/\/quehacerpolitico.mx\/?p=19731","title":{"rendered":"\u201cSi puedo imaginarlo, puedo lograrlo\u201d, dice Yalitza a hada en VIDEO especial de Plaza S\u00e9samo"},"content":{"rendered":"<h1>\u201cSi puedo imaginarlo, puedo lograrlo\u201d, dice Yalitza a hada en VIDEO especial de Plaza S\u00e9samo<\/h1>\n<p>Por Redacci\u00f3n QP<\/p>\n<p><strong>Yalitza Aparicio colabor\u00f3<\/strong> junto con <strong>Plaza S\u00e9samo<\/strong> en un <strong>video con motivo al D\u00eda Internacional de la Mujer<\/strong>.<\/p>\n<p>Durante el audiovisual se puede observar a la actriz nominada al \u00d3scar aconsejando a Abby Cadabby, una amigable hada, en creer en si misma para lograr sus sue\u00f1os.<\/p>\n<p>A trav\u00e9s de sus redes sociales, el programa infantil Plaza S\u00e9samo comparti\u00f3 el material en el que Cadabby le platica a Yalitza sobre sus sue\u00f1os de recorrer el mundo.<\/p>\n<p>Cuando la divertida hada rosa le pregunta a la joven oaxaque\u00f1a si cree que ella tambi\u00e9n puede lograr viajar al rededor del mundo, Yalitza le responde que s\u00ed y le da una valiosa lecci\u00f3n: \u201cSi puedo imaginarlo, puedo lograrlo\u201d.<\/p>\n<p>https:\/\/twitter.com\/telemarcampeche\/status\/1104120377817686016?s=21<\/p>\n<p>Yalitza tambi\u00e9n participa hoy en Ginebra durante los actos de conmemoraci\u00f3n del D\u00eda de la Mujer en la Organizaci\u00f3n Internacional del Trabajo (OIT), donde ser\u00e1 una de las oradoras en un panel sobre igualdad de g\u00e9nero en el mundo del trabajo y en el que piensa incidir en la situaci\u00f3n de las empleadas dom\u00e9sticas.<\/p>\n<p>Aparicio sali\u00f3 a la luz por la oscarizada <em>Roma<\/em>, de Cuar\u00f3n, cinta en la que interpreta a una empleada dom\u00e9stica de origen ind\u00edgena que trabaja para una familia de clase media-alta en el M\u00e9xico de inicios de los a\u00f1os setenta.<\/p>\n<p><em>Con informaci\u00f3n de EFE<\/em><\/p>\n","protected":false},"excerpt":{"rendered":"<p>\u201cSi puedo imaginarlo, puedo lograrlo\u201d, dice Yalitza a hada en VIDEO especial de Plaza S\u00e9samo<br \/>\nPor Redacci\u00f3n QP<\/p>\n","protected":false},"author":2,"featured_media":19730,"comment_status":"open","ping_status":"open","sticky":false,"template":"","format":"standard","meta":{"_monsterinsights_skip_tracking":false,"_monsterinsights_sitenote_active":false,"_monsterinsights_sitenote_note":"","_monsterinsights_sitenote_category":0,"footnotes":""},"categories":[58],"tags":[],"class_list":["post-19731","post","type-post","status-publish","format-standard","has-post-thumbnail","hentry","category-cultura"],"yoast_head":"<!-- This site is optimized with the Yoast SEO plugin v27.3 - https:\/\/yoast.com\/product\/yoast-seo-wordpress\/ -->\n<title>\u201cSi puedo imaginarlo, puedo lograrlo\u201d, dice Yalitza a hada en VIDEO especial de Plaza S\u00e9samo -<\/title>\n<meta name=\"robots\" content=\"index, follow, max-snippet:-1, max-image-preview:large, max-video-preview:-1\" \/>\n<link rel=\"canonical\" href=\"https:\/\/quehacerpolitico.mx\/?p=19731\" \/>\n<meta property=\"og:locale\" content=\"es_MX\" \/>\n<meta property=\"og:type\" content=\"article\" \/>\n<meta property=\"og:title\" content=\"\u201cSi puedo imaginarlo, puedo lograrlo\u201d, dice Yalitza a hada en VIDEO especial de Plaza S\u00e9samo -\" \/>\n<meta property=\"og:description\" content=\"\u201cSi puedo imaginarlo, puedo lograrlo\u201d, dice Yalitza a hada en VIDEO especial de Plaza S\u00e9samo Por Redacci\u00f3n QP\" \/>\n<meta property=\"og:url\" content=\"https:\/\/quehacerpolitico.mx\/?p=19731\" \/>\n<meta property=\"article:published_time\" content=\"2019-03-09T01:28:29+00:00\" \/>\n<meta name=\"author\" content=\"Redacci\u00f3n QP\" \/>\n<meta name=\"twitter:card\" content=\"summary_large_image\" \/>\n<meta name=\"twitter:label1\" content=\"Escrito por\" \/>\n\t<meta name=\"twitter:data1\" content=\"Redacci\u00f3n QP\" \/>\n\t<meta name=\"twitter:label2\" content=\"Tiempo de lectura\" \/>\n\t<meta name=\"twitter:data2\" content=\"1 minuto\" \/>\n<script type=\"application\/ld+json\" class=\"yoast-schema-graph\">{\"@context\":\"https:\\\/\\\/schema.org\",\"@graph\":[{\"@type\":\"Article\",\"@id\":\"https:\\\/\\\/quehacerpolitico.mx\\\/?p=19731#article\",\"isPartOf\":{\"@id\":\"https:\\\/\\\/quehacerpolitico.mx\\\/?p=19731\"},\"author\":{\"name\":\"Redacci\u00f3n QP\",\"@id\":\"https:\\\/\\\/quehacerpolitico.mx\\\/#\\\/schema\\\/person\\\/496d8ad2d1d3f8036101dca7ee39e585\"},\"headline\":\"\u201cSi puedo imaginarlo, puedo lograrlo\u201d, dice Yalitza a hada en VIDEO especial de Plaza S\u00e9samo\",\"datePublished\":\"2019-03-09T01:28:29+00:00\",\"mainEntityOfPage\":{\"@id\":\"https:\\\/\\\/quehacerpolitico.mx\\\/?p=19731\"},\"wordCount\":276,\"commentCount\":0,\"image\":{\"@id\":\"https:\\\/\\\/quehacerpolitico.mx\\\/?p=19731#primaryimage\"},\"thumbnailUrl\":\"\",\"articleSection\":[\"Cultura y Entretenimiento\"],\"inLanguage\":\"es\",\"potentialAction\":[{\"@type\":\"CommentAction\",\"name\":\"Comment\",\"target\":[\"https:\\\/\\\/quehacerpolitico.mx\\\/?p=19731#respond\"]}]},{\"@type\":\"WebPage\",\"@id\":\"https:\\\/\\\/quehacerpolitico.mx\\\/?p=19731\",\"url\":\"https:\\\/\\\/quehacerpolitico.mx\\\/?p=19731\",\"name\":\"\u201cSi puedo imaginarlo, puedo lograrlo\u201d, dice Yalitza a hada en VIDEO especial de Plaza S\u00e9samo -\",\"isPartOf\":{\"@id\":\"https:\\\/\\\/quehacerpolitico.mx\\\/#website\"},\"primaryImageOfPage\":{\"@id\":\"https:\\\/\\\/quehacerpolitico.mx\\\/?p=19731#primaryimage\"},\"image\":{\"@id\":\"https:\\\/\\\/quehacerpolitico.mx\\\/?p=19731#primaryimage\"},\"thumbnailUrl\":\"\",\"datePublished\":\"2019-03-09T01:28:29+00:00\",\"author\":{\"@id\":\"https:\\\/\\\/quehacerpolitico.mx\\\/#\\\/schema\\\/person\\\/496d8ad2d1d3f8036101dca7ee39e585\"},\"breadcrumb\":{\"@id\":\"https:\\\/\\\/quehacerpolitico.mx\\\/?p=19731#breadcrumb\"},\"inLanguage\":\"es\",\"potentialAction\":[{\"@type\":\"ReadAction\",\"target\":[\"https:\\\/\\\/quehacerpolitico.mx\\\/?p=19731\"]}]},{\"@type\":\"ImageObject\",\"inLanguage\":\"es\",\"@id\":\"https:\\\/\\\/quehacerpolitico.mx\\\/?p=19731#primaryimage\",\"url\":\"\",\"contentUrl\":\"\"},{\"@type\":\"BreadcrumbList\",\"@id\":\"https:\\\/\\\/quehacerpolitico.mx\\\/?p=19731#breadcrumb\",\"itemListElement\":[{\"@type\":\"ListItem\",\"position\":1,\"name\":\"Inicio\",\"item\":\"https:\\\/\\\/quehacerpolitico.mx\\\/\"},{\"@type\":\"ListItem\",\"position\":2,\"name\":\"\u201cSi puedo imaginarlo, puedo lograrlo\u201d, dice Yalitza a hada en VIDEO especial de Plaza S\u00e9samo\"}]},{\"@type\":\"WebSite\",\"@id\":\"https:\\\/\\\/quehacerpolitico.mx\\\/#website\",\"url\":\"https:\\\/\\\/quehacerpolitico.mx\\\/\",\"name\":\"\",\"description\":\"\",\"potentialAction\":[{\"@type\":\"SearchAction\",\"target\":{\"@type\":\"EntryPoint\",\"urlTemplate\":\"https:\\\/\\\/quehacerpolitico.mx\\\/?s={search_term_string}\"},\"query-input\":{\"@type\":\"PropertyValueSpecification\",\"valueRequired\":true,\"valueName\":\"search_term_string\"}}],\"inLanguage\":\"es\"},{\"@type\":\"Person\",\"@id\":\"https:\\\/\\\/quehacerpolitico.mx\\\/#\\\/schema\\\/person\\\/496d8ad2d1d3f8036101dca7ee39e585\",\"name\":\"Redacci\u00f3n QP\",\"image\":{\"@type\":\"ImageObject\",\"inLanguage\":\"es\",\"@id\":\"https:\\\/\\\/secure.gravatar.com\\\/avatar\\\/c7164ed6fdec453195284ad24a5ae5b6e1eed2b848477fa2a4787ba9adf39a41?s=96&d=mm&r=g\",\"url\":\"https:\\\/\\\/secure.gravatar.com\\\/avatar\\\/c7164ed6fdec453195284ad24a5ae5b6e1eed2b848477fa2a4787ba9adf39a41?s=96&d=mm&r=g\",\"contentUrl\":\"https:\\\/\\\/secure.gravatar.com\\\/avatar\\\/c7164ed6fdec453195284ad24a5ae5b6e1eed2b848477fa2a4787ba9adf39a41?s=96&d=mm&r=g\",\"caption\":\"Redacci\u00f3n QP\"},\"url\":\"https:\\\/\\\/quehacerpolitico.mx\\\/?author=2\"}]}<\/script>\n<!-- \/ Yoast SEO plugin. -->","yoast_head_json":{"title":"\u201cSi puedo imaginarlo, puedo lograrlo\u201d, dice Yalitza a hada en VIDEO especial de Plaza S\u00e9samo -","robots":{"index":"index","follow":"follow","max-snippet":"max-snippet:-1","max-image-preview":"max-image-preview:large","max-video-preview":"max-video-preview:-1"},"canonical":"https:\/\/quehacerpolitico.mx\/?p=19731","og_locale":"es_MX","og_type":"article","og_title":"\u201cSi puedo imaginarlo, puedo lograrlo\u201d, dice Yalitza a hada en VIDEO especial de Plaza S\u00e9samo -","og_description":"\u201cSi puedo imaginarlo, puedo lograrlo\u201d, dice Yalitza a hada en VIDEO especial de Plaza S\u00e9samo Por Redacci\u00f3n QP","og_url":"https:\/\/quehacerpolitico.mx\/?p=19731","article_published_time":"2019-03-09T01:28:29+00:00","author":"Redacci\u00f3n QP","twitter_card":"summary_large_image","twitter_misc":{"Escrito por":"Redacci\u00f3n QP","Tiempo de lectura":"1 minuto"},"schema":{"@context":"https:\/\/schema.org","@graph":[{"@type":"Article","@id":"https:\/\/quehacerpolitico.mx\/?p=19731#article","isPartOf":{"@id":"https:\/\/quehacerpolitico.mx\/?p=19731"},"author":{"name":"Redacci\u00f3n QP","@id":"https:\/\/quehacerpolitico.mx\/#\/schema\/person\/496d8ad2d1d3f8036101dca7ee39e585"},"headline":"\u201cSi puedo imaginarlo, puedo lograrlo\u201d, dice Yalitza a hada en VIDEO especial de Plaza S\u00e9samo","datePublished":"2019-03-09T01:28:29+00:00","mainEntityOfPage":{"@id":"https:\/\/quehacerpolitico.mx\/?p=19731"},"wordCount":276,"commentCount":0,"image":{"@id":"https:\/\/quehacerpolitico.mx\/?p=19731#primaryimage"},"thumbnailUrl":"","articleSection":["Cultura y Entretenimiento"],"inLanguage":"es","potentialAction":[{"@type":"CommentAction","name":"Comment","target":["https:\/\/quehacerpolitico.mx\/?p=19731#respond"]}]},{"@type":"WebPage","@id":"https:\/\/quehacerpolitico.mx\/?p=19731","url":"https:\/\/quehacerpolitico.mx\/?p=19731","name":"\u201cSi puedo imaginarlo, puedo lograrlo\u201d, dice Yalitza a hada en VIDEO especial de Plaza S\u00e9samo -","isPartOf":{"@id":"https:\/\/quehacerpolitico.mx\/#website"},"primaryImageOfPage":{"@id":"https:\/\/quehacerpolitico.mx\/?p=19731#primaryimage"},"image":{"@id":"https:\/\/quehacerpolitico.mx\/?p=19731#primaryimage"},"thumbnailUrl":"","datePublished":"2019-03-09T01:28:29+00:00","author":{"@id":"https:\/\/quehacerpolitico.mx\/#\/schema\/person\/496d8ad2d1d3f8036101dca7ee39e585"},"breadcrumb":{"@id":"https:\/\/quehacerpolitico.mx\/?p=19731#breadcrumb"},"inLanguage":"es","potentialAction":[{"@type":"ReadAction","target":["https:\/\/quehacerpolitico.mx\/?p=19731"]}]},{"@type":"ImageObject","inLanguage":"es","@id":"https:\/\/quehacerpolitico.mx\/?p=19731#primaryimage","url":"","contentUrl":""},{"@type":"BreadcrumbList","@id":"https:\/\/quehacerpolitico.mx\/?p=19731#breadcrumb","itemListElement":[{"@type":"ListItem","position":1,"name":"Inicio","item":"https:\/\/quehacerpolitico.mx\/"},{"@type":"ListItem","position":2,"name":"\u201cSi puedo imaginarlo, puedo lograrlo\u201d, dice Yalitza a hada en VIDEO especial de Plaza S\u00e9samo"}]},{"@type":"WebSite","@id":"https:\/\/quehacerpolitico.mx\/#website","url":"https:\/\/quehacerpolitico.mx\/","name":"","description":"","potentialAction":[{"@type":"SearchAction","target":{"@type":"EntryPoint","urlTemplate":"https:\/\/quehacerpolitico.mx\/?s={search_term_string}"},"query-input":{"@type":"PropertyValueSpecification","valueRequired":true,"valueName":"search_term_string"}}],"inLanguage":"es"},{"@type":"Person","@id":"https:\/\/quehacerpolitico.mx\/#\/schema\/person\/496d8ad2d1d3f8036101dca7ee39e585","name":"Redacci\u00f3n QP","image":{"@type":"ImageObject","inLanguage":"es","@id":"https:\/\/secure.gravatar.com\/avatar\/c7164ed6fdec453195284ad24a5ae5b6e1eed2b848477fa2a4787ba9adf39a41?s=96&d=mm&r=g","url":"https:\/\/secure.gravatar.com\/avatar\/c7164ed6fdec453195284ad24a5ae5b6e1eed2b848477fa2a4787ba9adf39a41?s=96&d=mm&r=g","contentUrl":"https:\/\/secure.gravatar.com\/avatar\/c7164ed6fdec453195284ad24a5ae5b6e1eed2b848477fa2a4787ba9adf39a41?s=96&d=mm&r=g","caption":"Redacci\u00f3n QP"},"url":"https:\/\/quehacerpolitico.mx\/?author=2"}]}},"featured_image_urls":{"full":"","thumbnail":"","medium":"","medium_large":"","large":"","1536x1536":"","2048x2048":"","covernews-featured":"","covernews-medium":""},"author_info":{"display_name":"Redacci\u00f3n QP","author_link":"https:\/\/quehacerpolitico.mx\/?author=2"},"category_info":"<a href=\"https:\/\/quehacerpolitico.mx\/?cat=58\" rel=\"category\">Cultura y Entretenimiento<\/a>","tag_info":"Cultura y Entretenimiento","comment_count":"0","_links":{"self":[{"href":"https:\/\/quehacerpolitico.mx\/index.php?rest_route=\/wp\/v2\/posts\/19731","targetHints":{"allow":["GET"]}}],"collection":[{"href":"https:\/\/quehacerpolitico.mx\/index.php?rest_route=\/wp\/v2\/posts"}],"about":[{"href":"https:\/\/quehacerpolitico.mx\/index.php?rest_route=\/wp\/v2\/types\/post"}],"author":[{"embeddable":true,"href":"https:\/\/quehacerpolitico.mx\/index.php?rest_route=\/wp\/v2\/users\/2"}],"replies":[{"embeddable":true,"href":"https:\/\/quehacerpolitico.mx\/index.php?rest_route=%2Fwp%2Fv2%2Fcomments&post=19731"}],"version-history":[{"count":0,"href":"https:\/\/quehacerpolitico.mx\/index.php?rest_route=\/wp\/v2\/posts\/19731\/revisions"}],"wp:featuredmedia":[{"embeddable":true,"href":"https:\/\/quehacerpolitico.mx\/index.php?rest_route=\/"}],"wp:attachment":[{"href":"https:\/\/quehacerpolitico.mx\/index.php?rest_route=%2Fwp%2Fv2%2Fmedia&parent=19731"}],"wp:term":[{"taxonomy":"category","embeddable":true,"href":"https:\/\/quehacerpolitico.mx\/index.php?rest_route=%2Fwp%2Fv2%2Fcategories&post=19731"},{"taxonomy":"post_tag","embeddable":true,"href":"https:\/\/quehacerpolitico.mx\/index.php?rest_route=%2Fwp%2Fv2%2Ftags&post=19731"}],"curies":[{"name":"wp","href":"https:\/\/api.w.org\/{rel}","templated":true}]}}