{"id":19728,"date":"2019-03-09T01:15:53","date_gmt":"2019-03-09T01:15:53","guid":{"rendered":"http:\/\/quehacerpolitico.mx\/congreso-cdmx-abre-espacios-de-comercializacion-para-mujeres-emprendedoras\/"},"modified":"2019-03-09T01:15:53","modified_gmt":"2019-03-09T01:15:53","slug":"congreso-cdmx-abre-espacios-de-comercializacion-para-mujeres-emprendedoras","status":"publish","type":"post","link":"https:\/\/quehacerpolitico.mx\/?p=19728","title":{"rendered":"CONGRESO CDMX ABRE ESPACIOS DE COMERCIALIZACI\u00d3N PARA MUJERES EMPRENDEDORAS"},"content":{"rendered":"<p>CONGRESO CDMX ABRE ESPACIOS DE COMERCIALIZACI\u00d3N PARA MUJERES<br \/>EMPRENDEDORAS<\/p>\n<p>Por Redacci\u00f3n QP<\/p>\n<p>\u201cRefrendamos el compromiso con la autonom\u00eda y derechos de<br \/>las mujeres\u201d: diputada Paula Soto Maldonado (MORENA)<\/p>\n<p>La exposici\u00f3n de la Red \u201cCitlamina Remuci\u201d ofrece<br \/>productos org\u00e1nicos como mermeladas, frutos secos, productos derivados<br \/>de la miel, chocolates, bu\u00f1uelos artesanales a bajo precio._<\/p>\n<p>Como parte de las acciones para contribuir al empoderamiento econ\u00f3mico<br \/>de las mujeres, el Congreso de la Ciudad de M\u00e9xico, inaugur\u00f3 este<br \/>viernes la exposici\u00f3n de productos y servicios de la red de mujeres<br \/>empresarias \u201cCitlamina Remuci\u201d, en el marco de la conmemoraci\u00f3n del<br \/>D\u00eda Internacional de la Mujer.<\/p>\n<p>En la apertura de la muestra, la legisladora y presidenta de la<br \/>Comisi\u00f3n de Igualdad de G\u00e9nero, Paula Soto Maldonado, se\u00f1al\u00f3 que los<br \/>productos que se presentan son el resultado del trabajo y compromiso de<br \/>las mujeres que buscan mejorar su calidad de vida.<\/p>\n<p>\u201cSomos mujeres productivas y que buscamos salir adelante. Es un honor<br \/>y un gusto recibirles en el Congreso de la Ciudad de M\u00e9xico, donde<br \/>reafirmarnos el compromiso con la autonom\u00eda y derechos de las<br \/>mujeres\u201d.<\/p>\n<p>La legisladora coment\u00f3 que la mejor conmemoraci\u00f3n del D\u00eda<br \/>Internacional de la Mujer, este 8 de marzo, es promover e impulsar el<br \/>trabajo de cada una de ellas.<\/p>\n<p>Maine Hern\u00e1ndez, integrante de la Red \u201cCitlamina Remuci\u201d, se\u00f1al\u00f3<br \/>que son un grupo de 40 mujeres emprendedoras que buscan sororidad<br \/>(solidaridad de g\u00e9nero) y alternativas para comercializar sus<br \/>productos.<\/p>\n<p>Durante la pr\u00f3xima semana, estar\u00e1n ofreciendo productos org\u00e1nicos<br \/>como mermeladas, frutos secos, productos derivados de la miel,<br \/>chocolates, bu\u00f1uelos artesanales a bajo precio.<\/p>\n<p>La exposici\u00f3n de productos de mujeres de la Red \u201cCitlamina Remuci\u201d<br \/>fue inaugurada por la diputada Paula Soto Maldonado y por Ricardo Ruiz<br \/>Su\u00e1rez, presidente de la Junta de Coordinaci\u00f3n Pol\u00edtica del Congreso<br \/>de la Ciudad de M\u00e9xico.<\/p>\n<p>Estar\u00e1 abierta al p\u00fablico hasta el viernes 15 de marzo, en el mezanine<br \/>de <a href=\"https:\/\/maps.google.com\/?q=Plaza+de+la+Constituci%C3%B3n+No.+7,+Centro+Hist%C3%B3rico&amp;entry=gmail&amp;source=g\" data-saferedirecturl=\"https:\/\/www.google.com\/url?q=https:\/\/maps.google.com\/?q%3DPlaza%2Bde%2Bla%2BConstituci%25C3%25B3n%2BNo.%2B7,%2BCentro%2BHist%25C3%25B3rico%26entry%3Dgmail%26source%3Dg&amp;source=gmail&amp;ust=1552180270144000&amp;usg=AFQjCNEtpP62H6RxfV3CtYTsUfWm8vNrZg\" data-removefontsize=\"true\" data-originalcomputedfontsize=\"16\">Plaza de la Constituci\u00f3n No. 7, Centro Hist\u00f3rico<\/a>.<\/p>\n","protected":false},"excerpt":{"rendered":"<p>CONGRESO CDMX ABRE ESPACIOS DE COMERCIALIZACI\u00d3N PARA MUJERES<br \/>\nEMPRENDEDORAS<br \/>\nPor Redacci\u00f3n QP<\/p>\n","protected":false},"author":2,"featured_media":19727,"comment_status":"open","ping_status":"open","sticky":false,"template":"","format":"standard","meta":{"_monsterinsights_skip_tracking":false,"_monsterinsights_sitenote_active":false,"_monsterinsights_sitenote_note":"","_monsterinsights_sitenote_category":0,"footnotes":""},"categories":[55],"tags":[],"class_list":["post-19728","post","type-post","status-publish","format-standard","has-post-thumbnail","hentry","category-cdmx"],"yoast_head":"<!-- This site is optimized with the Yoast SEO plugin v27.3 - https:\/\/yoast.com\/product\/yoast-seo-wordpress\/ -->\n<title>CONGRESO CDMX ABRE ESPACIOS DE COMERCIALIZACI\u00d3N PARA MUJERES EMPRENDEDORAS -<\/title>\n<meta name=\"robots\" content=\"index, follow, max-snippet:-1, max-image-preview:large, max-video-preview:-1\" \/>\n<link rel=\"canonical\" href=\"https:\/\/quehacerpolitico.mx\/?p=19728\" \/>\n<meta property=\"og:locale\" content=\"es_MX\" \/>\n<meta property=\"og:type\" content=\"article\" \/>\n<meta property=\"og:title\" content=\"CONGRESO CDMX ABRE ESPACIOS DE COMERCIALIZACI\u00d3N PARA MUJERES EMPRENDEDORAS -\" \/>\n<meta property=\"og:description\" content=\"CONGRESO CDMX ABRE ESPACIOS DE COMERCIALIZACI\u00d3N PARA MUJERES EMPRENDEDORAS Por Redacci\u00f3n QP\" \/>\n<meta property=\"og:url\" content=\"https:\/\/quehacerpolitico.mx\/?p=19728\" \/>\n<meta property=\"article:published_time\" content=\"2019-03-09T01:15:53+00:00\" \/>\n<meta name=\"author\" content=\"Redacci\u00f3n QP\" \/>\n<meta name=\"twitter:card\" content=\"summary_large_image\" \/>\n<meta name=\"twitter:label1\" content=\"Escrito por\" \/>\n\t<meta name=\"twitter:data1\" content=\"Redacci\u00f3n QP\" \/>\n\t<meta name=\"twitter:label2\" content=\"Tiempo de lectura\" \/>\n\t<meta name=\"twitter:data2\" content=\"2 minutos\" \/>\n<script type=\"application\/ld+json\" class=\"yoast-schema-graph\">{\"@context\":\"https:\\\/\\\/schema.org\",\"@graph\":[{\"@type\":\"Article\",\"@id\":\"https:\\\/\\\/quehacerpolitico.mx\\\/?p=19728#article\",\"isPartOf\":{\"@id\":\"https:\\\/\\\/quehacerpolitico.mx\\\/?p=19728\"},\"author\":{\"name\":\"Redacci\u00f3n QP\",\"@id\":\"https:\\\/\\\/quehacerpolitico.mx\\\/#\\\/schema\\\/person\\\/496d8ad2d1d3f8036101dca7ee39e585\"},\"headline\":\"CONGRESO CDMX ABRE ESPACIOS DE COMERCIALIZACI\u00d3N PARA MUJERES EMPRENDEDORAS\",\"datePublished\":\"2019-03-09T01:15:53+00:00\",\"mainEntityOfPage\":{\"@id\":\"https:\\\/\\\/quehacerpolitico.mx\\\/?p=19728\"},\"wordCount\":339,\"commentCount\":0,\"image\":{\"@id\":\"https:\\\/\\\/quehacerpolitico.mx\\\/?p=19728#primaryimage\"},\"thumbnailUrl\":\"\",\"articleSection\":[\"CDMX\"],\"inLanguage\":\"es\",\"potentialAction\":[{\"@type\":\"CommentAction\",\"name\":\"Comment\",\"target\":[\"https:\\\/\\\/quehacerpolitico.mx\\\/?p=19728#respond\"]}]},{\"@type\":\"WebPage\",\"@id\":\"https:\\\/\\\/quehacerpolitico.mx\\\/?p=19728\",\"url\":\"https:\\\/\\\/quehacerpolitico.mx\\\/?p=19728\",\"name\":\"CONGRESO CDMX ABRE ESPACIOS DE COMERCIALIZACI\u00d3N PARA MUJERES EMPRENDEDORAS -\",\"isPartOf\":{\"@id\":\"https:\\\/\\\/quehacerpolitico.mx\\\/#website\"},\"primaryImageOfPage\":{\"@id\":\"https:\\\/\\\/quehacerpolitico.mx\\\/?p=19728#primaryimage\"},\"image\":{\"@id\":\"https:\\\/\\\/quehacerpolitico.mx\\\/?p=19728#primaryimage\"},\"thumbnailUrl\":\"\",\"datePublished\":\"2019-03-09T01:15:53+00:00\",\"author\":{\"@id\":\"https:\\\/\\\/quehacerpolitico.mx\\\/#\\\/schema\\\/person\\\/496d8ad2d1d3f8036101dca7ee39e585\"},\"breadcrumb\":{\"@id\":\"https:\\\/\\\/quehacerpolitico.mx\\\/?p=19728#breadcrumb\"},\"inLanguage\":\"es\",\"potentialAction\":[{\"@type\":\"ReadAction\",\"target\":[\"https:\\\/\\\/quehacerpolitico.mx\\\/?p=19728\"]}]},{\"@type\":\"ImageObject\",\"inLanguage\":\"es\",\"@id\":\"https:\\\/\\\/quehacerpolitico.mx\\\/?p=19728#primaryimage\",\"url\":\"\",\"contentUrl\":\"\"},{\"@type\":\"BreadcrumbList\",\"@id\":\"https:\\\/\\\/quehacerpolitico.mx\\\/?p=19728#breadcrumb\",\"itemListElement\":[{\"@type\":\"ListItem\",\"position\":1,\"name\":\"Inicio\",\"item\":\"https:\\\/\\\/quehacerpolitico.mx\\\/\"},{\"@type\":\"ListItem\",\"position\":2,\"name\":\"CONGRESO CDMX ABRE ESPACIOS DE COMERCIALIZACI\u00d3N PARA MUJERES EMPRENDEDORAS\"}]},{\"@type\":\"WebSite\",\"@id\":\"https:\\\/\\\/quehacerpolitico.mx\\\/#website\",\"url\":\"https:\\\/\\\/quehacerpolitico.mx\\\/\",\"name\":\"\",\"description\":\"\",\"potentialAction\":[{\"@type\":\"SearchAction\",\"target\":{\"@type\":\"EntryPoint\",\"urlTemplate\":\"https:\\\/\\\/quehacerpolitico.mx\\\/?s={search_term_string}\"},\"query-input\":{\"@type\":\"PropertyValueSpecification\",\"valueRequired\":true,\"valueName\":\"search_term_string\"}}],\"inLanguage\":\"es\"},{\"@type\":\"Person\",\"@id\":\"https:\\\/\\\/quehacerpolitico.mx\\\/#\\\/schema\\\/person\\\/496d8ad2d1d3f8036101dca7ee39e585\",\"name\":\"Redacci\u00f3n QP\",\"image\":{\"@type\":\"ImageObject\",\"inLanguage\":\"es\",\"@id\":\"https:\\\/\\\/secure.gravatar.com\\\/avatar\\\/c7164ed6fdec453195284ad24a5ae5b6e1eed2b848477fa2a4787ba9adf39a41?s=96&d=mm&r=g\",\"url\":\"https:\\\/\\\/secure.gravatar.com\\\/avatar\\\/c7164ed6fdec453195284ad24a5ae5b6e1eed2b848477fa2a4787ba9adf39a41?s=96&d=mm&r=g\",\"contentUrl\":\"https:\\\/\\\/secure.gravatar.com\\\/avatar\\\/c7164ed6fdec453195284ad24a5ae5b6e1eed2b848477fa2a4787ba9adf39a41?s=96&d=mm&r=g\",\"caption\":\"Redacci\u00f3n QP\"},\"url\":\"https:\\\/\\\/quehacerpolitico.mx\\\/?author=2\"}]}<\/script>\n<!-- \/ Yoast SEO plugin. -->","yoast_head_json":{"title":"CONGRESO CDMX ABRE ESPACIOS DE COMERCIALIZACI\u00d3N PARA MUJERES EMPRENDEDORAS -","robots":{"index":"index","follow":"follow","max-snippet":"max-snippet:-1","max-image-preview":"max-image-preview:large","max-video-preview":"max-video-preview:-1"},"canonical":"https:\/\/quehacerpolitico.mx\/?p=19728","og_locale":"es_MX","og_type":"article","og_title":"CONGRESO CDMX ABRE ESPACIOS DE COMERCIALIZACI\u00d3N PARA MUJERES EMPRENDEDORAS -","og_description":"CONGRESO CDMX ABRE ESPACIOS DE COMERCIALIZACI\u00d3N PARA MUJERES EMPRENDEDORAS Por Redacci\u00f3n QP","og_url":"https:\/\/quehacerpolitico.mx\/?p=19728","article_published_time":"2019-03-09T01:15:53+00:00","author":"Redacci\u00f3n QP","twitter_card":"summary_large_image","twitter_misc":{"Escrito por":"Redacci\u00f3n QP","Tiempo de lectura":"2 minutos"},"schema":{"@context":"https:\/\/schema.org","@graph":[{"@type":"Article","@id":"https:\/\/quehacerpolitico.mx\/?p=19728#article","isPartOf":{"@id":"https:\/\/quehacerpolitico.mx\/?p=19728"},"author":{"name":"Redacci\u00f3n QP","@id":"https:\/\/quehacerpolitico.mx\/#\/schema\/person\/496d8ad2d1d3f8036101dca7ee39e585"},"headline":"CONGRESO CDMX ABRE ESPACIOS DE COMERCIALIZACI\u00d3N PARA MUJERES EMPRENDEDORAS","datePublished":"2019-03-09T01:15:53+00:00","mainEntityOfPage":{"@id":"https:\/\/quehacerpolitico.mx\/?p=19728"},"wordCount":339,"commentCount":0,"image":{"@id":"https:\/\/quehacerpolitico.mx\/?p=19728#primaryimage"},"thumbnailUrl":"","articleSection":["CDMX"],"inLanguage":"es","potentialAction":[{"@type":"CommentAction","name":"Comment","target":["https:\/\/quehacerpolitico.mx\/?p=19728#respond"]}]},{"@type":"WebPage","@id":"https:\/\/quehacerpolitico.mx\/?p=19728","url":"https:\/\/quehacerpolitico.mx\/?p=19728","name":"CONGRESO CDMX ABRE ESPACIOS DE COMERCIALIZACI\u00d3N PARA MUJERES EMPRENDEDORAS -","isPartOf":{"@id":"https:\/\/quehacerpolitico.mx\/#website"},"primaryImageOfPage":{"@id":"https:\/\/quehacerpolitico.mx\/?p=19728#primaryimage"},"image":{"@id":"https:\/\/quehacerpolitico.mx\/?p=19728#primaryimage"},"thumbnailUrl":"","datePublished":"2019-03-09T01:15:53+00:00","author":{"@id":"https:\/\/quehacerpolitico.mx\/#\/schema\/person\/496d8ad2d1d3f8036101dca7ee39e585"},"breadcrumb":{"@id":"https:\/\/quehacerpolitico.mx\/?p=19728#breadcrumb"},"inLanguage":"es","potentialAction":[{"@type":"ReadAction","target":["https:\/\/quehacerpolitico.mx\/?p=19728"]}]},{"@type":"ImageObject","inLanguage":"es","@id":"https:\/\/quehacerpolitico.mx\/?p=19728#primaryimage","url":"","contentUrl":""},{"@type":"BreadcrumbList","@id":"https:\/\/quehacerpolitico.mx\/?p=19728#breadcrumb","itemListElement":[{"@type":"ListItem","position":1,"name":"Inicio","item":"https:\/\/quehacerpolitico.mx\/"},{"@type":"ListItem","position":2,"name":"CONGRESO CDMX ABRE ESPACIOS DE COMERCIALIZACI\u00d3N PARA MUJERES EMPRENDEDORAS"}]},{"@type":"WebSite","@id":"https:\/\/quehacerpolitico.mx\/#website","url":"https:\/\/quehacerpolitico.mx\/","name":"","description":"","potentialAction":[{"@type":"SearchAction","target":{"@type":"EntryPoint","urlTemplate":"https:\/\/quehacerpolitico.mx\/?s={search_term_string}"},"query-input":{"@type":"PropertyValueSpecification","valueRequired":true,"valueName":"search_term_string"}}],"inLanguage":"es"},{"@type":"Person","@id":"https:\/\/quehacerpolitico.mx\/#\/schema\/person\/496d8ad2d1d3f8036101dca7ee39e585","name":"Redacci\u00f3n QP","image":{"@type":"ImageObject","inLanguage":"es","@id":"https:\/\/secure.gravatar.com\/avatar\/c7164ed6fdec453195284ad24a5ae5b6e1eed2b848477fa2a4787ba9adf39a41?s=96&d=mm&r=g","url":"https:\/\/secure.gravatar.com\/avatar\/c7164ed6fdec453195284ad24a5ae5b6e1eed2b848477fa2a4787ba9adf39a41?s=96&d=mm&r=g","contentUrl":"https:\/\/secure.gravatar.com\/avatar\/c7164ed6fdec453195284ad24a5ae5b6e1eed2b848477fa2a4787ba9adf39a41?s=96&d=mm&r=g","caption":"Redacci\u00f3n QP"},"url":"https:\/\/quehacerpolitico.mx\/?author=2"}]}},"featured_image_urls":{"full":"","thumbnail":"","medium":"","medium_large":"","large":"","1536x1536":"","2048x2048":"","covernews-featured":"","covernews-medium":""},"author_info":{"display_name":"Redacci\u00f3n QP","author_link":"https:\/\/quehacerpolitico.mx\/?author=2"},"category_info":"<a href=\"https:\/\/quehacerpolitico.mx\/?cat=55\" rel=\"category\">CDMX<\/a>","tag_info":"CDMX","comment_count":"0","_links":{"self":[{"href":"https:\/\/quehacerpolitico.mx\/index.php?rest_route=\/wp\/v2\/posts\/19728","targetHints":{"allow":["GET"]}}],"collection":[{"href":"https:\/\/quehacerpolitico.mx\/index.php?rest_route=\/wp\/v2\/posts"}],"about":[{"href":"https:\/\/quehacerpolitico.mx\/index.php?rest_route=\/wp\/v2\/types\/post"}],"author":[{"embeddable":true,"href":"https:\/\/quehacerpolitico.mx\/index.php?rest_route=\/wp\/v2\/users\/2"}],"replies":[{"embeddable":true,"href":"https:\/\/quehacerpolitico.mx\/index.php?rest_route=%2Fwp%2Fv2%2Fcomments&post=19728"}],"version-history":[{"count":0,"href":"https:\/\/quehacerpolitico.mx\/index.php?rest_route=\/wp\/v2\/posts\/19728\/revisions"}],"wp:featuredmedia":[{"embeddable":true,"href":"https:\/\/quehacerpolitico.mx\/index.php?rest_route=\/"}],"wp:attachment":[{"href":"https:\/\/quehacerpolitico.mx\/index.php?rest_route=%2Fwp%2Fv2%2Fmedia&parent=19728"}],"wp:term":[{"taxonomy":"category","embeddable":true,"href":"https:\/\/quehacerpolitico.mx\/index.php?rest_route=%2Fwp%2Fv2%2Fcategories&post=19728"},{"taxonomy":"post_tag","embeddable":true,"href":"https:\/\/quehacerpolitico.mx\/index.php?rest_route=%2Fwp%2Fv2%2Ftags&post=19728"}],"curies":[{"name":"wp","href":"https:\/\/api.w.org\/{rel}","templated":true}]}}