{"id":19719,"date":"2019-03-09T00:50:50","date_gmt":"2019-03-09T00:50:50","guid":{"rendered":"http:\/\/quehacerpolitico.mx\/gobernador-de-aguascalientes-no-va-a-mitin-del-presidente-y-lo-abuchean-amlo-pide-ya-no-odiar\/"},"modified":"2019-03-09T00:50:50","modified_gmt":"2019-03-09T00:50:50","slug":"gobernador-de-aguascalientes-no-va-a-mitin-del-presidente-y-lo-abuchean-amlo-pide-ya-no-odiar","status":"publish","type":"post","link":"https:\/\/quehacerpolitico.mx\/?p=19719","title":{"rendered":"Gobernador de Aguascalientes no va a mitin del Presidente\u2026 y lo abuchean; AMLO pide ya no odiar"},"content":{"rendered":"<h1>Gobernador de Aguascalientes no va a mitin del Presidente\u2026 y lo abuchean; AMLO pide ya no odiar<\/h1>\n<p>Por Redacci\u00f3n QP<\/p>\n<p>El Presidente <strong>Andr\u00e9s Manuel L\u00f3pez Obrador<\/strong>encabez\u00f3 esta tarde un <strong>evento<\/strong> de entrega de Programas de Bienestar en <strong>Aguascalientes<\/strong>, el <strong>primero<\/strong> <strong>sin<\/strong> compa\u00f1\u00eda del <strong>Gobernador<\/strong> de la entidad respectiva. El panista <strong>Mart\u00edn Orozco<\/strong>no acompa\u00f1\u00f3 al Jefe del Ejecutivo Federal como hab\u00eda sido costumbre en cada uno de los estados que el mandatario ha recorrido, pues, acus\u00f3, se ha \u201cvuelto sistem\u00e1ticos y parte de la log\u00edstica de estos eventos las arengas y abucheos\u201d.<\/p>\n<blockquote>\n<p>La ausencia del Gobernador en el evento se da luego de la pol\u00e9mica generada por los <strong>abucheos<\/strong> y <strong>protestas<\/strong> que recibieron la mayor\u00eda de los mandatarios estatales de oposici\u00f3n que han acompa\u00f1ado al Jefe del Ejecutivo Federal en los estados. El \u00faltimo abucheado fue el Gobernador de Colima, Jos\u00e9 Ignacio Peralta, quien el pasado martes en un evento similar par\u00f3 su discurso por los gritos de la gente y acus\u00f3: \u201cPodemos dejar que se desahogue toda esta parte de lo que parece ser un protocolo en todas las entidades federativas\u201d.<\/p>\n<\/blockquote>\n<p>Un d\u00eda despu\u00e9s, durante su conferencia matutina, el Presidente plante\u00f3 que si los gobernadores prefer\u00edan no asistir a los eventos, \u00e9l los visitar\u00eda en el Palacio de Gobierno. Pero recalc\u00f3 que \u00e9l s\u00ed necesita tener comunicaci\u00f3n con la gente permanente; \u201ces m\u00e1s, aunque me abucheen\u201d, asegur\u00f3.<\/p>\n<p>Hoy en Aguascalientes no hubieron protestas, pero s\u00ed porras mientras la Secretaria de Bienestar, Mar\u00eda Luisa Albores, hablaba.<\/p>\n<p>Este viernes, en la entidad hidroc\u00e1lida, L\u00f3pez Obrador dijo que acord\u00f3 con el mandatario de Aguascalientes que \u201cera mejor [que no asistiera] por lo que ha venido pasando, no prestarnos a un mal rato\u201d.<\/p>\n<p>Sin embargo dijo que su Gobierno y el de Aguascalientes est\u00e1n \u201ctrabajando de manera coordinada\u201d. \u201cNo hay divisi\u00f3n y no hay pleito porque somos respetuosos de las autonom\u00eda de las autoridades locales\u201d, asegur\u00f3.<\/p>\n<blockquote>\n<p>\u201cSi no est\u00e1 aqu\u00ed el Gobernador es porque se convino, llegamos al acuerdo, de que era mejor por lo que ha venido pasando no prestarnos a un mal rato. Que era mejor actuar con prudencia. Pero aprovecho para decirles que el Gobierno se ha portado muy respetuoso con nosotros y les pido que respetemos a las autoridades\u201d, detall\u00f3.<\/p>\n<p>Cuando L\u00f3pez Obrador comenz\u00f3 a hablar sobre el mandatario, la gente empez\u00f3 a abuchear. Luego, el Presidente hizo una encuesta para ver qui\u00e9nes eran religiosos: \u201cque levanten la mano los que son creyentes; que levanten la mano quienes no son creyentes\u201d.<\/p>\n<p>Tambi\u00e9n pidi\u00f3 respeto para todas las maneras de pensar, a todas las religiones y a los libres pensadores. \u201cA ver los que son creyentes: \u00bfCu\u00e1l es el libro fundamental? La biblia, \u00bfy qu\u00e9 dice la biblia? Que hay que respetar a la autoridad\u201d, a\u00f1adi\u00f3.<\/p>\n<blockquote>\n<p>\u201cNo perdemos nada respet\u00e1ndonos unos a otros\u201d, dijo y recalc\u00f3 que tambi\u00e9n la Cuarta Transformaci\u00f3n es la reconciliaci\u00f3n.<\/p>\n<\/blockquote>\n<p>Consider\u00f3 tambi\u00e9n que en Aguascalientes \u201csube la temperatura\u201d por las pr\u00f3ximas elecciones.<\/p>\n<blockquote>\n<p>\u201cYa ped\u00ed permiso a mi partido, y ahora que soy Presidente ya no tengo partido, mi \u00fanico partido es el pueblo de M\u00e9xico, se llama M\u00e9xico\u201d, a\u00f1adi\u00f3.<\/p>\n<\/blockquote>\n<p>\u201cVengo a verles de manera directa, sin guardaespaldas, porque ya no hay Estado Mayor Presidencial. Vengo a refrendar los compromisos\u201d, dijo el Jefe del Ejecutivo Federal.<\/p>\n<p>Record\u00f3 que el lunes cumple 100 d\u00edas ante el Gobierno y ya se han logrado muchas cosas. Aunque reconoci\u00f3 que \u201ca\u00fan falta, porque no es f\u00e1cil lograr el renacimiento de M\u00e9xico porque dejaron un cochinero\u201d.<\/p>\n<blockquote>\n<p>\u201cVamos a limpiar al pa\u00eds, se va a acabar la corrupci\u00f3n\u201d, dijo L\u00f3pez Obrador y vinieron los aplausos del p\u00fablico, entre ellos muchos j\u00f3venes estudiantes, y el grito: \u201c\u00a1s\u00ed se puede, s\u00ed se puede!\u201d.<\/p>\n<p><strong>EL GOBERNADOR DICE QUE NO SE PRESTAR\u00c1 AL JUEGO<\/strong><\/p>\n<p>Sobre su ausencia al evento, el Gobernador de Aguascalientes, Mart\u00edn Orozco dijo que no asisti\u00f3 porque se han \u201cvuelto sistem\u00e1ticos y parte de la log\u00edstica de estos eventos, las arengas y abucheos en contra de los gobernadores\u201d.<\/p>\n<p>A trav\u00e9s de un video publicado en su cuenta de Twitter, el mandatario estatal se\u00f1al\u00f3 que los gobernadores no deben prestarse al \u201cjuego de grup\u00fasculos que quieren divertirse, como si la visita del Presidente fuera la llegada de un circo romano a la entidad\u201d.<\/p>\n<p>Tambi\u00e9n coment\u00f3 que su Gobierno est\u00e1 dispuesto a colaborar con la administraci\u00f3n del Presidente L\u00f3pez Obrador para generar empleo y bienestar ,y reiter\u00f3 que el Jefe del Ejecutivo siempre ser\u00e1 recibido en Aguascalientes.<\/p>\n<blockquote class=\"twitter-tweet\" data-width=\"550\" data-dnt=\"true\">\n<p lang=\"es\" dir=\"ltr\">Acud\u00ed a recibir al Presidente <a href=\"https:\/\/twitter.com\/lopezobrador_?ref_src=twsrc%5Etfw\">@lopezobrador_<\/a> al aeropuerto. No estar\u00e9 presente en el evento de entrega de apoyos. Aqu\u00ed explico los motivos. <a href=\"https:\/\/t.co\/x5qH8H9MXr\">pic.twitter.com\/x5qH8H9MXr<\/a><\/p>\n<p>&mdash; Mart\u00edn Orozco (@MartinOrozcoAgs) <a href=\"https:\/\/twitter.com\/MartinOrozcoAgs\/status\/1104127862473482246?ref_src=twsrc%5Etfw\">March 8, 2019<\/a><\/p><\/blockquote>\n<p><script async src=\"https:\/\/platform.twitter.com\/widgets.js\" charset=\"utf-8\"><\/script><\/p>\n<p><strong>LA POL\u00c9MICA POR ABUCHEOS<\/strong><\/p>\n<p>La pol\u00e9mica por los abucheos tambi\u00e9n fue criticada por los partidos. En d\u00edas pasados, el Partido Acci\u00f3n Nacional (PAN) acus\u00f3 al Movimiento Regeneraci\u00f3n Nacional (Morena) de orquestar los abucheos contra gobernadores.<\/p>\n<blockquote>\n<p>\u201cQueda claro que los abucheos e insultos para los gobernadores del AN fueron planeados y orquestados por los militantes de Morena, tal como lo denunci\u00f3 el Gobernador de Chihuahua, Javier Corral, quien opin\u00f3 que estos actos son para \u2018reconcentrar el poder\u2019\u201d, se\u00f1al\u00f3 el partido en un comunicado.<\/p>\n<\/blockquote>\n<p>Adem\u00e1s, el fin de semana pasado, circul\u00f3 en redes sociales la fotograf\u00eda de un documento supuestamente de Morena en el que se leen instrucciones para que las y los asistentes a mitines abucheen a funcionarios estatales y festejan al l\u00edder del Ejecutivo.<\/p>\n<p>\u201cAmbientaci\u00f3n: Insistir a los asistentes convocados que, al anunciar la intervenci\u00f3n del Mandatario Estatal de oposici\u00f3n ES OBLIGATORIO emitir sonidos y gritos de desaprobaci\u00f3n (abucheo, silbatina, consignas partidistas\u201d, se lee en el documento atribuido a Morena.<\/p>\n<p>El PRI comparti\u00f3 en su cuenta de Twitter el manual y exigi\u00f3 al Gobierno de L\u00f3pez Obrador y a su partido pronunciarse sobre la autenticidad del documento.<\/p>\n<p>https:\/\/twitter.com\/lopezobrador_\/status\/1104172330643742720?s=21<\/p>\n<\/blockquote>\n<\/blockquote>\n","protected":false},"excerpt":{"rendered":"<p>Gobernador de Aguascalientes no va a mitin del Presidente\u2026 y lo abuchean; AMLO pide ya no odiar<br \/>\nPor Redacci\u00f3n QP<\/p>\n","protected":false},"author":2,"featured_media":19718,"comment_status":"open","ping_status":"open","sticky":false,"template":"","format":"standard","meta":{"_monsterinsights_skip_tracking":false,"_monsterinsights_sitenote_active":false,"_monsterinsights_sitenote_note":"","_monsterinsights_sitenote_category":0,"footnotes":""},"categories":[2],"tags":[],"class_list":["post-19719","post","type-post","status-publish","format-standard","has-post-thumbnail","hentry","category-noticias"],"yoast_head":"<!-- This site is optimized with the Yoast SEO plugin v27.3 - https:\/\/yoast.com\/product\/yoast-seo-wordpress\/ -->\n<title>Gobernador de Aguascalientes no va a mitin del Presidente\u2026 y lo abuchean; AMLO pide ya no odiar -<\/title>\n<meta name=\"robots\" content=\"index, follow, max-snippet:-1, max-image-preview:large, max-video-preview:-1\" \/>\n<link rel=\"canonical\" href=\"https:\/\/quehacerpolitico.mx\/?p=19719\" \/>\n<meta property=\"og:locale\" content=\"es_MX\" \/>\n<meta property=\"og:type\" content=\"article\" \/>\n<meta property=\"og:title\" content=\"Gobernador de Aguascalientes no va a mitin del Presidente\u2026 y lo abuchean; AMLO pide ya no odiar -\" \/>\n<meta property=\"og:description\" content=\"Gobernador de Aguascalientes no va a mitin del Presidente\u2026 y lo abuchean; AMLO pide ya no odiar Por Redacci\u00f3n QP\" \/>\n<meta property=\"og:url\" content=\"https:\/\/quehacerpolitico.mx\/?p=19719\" \/>\n<meta property=\"article:published_time\" content=\"2019-03-09T00:50:50+00:00\" \/>\n<meta name=\"author\" content=\"Redacci\u00f3n QP\" \/>\n<meta name=\"twitter:card\" content=\"summary_large_image\" \/>\n<meta name=\"twitter:label1\" content=\"Escrito por\" \/>\n\t<meta name=\"twitter:data1\" content=\"Redacci\u00f3n QP\" \/>\n\t<meta name=\"twitter:label2\" content=\"Tiempo de lectura\" \/>\n\t<meta name=\"twitter:data2\" content=\"5 minutos\" \/>\n<script type=\"application\/ld+json\" class=\"yoast-schema-graph\">{\"@context\":\"https:\\\/\\\/schema.org\",\"@graph\":[{\"@type\":\"Article\",\"@id\":\"https:\\\/\\\/quehacerpolitico.mx\\\/?p=19719#article\",\"isPartOf\":{\"@id\":\"https:\\\/\\\/quehacerpolitico.mx\\\/?p=19719\"},\"author\":{\"name\":\"Redacci\u00f3n QP\",\"@id\":\"https:\\\/\\\/quehacerpolitico.mx\\\/#\\\/schema\\\/person\\\/496d8ad2d1d3f8036101dca7ee39e585\"},\"headline\":\"Gobernador de Aguascalientes no va a mitin del Presidente\u2026 y lo abuchean; AMLO pide ya no odiar\",\"datePublished\":\"2019-03-09T00:50:50+00:00\",\"mainEntityOfPage\":{\"@id\":\"https:\\\/\\\/quehacerpolitico.mx\\\/?p=19719\"},\"wordCount\":1016,\"commentCount\":0,\"image\":{\"@id\":\"https:\\\/\\\/quehacerpolitico.mx\\\/?p=19719#primaryimage\"},\"thumbnailUrl\":\"\",\"articleSection\":[\"Noticias\"],\"inLanguage\":\"es\",\"potentialAction\":[{\"@type\":\"CommentAction\",\"name\":\"Comment\",\"target\":[\"https:\\\/\\\/quehacerpolitico.mx\\\/?p=19719#respond\"]}]},{\"@type\":\"WebPage\",\"@id\":\"https:\\\/\\\/quehacerpolitico.mx\\\/?p=19719\",\"url\":\"https:\\\/\\\/quehacerpolitico.mx\\\/?p=19719\",\"name\":\"Gobernador de Aguascalientes no va a mitin del Presidente\u2026 y lo abuchean; AMLO pide ya no odiar -\",\"isPartOf\":{\"@id\":\"https:\\\/\\\/quehacerpolitico.mx\\\/#website\"},\"primaryImageOfPage\":{\"@id\":\"https:\\\/\\\/quehacerpolitico.mx\\\/?p=19719#primaryimage\"},\"image\":{\"@id\":\"https:\\\/\\\/quehacerpolitico.mx\\\/?p=19719#primaryimage\"},\"thumbnailUrl\":\"\",\"datePublished\":\"2019-03-09T00:50:50+00:00\",\"author\":{\"@id\":\"https:\\\/\\\/quehacerpolitico.mx\\\/#\\\/schema\\\/person\\\/496d8ad2d1d3f8036101dca7ee39e585\"},\"breadcrumb\":{\"@id\":\"https:\\\/\\\/quehacerpolitico.mx\\\/?p=19719#breadcrumb\"},\"inLanguage\":\"es\",\"potentialAction\":[{\"@type\":\"ReadAction\",\"target\":[\"https:\\\/\\\/quehacerpolitico.mx\\\/?p=19719\"]}]},{\"@type\":\"ImageObject\",\"inLanguage\":\"es\",\"@id\":\"https:\\\/\\\/quehacerpolitico.mx\\\/?p=19719#primaryimage\",\"url\":\"\",\"contentUrl\":\"\"},{\"@type\":\"BreadcrumbList\",\"@id\":\"https:\\\/\\\/quehacerpolitico.mx\\\/?p=19719#breadcrumb\",\"itemListElement\":[{\"@type\":\"ListItem\",\"position\":1,\"name\":\"Inicio\",\"item\":\"https:\\\/\\\/quehacerpolitico.mx\\\/\"},{\"@type\":\"ListItem\",\"position\":2,\"name\":\"Gobernador de Aguascalientes no va a mitin del Presidente\u2026 y lo abuchean; AMLO pide ya no odiar\"}]},{\"@type\":\"WebSite\",\"@id\":\"https:\\\/\\\/quehacerpolitico.mx\\\/#website\",\"url\":\"https:\\\/\\\/quehacerpolitico.mx\\\/\",\"name\":\"\",\"description\":\"\",\"potentialAction\":[{\"@type\":\"SearchAction\",\"target\":{\"@type\":\"EntryPoint\",\"urlTemplate\":\"https:\\\/\\\/quehacerpolitico.mx\\\/?s={search_term_string}\"},\"query-input\":{\"@type\":\"PropertyValueSpecification\",\"valueRequired\":true,\"valueName\":\"search_term_string\"}}],\"inLanguage\":\"es\"},{\"@type\":\"Person\",\"@id\":\"https:\\\/\\\/quehacerpolitico.mx\\\/#\\\/schema\\\/person\\\/496d8ad2d1d3f8036101dca7ee39e585\",\"name\":\"Redacci\u00f3n QP\",\"image\":{\"@type\":\"ImageObject\",\"inLanguage\":\"es\",\"@id\":\"https:\\\/\\\/secure.gravatar.com\\\/avatar\\\/c7164ed6fdec453195284ad24a5ae5b6e1eed2b848477fa2a4787ba9adf39a41?s=96&d=mm&r=g\",\"url\":\"https:\\\/\\\/secure.gravatar.com\\\/avatar\\\/c7164ed6fdec453195284ad24a5ae5b6e1eed2b848477fa2a4787ba9adf39a41?s=96&d=mm&r=g\",\"contentUrl\":\"https:\\\/\\\/secure.gravatar.com\\\/avatar\\\/c7164ed6fdec453195284ad24a5ae5b6e1eed2b848477fa2a4787ba9adf39a41?s=96&d=mm&r=g\",\"caption\":\"Redacci\u00f3n QP\"},\"url\":\"https:\\\/\\\/quehacerpolitico.mx\\\/?author=2\"}]}<\/script>\n<!-- \/ Yoast SEO plugin. -->","yoast_head_json":{"title":"Gobernador de Aguascalientes no va a mitin del Presidente\u2026 y lo abuchean; AMLO pide ya no odiar -","robots":{"index":"index","follow":"follow","max-snippet":"max-snippet:-1","max-image-preview":"max-image-preview:large","max-video-preview":"max-video-preview:-1"},"canonical":"https:\/\/quehacerpolitico.mx\/?p=19719","og_locale":"es_MX","og_type":"article","og_title":"Gobernador de Aguascalientes no va a mitin del Presidente\u2026 y lo abuchean; AMLO pide ya no odiar -","og_description":"Gobernador de Aguascalientes no va a mitin del Presidente\u2026 y lo abuchean; AMLO pide ya no odiar Por Redacci\u00f3n QP","og_url":"https:\/\/quehacerpolitico.mx\/?p=19719","article_published_time":"2019-03-09T00:50:50+00:00","author":"Redacci\u00f3n QP","twitter_card":"summary_large_image","twitter_misc":{"Escrito por":"Redacci\u00f3n QP","Tiempo de lectura":"5 minutos"},"schema":{"@context":"https:\/\/schema.org","@graph":[{"@type":"Article","@id":"https:\/\/quehacerpolitico.mx\/?p=19719#article","isPartOf":{"@id":"https:\/\/quehacerpolitico.mx\/?p=19719"},"author":{"name":"Redacci\u00f3n QP","@id":"https:\/\/quehacerpolitico.mx\/#\/schema\/person\/496d8ad2d1d3f8036101dca7ee39e585"},"headline":"Gobernador de Aguascalientes no va a mitin del Presidente\u2026 y lo abuchean; AMLO pide ya no odiar","datePublished":"2019-03-09T00:50:50+00:00","mainEntityOfPage":{"@id":"https:\/\/quehacerpolitico.mx\/?p=19719"},"wordCount":1016,"commentCount":0,"image":{"@id":"https:\/\/quehacerpolitico.mx\/?p=19719#primaryimage"},"thumbnailUrl":"","articleSection":["Noticias"],"inLanguage":"es","potentialAction":[{"@type":"CommentAction","name":"Comment","target":["https:\/\/quehacerpolitico.mx\/?p=19719#respond"]}]},{"@type":"WebPage","@id":"https:\/\/quehacerpolitico.mx\/?p=19719","url":"https:\/\/quehacerpolitico.mx\/?p=19719","name":"Gobernador de Aguascalientes no va a mitin del Presidente\u2026 y lo abuchean; AMLO pide ya no odiar -","isPartOf":{"@id":"https:\/\/quehacerpolitico.mx\/#website"},"primaryImageOfPage":{"@id":"https:\/\/quehacerpolitico.mx\/?p=19719#primaryimage"},"image":{"@id":"https:\/\/quehacerpolitico.mx\/?p=19719#primaryimage"},"thumbnailUrl":"","datePublished":"2019-03-09T00:50:50+00:00","author":{"@id":"https:\/\/quehacerpolitico.mx\/#\/schema\/person\/496d8ad2d1d3f8036101dca7ee39e585"},"breadcrumb":{"@id":"https:\/\/quehacerpolitico.mx\/?p=19719#breadcrumb"},"inLanguage":"es","potentialAction":[{"@type":"ReadAction","target":["https:\/\/quehacerpolitico.mx\/?p=19719"]}]},{"@type":"ImageObject","inLanguage":"es","@id":"https:\/\/quehacerpolitico.mx\/?p=19719#primaryimage","url":"","contentUrl":""},{"@type":"BreadcrumbList","@id":"https:\/\/quehacerpolitico.mx\/?p=19719#breadcrumb","itemListElement":[{"@type":"ListItem","position":1,"name":"Inicio","item":"https:\/\/quehacerpolitico.mx\/"},{"@type":"ListItem","position":2,"name":"Gobernador de Aguascalientes no va a mitin del Presidente\u2026 y lo abuchean; AMLO pide ya no odiar"}]},{"@type":"WebSite","@id":"https:\/\/quehacerpolitico.mx\/#website","url":"https:\/\/quehacerpolitico.mx\/","name":"","description":"","potentialAction":[{"@type":"SearchAction","target":{"@type":"EntryPoint","urlTemplate":"https:\/\/quehacerpolitico.mx\/?s={search_term_string}"},"query-input":{"@type":"PropertyValueSpecification","valueRequired":true,"valueName":"search_term_string"}}],"inLanguage":"es"},{"@type":"Person","@id":"https:\/\/quehacerpolitico.mx\/#\/schema\/person\/496d8ad2d1d3f8036101dca7ee39e585","name":"Redacci\u00f3n QP","image":{"@type":"ImageObject","inLanguage":"es","@id":"https:\/\/secure.gravatar.com\/avatar\/c7164ed6fdec453195284ad24a5ae5b6e1eed2b848477fa2a4787ba9adf39a41?s=96&d=mm&r=g","url":"https:\/\/secure.gravatar.com\/avatar\/c7164ed6fdec453195284ad24a5ae5b6e1eed2b848477fa2a4787ba9adf39a41?s=96&d=mm&r=g","contentUrl":"https:\/\/secure.gravatar.com\/avatar\/c7164ed6fdec453195284ad24a5ae5b6e1eed2b848477fa2a4787ba9adf39a41?s=96&d=mm&r=g","caption":"Redacci\u00f3n QP"},"url":"https:\/\/quehacerpolitico.mx\/?author=2"}]}},"featured_image_urls":{"full":"","thumbnail":"","medium":"","medium_large":"","large":"","1536x1536":"","2048x2048":"","covernews-featured":"","covernews-medium":""},"author_info":{"display_name":"Redacci\u00f3n QP","author_link":"https:\/\/quehacerpolitico.mx\/?author=2"},"category_info":"<a href=\"https:\/\/quehacerpolitico.mx\/?cat=2\" rel=\"category\">Noticias<\/a>","tag_info":"Noticias","comment_count":"0","_links":{"self":[{"href":"https:\/\/quehacerpolitico.mx\/index.php?rest_route=\/wp\/v2\/posts\/19719","targetHints":{"allow":["GET"]}}],"collection":[{"href":"https:\/\/quehacerpolitico.mx\/index.php?rest_route=\/wp\/v2\/posts"}],"about":[{"href":"https:\/\/quehacerpolitico.mx\/index.php?rest_route=\/wp\/v2\/types\/post"}],"author":[{"embeddable":true,"href":"https:\/\/quehacerpolitico.mx\/index.php?rest_route=\/wp\/v2\/users\/2"}],"replies":[{"embeddable":true,"href":"https:\/\/quehacerpolitico.mx\/index.php?rest_route=%2Fwp%2Fv2%2Fcomments&post=19719"}],"version-history":[{"count":0,"href":"https:\/\/quehacerpolitico.mx\/index.php?rest_route=\/wp\/v2\/posts\/19719\/revisions"}],"wp:featuredmedia":[{"embeddable":true,"href":"https:\/\/quehacerpolitico.mx\/index.php?rest_route=\/"}],"wp:attachment":[{"href":"https:\/\/quehacerpolitico.mx\/index.php?rest_route=%2Fwp%2Fv2%2Fmedia&parent=19719"}],"wp:term":[{"taxonomy":"category","embeddable":true,"href":"https:\/\/quehacerpolitico.mx\/index.php?rest_route=%2Fwp%2Fv2%2Fcategories&post=19719"},{"taxonomy":"post_tag","embeddable":true,"href":"https:\/\/quehacerpolitico.mx\/index.php?rest_route=%2Fwp%2Fv2%2Ftags&post=19719"}],"curies":[{"name":"wp","href":"https:\/\/api.w.org\/{rel}","templated":true}]}}