{"id":19647,"date":"2019-03-08T14:55:35","date_gmt":"2019-03-08T14:55:35","guid":{"rendered":"http:\/\/quehacerpolitico.mx\/juarez-y-cancun-no-baja-el-crimen-en-tijuana-y-acapulco-se-ha-reducido-amlo\/"},"modified":"2019-03-08T14:55:35","modified_gmt":"2019-03-08T14:55:35","slug":"juarez-y-cancun-no-baja-el-crimen-en-tijuana-y-acapulco-se-ha-reducido-amlo","status":"publish","type":"post","link":"https:\/\/quehacerpolitico.mx\/?p=19647","title":{"rendered":"Ju\u00e1rez y Canc\u00fan no baja el crimen en Tijuana y Acapulco se ha reducido: AMLO"},"content":{"rendered":"<p>Ju\u00e1rez y Canc\u00fan no baja el crimen en Tijuana y Acapulco se ha reducido: AMLO<\/p>\n<p>Por Redacci\u00f3n QP<\/p>\n<p>El <strong>Presidente Andr\u00e9s Manuel L\u00f3pez Obrador<\/strong> asegur\u00f3 que se logr\u00f3 <strong>bajar la incidencia delictiva<\/strong> en <strong>Tijuana y Acapulco<\/strong>\u00a0con el operativo especial implementado en esa ciudad fronteriza, pero no as\u00ed en otros lados, como en <strong>Ciudad Ju\u00e1rez y Canc\u00fan<\/strong>. Se comprometi\u00f3 a dar m\u00e1s informaci\u00f3n al respecto el pr\u00f3ximo lunes.<\/p>\n<blockquote>\n<p>\u201cEn Tijuana llegaron a haber 20 homicidios diarios, y que hemos logrado bajar la incidencia porque se hizo un operativo especial. Pero en Ju\u00e1rez, donde iniciamos el operativo despu\u00e9s que en Tijuana, todav\u00eda no podemos bajar la incidencia\u201d, inform\u00f3.<\/p>\n<\/blockquote>\n<p>El Presidente tambi\u00e9n reconoci\u00f3 que en el caso de los centros tur\u00edsticos, en Canc\u00fan no se ha podido bajar la incidencia delictiva, pero en Acapulco s\u00ed.<\/p>\n<p>\u201cYo estoy muy seguro que vamos a poder bajar la incidencia delictiva nacional con la Guardia Nacional, porque no hab\u00eda presencia de elementos de la Polic\u00eda Federal en el pa\u00eds\u201d, recalc\u00f3.<\/p>\n<p>Record\u00f3 que lo prioritario en su estrategia de seguridad es proteger al ciudadano, y que para ello es la Guardia Nacional. Detall\u00f3 que la reforma constitucional ha sido aprobada ya en 26 congresos locales. Previ\u00f3 que para la semana entrante est\u00e9 aprobada en todo el pa\u00eds.<\/p>\n<p>L\u00f3pez Obrador insisti\u00f3 que esperar\u00e1n a declararla constitucional hasta que se apruebe en casi todos los estados.<\/p>\n<p>A inicios de febrero, el Gobierno de L\u00f3pez Obrador anunci\u00f3 un operativo especial para Tijuana a donde se enviaron mil 800 elementos de seguridad, luego de que esa ciudad fronteriza tuvo un arranque de a\u00f1o violento.<\/p>\n<p>En su momento, el titular de la Sedena, Luis Cresencio Sandoval, explic\u00f3 que la estrategia consistir\u00eda en garantizar la protecci\u00f3n a la ciudadan\u00eda. En el operativo participaron polic\u00edas federales, estatales y miembros del Ej\u00e9rcito. Hoy el Presidente ha anunciado que la estrategia funcion\u00f3, pero no dio datos al respecto.<\/p>\n<blockquote class=\"twitter-tweet\" data-width=\"550\" data-dnt=\"true\">\n<p lang=\"es\" dir=\"ltr\">Hoy conmemoramos la lucha de las mujeres por la igualdad y contra la violencia. Conferencia de prensa en vivo. <a href=\"https:\/\/t.co\/ZUPIAAYkXv\">https:\/\/t.co\/ZUPIAAYkXv<\/a><\/p>\n<p>&mdash; Andr\u00e9s Manuel (@lopezobrador_) <a href=\"https:\/\/twitter.com\/lopezobrador_\/status\/1104006828021567488?ref_src=twsrc%5Etfw\">March 8, 2019<\/a><\/p><\/blockquote>\n<p><script async src=\"https:\/\/platform.twitter.com\/widgets.js\" charset=\"utf-8\"><\/script><\/p>\n","protected":false},"excerpt":{"rendered":"<p>Ju\u00e1rez y Canc\u00fan no baja el crimen en Tijuana y Acapulco se ha reducido: AMLO<br \/>\nPor Redacci\u00f3n QP<\/p>\n","protected":false},"author":2,"featured_media":19646,"comment_status":"open","ping_status":"open","sticky":false,"template":"","format":"standard","meta":{"_monsterinsights_skip_tracking":false,"_monsterinsights_sitenote_active":false,"_monsterinsights_sitenote_note":"","_monsterinsights_sitenote_category":0,"footnotes":""},"categories":[2],"tags":[],"class_list":["post-19647","post","type-post","status-publish","format-standard","has-post-thumbnail","hentry","category-noticias"],"yoast_head":"<!-- This site is optimized with the Yoast SEO plugin v27.3 - https:\/\/yoast.com\/product\/yoast-seo-wordpress\/ -->\n<title>Ju\u00e1rez y Canc\u00fan no baja el crimen en Tijuana y Acapulco se ha reducido: AMLO -<\/title>\n<meta name=\"robots\" content=\"index, follow, max-snippet:-1, max-image-preview:large, max-video-preview:-1\" \/>\n<link rel=\"canonical\" href=\"https:\/\/quehacerpolitico.mx\/?p=19647\" \/>\n<meta property=\"og:locale\" content=\"es_MX\" \/>\n<meta property=\"og:type\" content=\"article\" \/>\n<meta property=\"og:title\" content=\"Ju\u00e1rez y Canc\u00fan no baja el crimen en Tijuana y Acapulco se ha reducido: AMLO -\" \/>\n<meta property=\"og:description\" content=\"Ju\u00e1rez y Canc\u00fan no baja el crimen en Tijuana y Acapulco se ha reducido: AMLO Por Redacci\u00f3n QP\" \/>\n<meta property=\"og:url\" content=\"https:\/\/quehacerpolitico.mx\/?p=19647\" \/>\n<meta property=\"article:published_time\" content=\"2019-03-08T14:55:35+00:00\" \/>\n<meta name=\"author\" content=\"Redacci\u00f3n QP\" \/>\n<meta name=\"twitter:card\" content=\"summary_large_image\" \/>\n<meta name=\"twitter:label1\" content=\"Escrito por\" \/>\n\t<meta name=\"twitter:data1\" content=\"Redacci\u00f3n QP\" \/>\n\t<meta name=\"twitter:label2\" content=\"Tiempo de lectura\" \/>\n\t<meta name=\"twitter:data2\" content=\"2 minutos\" \/>\n<script type=\"application\/ld+json\" class=\"yoast-schema-graph\">{\"@context\":\"https:\\\/\\\/schema.org\",\"@graph\":[{\"@type\":\"Article\",\"@id\":\"https:\\\/\\\/quehacerpolitico.mx\\\/?p=19647#article\",\"isPartOf\":{\"@id\":\"https:\\\/\\\/quehacerpolitico.mx\\\/?p=19647\"},\"author\":{\"name\":\"Redacci\u00f3n QP\",\"@id\":\"https:\\\/\\\/quehacerpolitico.mx\\\/#\\\/schema\\\/person\\\/496d8ad2d1d3f8036101dca7ee39e585\"},\"headline\":\"Ju\u00e1rez y Canc\u00fan no baja el crimen en Tijuana y Acapulco se ha reducido: AMLO\",\"datePublished\":\"2019-03-08T14:55:35+00:00\",\"mainEntityOfPage\":{\"@id\":\"https:\\\/\\\/quehacerpolitico.mx\\\/?p=19647\"},\"wordCount\":361,\"commentCount\":0,\"image\":{\"@id\":\"https:\\\/\\\/quehacerpolitico.mx\\\/?p=19647#primaryimage\"},\"thumbnailUrl\":\"\",\"articleSection\":[\"Noticias\"],\"inLanguage\":\"es\",\"potentialAction\":[{\"@type\":\"CommentAction\",\"name\":\"Comment\",\"target\":[\"https:\\\/\\\/quehacerpolitico.mx\\\/?p=19647#respond\"]}]},{\"@type\":\"WebPage\",\"@id\":\"https:\\\/\\\/quehacerpolitico.mx\\\/?p=19647\",\"url\":\"https:\\\/\\\/quehacerpolitico.mx\\\/?p=19647\",\"name\":\"Ju\u00e1rez y Canc\u00fan no baja el crimen en Tijuana y Acapulco se ha reducido: AMLO -\",\"isPartOf\":{\"@id\":\"https:\\\/\\\/quehacerpolitico.mx\\\/#website\"},\"primaryImageOfPage\":{\"@id\":\"https:\\\/\\\/quehacerpolitico.mx\\\/?p=19647#primaryimage\"},\"image\":{\"@id\":\"https:\\\/\\\/quehacerpolitico.mx\\\/?p=19647#primaryimage\"},\"thumbnailUrl\":\"\",\"datePublished\":\"2019-03-08T14:55:35+00:00\",\"author\":{\"@id\":\"https:\\\/\\\/quehacerpolitico.mx\\\/#\\\/schema\\\/person\\\/496d8ad2d1d3f8036101dca7ee39e585\"},\"breadcrumb\":{\"@id\":\"https:\\\/\\\/quehacerpolitico.mx\\\/?p=19647#breadcrumb\"},\"inLanguage\":\"es\",\"potentialAction\":[{\"@type\":\"ReadAction\",\"target\":[\"https:\\\/\\\/quehacerpolitico.mx\\\/?p=19647\"]}]},{\"@type\":\"ImageObject\",\"inLanguage\":\"es\",\"@id\":\"https:\\\/\\\/quehacerpolitico.mx\\\/?p=19647#primaryimage\",\"url\":\"\",\"contentUrl\":\"\"},{\"@type\":\"BreadcrumbList\",\"@id\":\"https:\\\/\\\/quehacerpolitico.mx\\\/?p=19647#breadcrumb\",\"itemListElement\":[{\"@type\":\"ListItem\",\"position\":1,\"name\":\"Inicio\",\"item\":\"https:\\\/\\\/quehacerpolitico.mx\\\/\"},{\"@type\":\"ListItem\",\"position\":2,\"name\":\"Ju\u00e1rez y Canc\u00fan no baja el crimen en Tijuana y Acapulco se ha reducido: AMLO\"}]},{\"@type\":\"WebSite\",\"@id\":\"https:\\\/\\\/quehacerpolitico.mx\\\/#website\",\"url\":\"https:\\\/\\\/quehacerpolitico.mx\\\/\",\"name\":\"\",\"description\":\"\",\"potentialAction\":[{\"@type\":\"SearchAction\",\"target\":{\"@type\":\"EntryPoint\",\"urlTemplate\":\"https:\\\/\\\/quehacerpolitico.mx\\\/?s={search_term_string}\"},\"query-input\":{\"@type\":\"PropertyValueSpecification\",\"valueRequired\":true,\"valueName\":\"search_term_string\"}}],\"inLanguage\":\"es\"},{\"@type\":\"Person\",\"@id\":\"https:\\\/\\\/quehacerpolitico.mx\\\/#\\\/schema\\\/person\\\/496d8ad2d1d3f8036101dca7ee39e585\",\"name\":\"Redacci\u00f3n QP\",\"image\":{\"@type\":\"ImageObject\",\"inLanguage\":\"es\",\"@id\":\"https:\\\/\\\/secure.gravatar.com\\\/avatar\\\/c7164ed6fdec453195284ad24a5ae5b6e1eed2b848477fa2a4787ba9adf39a41?s=96&d=mm&r=g\",\"url\":\"https:\\\/\\\/secure.gravatar.com\\\/avatar\\\/c7164ed6fdec453195284ad24a5ae5b6e1eed2b848477fa2a4787ba9adf39a41?s=96&d=mm&r=g\",\"contentUrl\":\"https:\\\/\\\/secure.gravatar.com\\\/avatar\\\/c7164ed6fdec453195284ad24a5ae5b6e1eed2b848477fa2a4787ba9adf39a41?s=96&d=mm&r=g\",\"caption\":\"Redacci\u00f3n QP\"},\"url\":\"https:\\\/\\\/quehacerpolitico.mx\\\/?author=2\"}]}<\/script>\n<!-- \/ Yoast SEO plugin. -->","yoast_head_json":{"title":"Ju\u00e1rez y Canc\u00fan no baja el crimen en Tijuana y Acapulco se ha reducido: AMLO -","robots":{"index":"index","follow":"follow","max-snippet":"max-snippet:-1","max-image-preview":"max-image-preview:large","max-video-preview":"max-video-preview:-1"},"canonical":"https:\/\/quehacerpolitico.mx\/?p=19647","og_locale":"es_MX","og_type":"article","og_title":"Ju\u00e1rez y Canc\u00fan no baja el crimen en Tijuana y Acapulco se ha reducido: AMLO -","og_description":"Ju\u00e1rez y Canc\u00fan no baja el crimen en Tijuana y Acapulco se ha reducido: AMLO Por Redacci\u00f3n QP","og_url":"https:\/\/quehacerpolitico.mx\/?p=19647","article_published_time":"2019-03-08T14:55:35+00:00","author":"Redacci\u00f3n QP","twitter_card":"summary_large_image","twitter_misc":{"Escrito por":"Redacci\u00f3n QP","Tiempo de lectura":"2 minutos"},"schema":{"@context":"https:\/\/schema.org","@graph":[{"@type":"Article","@id":"https:\/\/quehacerpolitico.mx\/?p=19647#article","isPartOf":{"@id":"https:\/\/quehacerpolitico.mx\/?p=19647"},"author":{"name":"Redacci\u00f3n QP","@id":"https:\/\/quehacerpolitico.mx\/#\/schema\/person\/496d8ad2d1d3f8036101dca7ee39e585"},"headline":"Ju\u00e1rez y Canc\u00fan no baja el crimen en Tijuana y Acapulco se ha reducido: AMLO","datePublished":"2019-03-08T14:55:35+00:00","mainEntityOfPage":{"@id":"https:\/\/quehacerpolitico.mx\/?p=19647"},"wordCount":361,"commentCount":0,"image":{"@id":"https:\/\/quehacerpolitico.mx\/?p=19647#primaryimage"},"thumbnailUrl":"","articleSection":["Noticias"],"inLanguage":"es","potentialAction":[{"@type":"CommentAction","name":"Comment","target":["https:\/\/quehacerpolitico.mx\/?p=19647#respond"]}]},{"@type":"WebPage","@id":"https:\/\/quehacerpolitico.mx\/?p=19647","url":"https:\/\/quehacerpolitico.mx\/?p=19647","name":"Ju\u00e1rez y Canc\u00fan no baja el crimen en Tijuana y Acapulco se ha reducido: AMLO -","isPartOf":{"@id":"https:\/\/quehacerpolitico.mx\/#website"},"primaryImageOfPage":{"@id":"https:\/\/quehacerpolitico.mx\/?p=19647#primaryimage"},"image":{"@id":"https:\/\/quehacerpolitico.mx\/?p=19647#primaryimage"},"thumbnailUrl":"","datePublished":"2019-03-08T14:55:35+00:00","author":{"@id":"https:\/\/quehacerpolitico.mx\/#\/schema\/person\/496d8ad2d1d3f8036101dca7ee39e585"},"breadcrumb":{"@id":"https:\/\/quehacerpolitico.mx\/?p=19647#breadcrumb"},"inLanguage":"es","potentialAction":[{"@type":"ReadAction","target":["https:\/\/quehacerpolitico.mx\/?p=19647"]}]},{"@type":"ImageObject","inLanguage":"es","@id":"https:\/\/quehacerpolitico.mx\/?p=19647#primaryimage","url":"","contentUrl":""},{"@type":"BreadcrumbList","@id":"https:\/\/quehacerpolitico.mx\/?p=19647#breadcrumb","itemListElement":[{"@type":"ListItem","position":1,"name":"Inicio","item":"https:\/\/quehacerpolitico.mx\/"},{"@type":"ListItem","position":2,"name":"Ju\u00e1rez y Canc\u00fan no baja el crimen en Tijuana y Acapulco se ha reducido: AMLO"}]},{"@type":"WebSite","@id":"https:\/\/quehacerpolitico.mx\/#website","url":"https:\/\/quehacerpolitico.mx\/","name":"","description":"","potentialAction":[{"@type":"SearchAction","target":{"@type":"EntryPoint","urlTemplate":"https:\/\/quehacerpolitico.mx\/?s={search_term_string}"},"query-input":{"@type":"PropertyValueSpecification","valueRequired":true,"valueName":"search_term_string"}}],"inLanguage":"es"},{"@type":"Person","@id":"https:\/\/quehacerpolitico.mx\/#\/schema\/person\/496d8ad2d1d3f8036101dca7ee39e585","name":"Redacci\u00f3n QP","image":{"@type":"ImageObject","inLanguage":"es","@id":"https:\/\/secure.gravatar.com\/avatar\/c7164ed6fdec453195284ad24a5ae5b6e1eed2b848477fa2a4787ba9adf39a41?s=96&d=mm&r=g","url":"https:\/\/secure.gravatar.com\/avatar\/c7164ed6fdec453195284ad24a5ae5b6e1eed2b848477fa2a4787ba9adf39a41?s=96&d=mm&r=g","contentUrl":"https:\/\/secure.gravatar.com\/avatar\/c7164ed6fdec453195284ad24a5ae5b6e1eed2b848477fa2a4787ba9adf39a41?s=96&d=mm&r=g","caption":"Redacci\u00f3n QP"},"url":"https:\/\/quehacerpolitico.mx\/?author=2"}]}},"featured_image_urls":{"full":"","thumbnail":"","medium":"","medium_large":"","large":"","1536x1536":"","2048x2048":"","covernews-featured":"","covernews-medium":""},"author_info":{"display_name":"Redacci\u00f3n QP","author_link":"https:\/\/quehacerpolitico.mx\/?author=2"},"category_info":"<a href=\"https:\/\/quehacerpolitico.mx\/?cat=2\" rel=\"category\">Noticias<\/a>","tag_info":"Noticias","comment_count":"0","_links":{"self":[{"href":"https:\/\/quehacerpolitico.mx\/index.php?rest_route=\/wp\/v2\/posts\/19647","targetHints":{"allow":["GET"]}}],"collection":[{"href":"https:\/\/quehacerpolitico.mx\/index.php?rest_route=\/wp\/v2\/posts"}],"about":[{"href":"https:\/\/quehacerpolitico.mx\/index.php?rest_route=\/wp\/v2\/types\/post"}],"author":[{"embeddable":true,"href":"https:\/\/quehacerpolitico.mx\/index.php?rest_route=\/wp\/v2\/users\/2"}],"replies":[{"embeddable":true,"href":"https:\/\/quehacerpolitico.mx\/index.php?rest_route=%2Fwp%2Fv2%2Fcomments&post=19647"}],"version-history":[{"count":0,"href":"https:\/\/quehacerpolitico.mx\/index.php?rest_route=\/wp\/v2\/posts\/19647\/revisions"}],"wp:featuredmedia":[{"embeddable":true,"href":"https:\/\/quehacerpolitico.mx\/index.php?rest_route=\/"}],"wp:attachment":[{"href":"https:\/\/quehacerpolitico.mx\/index.php?rest_route=%2Fwp%2Fv2%2Fmedia&parent=19647"}],"wp:term":[{"taxonomy":"category","embeddable":true,"href":"https:\/\/quehacerpolitico.mx\/index.php?rest_route=%2Fwp%2Fv2%2Fcategories&post=19647"},{"taxonomy":"post_tag","embeddable":true,"href":"https:\/\/quehacerpolitico.mx\/index.php?rest_route=%2Fwp%2Fv2%2Ftags&post=19647"}],"curies":[{"name":"wp","href":"https:\/\/api.w.org\/{rel}","templated":true}]}}