{"id":19640,"date":"2019-03-08T03:00:03","date_gmt":"2019-03-08T03:00:03","guid":{"rendered":"http:\/\/quehacerpolitico.mx\/la-rae-valida-la-palabra-puto-como-prefijo-intensificador\/"},"modified":"2019-03-08T03:00:03","modified_gmt":"2019-03-08T03:00:03","slug":"la-rae-valida-la-palabra-puto-como-prefijo-intensificador","status":"publish","type":"post","link":"https:\/\/quehacerpolitico.mx\/?p=19640","title":{"rendered":"La RAE valida la palabra &#8220;puto&#8221; como prefijo intensificador"},"content":{"rendered":"<h1 class=\"news-title\">La RAE valida la palabra &#8220;puto&#8221; como prefijo intensificador<\/h1>\n<p>Por Redacci\u00f3n QP<\/p>\n<header class=\"news-header\">\n<div class=\"news-subtitle\">\n<p>Adem\u00e1s, comparte la actualizaci\u00f3n del Nuevo Diccionario Hist\u00f3rico del Espa\u00f1ol<\/p>\n<\/div>\n<\/header>\n<div class=\"news-content\">\n<div class=\"news-body row\">\n<p>La Real Academia Espa\u00f1ola (RAE) dio una nueva sorpresa en Twitter luego que desde su cuenta resolviera la duda de sus seguidores en torno a una palabra que se usa con diferentes acepciones incluyendo el despectivo &#8220;Puto&#8221; as\u00ed como informar de la publicaci\u00f3n de la actualizaci\u00f3n del Nuevo Diccionario Hist\u00f3rico del Espa\u00f1ol (<strong>NDHE<\/strong>).<\/p>\n<p>Una cuenta de Twitter bajo el nombre <strong>&#8220;La vecina rubia&#8221; pregunt\u00f3 a la Academia si era aceptable usar &#8220;me puto encanta&#8221; como ant\u00edfrasis y para ponderar, a lo que la RAE indic\u00f3 que se debe evitar en el uso culto general.<\/strong><\/p>\n<blockquote class=\"twitter-tweet\" data-width=\"550\" data-dnt=\"true\">\n<p lang=\"es\" dir=\"ltr\"><a href=\"https:\/\/twitter.com\/hashtag\/RAEconsultas?src=hash&amp;ref_src=twsrc%5Etfw\">#RAEconsultas<\/a> &#8230;, como en \u00abEres el puto amo\u00bb. En ese registro, adem\u00e1s del adverbio \u00abputamente\u00bb (&#39;muy&#39;: \u00abputamente mal\u00bb), se registra el uso de \u00abputo\u00bb como prefijo intensificador: \u00abMe putoencanta\u00bb. Por ser un elemento \u00e1tono, la graf\u00eda recomendable es univerbal. (2\/2)<\/p>\n<p>&mdash; RAE (@RAEinforma) <a href=\"https:\/\/twitter.com\/RAEinforma\/status\/1102900173305536514?ref_src=twsrc%5Etfw\">March 5, 2019<\/a><\/p><\/blockquote>\n<p><script async src=\"https:\/\/platform.twitter.com\/widgets.js\" charset=\"utf-8\"><\/script><\/p>\n<blockquote class=\"twitter-tweet\" data-width=\"550\" data-dnt=\"true\">\n<p lang=\"es\" dir=\"ltr\"><a href=\"https:\/\/twitter.com\/hashtag\/RAEconsultas?src=hash&amp;ref_src=twsrc%5Etfw\">#RAEconsultas<\/a> Adem\u00e1s, \u00abputo-\u00bb, como elemento \u00e1tono, antepuesto a adjetivos, adverbios o verbos funciona como prefijo intensificativo malsonante (con valor de \u2018muy\u2019 o \u2018mucho\u2019): \u00abNo recordaba lo putodivertido que es jugar a eso\u00bb; \u00abMe putoencanta\u00bb; \u00abLo pasamos putobi\u00e9n\u00bb (2\/2).<\/p>\n<p>&mdash; RAE (@RAEinforma) <a href=\"https:\/\/twitter.com\/RAEinforma\/status\/1103662075438608384?ref_src=twsrc%5Etfw\">March 7, 2019<\/a><\/p><\/blockquote>\n<p><script async src=\"https:\/\/platform.twitter.com\/widgets.js\" charset=\"utf-8\"><\/script><\/p>\n<p>Sin embargo el debate fue despertado desde los primeros d\u00edas de marzo cuando se le sigui\u00f3 preguntando a la cuenta sobre el uso de la palabra, a lo que esta se\u00f1al\u00f3 que en el argot juvenil de Espa\u00f1a, <strong>&#8220;se registra el uso de \u00b4puto\u00b4 como prefijo intensificador&#8221;.\u00a0<\/strong><\/p>\n<p>En respuesta a la pregunta de un seguidor en la red social la Real Academia Espa\u00f1ola record\u00f3 que la Nueva Gram\u00e1tica de la Lengua Espa\u00f1ola en su punto 13.6j <strong>se describe el uso del t\u00e9rmino malsonante &#8220;puto&#8221; como adjetivo minimizador o para manifestar fastidio.\u00a0<\/strong><\/p>\n<p>La RAE ejemplific\u00f3 que en el argot juvenil de Espa\u00f1a &#8220;Eres el puto amo&#8221; funciona como intensificador positivo.\u00a0<\/p>\n<div>\n<figure class=\"image\"><img decoding=\"async\" title=\"\" src=\"https:\/\/www.informador.mx\/export\/sites\/elinformador\/img\/2019\/03\/07\/sin_txtulo_3.jpg_2025698951.jpg\" alt=\"\" hspace=\"5\" vspace=\"5\" data-height=\"212\" data-size=\"w:1042,h:316\" data-width=\"700\" \/><figcaption>\u00c9stos son los significados que arroja la RAE en su p\u00e1gina oficial de consultas. ESPECIAL \/ dle.rae.es<\/figcaption><\/figure>\n<\/div>\n<p>En la versi\u00f3n digital del Diccionario de la Lengua Espa\u00f1ola tambi\u00e9n est\u00e1 el significado de la palabra y se enfatiza que es un adjetivo malsonante.<\/p>\n<h4>Las nuevas acepciones del Diccionario Hist\u00f3rico<\/h4>\n<p>El Nuevo Diccionario Hist\u00f3rico del Espa\u00f1ol (NDHE) ha sido actualizado por la Real Academia Espa\u00f1ola (RAE) <strong>con mil ocho nuevos art\u00edculos que contienen mil 911 acepciones, 122 subacepciones y m\u00e1s de 24 mil ejemplos sobre materias como m\u00e1quinas b\u00e9licas, enfermedades y animales.<\/strong><\/p>\n<p>Palabras que designan armas m\u00e1quinas b\u00e9licas como torpedo -con su extensa familia, que incluye torpedear, contratorpedo o lanzatorpedos- y la tambi\u00e9n amplia serie encabezada por su sin\u00f3nimo, el galicismo torpilla, o fund\u00edbulo, son algunas de las novedades de un diccionario que presenta de un modo organizado la evoluci\u00f3n del l\u00e9xico espa\u00f1ol a lo largo del tiempo, inform\u00f3 este jueves la RAE.<\/p>\n<p>Tambi\u00e9n <strong>palabras que designan enfermedades como malaria, otras de largo recorrido en espa\u00f1ol como erisipela, serpigo o usagre y de reciente incorporaci\u00f3n como zika, y otras que dan nombre a partes del cuerpo como bofe, en cuya familia est\u00e1n el verbo bufar pero tambi\u00e9n bofetada y bofet\u00f3n.<\/strong><\/p>\n<blockquote class=\"twitter-tweet\" data-width=\"550\" data-dnt=\"true\">\n<p lang=\"es\" dir=\"ltr\">El \u00abNuevo diccionario hist\u00f3rico del espa\u00f1ol\u00bb (NDHE) pone a disposici\u00f3n de los usuarios la consulta de 1008 nuevos art\u00edculos. <a href=\"https:\/\/t.co\/Rfkdk21Yz7\">https:\/\/t.co\/Rfkdk21Yz7<\/a> <a href=\"https:\/\/t.co\/cJ3LvRvdna\">pic.twitter.com\/cJ3LvRvdna<\/a><\/p>\n<p>&mdash; RAE (@RAEinforma) <a href=\"https:\/\/twitter.com\/RAEinforma\/status\/1103618857254694912?ref_src=twsrc%5Etfw\">March 7, 2019<\/a><\/p><\/blockquote>\n<p><script async src=\"https:\/\/platform.twitter.com\/widgets.js\" charset=\"utf-8\"><\/script><\/p>\n<p>Nombres de animales como avestruz, guanaco, vicu\u00f1a, beluga, rorcual o tortuga -y algunos de sus hip\u00f3nimos, como caguama, charapa y parlama- y monograf\u00edas de t\u00e9rminos taxon\u00f3micos como auqu\u00e9nido, cet\u00e1ceo y marsupial forman parte de esta nueva actualizaci\u00f3n del Diccionario Hist\u00f3rico del Espa\u00f1ol.<\/p>\n<p>Se incorporan adem\u00e1s palabras que designan prendas de ropa como ba\u00f1ador, berta, enagua, macferl\u00e1n, maquinof, montgomery y \u00falster, y otras que hacen lo propio con m\u00e1quinas como dactil\u00f3grafo, esten\u00f3grafo, mecan\u00f3grafo, tac\u00f3metro o taqu\u00edgrafo.<\/p>\n<p><strong>Entre los instrumentos musicales pueden citarse tambi\u00e9n voces como cornamusa, flabiol, gralla, guembr\u00ed, sistro y quijongo.<\/strong><\/p>\n<p>Adem\u00e1s, se publican nuevas versiones, que seg\u00fan la RAE incluyen <strong>&#8220;sustanciosas modificaciones en el apartado etimol\u00f3gico o documental&#8221;<\/strong>) de 143 art\u00edculos publicados en anteriores ocasiones, revisiones a las que se han incorporado los primeros frutos de la colaboraci\u00f3n con la Asociaci\u00f3n de Academias de la Lengua Espa\u00f1ola.<\/p>\n<p>La p\u00e1gina web de consulta del NDHE ofrece otras novedades como la otorgar a cada art\u00edculo una URL propia para &#8220;facilitar su intercambio y difusi\u00f3n&#8221;, la inclusi\u00f3n de fotos en algunos de ellos gracias a la colaboraci\u00f3n con la Biblioteca Nacional de Espa\u00f1a, adem\u00e1s de mejorar &#8220;sustancialmente&#8221; el tiempo de respuesta en la generaci\u00f3n de los grafos de la familia de palabras.<\/p>\n<p>El NDHE, que se desarrolla gracias al apoyo de Inditex y a la colaboraci\u00f3n de la Fundaci\u00f3n San Mill\u00e1n, <strong>organiza los art\u00edculos por grupos de palabras relacionados sem\u00e1ntica, morfol\u00f3gica o etimol\u00f3gicamente y quiere ser una herramienta con informaci\u00f3n relevante sobre la historia de las palabras para interpretar textos del pasado.\u00a0<\/strong><\/p>\n<p>Con informaci\u00f3n de EFE y SUN<\/p>\n<\/div>\n<\/div>\n","protected":false},"excerpt":{"rendered":"<p>La RAE valida la palabra &#8220;puto&#8221; como prefijo intensificador<br \/>\nPor Redacci\u00f3n QP<\/p>\n","protected":false},"author":2,"featured_media":19639,"comment_status":"open","ping_status":"open","sticky":false,"template":"","format":"standard","meta":{"_monsterinsights_skip_tracking":false,"_monsterinsights_sitenote_active":false,"_monsterinsights_sitenote_note":"","_monsterinsights_sitenote_category":0,"footnotes":""},"categories":[58],"tags":[],"class_list":["post-19640","post","type-post","status-publish","format-standard","has-post-thumbnail","hentry","category-cultura"],"yoast_head":"<!-- This site is optimized with the Yoast SEO plugin v27.3 - https:\/\/yoast.com\/product\/yoast-seo-wordpress\/ -->\n<title>La RAE valida la palabra &quot;puto&quot; como prefijo intensificador -<\/title>\n<meta name=\"robots\" content=\"index, follow, max-snippet:-1, max-image-preview:large, max-video-preview:-1\" \/>\n<link rel=\"canonical\" href=\"https:\/\/quehacerpolitico.mx\/?p=19640\" \/>\n<meta property=\"og:locale\" content=\"es_MX\" \/>\n<meta property=\"og:type\" content=\"article\" \/>\n<meta property=\"og:title\" content=\"La RAE valida la palabra &quot;puto&quot; como prefijo intensificador -\" \/>\n<meta property=\"og:description\" content=\"La RAE valida la palabra &quot;puto&quot; como prefijo intensificador Por Redacci\u00f3n QP\" \/>\n<meta property=\"og:url\" content=\"https:\/\/quehacerpolitico.mx\/?p=19640\" \/>\n<meta property=\"article:published_time\" content=\"2019-03-08T03:00:03+00:00\" \/>\n<meta name=\"author\" content=\"Redacci\u00f3n QP\" \/>\n<meta name=\"twitter:card\" content=\"summary_large_image\" \/>\n<meta name=\"twitter:label1\" content=\"Escrito por\" \/>\n\t<meta name=\"twitter:data1\" content=\"Redacci\u00f3n QP\" \/>\n\t<meta name=\"twitter:label2\" content=\"Tiempo de lectura\" \/>\n\t<meta name=\"twitter:data2\" content=\"4 minutos\" \/>\n<script type=\"application\/ld+json\" class=\"yoast-schema-graph\">{\"@context\":\"https:\\\/\\\/schema.org\",\"@graph\":[{\"@type\":\"Article\",\"@id\":\"https:\\\/\\\/quehacerpolitico.mx\\\/?p=19640#article\",\"isPartOf\":{\"@id\":\"https:\\\/\\\/quehacerpolitico.mx\\\/?p=19640\"},\"author\":{\"name\":\"Redacci\u00f3n QP\",\"@id\":\"https:\\\/\\\/quehacerpolitico.mx\\\/#\\\/schema\\\/person\\\/496d8ad2d1d3f8036101dca7ee39e585\"},\"headline\":\"La RAE valida la palabra &#8220;puto&#8221; como prefijo intensificador\",\"datePublished\":\"2019-03-08T03:00:03+00:00\",\"mainEntityOfPage\":{\"@id\":\"https:\\\/\\\/quehacerpolitico.mx\\\/?p=19640\"},\"wordCount\":792,\"commentCount\":0,\"image\":{\"@id\":\"https:\\\/\\\/quehacerpolitico.mx\\\/?p=19640#primaryimage\"},\"thumbnailUrl\":\"\",\"articleSection\":[\"Cultura y Entretenimiento\"],\"inLanguage\":\"es\",\"potentialAction\":[{\"@type\":\"CommentAction\",\"name\":\"Comment\",\"target\":[\"https:\\\/\\\/quehacerpolitico.mx\\\/?p=19640#respond\"]}]},{\"@type\":\"WebPage\",\"@id\":\"https:\\\/\\\/quehacerpolitico.mx\\\/?p=19640\",\"url\":\"https:\\\/\\\/quehacerpolitico.mx\\\/?p=19640\",\"name\":\"La RAE valida la palabra \\\"puto\\\" como prefijo intensificador -\",\"isPartOf\":{\"@id\":\"https:\\\/\\\/quehacerpolitico.mx\\\/#website\"},\"primaryImageOfPage\":{\"@id\":\"https:\\\/\\\/quehacerpolitico.mx\\\/?p=19640#primaryimage\"},\"image\":{\"@id\":\"https:\\\/\\\/quehacerpolitico.mx\\\/?p=19640#primaryimage\"},\"thumbnailUrl\":\"\",\"datePublished\":\"2019-03-08T03:00:03+00:00\",\"author\":{\"@id\":\"https:\\\/\\\/quehacerpolitico.mx\\\/#\\\/schema\\\/person\\\/496d8ad2d1d3f8036101dca7ee39e585\"},\"breadcrumb\":{\"@id\":\"https:\\\/\\\/quehacerpolitico.mx\\\/?p=19640#breadcrumb\"},\"inLanguage\":\"es\",\"potentialAction\":[{\"@type\":\"ReadAction\",\"target\":[\"https:\\\/\\\/quehacerpolitico.mx\\\/?p=19640\"]}]},{\"@type\":\"ImageObject\",\"inLanguage\":\"es\",\"@id\":\"https:\\\/\\\/quehacerpolitico.mx\\\/?p=19640#primaryimage\",\"url\":\"\",\"contentUrl\":\"\"},{\"@type\":\"BreadcrumbList\",\"@id\":\"https:\\\/\\\/quehacerpolitico.mx\\\/?p=19640#breadcrumb\",\"itemListElement\":[{\"@type\":\"ListItem\",\"position\":1,\"name\":\"Inicio\",\"item\":\"https:\\\/\\\/quehacerpolitico.mx\\\/\"},{\"@type\":\"ListItem\",\"position\":2,\"name\":\"La RAE valida la palabra &#8220;puto&#8221; como prefijo intensificador\"}]},{\"@type\":\"WebSite\",\"@id\":\"https:\\\/\\\/quehacerpolitico.mx\\\/#website\",\"url\":\"https:\\\/\\\/quehacerpolitico.mx\\\/\",\"name\":\"\",\"description\":\"\",\"potentialAction\":[{\"@type\":\"SearchAction\",\"target\":{\"@type\":\"EntryPoint\",\"urlTemplate\":\"https:\\\/\\\/quehacerpolitico.mx\\\/?s={search_term_string}\"},\"query-input\":{\"@type\":\"PropertyValueSpecification\",\"valueRequired\":true,\"valueName\":\"search_term_string\"}}],\"inLanguage\":\"es\"},{\"@type\":\"Person\",\"@id\":\"https:\\\/\\\/quehacerpolitico.mx\\\/#\\\/schema\\\/person\\\/496d8ad2d1d3f8036101dca7ee39e585\",\"name\":\"Redacci\u00f3n QP\",\"image\":{\"@type\":\"ImageObject\",\"inLanguage\":\"es\",\"@id\":\"https:\\\/\\\/secure.gravatar.com\\\/avatar\\\/c7164ed6fdec453195284ad24a5ae5b6e1eed2b848477fa2a4787ba9adf39a41?s=96&d=mm&r=g\",\"url\":\"https:\\\/\\\/secure.gravatar.com\\\/avatar\\\/c7164ed6fdec453195284ad24a5ae5b6e1eed2b848477fa2a4787ba9adf39a41?s=96&d=mm&r=g\",\"contentUrl\":\"https:\\\/\\\/secure.gravatar.com\\\/avatar\\\/c7164ed6fdec453195284ad24a5ae5b6e1eed2b848477fa2a4787ba9adf39a41?s=96&d=mm&r=g\",\"caption\":\"Redacci\u00f3n QP\"},\"url\":\"https:\\\/\\\/quehacerpolitico.mx\\\/?author=2\"}]}<\/script>\n<!-- \/ Yoast SEO plugin. -->","yoast_head_json":{"title":"La RAE valida la palabra \"puto\" como prefijo intensificador -","robots":{"index":"index","follow":"follow","max-snippet":"max-snippet:-1","max-image-preview":"max-image-preview:large","max-video-preview":"max-video-preview:-1"},"canonical":"https:\/\/quehacerpolitico.mx\/?p=19640","og_locale":"es_MX","og_type":"article","og_title":"La RAE valida la palabra \"puto\" como prefijo intensificador -","og_description":"La RAE valida la palabra \"puto\" como prefijo intensificador Por Redacci\u00f3n QP","og_url":"https:\/\/quehacerpolitico.mx\/?p=19640","article_published_time":"2019-03-08T03:00:03+00:00","author":"Redacci\u00f3n QP","twitter_card":"summary_large_image","twitter_misc":{"Escrito por":"Redacci\u00f3n QP","Tiempo de lectura":"4 minutos"},"schema":{"@context":"https:\/\/schema.org","@graph":[{"@type":"Article","@id":"https:\/\/quehacerpolitico.mx\/?p=19640#article","isPartOf":{"@id":"https:\/\/quehacerpolitico.mx\/?p=19640"},"author":{"name":"Redacci\u00f3n QP","@id":"https:\/\/quehacerpolitico.mx\/#\/schema\/person\/496d8ad2d1d3f8036101dca7ee39e585"},"headline":"La RAE valida la palabra &#8220;puto&#8221; como prefijo intensificador","datePublished":"2019-03-08T03:00:03+00:00","mainEntityOfPage":{"@id":"https:\/\/quehacerpolitico.mx\/?p=19640"},"wordCount":792,"commentCount":0,"image":{"@id":"https:\/\/quehacerpolitico.mx\/?p=19640#primaryimage"},"thumbnailUrl":"","articleSection":["Cultura y Entretenimiento"],"inLanguage":"es","potentialAction":[{"@type":"CommentAction","name":"Comment","target":["https:\/\/quehacerpolitico.mx\/?p=19640#respond"]}]},{"@type":"WebPage","@id":"https:\/\/quehacerpolitico.mx\/?p=19640","url":"https:\/\/quehacerpolitico.mx\/?p=19640","name":"La RAE valida la palabra \"puto\" como prefijo intensificador -","isPartOf":{"@id":"https:\/\/quehacerpolitico.mx\/#website"},"primaryImageOfPage":{"@id":"https:\/\/quehacerpolitico.mx\/?p=19640#primaryimage"},"image":{"@id":"https:\/\/quehacerpolitico.mx\/?p=19640#primaryimage"},"thumbnailUrl":"","datePublished":"2019-03-08T03:00:03+00:00","author":{"@id":"https:\/\/quehacerpolitico.mx\/#\/schema\/person\/496d8ad2d1d3f8036101dca7ee39e585"},"breadcrumb":{"@id":"https:\/\/quehacerpolitico.mx\/?p=19640#breadcrumb"},"inLanguage":"es","potentialAction":[{"@type":"ReadAction","target":["https:\/\/quehacerpolitico.mx\/?p=19640"]}]},{"@type":"ImageObject","inLanguage":"es","@id":"https:\/\/quehacerpolitico.mx\/?p=19640#primaryimage","url":"","contentUrl":""},{"@type":"BreadcrumbList","@id":"https:\/\/quehacerpolitico.mx\/?p=19640#breadcrumb","itemListElement":[{"@type":"ListItem","position":1,"name":"Inicio","item":"https:\/\/quehacerpolitico.mx\/"},{"@type":"ListItem","position":2,"name":"La RAE valida la palabra &#8220;puto&#8221; como prefijo intensificador"}]},{"@type":"WebSite","@id":"https:\/\/quehacerpolitico.mx\/#website","url":"https:\/\/quehacerpolitico.mx\/","name":"","description":"","potentialAction":[{"@type":"SearchAction","target":{"@type":"EntryPoint","urlTemplate":"https:\/\/quehacerpolitico.mx\/?s={search_term_string}"},"query-input":{"@type":"PropertyValueSpecification","valueRequired":true,"valueName":"search_term_string"}}],"inLanguage":"es"},{"@type":"Person","@id":"https:\/\/quehacerpolitico.mx\/#\/schema\/person\/496d8ad2d1d3f8036101dca7ee39e585","name":"Redacci\u00f3n QP","image":{"@type":"ImageObject","inLanguage":"es","@id":"https:\/\/secure.gravatar.com\/avatar\/c7164ed6fdec453195284ad24a5ae5b6e1eed2b848477fa2a4787ba9adf39a41?s=96&d=mm&r=g","url":"https:\/\/secure.gravatar.com\/avatar\/c7164ed6fdec453195284ad24a5ae5b6e1eed2b848477fa2a4787ba9adf39a41?s=96&d=mm&r=g","contentUrl":"https:\/\/secure.gravatar.com\/avatar\/c7164ed6fdec453195284ad24a5ae5b6e1eed2b848477fa2a4787ba9adf39a41?s=96&d=mm&r=g","caption":"Redacci\u00f3n QP"},"url":"https:\/\/quehacerpolitico.mx\/?author=2"}]}},"featured_image_urls":{"full":"","thumbnail":"","medium":"","medium_large":"","large":"","1536x1536":"","2048x2048":"","covernews-featured":"","covernews-medium":""},"author_info":{"display_name":"Redacci\u00f3n QP","author_link":"https:\/\/quehacerpolitico.mx\/?author=2"},"category_info":"<a href=\"https:\/\/quehacerpolitico.mx\/?cat=58\" rel=\"category\">Cultura y Entretenimiento<\/a>","tag_info":"Cultura y Entretenimiento","comment_count":"0","_links":{"self":[{"href":"https:\/\/quehacerpolitico.mx\/index.php?rest_route=\/wp\/v2\/posts\/19640","targetHints":{"allow":["GET"]}}],"collection":[{"href":"https:\/\/quehacerpolitico.mx\/index.php?rest_route=\/wp\/v2\/posts"}],"about":[{"href":"https:\/\/quehacerpolitico.mx\/index.php?rest_route=\/wp\/v2\/types\/post"}],"author":[{"embeddable":true,"href":"https:\/\/quehacerpolitico.mx\/index.php?rest_route=\/wp\/v2\/users\/2"}],"replies":[{"embeddable":true,"href":"https:\/\/quehacerpolitico.mx\/index.php?rest_route=%2Fwp%2Fv2%2Fcomments&post=19640"}],"version-history":[{"count":0,"href":"https:\/\/quehacerpolitico.mx\/index.php?rest_route=\/wp\/v2\/posts\/19640\/revisions"}],"wp:featuredmedia":[{"embeddable":true,"href":"https:\/\/quehacerpolitico.mx\/index.php?rest_route=\/"}],"wp:attachment":[{"href":"https:\/\/quehacerpolitico.mx\/index.php?rest_route=%2Fwp%2Fv2%2Fmedia&parent=19640"}],"wp:term":[{"taxonomy":"category","embeddable":true,"href":"https:\/\/quehacerpolitico.mx\/index.php?rest_route=%2Fwp%2Fv2%2Fcategories&post=19640"},{"taxonomy":"post_tag","embeddable":true,"href":"https:\/\/quehacerpolitico.mx\/index.php?rest_route=%2Fwp%2Fv2%2Ftags&post=19640"}],"curies":[{"name":"wp","href":"https:\/\/api.w.org\/{rel}","templated":true}]}}