{"id":19637,"date":"2019-03-08T02:51:20","date_gmt":"2019-03-08T02:51:20","guid":{"rendered":"http:\/\/quehacerpolitico.mx\/edith-aparicio-tiene-una-cuenta-de-youtube-donde-sube-sus-videos\/"},"modified":"2019-03-08T02:51:20","modified_gmt":"2019-03-08T02:51:20","slug":"edith-aparicio-tiene-una-cuenta-de-youtube-donde-sube-sus-videos","status":"publish","type":"post","link":"https:\/\/quehacerpolitico.mx\/?p=19637","title":{"rendered":"Edith Aparicio tiene una cuenta de YouTube donde sube sus videos"},"content":{"rendered":"<p>Edith Aparicio tiene una cuenta de YouTube donde sube sus videos<\/p>\n<p>Por Redacci\u00f3n QP<\/p>\n<p>Edith Aparicio tiene una cuenta de YouTube donde sube sus videos<\/p>\n<p><iframe loading=\"lazy\" title=\"Paloma negra(cover) Edith Aparicio,compositor Tom\u00e1s M\u00e9ndez\" width=\"640\" height=\"360\" src=\"https:\/\/www.youtube.com\/embed\/dotkZS1-zjE?feature=oembed\" frameborder=\"0\" allow=\"accelerometer; autoplay; clipboard-write; encrypted-media; gyroscope; picture-in-picture; web-share\" referrerpolicy=\"strict-origin-when-cross-origin\" allowfullscreen><\/iframe><\/p>\n<p>Antes de la fama de la actriz estelar de &#8220;Roma&#8221;, Yalitza Aparicio, su hermana ya ten\u00eda rato dedicada a la cantada en su natal Tlaxiaco, Oaxaca; asist\u00eda a palenques, fiestas de los pueblos y amenizaba bares con su voz privilegiada, sin ser artista profesional.<\/p>\n<p>Yalitza nunca se imagin\u00f3 ser estrella de cine. &#8220;\u00a1Nunca, nunca!, de hecho nos da mucha risa porque quien ha sido explayada en ese sentido he sido yo, y ella a lo que se inclinaba era m\u00e1s a otras cosas; la lectura, la poes\u00eda, la pintura (&#8230;) Nunca dijo que quer\u00eda ser actriz&#8221;, cont\u00f3 Edith Aparicio Mart\u00ednez a El Universal.<\/p>\n<p>Edith detall\u00f3 que por su vena corre la sangre art\u00edstica: &#8220;He ido a cantar, a bailar, me gusta mucho, me contratan seguido, voy a donde me inviten o donde me paguen&#8221;, expuso. En su reci\u00e9n creado canal de YouTube se identifica como Edith Luna Aparicio y <strong>ha posteado varias melod\u00edas que interpreta con guitarra o m\u00fasica de mariachi.<\/strong><\/p>\n<p>Al momento tiene ocho canciones, entre las que destacan &#8220;Ya lo s\u00e9&#8221;, que canta en un festival escolar al ritmo de mariachi, enfundada en un traje regional de la etnia Triqui. Tambi\u00e9n la canci\u00f3n zapoteca del Istmo &#8220;La Martiniana&#8221; \u2014cuya autor\u00eda se atribuye al extinto escritor Andr\u00e9s Henestrosa\u2014, acompa\u00f1ada de un guitarrista, video que subi\u00f3 a la red social el 27 de febrero y que al momento tiene cinco mil 933 vistas.<\/p>\n<p>De inmediato se generaron los comentarios: &#8220;Muy buena voz y canciones. Felicidades&#8221;, &#8220;Edith hermosa, cantas hermos\u00edsimo, trata de hacer la grabaci\u00f3n en un lugar, no tan abierto, para que no haga eco tu voz, en mi humilde sugerencia. Felicidades!!!!!&#8221;. &#8220;Mis respetos la verdad se la rifa esa chica, s\u00faper bien un saludos desde Monterrey &#8220;, &#8220;Hermosa voz. Espero verte pronto en tv con disco. Me declaro fan de las Aparicio Martinez&#8221;, son parte de los comentarios que se han vertido en YouTube.<\/p>\n<p>Melod\u00edas como &#8220;Golpes de pecho&#8221; la interpreta montada en un caballo y en un palenque de una localidad de la regi\u00f3n Mixteca.<\/p>\n<p><strong>Es la vena art\u00edstica de la otra Aparicio, quien se pone de nombre art\u00edstico Edith ApaMar<\/strong> y que ahora explora el mundo del espect\u00e1culo, en el cual brilla con luz propia su hermana Yalitza.<\/p>\n<p>\u00a0<\/p>\n","protected":false},"excerpt":{"rendered":"<p>Edith Aparicio tiene una cuenta de YouTube donde sube sus videos<br \/>\nPor Redacci\u00f3n QP<\/p>\n","protected":false},"author":2,"featured_media":19634,"comment_status":"open","ping_status":"open","sticky":false,"template":"","format":"standard","meta":{"_monsterinsights_skip_tracking":false,"_monsterinsights_sitenote_active":false,"_monsterinsights_sitenote_note":"","_monsterinsights_sitenote_category":0,"footnotes":""},"categories":[58],"tags":[],"class_list":["post-19637","post","type-post","status-publish","format-standard","has-post-thumbnail","hentry","category-cultura"],"yoast_head":"<!-- This site is optimized with the Yoast SEO plugin v27.3 - https:\/\/yoast.com\/product\/yoast-seo-wordpress\/ -->\n<title>Edith Aparicio tiene una cuenta de YouTube donde sube sus videos -<\/title>\n<meta name=\"robots\" content=\"index, follow, max-snippet:-1, max-image-preview:large, max-video-preview:-1\" \/>\n<link rel=\"canonical\" href=\"https:\/\/quehacerpolitico.mx\/?p=19637\" \/>\n<meta property=\"og:locale\" content=\"es_MX\" \/>\n<meta property=\"og:type\" content=\"article\" \/>\n<meta property=\"og:title\" content=\"Edith Aparicio tiene una cuenta de YouTube donde sube sus videos -\" \/>\n<meta property=\"og:description\" content=\"Edith Aparicio tiene una cuenta de YouTube donde sube sus videos Por Redacci\u00f3n QP\" \/>\n<meta property=\"og:url\" content=\"https:\/\/quehacerpolitico.mx\/?p=19637\" \/>\n<meta property=\"article:published_time\" content=\"2019-03-08T02:51:20+00:00\" \/>\n<meta name=\"author\" content=\"Redacci\u00f3n QP\" \/>\n<meta name=\"twitter:card\" content=\"summary_large_image\" \/>\n<meta name=\"twitter:label1\" content=\"Escrito por\" \/>\n\t<meta name=\"twitter:data1\" content=\"Redacci\u00f3n QP\" \/>\n\t<meta name=\"twitter:label2\" content=\"Tiempo de lectura\" \/>\n\t<meta name=\"twitter:data2\" content=\"2 minutos\" \/>\n<script type=\"application\/ld+json\" class=\"yoast-schema-graph\">{\"@context\":\"https:\\\/\\\/schema.org\",\"@graph\":[{\"@type\":\"Article\",\"@id\":\"https:\\\/\\\/quehacerpolitico.mx\\\/?p=19637#article\",\"isPartOf\":{\"@id\":\"https:\\\/\\\/quehacerpolitico.mx\\\/?p=19637\"},\"author\":{\"name\":\"Redacci\u00f3n QP\",\"@id\":\"https:\\\/\\\/quehacerpolitico.mx\\\/#\\\/schema\\\/person\\\/496d8ad2d1d3f8036101dca7ee39e585\"},\"headline\":\"Edith Aparicio tiene una cuenta de YouTube donde sube sus videos\",\"datePublished\":\"2019-03-08T02:51:20+00:00\",\"mainEntityOfPage\":{\"@id\":\"https:\\\/\\\/quehacerpolitico.mx\\\/?p=19637\"},\"wordCount\":432,\"commentCount\":0,\"image\":{\"@id\":\"https:\\\/\\\/quehacerpolitico.mx\\\/?p=19637#primaryimage\"},\"thumbnailUrl\":\"\",\"articleSection\":[\"Cultura y Entretenimiento\"],\"inLanguage\":\"es\",\"potentialAction\":[{\"@type\":\"CommentAction\",\"name\":\"Comment\",\"target\":[\"https:\\\/\\\/quehacerpolitico.mx\\\/?p=19637#respond\"]}]},{\"@type\":\"WebPage\",\"@id\":\"https:\\\/\\\/quehacerpolitico.mx\\\/?p=19637\",\"url\":\"https:\\\/\\\/quehacerpolitico.mx\\\/?p=19637\",\"name\":\"Edith Aparicio tiene una cuenta de YouTube donde sube sus videos -\",\"isPartOf\":{\"@id\":\"https:\\\/\\\/quehacerpolitico.mx\\\/#website\"},\"primaryImageOfPage\":{\"@id\":\"https:\\\/\\\/quehacerpolitico.mx\\\/?p=19637#primaryimage\"},\"image\":{\"@id\":\"https:\\\/\\\/quehacerpolitico.mx\\\/?p=19637#primaryimage\"},\"thumbnailUrl\":\"\",\"datePublished\":\"2019-03-08T02:51:20+00:00\",\"author\":{\"@id\":\"https:\\\/\\\/quehacerpolitico.mx\\\/#\\\/schema\\\/person\\\/496d8ad2d1d3f8036101dca7ee39e585\"},\"breadcrumb\":{\"@id\":\"https:\\\/\\\/quehacerpolitico.mx\\\/?p=19637#breadcrumb\"},\"inLanguage\":\"es\",\"potentialAction\":[{\"@type\":\"ReadAction\",\"target\":[\"https:\\\/\\\/quehacerpolitico.mx\\\/?p=19637\"]}]},{\"@type\":\"ImageObject\",\"inLanguage\":\"es\",\"@id\":\"https:\\\/\\\/quehacerpolitico.mx\\\/?p=19637#primaryimage\",\"url\":\"\",\"contentUrl\":\"\"},{\"@type\":\"BreadcrumbList\",\"@id\":\"https:\\\/\\\/quehacerpolitico.mx\\\/?p=19637#breadcrumb\",\"itemListElement\":[{\"@type\":\"ListItem\",\"position\":1,\"name\":\"Inicio\",\"item\":\"https:\\\/\\\/quehacerpolitico.mx\\\/\"},{\"@type\":\"ListItem\",\"position\":2,\"name\":\"Edith Aparicio tiene una cuenta de YouTube donde sube sus videos\"}]},{\"@type\":\"WebSite\",\"@id\":\"https:\\\/\\\/quehacerpolitico.mx\\\/#website\",\"url\":\"https:\\\/\\\/quehacerpolitico.mx\\\/\",\"name\":\"\",\"description\":\"\",\"potentialAction\":[{\"@type\":\"SearchAction\",\"target\":{\"@type\":\"EntryPoint\",\"urlTemplate\":\"https:\\\/\\\/quehacerpolitico.mx\\\/?s={search_term_string}\"},\"query-input\":{\"@type\":\"PropertyValueSpecification\",\"valueRequired\":true,\"valueName\":\"search_term_string\"}}],\"inLanguage\":\"es\"},{\"@type\":\"Person\",\"@id\":\"https:\\\/\\\/quehacerpolitico.mx\\\/#\\\/schema\\\/person\\\/496d8ad2d1d3f8036101dca7ee39e585\",\"name\":\"Redacci\u00f3n QP\",\"image\":{\"@type\":\"ImageObject\",\"inLanguage\":\"es\",\"@id\":\"https:\\\/\\\/secure.gravatar.com\\\/avatar\\\/c7164ed6fdec453195284ad24a5ae5b6e1eed2b848477fa2a4787ba9adf39a41?s=96&d=mm&r=g\",\"url\":\"https:\\\/\\\/secure.gravatar.com\\\/avatar\\\/c7164ed6fdec453195284ad24a5ae5b6e1eed2b848477fa2a4787ba9adf39a41?s=96&d=mm&r=g\",\"contentUrl\":\"https:\\\/\\\/secure.gravatar.com\\\/avatar\\\/c7164ed6fdec453195284ad24a5ae5b6e1eed2b848477fa2a4787ba9adf39a41?s=96&d=mm&r=g\",\"caption\":\"Redacci\u00f3n QP\"},\"url\":\"https:\\\/\\\/quehacerpolitico.mx\\\/?author=2\"}]}<\/script>\n<!-- \/ Yoast SEO plugin. -->","yoast_head_json":{"title":"Edith Aparicio tiene una cuenta de YouTube donde sube sus videos -","robots":{"index":"index","follow":"follow","max-snippet":"max-snippet:-1","max-image-preview":"max-image-preview:large","max-video-preview":"max-video-preview:-1"},"canonical":"https:\/\/quehacerpolitico.mx\/?p=19637","og_locale":"es_MX","og_type":"article","og_title":"Edith Aparicio tiene una cuenta de YouTube donde sube sus videos -","og_description":"Edith Aparicio tiene una cuenta de YouTube donde sube sus videos Por Redacci\u00f3n QP","og_url":"https:\/\/quehacerpolitico.mx\/?p=19637","article_published_time":"2019-03-08T02:51:20+00:00","author":"Redacci\u00f3n QP","twitter_card":"summary_large_image","twitter_misc":{"Escrito por":"Redacci\u00f3n QP","Tiempo de lectura":"2 minutos"},"schema":{"@context":"https:\/\/schema.org","@graph":[{"@type":"Article","@id":"https:\/\/quehacerpolitico.mx\/?p=19637#article","isPartOf":{"@id":"https:\/\/quehacerpolitico.mx\/?p=19637"},"author":{"name":"Redacci\u00f3n QP","@id":"https:\/\/quehacerpolitico.mx\/#\/schema\/person\/496d8ad2d1d3f8036101dca7ee39e585"},"headline":"Edith Aparicio tiene una cuenta de YouTube donde sube sus videos","datePublished":"2019-03-08T02:51:20+00:00","mainEntityOfPage":{"@id":"https:\/\/quehacerpolitico.mx\/?p=19637"},"wordCount":432,"commentCount":0,"image":{"@id":"https:\/\/quehacerpolitico.mx\/?p=19637#primaryimage"},"thumbnailUrl":"","articleSection":["Cultura y Entretenimiento"],"inLanguage":"es","potentialAction":[{"@type":"CommentAction","name":"Comment","target":["https:\/\/quehacerpolitico.mx\/?p=19637#respond"]}]},{"@type":"WebPage","@id":"https:\/\/quehacerpolitico.mx\/?p=19637","url":"https:\/\/quehacerpolitico.mx\/?p=19637","name":"Edith Aparicio tiene una cuenta de YouTube donde sube sus videos -","isPartOf":{"@id":"https:\/\/quehacerpolitico.mx\/#website"},"primaryImageOfPage":{"@id":"https:\/\/quehacerpolitico.mx\/?p=19637#primaryimage"},"image":{"@id":"https:\/\/quehacerpolitico.mx\/?p=19637#primaryimage"},"thumbnailUrl":"","datePublished":"2019-03-08T02:51:20+00:00","author":{"@id":"https:\/\/quehacerpolitico.mx\/#\/schema\/person\/496d8ad2d1d3f8036101dca7ee39e585"},"breadcrumb":{"@id":"https:\/\/quehacerpolitico.mx\/?p=19637#breadcrumb"},"inLanguage":"es","potentialAction":[{"@type":"ReadAction","target":["https:\/\/quehacerpolitico.mx\/?p=19637"]}]},{"@type":"ImageObject","inLanguage":"es","@id":"https:\/\/quehacerpolitico.mx\/?p=19637#primaryimage","url":"","contentUrl":""},{"@type":"BreadcrumbList","@id":"https:\/\/quehacerpolitico.mx\/?p=19637#breadcrumb","itemListElement":[{"@type":"ListItem","position":1,"name":"Inicio","item":"https:\/\/quehacerpolitico.mx\/"},{"@type":"ListItem","position":2,"name":"Edith Aparicio tiene una cuenta de YouTube donde sube sus videos"}]},{"@type":"WebSite","@id":"https:\/\/quehacerpolitico.mx\/#website","url":"https:\/\/quehacerpolitico.mx\/","name":"","description":"","potentialAction":[{"@type":"SearchAction","target":{"@type":"EntryPoint","urlTemplate":"https:\/\/quehacerpolitico.mx\/?s={search_term_string}"},"query-input":{"@type":"PropertyValueSpecification","valueRequired":true,"valueName":"search_term_string"}}],"inLanguage":"es"},{"@type":"Person","@id":"https:\/\/quehacerpolitico.mx\/#\/schema\/person\/496d8ad2d1d3f8036101dca7ee39e585","name":"Redacci\u00f3n QP","image":{"@type":"ImageObject","inLanguage":"es","@id":"https:\/\/secure.gravatar.com\/avatar\/c7164ed6fdec453195284ad24a5ae5b6e1eed2b848477fa2a4787ba9adf39a41?s=96&d=mm&r=g","url":"https:\/\/secure.gravatar.com\/avatar\/c7164ed6fdec453195284ad24a5ae5b6e1eed2b848477fa2a4787ba9adf39a41?s=96&d=mm&r=g","contentUrl":"https:\/\/secure.gravatar.com\/avatar\/c7164ed6fdec453195284ad24a5ae5b6e1eed2b848477fa2a4787ba9adf39a41?s=96&d=mm&r=g","caption":"Redacci\u00f3n QP"},"url":"https:\/\/quehacerpolitico.mx\/?author=2"}]}},"featured_image_urls":{"full":"","thumbnail":"","medium":"","medium_large":"","large":"","1536x1536":"","2048x2048":"","covernews-featured":"","covernews-medium":""},"author_info":{"display_name":"Redacci\u00f3n QP","author_link":"https:\/\/quehacerpolitico.mx\/?author=2"},"category_info":"<a href=\"https:\/\/quehacerpolitico.mx\/?cat=58\" rel=\"category\">Cultura y Entretenimiento<\/a>","tag_info":"Cultura y Entretenimiento","comment_count":"0","_links":{"self":[{"href":"https:\/\/quehacerpolitico.mx\/index.php?rest_route=\/wp\/v2\/posts\/19637","targetHints":{"allow":["GET"]}}],"collection":[{"href":"https:\/\/quehacerpolitico.mx\/index.php?rest_route=\/wp\/v2\/posts"}],"about":[{"href":"https:\/\/quehacerpolitico.mx\/index.php?rest_route=\/wp\/v2\/types\/post"}],"author":[{"embeddable":true,"href":"https:\/\/quehacerpolitico.mx\/index.php?rest_route=\/wp\/v2\/users\/2"}],"replies":[{"embeddable":true,"href":"https:\/\/quehacerpolitico.mx\/index.php?rest_route=%2Fwp%2Fv2%2Fcomments&post=19637"}],"version-history":[{"count":0,"href":"https:\/\/quehacerpolitico.mx\/index.php?rest_route=\/wp\/v2\/posts\/19637\/revisions"}],"wp:featuredmedia":[{"embeddable":true,"href":"https:\/\/quehacerpolitico.mx\/index.php?rest_route=\/"}],"wp:attachment":[{"href":"https:\/\/quehacerpolitico.mx\/index.php?rest_route=%2Fwp%2Fv2%2Fmedia&parent=19637"}],"wp:term":[{"taxonomy":"category","embeddable":true,"href":"https:\/\/quehacerpolitico.mx\/index.php?rest_route=%2Fwp%2Fv2%2Fcategories&post=19637"},{"taxonomy":"post_tag","embeddable":true,"href":"https:\/\/quehacerpolitico.mx\/index.php?rest_route=%2Fwp%2Fv2%2Ftags&post=19637"}],"curies":[{"name":"wp","href":"https:\/\/api.w.org\/{rel}","templated":true}]}}