{"id":19619,"date":"2019-03-08T02:17:01","date_gmt":"2019-03-08T02:17:01","guid":{"rendered":"http:\/\/quehacerpolitico.mx\/estancias-infantiles-operaran-con-cuotas-de-padres-de-familia\/"},"modified":"2019-03-08T02:17:01","modified_gmt":"2019-03-08T02:17:01","slug":"estancias-infantiles-operaran-con-cuotas-de-padres-de-familia","status":"publish","type":"post","link":"https:\/\/quehacerpolitico.mx\/?p=19619","title":{"rendered":"Estancias Infantiles operar\u00e1n con cuotas de padres de familia"},"content":{"rendered":"<h1 class=\"news-title\">Estancias Infantiles operar\u00e1n con cuotas de padres de familia<\/h1>\n<p>Por Redacci\u00f3n QP<\/p>\n<header class=\"news-header\">\n<div class=\"news-subtitle\">\n<p>La secretaria de Bienestar, Mar\u00eda Luisa Albores Gonz\u00e1lez, detall\u00f3 que prev\u00e9n a finales de marzo tener el censo para identificar el n\u00famero de familias y ni\u00f1os que requieren el apoyo<\/p>\n<\/div>\n<\/header>\n<div class=\"news-content\">\n<div class=\"news-body row\">\n<p>Con el Programa de Apoyo para el Bienestar de las Ni\u00f1as y Ni\u00f1os hijos de madres trabajadoras para el ejercicio fiscal 2019, la Secretaria de Bienestar\u00a0prev\u00e9 que <strong>las Estancias Infantiles contin\u00faen operando con las cuotas que paguen los padres de familia.<\/strong><\/p>\n<blockquote>\n<p>&#8220;Estamos planteando terminar un censo donde estamos visitando a tutor por tutor para ver cu\u00e1ntos ni\u00f1os tiene y en este sentido canalizar directamente el apoyo&#8221;<\/p>\n<\/blockquote>\n<p>As\u00ed lo explic\u00f3 la titular de la Secretar\u00eda, Mar\u00eda Luisa Albores Gonz\u00e1lez, quien detall\u00f3 que para ello la dependencia prev\u00e9, para finales de marzo, tener listo el censo que actualmente elabora para identificar el n\u00famero de familias y ni\u00f1os que requieren el apoyo y <strong>poderles entregar los recursos a los padres o tutores correspondientes a los meses de enero, febrero y abril.<\/strong><\/p>\n<p>&#8220;Estamos planteando terminar un censo donde estamos visitando a tutor por tutor para ver cu\u00e1ntos ni\u00f1os\u00a0tiene y en este sentido canalizar directamente el apoyo para el sistema de cuidados&#8221;, dijo.<\/p>\n<p>&#8220;Estamos cuidando que, despu\u00e9s de que levantemos el censo, se entregue lo que es enero, febrero e inmediatamente vamos a dispersar marzo y abril porque estamos planteando que el recurso venga un mes antes para que quienes tengan las estancias no esperen el recurso hasta finales de mes&#8221;, dijo.<\/p>\n<p>Precis\u00f3 que, para garantizar que los recursos se entreguen a las familias en beneficio del cuidado de los ni\u00f1os, el DIF nacional se encargar\u00e1 de vigilar las gestiones que realizar\u00e1 la Secretar\u00eda.<\/p>\n<p>&#8220;Antes se entregaba un recurso de 950 pesos mensuales por ni\u00f1o a cada estancia, pero una vez que terminemos el censo daremos a conocer que hab\u00eda estancias que ten\u00edan ocho ni\u00f1os pero reportaban 35, por eso se habla de &#8216;ni\u00f1os fantasma'&#8221;, coment\u00f3.<\/p>\n<p>&#8220;El DIF\u00a0del sexenio pasado en el \u00faltimo informe que dej\u00f3 nos habla de que el 30% de las casi 10 mil estancias infantiles tienen foco verde que son las que pueden continuar, hac\u00eda este informe porque el DIF supervisaba aunque <strong>el recurso se entregaba a trav\u00e9s de la Sedesol directamente a las responsables de las estancias y por eso ocurri\u00f3 esto de que inflaban los n\u00fameros&#8221;.<\/strong><\/p>\n<blockquote>\n<p>&#8220;No se elimina el programa de estancias, nunca hemos planteado eso, lo que existe es un cambio en las entregas&#8221;<\/p>\n<\/blockquote>\n<p>Por ello, insisti\u00f3 en que a trav\u00e9s de la nueva modalidad, la responsabilidad de decidir d\u00f3nde se brindar\u00e1 el cuidado a sus hijos ser\u00e1 de los padres, raz\u00f3n por la que no cerrar\u00e1n las estancias.<\/p>\n<p>&#8220;No depende de nosotros que se cierren las estancias, nosotros vamos a seguir canalizando el apoyo y ese apoyo, en el caso de estancias que est\u00e1n funcionando muy bien los mismos padres de familia recomendar\u00e1n esa estancia&#8221;, agreg\u00f3.<\/p>\n<p>&#8220;No se elimina el programa de estancias, nunca hemos planteado eso, lo que existe es un cambio en las entregas, s\u00ed vamos a supervisar a trav\u00e9s del DIF que ese recurso sea canalizado para el cuidado&#8221;.<\/p>\n<p>De acuerdo con las reglas de operaci\u00f3n publicadas en el Diario Oficial de la Federaci\u00f3n, <strong>los padres de familia recibir\u00e1n 800 pesos mensuales por cada ni\u00f1o con pago bimensual para que se entregue por adelantado lo del mes siguiente y se prev\u00e9 que los reciban a trav\u00e9s de una tarjeta de Bienestar.<\/strong><\/p>\n<p>Confi\u00f3 en que el 70% de las estancias que, seg\u00fan el DIF, no cuentan con foco verde para seguir operando se ajusten y re\u00fanan los requisitos para continuar dando el servicio.<\/p>\n<p>Por ello, no descart\u00f3 la posibilidad de que una vez identificado el n\u00famero real de ni\u00f1os que requieren el servicio y las condiciones de las estancias que existen en el pa\u00eds, se pueda solicitar un incremento en el presupuesto asignado, que actualmente es de dos mil 200 millones.<\/p>\n<\/div>\n<\/div>\n","protected":false},"excerpt":{"rendered":"<p>Estancias Infantiles operar\u00e1n con cuotas de padres de familia<br \/>\nPor Redacci\u00f3n QP<\/p>\n","protected":false},"author":2,"featured_media":19618,"comment_status":"open","ping_status":"open","sticky":false,"template":"","format":"standard","meta":{"_monsterinsights_skip_tracking":false,"_monsterinsights_sitenote_active":false,"_monsterinsights_sitenote_note":"","_monsterinsights_sitenote_category":0,"footnotes":""},"categories":[2],"tags":[],"class_list":["post-19619","post","type-post","status-publish","format-standard","has-post-thumbnail","hentry","category-noticias"],"yoast_head":"<!-- This site is optimized with the Yoast SEO plugin v27.3 - https:\/\/yoast.com\/product\/yoast-seo-wordpress\/ -->\n<title>Estancias Infantiles operar\u00e1n con cuotas de padres de familia -<\/title>\n<meta name=\"robots\" content=\"index, follow, max-snippet:-1, max-image-preview:large, max-video-preview:-1\" \/>\n<link rel=\"canonical\" href=\"https:\/\/quehacerpolitico.mx\/?p=19619\" \/>\n<meta property=\"og:locale\" content=\"es_MX\" \/>\n<meta property=\"og:type\" content=\"article\" \/>\n<meta property=\"og:title\" content=\"Estancias Infantiles operar\u00e1n con cuotas de padres de familia -\" \/>\n<meta property=\"og:description\" content=\"Estancias Infantiles operar\u00e1n con cuotas de padres de familia Por Redacci\u00f3n QP\" \/>\n<meta property=\"og:url\" content=\"https:\/\/quehacerpolitico.mx\/?p=19619\" \/>\n<meta property=\"article:published_time\" content=\"2019-03-08T02:17:01+00:00\" \/>\n<meta name=\"author\" content=\"Redacci\u00f3n QP\" \/>\n<meta name=\"twitter:card\" content=\"summary_large_image\" \/>\n<meta name=\"twitter:label1\" content=\"Escrito por\" \/>\n\t<meta name=\"twitter:data1\" content=\"Redacci\u00f3n QP\" \/>\n\t<meta name=\"twitter:label2\" content=\"Tiempo de lectura\" \/>\n\t<meta name=\"twitter:data2\" content=\"3 minutos\" \/>\n<script type=\"application\/ld+json\" class=\"yoast-schema-graph\">{\"@context\":\"https:\\\/\\\/schema.org\",\"@graph\":[{\"@type\":\"Article\",\"@id\":\"https:\\\/\\\/quehacerpolitico.mx\\\/?p=19619#article\",\"isPartOf\":{\"@id\":\"https:\\\/\\\/quehacerpolitico.mx\\\/?p=19619\"},\"author\":{\"name\":\"Redacci\u00f3n QP\",\"@id\":\"https:\\\/\\\/quehacerpolitico.mx\\\/#\\\/schema\\\/person\\\/496d8ad2d1d3f8036101dca7ee39e585\"},\"headline\":\"Estancias Infantiles operar\u00e1n con cuotas de padres de familia\",\"datePublished\":\"2019-03-08T02:17:01+00:00\",\"mainEntityOfPage\":{\"@id\":\"https:\\\/\\\/quehacerpolitico.mx\\\/?p=19619\"},\"wordCount\":701,\"commentCount\":0,\"image\":{\"@id\":\"https:\\\/\\\/quehacerpolitico.mx\\\/?p=19619#primaryimage\"},\"thumbnailUrl\":\"\",\"articleSection\":[\"Noticias\"],\"inLanguage\":\"es\",\"potentialAction\":[{\"@type\":\"CommentAction\",\"name\":\"Comment\",\"target\":[\"https:\\\/\\\/quehacerpolitico.mx\\\/?p=19619#respond\"]}]},{\"@type\":\"WebPage\",\"@id\":\"https:\\\/\\\/quehacerpolitico.mx\\\/?p=19619\",\"url\":\"https:\\\/\\\/quehacerpolitico.mx\\\/?p=19619\",\"name\":\"Estancias Infantiles operar\u00e1n con cuotas de padres de familia -\",\"isPartOf\":{\"@id\":\"https:\\\/\\\/quehacerpolitico.mx\\\/#website\"},\"primaryImageOfPage\":{\"@id\":\"https:\\\/\\\/quehacerpolitico.mx\\\/?p=19619#primaryimage\"},\"image\":{\"@id\":\"https:\\\/\\\/quehacerpolitico.mx\\\/?p=19619#primaryimage\"},\"thumbnailUrl\":\"\",\"datePublished\":\"2019-03-08T02:17:01+00:00\",\"author\":{\"@id\":\"https:\\\/\\\/quehacerpolitico.mx\\\/#\\\/schema\\\/person\\\/496d8ad2d1d3f8036101dca7ee39e585\"},\"breadcrumb\":{\"@id\":\"https:\\\/\\\/quehacerpolitico.mx\\\/?p=19619#breadcrumb\"},\"inLanguage\":\"es\",\"potentialAction\":[{\"@type\":\"ReadAction\",\"target\":[\"https:\\\/\\\/quehacerpolitico.mx\\\/?p=19619\"]}]},{\"@type\":\"ImageObject\",\"inLanguage\":\"es\",\"@id\":\"https:\\\/\\\/quehacerpolitico.mx\\\/?p=19619#primaryimage\",\"url\":\"\",\"contentUrl\":\"\"},{\"@type\":\"BreadcrumbList\",\"@id\":\"https:\\\/\\\/quehacerpolitico.mx\\\/?p=19619#breadcrumb\",\"itemListElement\":[{\"@type\":\"ListItem\",\"position\":1,\"name\":\"Inicio\",\"item\":\"https:\\\/\\\/quehacerpolitico.mx\\\/\"},{\"@type\":\"ListItem\",\"position\":2,\"name\":\"Estancias Infantiles operar\u00e1n con cuotas de padres de familia\"}]},{\"@type\":\"WebSite\",\"@id\":\"https:\\\/\\\/quehacerpolitico.mx\\\/#website\",\"url\":\"https:\\\/\\\/quehacerpolitico.mx\\\/\",\"name\":\"\",\"description\":\"\",\"potentialAction\":[{\"@type\":\"SearchAction\",\"target\":{\"@type\":\"EntryPoint\",\"urlTemplate\":\"https:\\\/\\\/quehacerpolitico.mx\\\/?s={search_term_string}\"},\"query-input\":{\"@type\":\"PropertyValueSpecification\",\"valueRequired\":true,\"valueName\":\"search_term_string\"}}],\"inLanguage\":\"es\"},{\"@type\":\"Person\",\"@id\":\"https:\\\/\\\/quehacerpolitico.mx\\\/#\\\/schema\\\/person\\\/496d8ad2d1d3f8036101dca7ee39e585\",\"name\":\"Redacci\u00f3n QP\",\"image\":{\"@type\":\"ImageObject\",\"inLanguage\":\"es\",\"@id\":\"https:\\\/\\\/secure.gravatar.com\\\/avatar\\\/c7164ed6fdec453195284ad24a5ae5b6e1eed2b848477fa2a4787ba9adf39a41?s=96&d=mm&r=g\",\"url\":\"https:\\\/\\\/secure.gravatar.com\\\/avatar\\\/c7164ed6fdec453195284ad24a5ae5b6e1eed2b848477fa2a4787ba9adf39a41?s=96&d=mm&r=g\",\"contentUrl\":\"https:\\\/\\\/secure.gravatar.com\\\/avatar\\\/c7164ed6fdec453195284ad24a5ae5b6e1eed2b848477fa2a4787ba9adf39a41?s=96&d=mm&r=g\",\"caption\":\"Redacci\u00f3n QP\"},\"url\":\"https:\\\/\\\/quehacerpolitico.mx\\\/?author=2\"}]}<\/script>\n<!-- \/ Yoast SEO plugin. -->","yoast_head_json":{"title":"Estancias Infantiles operar\u00e1n con cuotas de padres de familia -","robots":{"index":"index","follow":"follow","max-snippet":"max-snippet:-1","max-image-preview":"max-image-preview:large","max-video-preview":"max-video-preview:-1"},"canonical":"https:\/\/quehacerpolitico.mx\/?p=19619","og_locale":"es_MX","og_type":"article","og_title":"Estancias Infantiles operar\u00e1n con cuotas de padres de familia -","og_description":"Estancias Infantiles operar\u00e1n con cuotas de padres de familia Por Redacci\u00f3n QP","og_url":"https:\/\/quehacerpolitico.mx\/?p=19619","article_published_time":"2019-03-08T02:17:01+00:00","author":"Redacci\u00f3n QP","twitter_card":"summary_large_image","twitter_misc":{"Escrito por":"Redacci\u00f3n QP","Tiempo de lectura":"3 minutos"},"schema":{"@context":"https:\/\/schema.org","@graph":[{"@type":"Article","@id":"https:\/\/quehacerpolitico.mx\/?p=19619#article","isPartOf":{"@id":"https:\/\/quehacerpolitico.mx\/?p=19619"},"author":{"name":"Redacci\u00f3n QP","@id":"https:\/\/quehacerpolitico.mx\/#\/schema\/person\/496d8ad2d1d3f8036101dca7ee39e585"},"headline":"Estancias Infantiles operar\u00e1n con cuotas de padres de familia","datePublished":"2019-03-08T02:17:01+00:00","mainEntityOfPage":{"@id":"https:\/\/quehacerpolitico.mx\/?p=19619"},"wordCount":701,"commentCount":0,"image":{"@id":"https:\/\/quehacerpolitico.mx\/?p=19619#primaryimage"},"thumbnailUrl":"","articleSection":["Noticias"],"inLanguage":"es","potentialAction":[{"@type":"CommentAction","name":"Comment","target":["https:\/\/quehacerpolitico.mx\/?p=19619#respond"]}]},{"@type":"WebPage","@id":"https:\/\/quehacerpolitico.mx\/?p=19619","url":"https:\/\/quehacerpolitico.mx\/?p=19619","name":"Estancias Infantiles operar\u00e1n con cuotas de padres de familia -","isPartOf":{"@id":"https:\/\/quehacerpolitico.mx\/#website"},"primaryImageOfPage":{"@id":"https:\/\/quehacerpolitico.mx\/?p=19619#primaryimage"},"image":{"@id":"https:\/\/quehacerpolitico.mx\/?p=19619#primaryimage"},"thumbnailUrl":"","datePublished":"2019-03-08T02:17:01+00:00","author":{"@id":"https:\/\/quehacerpolitico.mx\/#\/schema\/person\/496d8ad2d1d3f8036101dca7ee39e585"},"breadcrumb":{"@id":"https:\/\/quehacerpolitico.mx\/?p=19619#breadcrumb"},"inLanguage":"es","potentialAction":[{"@type":"ReadAction","target":["https:\/\/quehacerpolitico.mx\/?p=19619"]}]},{"@type":"ImageObject","inLanguage":"es","@id":"https:\/\/quehacerpolitico.mx\/?p=19619#primaryimage","url":"","contentUrl":""},{"@type":"BreadcrumbList","@id":"https:\/\/quehacerpolitico.mx\/?p=19619#breadcrumb","itemListElement":[{"@type":"ListItem","position":1,"name":"Inicio","item":"https:\/\/quehacerpolitico.mx\/"},{"@type":"ListItem","position":2,"name":"Estancias Infantiles operar\u00e1n con cuotas de padres de familia"}]},{"@type":"WebSite","@id":"https:\/\/quehacerpolitico.mx\/#website","url":"https:\/\/quehacerpolitico.mx\/","name":"","description":"","potentialAction":[{"@type":"SearchAction","target":{"@type":"EntryPoint","urlTemplate":"https:\/\/quehacerpolitico.mx\/?s={search_term_string}"},"query-input":{"@type":"PropertyValueSpecification","valueRequired":true,"valueName":"search_term_string"}}],"inLanguage":"es"},{"@type":"Person","@id":"https:\/\/quehacerpolitico.mx\/#\/schema\/person\/496d8ad2d1d3f8036101dca7ee39e585","name":"Redacci\u00f3n QP","image":{"@type":"ImageObject","inLanguage":"es","@id":"https:\/\/secure.gravatar.com\/avatar\/c7164ed6fdec453195284ad24a5ae5b6e1eed2b848477fa2a4787ba9adf39a41?s=96&d=mm&r=g","url":"https:\/\/secure.gravatar.com\/avatar\/c7164ed6fdec453195284ad24a5ae5b6e1eed2b848477fa2a4787ba9adf39a41?s=96&d=mm&r=g","contentUrl":"https:\/\/secure.gravatar.com\/avatar\/c7164ed6fdec453195284ad24a5ae5b6e1eed2b848477fa2a4787ba9adf39a41?s=96&d=mm&r=g","caption":"Redacci\u00f3n QP"},"url":"https:\/\/quehacerpolitico.mx\/?author=2"}]}},"featured_image_urls":{"full":"","thumbnail":"","medium":"","medium_large":"","large":"","1536x1536":"","2048x2048":"","covernews-featured":"","covernews-medium":""},"author_info":{"display_name":"Redacci\u00f3n QP","author_link":"https:\/\/quehacerpolitico.mx\/?author=2"},"category_info":"<a href=\"https:\/\/quehacerpolitico.mx\/?cat=2\" rel=\"category\">Noticias<\/a>","tag_info":"Noticias","comment_count":"0","_links":{"self":[{"href":"https:\/\/quehacerpolitico.mx\/index.php?rest_route=\/wp\/v2\/posts\/19619","targetHints":{"allow":["GET"]}}],"collection":[{"href":"https:\/\/quehacerpolitico.mx\/index.php?rest_route=\/wp\/v2\/posts"}],"about":[{"href":"https:\/\/quehacerpolitico.mx\/index.php?rest_route=\/wp\/v2\/types\/post"}],"author":[{"embeddable":true,"href":"https:\/\/quehacerpolitico.mx\/index.php?rest_route=\/wp\/v2\/users\/2"}],"replies":[{"embeddable":true,"href":"https:\/\/quehacerpolitico.mx\/index.php?rest_route=%2Fwp%2Fv2%2Fcomments&post=19619"}],"version-history":[{"count":0,"href":"https:\/\/quehacerpolitico.mx\/index.php?rest_route=\/wp\/v2\/posts\/19619\/revisions"}],"wp:featuredmedia":[{"embeddable":true,"href":"https:\/\/quehacerpolitico.mx\/index.php?rest_route=\/"}],"wp:attachment":[{"href":"https:\/\/quehacerpolitico.mx\/index.php?rest_route=%2Fwp%2Fv2%2Fmedia&parent=19619"}],"wp:term":[{"taxonomy":"category","embeddable":true,"href":"https:\/\/quehacerpolitico.mx\/index.php?rest_route=%2Fwp%2Fv2%2Fcategories&post=19619"},{"taxonomy":"post_tag","embeddable":true,"href":"https:\/\/quehacerpolitico.mx\/index.php?rest_route=%2Fwp%2Fv2%2Ftags&post=19619"}],"curies":[{"name":"wp","href":"https:\/\/api.w.org\/{rel}","templated":true}]}}