{"id":19616,"date":"2019-03-08T02:11:04","date_gmt":"2019-03-08T02:11:04","guid":{"rendered":"http:\/\/quehacerpolitico.mx\/acuerdan-mecanismo-de-cooperacion-para-el-caso-ayotzinapa\/"},"modified":"2019-03-08T02:11:04","modified_gmt":"2019-03-08T02:11:04","slug":"acuerdan-mecanismo-de-cooperacion-para-el-caso-ayotzinapa","status":"publish","type":"post","link":"https:\/\/quehacerpolitico.mx\/?p=19616","title":{"rendered":"Acuerdan mecanismo de cooperaci\u00f3n para el caso Ayotzinapa"},"content":{"rendered":"<h1 class=\"news-title\">Acuerdan mecanismo de cooperaci\u00f3n para el caso Ayotzinapa<\/h1>\n<p>Por Redacci\u00f3n QP<\/p>\n<header class=\"news-header\">\n<div class=\"news-subtitle\">\n<p>Con esta herramienta, la SRE y la CIDH acompa\u00f1ar\u00e1n los trabajos que lleve a cabo la Comisi\u00f3n Presidencial para la Verdad y el Acceso a la Justicia<\/p>\n<\/div>\n<\/header>\n<div class=\"news-content\">\n<div class=\"news-body row\">\n<p>La Secretar\u00eda de Relaciones Exteriores (SRE) y la Comisi\u00f3n Interamericana de Derechos Humanos (CIDH) acordaron un Mecanismo Especial de Cooperaci\u00f3n y Asistencia T\u00e9cnica para dar acompa\u00f1amiento a la Comisi\u00f3n Presidencial para la Verdad y el Acceso a la Justicia en el Caso Ayotzinapa.<\/p>\n<p>Martha Delgado, subsecretaria para Asuntos Multilaterales y Derechos Humanos, indic\u00f3 que <strong>este mecanismo servir\u00e1 para acompa\u00f1ar los trabajos que lleva a cabo dicha Comisi\u00f3n<\/strong>. Lo anterior, en el marco de lo establecido en el &#8220;Decreto por el que se instruye establecer condiciones materiales, jur\u00eddicas y humanas efectivas, para fortalecer los derechos humanos de los familiares de las v\u00edctimas del caso Ayotzinapa a la verdad y al acceso a justicia&#8221;, del pasado 4 de diciembre.<\/p>\n<p>A trav\u00e9s de un comunicado, Relaciones Exteriores indic\u00f3 que este mecanismo es el resultado de la propuesta integrada con la colaboraci\u00f3n de los familiares de los estudiantes desaparecidos, sus representantes, la Secretar\u00eda de Gobernaci\u00f3n y la Secretar\u00eda de Hacienda.<\/p>\n<p>La CIDH\u00a0notific\u00f3 al Estado mexicano su decisi\u00f3n de reforzar la cooperaci\u00f3n y asistencia t\u00e9cnica sobre el asunto Ayotzinapa por medio de este Mecanismo Especial.<\/p>\n<p>&#8220;El mecanismo tiene como objetivo prestar asistencia t\u00e9cnica y apoyar el desarrollo de capacidades institucionales en materias relacionadas con derechos humanos, incluyendo temas relativos a la desaparici\u00f3n, b\u00fasqueda, investigaci\u00f3n, atenci\u00f3n a v\u00edctimas y reparaci\u00f3n integral, acordados previamente entre las partes&#8221;.<\/p>\n<p>&#8220;Adem\u00e1s, se apoyar\u00e1 la conformaci\u00f3n de un Grupo de Apoyo T\u00e9cnico (GAT) que asesorar\u00e1 las investigaciones y otras actividades que realice el Estado mexicano para llegar a la verdad y la justicia sobre el caso Ayotzinapa&#8221;, se\u00f1al\u00f3.<\/p>\n<p>Ser\u00e1 la semana pr\u00f3xima cuando este Mecanismo y la entrega del Informe Final del Mecanismo Especial para el Seguimiento del caso Ayotzinapa, ser\u00e1n formalizados con la presencia de la Comisionada Presidenta de la CIDH, Esmeralda Arosemena, el subsecretario de Derechos Humanos Alejandro Encinas que encabeza la Comisi\u00f3n, y los familiares de los 43 estudiantes desaparecidos.<\/p>\n<p>&#8220;Con esto, la Secretar\u00eda de Relaciones Exteriores da cumplimiento al mandato del Decreto Presidencial. Este Mecanismo Especial dar\u00e1 seguimiento a las acciones de la Comisi\u00f3n de la Verdad. El Gobierno de M\u00e9xico expresa su disposici\u00f3n para acompa\u00f1ar y colaborar con el Mecanismo establecido por la CIDH, otorg\u00e1ndole los recursos y facilidades necesarios para el desarrollo de sus actividades&#8221;, apunt\u00f3.<\/p>\n<\/div>\n<\/div>\n","protected":false},"excerpt":{"rendered":"<p>Acuerdan mecanismo de cooperaci\u00f3n para el caso Ayotzinapa<br \/>\nPor Redacci\u00f3n QP<\/p>\n","protected":false},"author":2,"featured_media":19615,"comment_status":"open","ping_status":"open","sticky":false,"template":"","format":"standard","meta":{"_monsterinsights_skip_tracking":false,"_monsterinsights_sitenote_active":false,"_monsterinsights_sitenote_note":"","_monsterinsights_sitenote_category":0,"footnotes":""},"categories":[2],"tags":[],"class_list":["post-19616","post","type-post","status-publish","format-standard","has-post-thumbnail","hentry","category-noticias"],"yoast_head":"<!-- This site is optimized with the Yoast SEO plugin v27.3 - https:\/\/yoast.com\/product\/yoast-seo-wordpress\/ -->\n<title>Acuerdan mecanismo de cooperaci\u00f3n para el caso Ayotzinapa -<\/title>\n<meta name=\"robots\" content=\"index, follow, max-snippet:-1, max-image-preview:large, max-video-preview:-1\" \/>\n<link rel=\"canonical\" href=\"https:\/\/quehacerpolitico.mx\/?p=19616\" \/>\n<meta property=\"og:locale\" content=\"es_MX\" \/>\n<meta property=\"og:type\" content=\"article\" \/>\n<meta property=\"og:title\" content=\"Acuerdan mecanismo de cooperaci\u00f3n para el caso Ayotzinapa -\" \/>\n<meta property=\"og:description\" content=\"Acuerdan mecanismo de cooperaci\u00f3n para el caso Ayotzinapa Por Redacci\u00f3n QP\" \/>\n<meta property=\"og:url\" content=\"https:\/\/quehacerpolitico.mx\/?p=19616\" \/>\n<meta property=\"article:published_time\" content=\"2019-03-08T02:11:04+00:00\" \/>\n<meta name=\"author\" content=\"Redacci\u00f3n QP\" \/>\n<meta name=\"twitter:card\" content=\"summary_large_image\" \/>\n<meta name=\"twitter:label1\" content=\"Escrito por\" \/>\n\t<meta name=\"twitter:data1\" content=\"Redacci\u00f3n QP\" \/>\n\t<meta name=\"twitter:label2\" content=\"Tiempo de lectura\" \/>\n\t<meta name=\"twitter:data2\" content=\"2 minutos\" \/>\n<script type=\"application\/ld+json\" class=\"yoast-schema-graph\">{\"@context\":\"https:\\\/\\\/schema.org\",\"@graph\":[{\"@type\":\"Article\",\"@id\":\"https:\\\/\\\/quehacerpolitico.mx\\\/?p=19616#article\",\"isPartOf\":{\"@id\":\"https:\\\/\\\/quehacerpolitico.mx\\\/?p=19616\"},\"author\":{\"name\":\"Redacci\u00f3n QP\",\"@id\":\"https:\\\/\\\/quehacerpolitico.mx\\\/#\\\/schema\\\/person\\\/496d8ad2d1d3f8036101dca7ee39e585\"},\"headline\":\"Acuerdan mecanismo de cooperaci\u00f3n para el caso Ayotzinapa\",\"datePublished\":\"2019-03-08T02:11:04+00:00\",\"mainEntityOfPage\":{\"@id\":\"https:\\\/\\\/quehacerpolitico.mx\\\/?p=19616\"},\"wordCount\":460,\"commentCount\":0,\"image\":{\"@id\":\"https:\\\/\\\/quehacerpolitico.mx\\\/?p=19616#primaryimage\"},\"thumbnailUrl\":\"\",\"articleSection\":[\"Noticias\"],\"inLanguage\":\"es\",\"potentialAction\":[{\"@type\":\"CommentAction\",\"name\":\"Comment\",\"target\":[\"https:\\\/\\\/quehacerpolitico.mx\\\/?p=19616#respond\"]}]},{\"@type\":\"WebPage\",\"@id\":\"https:\\\/\\\/quehacerpolitico.mx\\\/?p=19616\",\"url\":\"https:\\\/\\\/quehacerpolitico.mx\\\/?p=19616\",\"name\":\"Acuerdan mecanismo de cooperaci\u00f3n para el caso Ayotzinapa -\",\"isPartOf\":{\"@id\":\"https:\\\/\\\/quehacerpolitico.mx\\\/#website\"},\"primaryImageOfPage\":{\"@id\":\"https:\\\/\\\/quehacerpolitico.mx\\\/?p=19616#primaryimage\"},\"image\":{\"@id\":\"https:\\\/\\\/quehacerpolitico.mx\\\/?p=19616#primaryimage\"},\"thumbnailUrl\":\"\",\"datePublished\":\"2019-03-08T02:11:04+00:00\",\"author\":{\"@id\":\"https:\\\/\\\/quehacerpolitico.mx\\\/#\\\/schema\\\/person\\\/496d8ad2d1d3f8036101dca7ee39e585\"},\"breadcrumb\":{\"@id\":\"https:\\\/\\\/quehacerpolitico.mx\\\/?p=19616#breadcrumb\"},\"inLanguage\":\"es\",\"potentialAction\":[{\"@type\":\"ReadAction\",\"target\":[\"https:\\\/\\\/quehacerpolitico.mx\\\/?p=19616\"]}]},{\"@type\":\"ImageObject\",\"inLanguage\":\"es\",\"@id\":\"https:\\\/\\\/quehacerpolitico.mx\\\/?p=19616#primaryimage\",\"url\":\"\",\"contentUrl\":\"\"},{\"@type\":\"BreadcrumbList\",\"@id\":\"https:\\\/\\\/quehacerpolitico.mx\\\/?p=19616#breadcrumb\",\"itemListElement\":[{\"@type\":\"ListItem\",\"position\":1,\"name\":\"Inicio\",\"item\":\"https:\\\/\\\/quehacerpolitico.mx\\\/\"},{\"@type\":\"ListItem\",\"position\":2,\"name\":\"Acuerdan mecanismo de cooperaci\u00f3n para el caso Ayotzinapa\"}]},{\"@type\":\"WebSite\",\"@id\":\"https:\\\/\\\/quehacerpolitico.mx\\\/#website\",\"url\":\"https:\\\/\\\/quehacerpolitico.mx\\\/\",\"name\":\"\",\"description\":\"\",\"potentialAction\":[{\"@type\":\"SearchAction\",\"target\":{\"@type\":\"EntryPoint\",\"urlTemplate\":\"https:\\\/\\\/quehacerpolitico.mx\\\/?s={search_term_string}\"},\"query-input\":{\"@type\":\"PropertyValueSpecification\",\"valueRequired\":true,\"valueName\":\"search_term_string\"}}],\"inLanguage\":\"es\"},{\"@type\":\"Person\",\"@id\":\"https:\\\/\\\/quehacerpolitico.mx\\\/#\\\/schema\\\/person\\\/496d8ad2d1d3f8036101dca7ee39e585\",\"name\":\"Redacci\u00f3n QP\",\"image\":{\"@type\":\"ImageObject\",\"inLanguage\":\"es\",\"@id\":\"https:\\\/\\\/secure.gravatar.com\\\/avatar\\\/c7164ed6fdec453195284ad24a5ae5b6e1eed2b848477fa2a4787ba9adf39a41?s=96&d=mm&r=g\",\"url\":\"https:\\\/\\\/secure.gravatar.com\\\/avatar\\\/c7164ed6fdec453195284ad24a5ae5b6e1eed2b848477fa2a4787ba9adf39a41?s=96&d=mm&r=g\",\"contentUrl\":\"https:\\\/\\\/secure.gravatar.com\\\/avatar\\\/c7164ed6fdec453195284ad24a5ae5b6e1eed2b848477fa2a4787ba9adf39a41?s=96&d=mm&r=g\",\"caption\":\"Redacci\u00f3n QP\"},\"url\":\"https:\\\/\\\/quehacerpolitico.mx\\\/?author=2\"}]}<\/script>\n<!-- \/ Yoast SEO plugin. -->","yoast_head_json":{"title":"Acuerdan mecanismo de cooperaci\u00f3n para el caso Ayotzinapa -","robots":{"index":"index","follow":"follow","max-snippet":"max-snippet:-1","max-image-preview":"max-image-preview:large","max-video-preview":"max-video-preview:-1"},"canonical":"https:\/\/quehacerpolitico.mx\/?p=19616","og_locale":"es_MX","og_type":"article","og_title":"Acuerdan mecanismo de cooperaci\u00f3n para el caso Ayotzinapa -","og_description":"Acuerdan mecanismo de cooperaci\u00f3n para el caso Ayotzinapa Por Redacci\u00f3n QP","og_url":"https:\/\/quehacerpolitico.mx\/?p=19616","article_published_time":"2019-03-08T02:11:04+00:00","author":"Redacci\u00f3n QP","twitter_card":"summary_large_image","twitter_misc":{"Escrito por":"Redacci\u00f3n QP","Tiempo de lectura":"2 minutos"},"schema":{"@context":"https:\/\/schema.org","@graph":[{"@type":"Article","@id":"https:\/\/quehacerpolitico.mx\/?p=19616#article","isPartOf":{"@id":"https:\/\/quehacerpolitico.mx\/?p=19616"},"author":{"name":"Redacci\u00f3n QP","@id":"https:\/\/quehacerpolitico.mx\/#\/schema\/person\/496d8ad2d1d3f8036101dca7ee39e585"},"headline":"Acuerdan mecanismo de cooperaci\u00f3n para el caso Ayotzinapa","datePublished":"2019-03-08T02:11:04+00:00","mainEntityOfPage":{"@id":"https:\/\/quehacerpolitico.mx\/?p=19616"},"wordCount":460,"commentCount":0,"image":{"@id":"https:\/\/quehacerpolitico.mx\/?p=19616#primaryimage"},"thumbnailUrl":"","articleSection":["Noticias"],"inLanguage":"es","potentialAction":[{"@type":"CommentAction","name":"Comment","target":["https:\/\/quehacerpolitico.mx\/?p=19616#respond"]}]},{"@type":"WebPage","@id":"https:\/\/quehacerpolitico.mx\/?p=19616","url":"https:\/\/quehacerpolitico.mx\/?p=19616","name":"Acuerdan mecanismo de cooperaci\u00f3n para el caso Ayotzinapa -","isPartOf":{"@id":"https:\/\/quehacerpolitico.mx\/#website"},"primaryImageOfPage":{"@id":"https:\/\/quehacerpolitico.mx\/?p=19616#primaryimage"},"image":{"@id":"https:\/\/quehacerpolitico.mx\/?p=19616#primaryimage"},"thumbnailUrl":"","datePublished":"2019-03-08T02:11:04+00:00","author":{"@id":"https:\/\/quehacerpolitico.mx\/#\/schema\/person\/496d8ad2d1d3f8036101dca7ee39e585"},"breadcrumb":{"@id":"https:\/\/quehacerpolitico.mx\/?p=19616#breadcrumb"},"inLanguage":"es","potentialAction":[{"@type":"ReadAction","target":["https:\/\/quehacerpolitico.mx\/?p=19616"]}]},{"@type":"ImageObject","inLanguage":"es","@id":"https:\/\/quehacerpolitico.mx\/?p=19616#primaryimage","url":"","contentUrl":""},{"@type":"BreadcrumbList","@id":"https:\/\/quehacerpolitico.mx\/?p=19616#breadcrumb","itemListElement":[{"@type":"ListItem","position":1,"name":"Inicio","item":"https:\/\/quehacerpolitico.mx\/"},{"@type":"ListItem","position":2,"name":"Acuerdan mecanismo de cooperaci\u00f3n para el caso Ayotzinapa"}]},{"@type":"WebSite","@id":"https:\/\/quehacerpolitico.mx\/#website","url":"https:\/\/quehacerpolitico.mx\/","name":"","description":"","potentialAction":[{"@type":"SearchAction","target":{"@type":"EntryPoint","urlTemplate":"https:\/\/quehacerpolitico.mx\/?s={search_term_string}"},"query-input":{"@type":"PropertyValueSpecification","valueRequired":true,"valueName":"search_term_string"}}],"inLanguage":"es"},{"@type":"Person","@id":"https:\/\/quehacerpolitico.mx\/#\/schema\/person\/496d8ad2d1d3f8036101dca7ee39e585","name":"Redacci\u00f3n QP","image":{"@type":"ImageObject","inLanguage":"es","@id":"https:\/\/secure.gravatar.com\/avatar\/c7164ed6fdec453195284ad24a5ae5b6e1eed2b848477fa2a4787ba9adf39a41?s=96&d=mm&r=g","url":"https:\/\/secure.gravatar.com\/avatar\/c7164ed6fdec453195284ad24a5ae5b6e1eed2b848477fa2a4787ba9adf39a41?s=96&d=mm&r=g","contentUrl":"https:\/\/secure.gravatar.com\/avatar\/c7164ed6fdec453195284ad24a5ae5b6e1eed2b848477fa2a4787ba9adf39a41?s=96&d=mm&r=g","caption":"Redacci\u00f3n QP"},"url":"https:\/\/quehacerpolitico.mx\/?author=2"}]}},"featured_image_urls":{"full":"","thumbnail":"","medium":"","medium_large":"","large":"","1536x1536":"","2048x2048":"","covernews-featured":"","covernews-medium":""},"author_info":{"display_name":"Redacci\u00f3n QP","author_link":"https:\/\/quehacerpolitico.mx\/?author=2"},"category_info":"<a href=\"https:\/\/quehacerpolitico.mx\/?cat=2\" rel=\"category\">Noticias<\/a>","tag_info":"Noticias","comment_count":"0","_links":{"self":[{"href":"https:\/\/quehacerpolitico.mx\/index.php?rest_route=\/wp\/v2\/posts\/19616","targetHints":{"allow":["GET"]}}],"collection":[{"href":"https:\/\/quehacerpolitico.mx\/index.php?rest_route=\/wp\/v2\/posts"}],"about":[{"href":"https:\/\/quehacerpolitico.mx\/index.php?rest_route=\/wp\/v2\/types\/post"}],"author":[{"embeddable":true,"href":"https:\/\/quehacerpolitico.mx\/index.php?rest_route=\/wp\/v2\/users\/2"}],"replies":[{"embeddable":true,"href":"https:\/\/quehacerpolitico.mx\/index.php?rest_route=%2Fwp%2Fv2%2Fcomments&post=19616"}],"version-history":[{"count":0,"href":"https:\/\/quehacerpolitico.mx\/index.php?rest_route=\/wp\/v2\/posts\/19616\/revisions"}],"wp:featuredmedia":[{"embeddable":true,"href":"https:\/\/quehacerpolitico.mx\/index.php?rest_route=\/"}],"wp:attachment":[{"href":"https:\/\/quehacerpolitico.mx\/index.php?rest_route=%2Fwp%2Fv2%2Fmedia&parent=19616"}],"wp:term":[{"taxonomy":"category","embeddable":true,"href":"https:\/\/quehacerpolitico.mx\/index.php?rest_route=%2Fwp%2Fv2%2Fcategories&post=19616"},{"taxonomy":"post_tag","embeddable":true,"href":"https:\/\/quehacerpolitico.mx\/index.php?rest_route=%2Fwp%2Fv2%2Ftags&post=19616"}],"curies":[{"name":"wp","href":"https:\/\/api.w.org\/{rel}","templated":true}]}}