{"id":19613,"date":"2019-03-08T02:04:52","date_gmt":"2019-03-08T02:04:52","guid":{"rendered":"http:\/\/quehacerpolitico.mx\/alcaldias-kassandra-castillo-realizaran-en-cuauhtemoc-el-festival-del-dia-internacional-de-la-mujer\/"},"modified":"2019-03-08T02:04:52","modified_gmt":"2019-03-08T02:04:52","slug":"alcaldias-kassandra-castillo-realizaran-en-cuauhtemoc-el-festival-del-dia-internacional-de-la-mujer","status":"publish","type":"post","link":"https:\/\/quehacerpolitico.mx\/?p=19613","title":{"rendered":"Alcald\u00edas\/\/\/Kassandra Castillo\/\/\/Realizar\u00e1n en Cuauht\u00e9moc el Festival del D\u00eda Internacional  de la Mujer"},"content":{"rendered":"<p><span class=\"s9\"><span class=\"bumpedFont15\">Realizar\u00e1n en Cuauht\u00e9moc el Festival del D\u00eda Internacional <\/span><\/span><span class=\"s9\"><span class=\"bumpedFont15\"><br \/><\/span><\/span><span class=\"s9\"><span class=\"bumpedFont15\">de la Mujer<\/span><\/span><\/p>\n<p>Por Kassandra Castillo<\/p>\n<div class=\"s13\"><span class=\"s12\"><span class=\"bumpedFont15\">Con espacios de reflexi\u00f3n, arte y m\u00fasica conmemorar\u00e1n durante tres d\u00edas la lucha de las mujeres<\/span><\/span><\/div>\n<p class=\"s15\"><span class=\"s14\"><span class=\"bumpedFont15\">Con una caminata que partir\u00e1 <\/span><\/span><span class=\"s14\"><span class=\"bumpedFont15\">de Antonio Caso, esquina Ignacio Ram\u00edrez con destino a la expl<\/span><\/span><span class=\"s14\"><span class=\"bumpedFont15\">anada de la alcald\u00eda Cuauht\u00e9moc, dar\u00e1 comienzo este 8 de marzo, <\/span><\/span><span class=\"s14\"><span class=\"bumpedFont15\">el Festival del D\u00eda Internacional de la Mujer,<\/span><\/span><span class=\"s14\"><span class=\"bumpedFont15\">que prepar\u00f3 la administraci\u00f3n de N\u00e9stor N\u00fa\u00f1ez.<\/span><\/span><\/p>\n<p class=\"s15\"><span class=\"s14\"><span class=\"bumpedFont15\">As\u00ed, d<\/span><\/span><span class=\"s14\"><span class=\"bumpedFont15\">urante tres d\u00edas, del 8 al 10 de marzo, se dar\u00e1n cita en la explanada de la alcald\u00eda diversas manifestaciones art\u00edsticas y culturales enfocadas a la reflexi\u00f3n sobre los avances y las situaciones que enfrentan las mujeres en la actualidad.<\/span><\/span><\/p>\n<p class=\"s15\"><span class=\"s14\"><span class=\"bumpedFont15\">El acto formal de i<\/span><\/span><span class=\"s14\"><span class=\"bumpedFont15\">nauguraci\u00f3n de la jornada <\/span><\/span><span class=\"s14\"><span class=\"bumpedFont15\">correr\u00e1 <\/span><\/span><span class=\"s14\"><span class=\"bumpedFont15\">por parte del alcalde, N\u00e9stor N\u00fa\u00f1ez a las <\/span><\/span><span class=\"s14\"><span class=\"bumpedFont15\">17:00, con la entrega <\/span><\/span><span class=\"s14\"><span class=\"bumpedFont15\">de reconocimientos a mujeres distinguidas y<\/span><\/span><span class=\"s14\"><span class=\"bumpedFont15\"> con la artista pl\u00e1stica,<\/span><\/span><span class=\"s14\"><span class=\"bumpedFont15\"> Martha Chapa<\/span><\/span><span class=\"s14\"><span class=\"bumpedFont15\">,<\/span><\/span><span class=\"s14\"><span class=\"bumpedFont15\">como invitada especial<\/span><\/span><span class=\"s14\"><span class=\"bumpedFont15\">. <\/span><\/span><\/p>\n<p class=\"s15\"><span class=\"s14\"><span class=\"bumpedFont15\">Pero<\/span><\/span><span class=\"s14\"><span class=\"bumpedFont15\"> desde las 15:30 hasta las 19:00 horas las personas asistentes al evento podr\u00e1n disfruta<\/span><\/span><span class=\"s14\"><span class=\"bumpedFont15\">r<\/span><\/span><span class=\"s14\"><span class=\"bumpedFont15\"> de<\/span><\/span><span class=\"s14\"><span class=\"bumpedFont15\">diversas actividades: <\/span><\/span><span class=\"s14\"><span class=\"bumpedFont15\">la obra de teatro, <\/span><\/span><span class=\"s14\"><span class=\"bumpedFont15\">&#8220;<\/span><\/span><span class=\"s14\"><span class=\"bumpedFont15\">Las hermanas Mirabal\u201d<\/span><\/span><span class=\"s14\"><span class=\"bumpedFont15\"> de <\/span><\/span><span class=\"s14\"><span class=\"bumpedFont15\">Hena<\/span><\/span> <span class=\"s14\"><span class=\"bumpedFont15\">C<\/span><\/span><span class=\"s14\"><span class=\"bumpedFont15\">arolina Vel\u00e1zquez;<\/span><\/span><span class=\"s14\"><span class=\"bumpedFont15\"> una conferencia con el em<\/span><\/span><span class=\"s14\"><span class=\"bumpedFont15\">bajador de Marruecos en M\u00e9xic<\/span><\/span><span class=\"s14\"><span class=\"bumpedFont15\">o;<\/span><\/span><span class=\"s14\"><span class=\"bumpedFont15\"> \u201cYo Mujer en la canci\u00f3n\u201d de Tina Cruz (Grupo <\/span><\/span><span class=\"s14\"><span class=\"bumpedFont15\">Musicantos<\/span><\/span><span class=\"s14\"><span class=\"bumpedFont15\">) y la Orquesta Sinf\u00f3nica de Alientos de la alcald\u00eda.<\/span><\/span><\/p>\n<p class=\"s15\"><span class=\"s14\"><span class=\"bumpedFont15\">El s\u00e1bado 9 de marzo las actividades iniciar\u00e1n a las 10:00 horas con la <\/span><\/span><span class=\"s14\"><span class=\"bumpedFont15\">Antigona<\/span><\/span><span class=\"s14\"><span class=\"bumpedFont15\"> Performance del Instituto de la Juventud de la Ciudad de M\u00e9xico; danzas del medio oriente, espect\u00e1culos de <\/span><\/span><span class=\"s14\"><span class=\"bumpedFont15\">cabaretrova<\/span><\/span><span class=\"s14\"><span class=\"bumpedFont15\"> y teatro cabaret; as\u00ed como la participaci\u00f3n a las 19:00 horas de la DJ Valentina <\/span><\/span><span class=\"s14\"><span class=\"bumpedFont15\">Moretti<\/span><\/span><span class=\"s14\"><span class=\"bumpedFont15\">.<\/span><\/span><\/p>\n<p class=\"s15\"><span class=\"s14\"><span class=\"bumpedFont15\">Para cerrar el festival, el 10 de marzo, se dar\u00e1 cita una narraci\u00f3n oral del cuento \u201cNi rosa ni azul\u201d de Selene de la Cruz; as\u00ed como eventos de poes\u00eda y m\u00fasica, con la presentaci\u00f3n de Itzel <\/span><\/span><span class=\"s14\"><span class=\"bumpedFont15\">Lizarraga<\/span><\/span><span class=\"s14\"><span class=\"bumpedFont15\"> \u201cLa Perla de Dios\u201d, cantante vern\u00e1cula como \u00faltimo n\u00famero a las 13:00 horas.<\/span><\/span><\/p>\n","protected":false},"excerpt":{"rendered":"<p>Realizar\u00e1n en Cuauht\u00e9moc el Festival del D\u00eda Internacional<br \/>\nde la Mujer<br \/>\nPor Kassandra Castillo<\/p>\n","protected":false},"author":2,"featured_media":19612,"comment_status":"open","ping_status":"open","sticky":false,"template":"","format":"standard","meta":{"_monsterinsights_skip_tracking":false,"_monsterinsights_sitenote_active":false,"_monsterinsights_sitenote_note":"","_monsterinsights_sitenote_category":0,"footnotes":""},"categories":[55],"tags":[],"class_list":["post-19613","post","type-post","status-publish","format-standard","has-post-thumbnail","hentry","category-cdmx"],"yoast_head":"<!-- This site is optimized with the Yoast SEO plugin v27.3 - https:\/\/yoast.com\/product\/yoast-seo-wordpress\/ -->\n<title>Alcald\u00edas\/\/\/Kassandra Castillo\/\/\/Realizar\u00e1n en Cuauht\u00e9moc el Festival del D\u00eda Internacional de la Mujer -<\/title>\n<meta name=\"robots\" content=\"index, follow, max-snippet:-1, max-image-preview:large, max-video-preview:-1\" \/>\n<link rel=\"canonical\" href=\"https:\/\/quehacerpolitico.mx\/?p=19613\" \/>\n<meta property=\"og:locale\" content=\"es_MX\" \/>\n<meta property=\"og:type\" content=\"article\" \/>\n<meta property=\"og:title\" content=\"Alcald\u00edas\/\/\/Kassandra Castillo\/\/\/Realizar\u00e1n en Cuauht\u00e9moc el Festival del D\u00eda Internacional de la Mujer -\" \/>\n<meta property=\"og:description\" content=\"Realizar\u00e1n en Cuauht\u00e9moc el Festival del D\u00eda Internacional de la Mujer Por Kassandra Castillo\" \/>\n<meta property=\"og:url\" content=\"https:\/\/quehacerpolitico.mx\/?p=19613\" \/>\n<meta property=\"article:published_time\" content=\"2019-03-08T02:04:52+00:00\" \/>\n<meta name=\"author\" content=\"Redacci\u00f3n QP\" \/>\n<meta name=\"twitter:card\" content=\"summary_large_image\" \/>\n<meta name=\"twitter:label1\" content=\"Escrito por\" \/>\n\t<meta name=\"twitter:data1\" content=\"Redacci\u00f3n QP\" \/>\n\t<meta name=\"twitter:label2\" content=\"Tiempo de lectura\" \/>\n\t<meta name=\"twitter:data2\" content=\"2 minutos\" \/>\n<script type=\"application\/ld+json\" class=\"yoast-schema-graph\">{\"@context\":\"https:\\\/\\\/schema.org\",\"@graph\":[{\"@type\":\"Article\",\"@id\":\"https:\\\/\\\/quehacerpolitico.mx\\\/?p=19613#article\",\"isPartOf\":{\"@id\":\"https:\\\/\\\/quehacerpolitico.mx\\\/?p=19613\"},\"author\":{\"name\":\"Redacci\u00f3n QP\",\"@id\":\"https:\\\/\\\/quehacerpolitico.mx\\\/#\\\/schema\\\/person\\\/496d8ad2d1d3f8036101dca7ee39e585\"},\"headline\":\"Alcald\u00edas\\\/\\\/\\\/Kassandra Castillo\\\/\\\/\\\/Realizar\u00e1n en Cuauht\u00e9moc el Festival del D\u00eda Internacional de la Mujer\",\"datePublished\":\"2019-03-08T02:04:52+00:00\",\"mainEntityOfPage\":{\"@id\":\"https:\\\/\\\/quehacerpolitico.mx\\\/?p=19613\"},\"wordCount\":359,\"commentCount\":0,\"image\":{\"@id\":\"https:\\\/\\\/quehacerpolitico.mx\\\/?p=19613#primaryimage\"},\"thumbnailUrl\":\"\",\"articleSection\":[\"CDMX\"],\"inLanguage\":\"es\",\"potentialAction\":[{\"@type\":\"CommentAction\",\"name\":\"Comment\",\"target\":[\"https:\\\/\\\/quehacerpolitico.mx\\\/?p=19613#respond\"]}]},{\"@type\":\"WebPage\",\"@id\":\"https:\\\/\\\/quehacerpolitico.mx\\\/?p=19613\",\"url\":\"https:\\\/\\\/quehacerpolitico.mx\\\/?p=19613\",\"name\":\"Alcald\u00edas\\\/\\\/\\\/Kassandra Castillo\\\/\\\/\\\/Realizar\u00e1n en Cuauht\u00e9moc el Festival del D\u00eda Internacional de la Mujer -\",\"isPartOf\":{\"@id\":\"https:\\\/\\\/quehacerpolitico.mx\\\/#website\"},\"primaryImageOfPage\":{\"@id\":\"https:\\\/\\\/quehacerpolitico.mx\\\/?p=19613#primaryimage\"},\"image\":{\"@id\":\"https:\\\/\\\/quehacerpolitico.mx\\\/?p=19613#primaryimage\"},\"thumbnailUrl\":\"\",\"datePublished\":\"2019-03-08T02:04:52+00:00\",\"author\":{\"@id\":\"https:\\\/\\\/quehacerpolitico.mx\\\/#\\\/schema\\\/person\\\/496d8ad2d1d3f8036101dca7ee39e585\"},\"breadcrumb\":{\"@id\":\"https:\\\/\\\/quehacerpolitico.mx\\\/?p=19613#breadcrumb\"},\"inLanguage\":\"es\",\"potentialAction\":[{\"@type\":\"ReadAction\",\"target\":[\"https:\\\/\\\/quehacerpolitico.mx\\\/?p=19613\"]}]},{\"@type\":\"ImageObject\",\"inLanguage\":\"es\",\"@id\":\"https:\\\/\\\/quehacerpolitico.mx\\\/?p=19613#primaryimage\",\"url\":\"\",\"contentUrl\":\"\"},{\"@type\":\"BreadcrumbList\",\"@id\":\"https:\\\/\\\/quehacerpolitico.mx\\\/?p=19613#breadcrumb\",\"itemListElement\":[{\"@type\":\"ListItem\",\"position\":1,\"name\":\"Inicio\",\"item\":\"https:\\\/\\\/quehacerpolitico.mx\\\/\"},{\"@type\":\"ListItem\",\"position\":2,\"name\":\"Alcald\u00edas\\\/\\\/\\\/Kassandra Castillo\\\/\\\/\\\/Realizar\u00e1n en Cuauht\u00e9moc el Festival del D\u00eda Internacional de la Mujer\"}]},{\"@type\":\"WebSite\",\"@id\":\"https:\\\/\\\/quehacerpolitico.mx\\\/#website\",\"url\":\"https:\\\/\\\/quehacerpolitico.mx\\\/\",\"name\":\"\",\"description\":\"\",\"potentialAction\":[{\"@type\":\"SearchAction\",\"target\":{\"@type\":\"EntryPoint\",\"urlTemplate\":\"https:\\\/\\\/quehacerpolitico.mx\\\/?s={search_term_string}\"},\"query-input\":{\"@type\":\"PropertyValueSpecification\",\"valueRequired\":true,\"valueName\":\"search_term_string\"}}],\"inLanguage\":\"es\"},{\"@type\":\"Person\",\"@id\":\"https:\\\/\\\/quehacerpolitico.mx\\\/#\\\/schema\\\/person\\\/496d8ad2d1d3f8036101dca7ee39e585\",\"name\":\"Redacci\u00f3n QP\",\"image\":{\"@type\":\"ImageObject\",\"inLanguage\":\"es\",\"@id\":\"https:\\\/\\\/secure.gravatar.com\\\/avatar\\\/c7164ed6fdec453195284ad24a5ae5b6e1eed2b848477fa2a4787ba9adf39a41?s=96&d=mm&r=g\",\"url\":\"https:\\\/\\\/secure.gravatar.com\\\/avatar\\\/c7164ed6fdec453195284ad24a5ae5b6e1eed2b848477fa2a4787ba9adf39a41?s=96&d=mm&r=g\",\"contentUrl\":\"https:\\\/\\\/secure.gravatar.com\\\/avatar\\\/c7164ed6fdec453195284ad24a5ae5b6e1eed2b848477fa2a4787ba9adf39a41?s=96&d=mm&r=g\",\"caption\":\"Redacci\u00f3n QP\"},\"url\":\"https:\\\/\\\/quehacerpolitico.mx\\\/?author=2\"}]}<\/script>\n<!-- \/ Yoast SEO plugin. -->","yoast_head_json":{"title":"Alcald\u00edas\/\/\/Kassandra Castillo\/\/\/Realizar\u00e1n en Cuauht\u00e9moc el Festival del D\u00eda Internacional de la Mujer -","robots":{"index":"index","follow":"follow","max-snippet":"max-snippet:-1","max-image-preview":"max-image-preview:large","max-video-preview":"max-video-preview:-1"},"canonical":"https:\/\/quehacerpolitico.mx\/?p=19613","og_locale":"es_MX","og_type":"article","og_title":"Alcald\u00edas\/\/\/Kassandra Castillo\/\/\/Realizar\u00e1n en Cuauht\u00e9moc el Festival del D\u00eda Internacional de la Mujer -","og_description":"Realizar\u00e1n en Cuauht\u00e9moc el Festival del D\u00eda Internacional de la Mujer Por Kassandra Castillo","og_url":"https:\/\/quehacerpolitico.mx\/?p=19613","article_published_time":"2019-03-08T02:04:52+00:00","author":"Redacci\u00f3n QP","twitter_card":"summary_large_image","twitter_misc":{"Escrito por":"Redacci\u00f3n QP","Tiempo de lectura":"2 minutos"},"schema":{"@context":"https:\/\/schema.org","@graph":[{"@type":"Article","@id":"https:\/\/quehacerpolitico.mx\/?p=19613#article","isPartOf":{"@id":"https:\/\/quehacerpolitico.mx\/?p=19613"},"author":{"name":"Redacci\u00f3n QP","@id":"https:\/\/quehacerpolitico.mx\/#\/schema\/person\/496d8ad2d1d3f8036101dca7ee39e585"},"headline":"Alcald\u00edas\/\/\/Kassandra Castillo\/\/\/Realizar\u00e1n en Cuauht\u00e9moc el Festival del D\u00eda Internacional de la Mujer","datePublished":"2019-03-08T02:04:52+00:00","mainEntityOfPage":{"@id":"https:\/\/quehacerpolitico.mx\/?p=19613"},"wordCount":359,"commentCount":0,"image":{"@id":"https:\/\/quehacerpolitico.mx\/?p=19613#primaryimage"},"thumbnailUrl":"","articleSection":["CDMX"],"inLanguage":"es","potentialAction":[{"@type":"CommentAction","name":"Comment","target":["https:\/\/quehacerpolitico.mx\/?p=19613#respond"]}]},{"@type":"WebPage","@id":"https:\/\/quehacerpolitico.mx\/?p=19613","url":"https:\/\/quehacerpolitico.mx\/?p=19613","name":"Alcald\u00edas\/\/\/Kassandra Castillo\/\/\/Realizar\u00e1n en Cuauht\u00e9moc el Festival del D\u00eda Internacional de la Mujer -","isPartOf":{"@id":"https:\/\/quehacerpolitico.mx\/#website"},"primaryImageOfPage":{"@id":"https:\/\/quehacerpolitico.mx\/?p=19613#primaryimage"},"image":{"@id":"https:\/\/quehacerpolitico.mx\/?p=19613#primaryimage"},"thumbnailUrl":"","datePublished":"2019-03-08T02:04:52+00:00","author":{"@id":"https:\/\/quehacerpolitico.mx\/#\/schema\/person\/496d8ad2d1d3f8036101dca7ee39e585"},"breadcrumb":{"@id":"https:\/\/quehacerpolitico.mx\/?p=19613#breadcrumb"},"inLanguage":"es","potentialAction":[{"@type":"ReadAction","target":["https:\/\/quehacerpolitico.mx\/?p=19613"]}]},{"@type":"ImageObject","inLanguage":"es","@id":"https:\/\/quehacerpolitico.mx\/?p=19613#primaryimage","url":"","contentUrl":""},{"@type":"BreadcrumbList","@id":"https:\/\/quehacerpolitico.mx\/?p=19613#breadcrumb","itemListElement":[{"@type":"ListItem","position":1,"name":"Inicio","item":"https:\/\/quehacerpolitico.mx\/"},{"@type":"ListItem","position":2,"name":"Alcald\u00edas\/\/\/Kassandra Castillo\/\/\/Realizar\u00e1n en Cuauht\u00e9moc el Festival del D\u00eda Internacional de la Mujer"}]},{"@type":"WebSite","@id":"https:\/\/quehacerpolitico.mx\/#website","url":"https:\/\/quehacerpolitico.mx\/","name":"","description":"","potentialAction":[{"@type":"SearchAction","target":{"@type":"EntryPoint","urlTemplate":"https:\/\/quehacerpolitico.mx\/?s={search_term_string}"},"query-input":{"@type":"PropertyValueSpecification","valueRequired":true,"valueName":"search_term_string"}}],"inLanguage":"es"},{"@type":"Person","@id":"https:\/\/quehacerpolitico.mx\/#\/schema\/person\/496d8ad2d1d3f8036101dca7ee39e585","name":"Redacci\u00f3n QP","image":{"@type":"ImageObject","inLanguage":"es","@id":"https:\/\/secure.gravatar.com\/avatar\/c7164ed6fdec453195284ad24a5ae5b6e1eed2b848477fa2a4787ba9adf39a41?s=96&d=mm&r=g","url":"https:\/\/secure.gravatar.com\/avatar\/c7164ed6fdec453195284ad24a5ae5b6e1eed2b848477fa2a4787ba9adf39a41?s=96&d=mm&r=g","contentUrl":"https:\/\/secure.gravatar.com\/avatar\/c7164ed6fdec453195284ad24a5ae5b6e1eed2b848477fa2a4787ba9adf39a41?s=96&d=mm&r=g","caption":"Redacci\u00f3n QP"},"url":"https:\/\/quehacerpolitico.mx\/?author=2"}]}},"featured_image_urls":{"full":"","thumbnail":"","medium":"","medium_large":"","large":"","1536x1536":"","2048x2048":"","covernews-featured":"","covernews-medium":""},"author_info":{"display_name":"Redacci\u00f3n QP","author_link":"https:\/\/quehacerpolitico.mx\/?author=2"},"category_info":"<a href=\"https:\/\/quehacerpolitico.mx\/?cat=55\" rel=\"category\">CDMX<\/a>","tag_info":"CDMX","comment_count":"0","_links":{"self":[{"href":"https:\/\/quehacerpolitico.mx\/index.php?rest_route=\/wp\/v2\/posts\/19613","targetHints":{"allow":["GET"]}}],"collection":[{"href":"https:\/\/quehacerpolitico.mx\/index.php?rest_route=\/wp\/v2\/posts"}],"about":[{"href":"https:\/\/quehacerpolitico.mx\/index.php?rest_route=\/wp\/v2\/types\/post"}],"author":[{"embeddable":true,"href":"https:\/\/quehacerpolitico.mx\/index.php?rest_route=\/wp\/v2\/users\/2"}],"replies":[{"embeddable":true,"href":"https:\/\/quehacerpolitico.mx\/index.php?rest_route=%2Fwp%2Fv2%2Fcomments&post=19613"}],"version-history":[{"count":0,"href":"https:\/\/quehacerpolitico.mx\/index.php?rest_route=\/wp\/v2\/posts\/19613\/revisions"}],"wp:featuredmedia":[{"embeddable":true,"href":"https:\/\/quehacerpolitico.mx\/index.php?rest_route=\/"}],"wp:attachment":[{"href":"https:\/\/quehacerpolitico.mx\/index.php?rest_route=%2Fwp%2Fv2%2Fmedia&parent=19613"}],"wp:term":[{"taxonomy":"category","embeddable":true,"href":"https:\/\/quehacerpolitico.mx\/index.php?rest_route=%2Fwp%2Fv2%2Fcategories&post=19613"},{"taxonomy":"post_tag","embeddable":true,"href":"https:\/\/quehacerpolitico.mx\/index.php?rest_route=%2Fwp%2Fv2%2Ftags&post=19613"}],"curies":[{"name":"wp","href":"https:\/\/api.w.org\/{rel}","templated":true}]}}