{"id":19601,"date":"2019-03-08T01:31:23","date_gmt":"2019-03-08T01:31:23","guid":{"rendered":"http:\/\/quehacerpolitico.mx\/yalitza-participa-como-oradora-de-las-trabajadoras-del-hogar-ante-la-oit-en-ginebra-suiza\/"},"modified":"2019-03-08T01:31:23","modified_gmt":"2019-03-08T01:31:23","slug":"yalitza-participa-como-oradora-de-las-trabajadoras-del-hogar-ante-la-oit-en-ginebra-suiza","status":"publish","type":"post","link":"https:\/\/quehacerpolitico.mx\/?p=19601","title":{"rendered":"Yalitza participa como oradora de las trabajadoras del hogar ante la OIT en Ginebra, Suiza"},"content":{"rendered":"<h1>Yalitza participa como oradora de las trabajadoras del hogar ante la OIT en Ginebra, Suiza<\/h1>\n<p>Por Redacci\u00f3n QP<\/p>\n<p><strong>Yalitza Aparicio<\/strong>, protagonista de <strong><em>Roma<\/em><\/strong>, participar\u00e1 como oradora en el marco de la celebraci\u00f3n del centenario de la <strong>Organizaci\u00f3n Internacional del Trabajo<\/strong> (OIT), con sede en <strong>Ginebra<\/strong>, Suiza. Ah\u00ed abordar\u00e1 el tema de las trabajadoras dom\u00e9sticas en M\u00e9xico.<\/p>\n<blockquote>\n<p>\u201cUno de los temas ser\u00e1 lo de las trabajadoras del hogar que es algo muy importante que nos hace falta conocer como sociedad. Reconocerles el trabajo que hacen ellas todos los d\u00edas\u201c, dijo en entrevista con el programa <em>Despierta Am\u00e9rica<\/em> de <em>Univisi\u00f3n<\/em>.<\/p>\n<\/blockquote>\n<p>La cinta de Alfonso Cuar\u00f3n ser\u00e1 proyectada este jueves y despu\u00e9s habr\u00e1 lugar a un debate donde tambi\u00e9n participar\u00e1 <strong>Marcelina Bautista<\/strong>, secretaria general del Sindicato Nacional de Trabajadores y Trabajadoras del Hogar, y Claire Hobden, funcionario de la OIT sobre trabajadores vulnerables.<\/p>\n<p>\u201cTodo esto ha sido un gran cambio para m\u00ed, pero pues desde un principio que decid\u00ed salir de mi zona de confort tambi\u00e9n tuve siempre la precauci\u00f3n de investigar qu\u00e9 es lo que estaba haciendo, qui\u00e9nes eran personas que se acercaban a m\u00ed porque no es tan f\u00e1cil solamente decir \u2018va me arriesgo a hacer esto\u2019 y que la final no sea verdad\u201d, dijo durante la entrevista.<\/p>\n<p>\u201cYo considero que es importante tener nuevas aventuras, conocer sobre otros mundos, pero tampoco olvidarnos de que primero necesitas investigar y asegurarte de que realmente sea verdad lo que est\u00e9n ofreciendo\u201d, culmin\u00f3.<\/p>\n<p>Este viernes, la actriz tendr\u00e1 una charla con periodistas en un evento llamado \u201cUn paso decisivo hacia la igualdad de g\u00e9nero: Para un mejor futuro del trabajo para todos\u201d, en el marco de la celebraci\u00f3n del D\u00eda Internacional de la Mujer.<\/p>\n<blockquote class=\"twitter-tweet\" data-width=\"550\" data-dnt=\"true\">\n<p lang=\"es\" dir=\"ltr\">Desde Ginebra, Yalitza Aparicio se conect\u00f3 con <a href=\"https:\/\/twitter.com\/hashtag\/DespiertaAm%C3%A9rica?src=hash&amp;ref_src=twsrc%5Etfw\">#DespiertaAm\u00e9rica<\/a> y le cont\u00f3 a <a href=\"https:\/\/twitter.com\/KarlaMartinezTV?ref_src=twsrc%5Etfw\">@KarlaMartinezTV<\/a> sobre su discurso ante la Organizaci\u00f3n Internacional del Trabajo. <a href=\"https:\/\/t.co\/uTb2TUI4os\">pic.twitter.com\/uTb2TUI4os<\/a><\/p>\n<p>&mdash; Despierta Am\u00e9rica (@despiertamerica) <a href=\"https:\/\/twitter.com\/despiertamerica\/status\/1103681115422830592?ref_src=twsrc%5Etfw\">March 7, 2019<\/a><\/p><\/blockquote>\n<p><script async src=\"https:\/\/platform.twitter.com\/widgets.js\" charset=\"utf-8\"><\/script><\/p>\n","protected":false},"excerpt":{"rendered":"<p>Yalitza participa como oradora de las trabajadoras del hogar ante la OIT en Ginebra, Suiza<br \/>\nPor Redacci\u00f3n QP<\/p>\n","protected":false},"author":2,"featured_media":19600,"comment_status":"open","ping_status":"open","sticky":false,"template":"","format":"standard","meta":{"_monsterinsights_skip_tracking":false,"_monsterinsights_sitenote_active":false,"_monsterinsights_sitenote_note":"","_monsterinsights_sitenote_category":0,"footnotes":""},"categories":[58],"tags":[],"class_list":["post-19601","post","type-post","status-publish","format-standard","has-post-thumbnail","hentry","category-cultura"],"yoast_head":"<!-- This site is optimized with the Yoast SEO plugin v27.3 - https:\/\/yoast.com\/product\/yoast-seo-wordpress\/ -->\n<title>Yalitza participa como oradora de las trabajadoras del hogar ante la OIT en Ginebra, Suiza -<\/title>\n<meta name=\"robots\" content=\"index, follow, max-snippet:-1, max-image-preview:large, max-video-preview:-1\" \/>\n<link rel=\"canonical\" href=\"https:\/\/quehacerpolitico.mx\/?p=19601\" \/>\n<meta property=\"og:locale\" content=\"es_MX\" \/>\n<meta property=\"og:type\" content=\"article\" \/>\n<meta property=\"og:title\" content=\"Yalitza participa como oradora de las trabajadoras del hogar ante la OIT en Ginebra, Suiza -\" \/>\n<meta property=\"og:description\" content=\"Yalitza participa como oradora de las trabajadoras del hogar ante la OIT en Ginebra, Suiza Por Redacci\u00f3n QP\" \/>\n<meta property=\"og:url\" content=\"https:\/\/quehacerpolitico.mx\/?p=19601\" \/>\n<meta property=\"article:published_time\" content=\"2019-03-08T01:31:23+00:00\" \/>\n<meta name=\"author\" content=\"Redacci\u00f3n QP\" \/>\n<meta name=\"twitter:card\" content=\"summary_large_image\" \/>\n<meta name=\"twitter:label1\" content=\"Escrito por\" \/>\n\t<meta name=\"twitter:data1\" content=\"Redacci\u00f3n QP\" \/>\n\t<meta name=\"twitter:label2\" content=\"Tiempo de lectura\" \/>\n\t<meta name=\"twitter:data2\" content=\"2 minutos\" \/>\n<script type=\"application\/ld+json\" class=\"yoast-schema-graph\">{\"@context\":\"https:\\\/\\\/schema.org\",\"@graph\":[{\"@type\":\"Article\",\"@id\":\"https:\\\/\\\/quehacerpolitico.mx\\\/?p=19601#article\",\"isPartOf\":{\"@id\":\"https:\\\/\\\/quehacerpolitico.mx\\\/?p=19601\"},\"author\":{\"name\":\"Redacci\u00f3n QP\",\"@id\":\"https:\\\/\\\/quehacerpolitico.mx\\\/#\\\/schema\\\/person\\\/496d8ad2d1d3f8036101dca7ee39e585\"},\"headline\":\"Yalitza participa como oradora de las trabajadoras del hogar ante la OIT en Ginebra, Suiza\",\"datePublished\":\"2019-03-08T01:31:23+00:00\",\"mainEntityOfPage\":{\"@id\":\"https:\\\/\\\/quehacerpolitico.mx\\\/?p=19601\"},\"wordCount\":320,\"commentCount\":0,\"image\":{\"@id\":\"https:\\\/\\\/quehacerpolitico.mx\\\/?p=19601#primaryimage\"},\"thumbnailUrl\":\"\",\"articleSection\":[\"Cultura y Entretenimiento\"],\"inLanguage\":\"es\",\"potentialAction\":[{\"@type\":\"CommentAction\",\"name\":\"Comment\",\"target\":[\"https:\\\/\\\/quehacerpolitico.mx\\\/?p=19601#respond\"]}]},{\"@type\":\"WebPage\",\"@id\":\"https:\\\/\\\/quehacerpolitico.mx\\\/?p=19601\",\"url\":\"https:\\\/\\\/quehacerpolitico.mx\\\/?p=19601\",\"name\":\"Yalitza participa como oradora de las trabajadoras del hogar ante la OIT en Ginebra, Suiza -\",\"isPartOf\":{\"@id\":\"https:\\\/\\\/quehacerpolitico.mx\\\/#website\"},\"primaryImageOfPage\":{\"@id\":\"https:\\\/\\\/quehacerpolitico.mx\\\/?p=19601#primaryimage\"},\"image\":{\"@id\":\"https:\\\/\\\/quehacerpolitico.mx\\\/?p=19601#primaryimage\"},\"thumbnailUrl\":\"\",\"datePublished\":\"2019-03-08T01:31:23+00:00\",\"author\":{\"@id\":\"https:\\\/\\\/quehacerpolitico.mx\\\/#\\\/schema\\\/person\\\/496d8ad2d1d3f8036101dca7ee39e585\"},\"breadcrumb\":{\"@id\":\"https:\\\/\\\/quehacerpolitico.mx\\\/?p=19601#breadcrumb\"},\"inLanguage\":\"es\",\"potentialAction\":[{\"@type\":\"ReadAction\",\"target\":[\"https:\\\/\\\/quehacerpolitico.mx\\\/?p=19601\"]}]},{\"@type\":\"ImageObject\",\"inLanguage\":\"es\",\"@id\":\"https:\\\/\\\/quehacerpolitico.mx\\\/?p=19601#primaryimage\",\"url\":\"\",\"contentUrl\":\"\"},{\"@type\":\"BreadcrumbList\",\"@id\":\"https:\\\/\\\/quehacerpolitico.mx\\\/?p=19601#breadcrumb\",\"itemListElement\":[{\"@type\":\"ListItem\",\"position\":1,\"name\":\"Inicio\",\"item\":\"https:\\\/\\\/quehacerpolitico.mx\\\/\"},{\"@type\":\"ListItem\",\"position\":2,\"name\":\"Yalitza participa como oradora de las trabajadoras del hogar ante la OIT en Ginebra, Suiza\"}]},{\"@type\":\"WebSite\",\"@id\":\"https:\\\/\\\/quehacerpolitico.mx\\\/#website\",\"url\":\"https:\\\/\\\/quehacerpolitico.mx\\\/\",\"name\":\"\",\"description\":\"\",\"potentialAction\":[{\"@type\":\"SearchAction\",\"target\":{\"@type\":\"EntryPoint\",\"urlTemplate\":\"https:\\\/\\\/quehacerpolitico.mx\\\/?s={search_term_string}\"},\"query-input\":{\"@type\":\"PropertyValueSpecification\",\"valueRequired\":true,\"valueName\":\"search_term_string\"}}],\"inLanguage\":\"es\"},{\"@type\":\"Person\",\"@id\":\"https:\\\/\\\/quehacerpolitico.mx\\\/#\\\/schema\\\/person\\\/496d8ad2d1d3f8036101dca7ee39e585\",\"name\":\"Redacci\u00f3n QP\",\"image\":{\"@type\":\"ImageObject\",\"inLanguage\":\"es\",\"@id\":\"https:\\\/\\\/secure.gravatar.com\\\/avatar\\\/c7164ed6fdec453195284ad24a5ae5b6e1eed2b848477fa2a4787ba9adf39a41?s=96&d=mm&r=g\",\"url\":\"https:\\\/\\\/secure.gravatar.com\\\/avatar\\\/c7164ed6fdec453195284ad24a5ae5b6e1eed2b848477fa2a4787ba9adf39a41?s=96&d=mm&r=g\",\"contentUrl\":\"https:\\\/\\\/secure.gravatar.com\\\/avatar\\\/c7164ed6fdec453195284ad24a5ae5b6e1eed2b848477fa2a4787ba9adf39a41?s=96&d=mm&r=g\",\"caption\":\"Redacci\u00f3n QP\"},\"url\":\"https:\\\/\\\/quehacerpolitico.mx\\\/?author=2\"}]}<\/script>\n<!-- \/ Yoast SEO plugin. -->","yoast_head_json":{"title":"Yalitza participa como oradora de las trabajadoras del hogar ante la OIT en Ginebra, Suiza -","robots":{"index":"index","follow":"follow","max-snippet":"max-snippet:-1","max-image-preview":"max-image-preview:large","max-video-preview":"max-video-preview:-1"},"canonical":"https:\/\/quehacerpolitico.mx\/?p=19601","og_locale":"es_MX","og_type":"article","og_title":"Yalitza participa como oradora de las trabajadoras del hogar ante la OIT en Ginebra, Suiza -","og_description":"Yalitza participa como oradora de las trabajadoras del hogar ante la OIT en Ginebra, Suiza Por Redacci\u00f3n QP","og_url":"https:\/\/quehacerpolitico.mx\/?p=19601","article_published_time":"2019-03-08T01:31:23+00:00","author":"Redacci\u00f3n QP","twitter_card":"summary_large_image","twitter_misc":{"Escrito por":"Redacci\u00f3n QP","Tiempo de lectura":"2 minutos"},"schema":{"@context":"https:\/\/schema.org","@graph":[{"@type":"Article","@id":"https:\/\/quehacerpolitico.mx\/?p=19601#article","isPartOf":{"@id":"https:\/\/quehacerpolitico.mx\/?p=19601"},"author":{"name":"Redacci\u00f3n QP","@id":"https:\/\/quehacerpolitico.mx\/#\/schema\/person\/496d8ad2d1d3f8036101dca7ee39e585"},"headline":"Yalitza participa como oradora de las trabajadoras del hogar ante la OIT en Ginebra, Suiza","datePublished":"2019-03-08T01:31:23+00:00","mainEntityOfPage":{"@id":"https:\/\/quehacerpolitico.mx\/?p=19601"},"wordCount":320,"commentCount":0,"image":{"@id":"https:\/\/quehacerpolitico.mx\/?p=19601#primaryimage"},"thumbnailUrl":"","articleSection":["Cultura y Entretenimiento"],"inLanguage":"es","potentialAction":[{"@type":"CommentAction","name":"Comment","target":["https:\/\/quehacerpolitico.mx\/?p=19601#respond"]}]},{"@type":"WebPage","@id":"https:\/\/quehacerpolitico.mx\/?p=19601","url":"https:\/\/quehacerpolitico.mx\/?p=19601","name":"Yalitza participa como oradora de las trabajadoras del hogar ante la OIT en Ginebra, Suiza -","isPartOf":{"@id":"https:\/\/quehacerpolitico.mx\/#website"},"primaryImageOfPage":{"@id":"https:\/\/quehacerpolitico.mx\/?p=19601#primaryimage"},"image":{"@id":"https:\/\/quehacerpolitico.mx\/?p=19601#primaryimage"},"thumbnailUrl":"","datePublished":"2019-03-08T01:31:23+00:00","author":{"@id":"https:\/\/quehacerpolitico.mx\/#\/schema\/person\/496d8ad2d1d3f8036101dca7ee39e585"},"breadcrumb":{"@id":"https:\/\/quehacerpolitico.mx\/?p=19601#breadcrumb"},"inLanguage":"es","potentialAction":[{"@type":"ReadAction","target":["https:\/\/quehacerpolitico.mx\/?p=19601"]}]},{"@type":"ImageObject","inLanguage":"es","@id":"https:\/\/quehacerpolitico.mx\/?p=19601#primaryimage","url":"","contentUrl":""},{"@type":"BreadcrumbList","@id":"https:\/\/quehacerpolitico.mx\/?p=19601#breadcrumb","itemListElement":[{"@type":"ListItem","position":1,"name":"Inicio","item":"https:\/\/quehacerpolitico.mx\/"},{"@type":"ListItem","position":2,"name":"Yalitza participa como oradora de las trabajadoras del hogar ante la OIT en Ginebra, Suiza"}]},{"@type":"WebSite","@id":"https:\/\/quehacerpolitico.mx\/#website","url":"https:\/\/quehacerpolitico.mx\/","name":"","description":"","potentialAction":[{"@type":"SearchAction","target":{"@type":"EntryPoint","urlTemplate":"https:\/\/quehacerpolitico.mx\/?s={search_term_string}"},"query-input":{"@type":"PropertyValueSpecification","valueRequired":true,"valueName":"search_term_string"}}],"inLanguage":"es"},{"@type":"Person","@id":"https:\/\/quehacerpolitico.mx\/#\/schema\/person\/496d8ad2d1d3f8036101dca7ee39e585","name":"Redacci\u00f3n QP","image":{"@type":"ImageObject","inLanguage":"es","@id":"https:\/\/secure.gravatar.com\/avatar\/c7164ed6fdec453195284ad24a5ae5b6e1eed2b848477fa2a4787ba9adf39a41?s=96&d=mm&r=g","url":"https:\/\/secure.gravatar.com\/avatar\/c7164ed6fdec453195284ad24a5ae5b6e1eed2b848477fa2a4787ba9adf39a41?s=96&d=mm&r=g","contentUrl":"https:\/\/secure.gravatar.com\/avatar\/c7164ed6fdec453195284ad24a5ae5b6e1eed2b848477fa2a4787ba9adf39a41?s=96&d=mm&r=g","caption":"Redacci\u00f3n QP"},"url":"https:\/\/quehacerpolitico.mx\/?author=2"}]}},"featured_image_urls":{"full":"","thumbnail":"","medium":"","medium_large":"","large":"","1536x1536":"","2048x2048":"","covernews-featured":"","covernews-medium":""},"author_info":{"display_name":"Redacci\u00f3n QP","author_link":"https:\/\/quehacerpolitico.mx\/?author=2"},"category_info":"<a href=\"https:\/\/quehacerpolitico.mx\/?cat=58\" rel=\"category\">Cultura y Entretenimiento<\/a>","tag_info":"Cultura y Entretenimiento","comment_count":"0","_links":{"self":[{"href":"https:\/\/quehacerpolitico.mx\/index.php?rest_route=\/wp\/v2\/posts\/19601","targetHints":{"allow":["GET"]}}],"collection":[{"href":"https:\/\/quehacerpolitico.mx\/index.php?rest_route=\/wp\/v2\/posts"}],"about":[{"href":"https:\/\/quehacerpolitico.mx\/index.php?rest_route=\/wp\/v2\/types\/post"}],"author":[{"embeddable":true,"href":"https:\/\/quehacerpolitico.mx\/index.php?rest_route=\/wp\/v2\/users\/2"}],"replies":[{"embeddable":true,"href":"https:\/\/quehacerpolitico.mx\/index.php?rest_route=%2Fwp%2Fv2%2Fcomments&post=19601"}],"version-history":[{"count":0,"href":"https:\/\/quehacerpolitico.mx\/index.php?rest_route=\/wp\/v2\/posts\/19601\/revisions"}],"wp:featuredmedia":[{"embeddable":true,"href":"https:\/\/quehacerpolitico.mx\/index.php?rest_route=\/"}],"wp:attachment":[{"href":"https:\/\/quehacerpolitico.mx\/index.php?rest_route=%2Fwp%2Fv2%2Fmedia&parent=19601"}],"wp:term":[{"taxonomy":"category","embeddable":true,"href":"https:\/\/quehacerpolitico.mx\/index.php?rest_route=%2Fwp%2Fv2%2Fcategories&post=19601"},{"taxonomy":"post_tag","embeddable":true,"href":"https:\/\/quehacerpolitico.mx\/index.php?rest_route=%2Fwp%2Fv2%2Ftags&post=19601"}],"curies":[{"name":"wp","href":"https:\/\/api.w.org\/{rel}","templated":true}]}}