{"id":19598,"date":"2019-03-08T01:20:15","date_gmt":"2019-03-08T01:20:15","guid":{"rendered":"http:\/\/quehacerpolitico.mx\/con-de-la-madrid-la-dfs-espio-a-juan-gabriel-detallo-su-liga-con-politicos-y-preferencia-sexual\/"},"modified":"2019-03-08T01:20:15","modified_gmt":"2019-03-08T01:20:15","slug":"con-de-la-madrid-la-dfs-espio-a-juan-gabriel-detallo-su-liga-con-politicos-y-preferencia-sexual","status":"publish","type":"post","link":"https:\/\/quehacerpolitico.mx\/?p=19598","title":{"rendered":"Con De la Madrid, la DFS espi\u00f3 a Juan Gabriel; detall\u00f3 su liga con pol\u00edticos y preferencia sexual"},"content":{"rendered":"<h1>Con De la Madrid, la DFS espi\u00f3 a Juan Gabriel; detall\u00f3 su liga con pol\u00edticos y preferencia sexual<\/h1>\n<p>Por Redacci\u00f3n QP<\/p>\n<p>El <strong>Gobierno de M\u00e9xico,<\/strong> a trav\u00e9s de la extinta <strong>Direcci\u00f3n Federal de Seguridad (DFS)<\/strong>, espi\u00f3 la vida del fallecido cantante<strong> Juan Gabriel<\/strong> en la d\u00e9cada de los a\u00f1os ochenta, as\u00ed como a varios pol\u00edticos que actualmente ostentan importantes posiciones en el Estado, public\u00f3 este jueves el diario <em>El Universal<\/em>.<\/p>\n<p>El peri\u00f3dico tuvo acceso al expediente del cantante elaborado por la DFS, antecesora del \u00f3rgano de inteligencia Centro de Investigaci\u00f3n y Seguridad Nacional (Cisen), que el Presidente de M\u00e9xico, Andr\u00e9s Manuel L\u00f3pez Obrador, cerr\u00f3 tras asumir la Presidencia el 1 de diciembre.<\/p>\n<p>La DFS inici\u00f3 en 1984 un expediente al popular artista Juan Gabriel -fallecido en 2016- donde detalla <strong>su cercan\u00eda con pol\u00edticos, sus preferencias sexuales y su paso por la c\u00e1rcel de Lecumberri<\/strong>.<\/p>\n<blockquote>\n<p>El priista Miguel de la Madrid Hurtado fungi\u00f3 como Presidente de M\u00e9xico del 1 de diciembre de 1982 al 30 de noviembre de 1988, por lo que fue en su sexenio cuando se comenz\u00f3 a investigar la vida del cantautor mexicano, quien hoy es una leyenda.<\/p>\n<\/blockquote>\n<p>En el archivo secreto se establece que el cantante, conocido como el \u201cDivo de Ju\u00e1rez\u201d, ten\u00eda guardaespaldas que se ostentaban como integrantes de la polic\u00eda militar.<\/p>\n<p>Adem\u00e1s, hay informaci\u00f3n sobre la detenci\u00f3n en abril de 1970 del artista por delitos de robo y da\u00f1o en propiedad ajena.<\/p>\n<div id=\"attachment_3547016\" class=\"wp-caption alignnone\"><img loading=\"lazy\" decoding=\"async\" class=\"size-full wp-image-3547016\" src=\"https:\/\/www.sinembargo.mx\/wp-content\/uploads\/2019\/03\/juan-gabriel-06.jpg\" sizes=\"auto, (max-width: 700px) 100vw, 700px\" srcset=\"https:\/\/www.sinembargo.mx\/wp-content\/uploads\/2019\/03\/juan-gabriel-06.jpg 700w, https:\/\/www.sinembargo.mx\/wp-content\/uploads\/2019\/03\/juan-gabriel-06-200x300.jpg 200w\" alt=\"\" width=\"700\" height=\"1050\" \/><\/p>\n<p class=\"wp-caption-text\">El Gobierno de De la Madrid espi\u00f3 la vida del fallecido cantante Juan Gabriel. Foto: Felix M\u00e1rquez, Cuartoscuro<\/p>\n<\/div>\n<p>Seg\u00fan el informe, fue condenado a tres a\u00f1os de c\u00e1rcel pero solamente pas\u00f3 ocho meses tras las rejas despu\u00e9s del pago de la fianza por parte de tres personas.<\/p>\n<p>Adem\u00e1s, a menudo sal\u00eda de la c\u00e1rcel para realizar actuaciones privadas a un general, Andr\u00e9s Puentes Vargas, director del penal en la \u00e9poca.<\/p>\n<p>En la versi\u00f3n p\u00fablica a la que tuvo acceso el peri\u00f3dico se detalla que se escondi\u00f3 la informaci\u00f3n relacionada con su vida sexual y tambi\u00e9n oculta detalles sobre sus bienes.<\/p>\n<p>Se indica, no obstante, que estableci\u00f3 una gran amistad con la actriz Silvia Pinal o el entonces Gobernador de Tlaxcala, Tulio Hern\u00e1ndez G\u00f3mez.<\/p>\n<p>Adem\u00e1s, la DFS encontr\u00f3 que hab\u00eda datos confusos sobre su lugar de nacimiento, dudando de si fue en Par\u00e1cuaro (Michoac\u00e1n) o en Ciudad Ju\u00e1rez (Chihuahua), donde pas\u00f3 la mayor parte de su vida.<\/p>\n<div id=\"attachment_3547013\" class=\"wp-caption alignnone\"><img loading=\"lazy\" decoding=\"async\" class=\"size-full wp-image-3547013\" src=\"https:\/\/www.sinembargo.mx\/wp-content\/uploads\/2019\/03\/0318juan.jpg\" sizes=\"auto, (max-width: 700px) 100vw, 700px\" srcset=\"https:\/\/www.sinembargo.mx\/wp-content\/uploads\/2019\/03\/0318juan.jpg 700w, https:\/\/www.sinembargo.mx\/wp-content\/uploads\/2019\/03\/0318juan-247x300.jpg 247w\" alt=\"\" width=\"700\" height=\"851\" \/><\/p>\n<p class=\"wp-caption-text\">En el 200 fue develada la estatua dedicada a Juan Gabriel en un evento donde asistieron los priistas Manuel Aguilera, Francisco Labastida Jesus Silva Herzog entre otros. Foto: Cuartoscuro\/Archivo<\/p>\n<\/div>\n<p>Adicionalmente, el peri\u00f3dico destap\u00f3 que tambi\u00e9n se espi\u00f3 a la hoy Diputada Tatiana Clouthier, del mismo partido de L\u00f3pez Obrador, el Movimiento Regeneraci\u00f3n Nacional (Morena), cuando apenas ten\u00eda 19 a\u00f1os.<\/p>\n<p>Y Porfirio Mu\u00f1oz Ledo, actual presidente de la C\u00e1mara de Diputados, tambi\u00e9n de Morena, fue espiado directamente por el director federal de Seguridad, Miguel Nazar Haro, cuando era embajador de M\u00e9xico ante las Naciones Unidas.<\/p>\n<p>Sobre esta publicaci\u00f3n de archivos secretos, L\u00f3pez Obrador desminti\u00f3 este mi\u00e9rcoles y tild\u00f3 de \u201cfalsedades\u201d las afirmaciones que aparecen en expedientes desclasificados del centro de inteligencia sobre su pasado, como su presunta cercan\u00eda con organizaciones comunistas.<\/p>\n<blockquote>\n<p>\u201cHay muchas cosas inventadas. Por ejemplo, se dice que yo era miembro del partido comunista cuando fui director del INI (Instituto Nacional Indigenista) y que yo apoyaba y financiaba a ese partido\u201d, dijo el mandatario en rueda de prensa en Palacio Nacional.<\/p>\n<p>Con Informaci\u00f3n de EFE<\/p>\n<\/blockquote>\n","protected":false},"excerpt":{"rendered":"<p>Con De la Madrid, la DFS espi\u00f3 a Juan Gabriel; detall\u00f3 su liga con pol\u00edticos y preferencia sexual<br \/>\nPor Redacci\u00f3n QP<\/p>\n","protected":false},"author":2,"featured_media":19597,"comment_status":"open","ping_status":"open","sticky":false,"template":"","format":"standard","meta":{"_monsterinsights_skip_tracking":false,"_monsterinsights_sitenote_active":false,"_monsterinsights_sitenote_note":"","_monsterinsights_sitenote_category":0,"footnotes":""},"categories":[58],"tags":[],"class_list":["post-19598","post","type-post","status-publish","format-standard","has-post-thumbnail","hentry","category-cultura"],"yoast_head":"<!-- This site is optimized with the Yoast SEO plugin v27.3 - https:\/\/yoast.com\/product\/yoast-seo-wordpress\/ -->\n<title>Con De la Madrid, la DFS espi\u00f3 a Juan Gabriel; detall\u00f3 su liga con pol\u00edticos y preferencia sexual -<\/title>\n<meta name=\"robots\" content=\"index, follow, max-snippet:-1, max-image-preview:large, max-video-preview:-1\" \/>\n<link rel=\"canonical\" href=\"https:\/\/quehacerpolitico.mx\/?p=19598\" \/>\n<meta property=\"og:locale\" content=\"es_MX\" \/>\n<meta property=\"og:type\" content=\"article\" \/>\n<meta property=\"og:title\" content=\"Con De la Madrid, la DFS espi\u00f3 a Juan Gabriel; detall\u00f3 su liga con pol\u00edticos y preferencia sexual -\" \/>\n<meta property=\"og:description\" content=\"Con De la Madrid, la DFS espi\u00f3 a Juan Gabriel; detall\u00f3 su liga con pol\u00edticos y preferencia sexual Por Redacci\u00f3n QP\" \/>\n<meta property=\"og:url\" content=\"https:\/\/quehacerpolitico.mx\/?p=19598\" \/>\n<meta property=\"article:published_time\" content=\"2019-03-08T01:20:15+00:00\" \/>\n<meta name=\"author\" content=\"Redacci\u00f3n QP\" \/>\n<meta name=\"twitter:card\" content=\"summary_large_image\" \/>\n<meta name=\"twitter:label1\" content=\"Escrito por\" \/>\n\t<meta name=\"twitter:data1\" content=\"Redacci\u00f3n QP\" \/>\n\t<meta name=\"twitter:label2\" content=\"Tiempo de lectura\" \/>\n\t<meta name=\"twitter:data2\" content=\"3 minutos\" \/>\n<script type=\"application\/ld+json\" class=\"yoast-schema-graph\">{\"@context\":\"https:\\\/\\\/schema.org\",\"@graph\":[{\"@type\":\"Article\",\"@id\":\"https:\\\/\\\/quehacerpolitico.mx\\\/?p=19598#article\",\"isPartOf\":{\"@id\":\"https:\\\/\\\/quehacerpolitico.mx\\\/?p=19598\"},\"author\":{\"name\":\"Redacci\u00f3n QP\",\"@id\":\"https:\\\/\\\/quehacerpolitico.mx\\\/#\\\/schema\\\/person\\\/496d8ad2d1d3f8036101dca7ee39e585\"},\"headline\":\"Con De la Madrid, la DFS espi\u00f3 a Juan Gabriel; detall\u00f3 su liga con pol\u00edticos y preferencia sexual\",\"datePublished\":\"2019-03-08T01:20:15+00:00\",\"mainEntityOfPage\":{\"@id\":\"https:\\\/\\\/quehacerpolitico.mx\\\/?p=19598\"},\"wordCount\":640,\"commentCount\":0,\"image\":{\"@id\":\"https:\\\/\\\/quehacerpolitico.mx\\\/?p=19598#primaryimage\"},\"thumbnailUrl\":\"\",\"articleSection\":[\"Cultura y Entretenimiento\"],\"inLanguage\":\"es\",\"potentialAction\":[{\"@type\":\"CommentAction\",\"name\":\"Comment\",\"target\":[\"https:\\\/\\\/quehacerpolitico.mx\\\/?p=19598#respond\"]}]},{\"@type\":\"WebPage\",\"@id\":\"https:\\\/\\\/quehacerpolitico.mx\\\/?p=19598\",\"url\":\"https:\\\/\\\/quehacerpolitico.mx\\\/?p=19598\",\"name\":\"Con De la Madrid, la DFS espi\u00f3 a Juan Gabriel; detall\u00f3 su liga con pol\u00edticos y preferencia sexual -\",\"isPartOf\":{\"@id\":\"https:\\\/\\\/quehacerpolitico.mx\\\/#website\"},\"primaryImageOfPage\":{\"@id\":\"https:\\\/\\\/quehacerpolitico.mx\\\/?p=19598#primaryimage\"},\"image\":{\"@id\":\"https:\\\/\\\/quehacerpolitico.mx\\\/?p=19598#primaryimage\"},\"thumbnailUrl\":\"\",\"datePublished\":\"2019-03-08T01:20:15+00:00\",\"author\":{\"@id\":\"https:\\\/\\\/quehacerpolitico.mx\\\/#\\\/schema\\\/person\\\/496d8ad2d1d3f8036101dca7ee39e585\"},\"breadcrumb\":{\"@id\":\"https:\\\/\\\/quehacerpolitico.mx\\\/?p=19598#breadcrumb\"},\"inLanguage\":\"es\",\"potentialAction\":[{\"@type\":\"ReadAction\",\"target\":[\"https:\\\/\\\/quehacerpolitico.mx\\\/?p=19598\"]}]},{\"@type\":\"ImageObject\",\"inLanguage\":\"es\",\"@id\":\"https:\\\/\\\/quehacerpolitico.mx\\\/?p=19598#primaryimage\",\"url\":\"\",\"contentUrl\":\"\"},{\"@type\":\"BreadcrumbList\",\"@id\":\"https:\\\/\\\/quehacerpolitico.mx\\\/?p=19598#breadcrumb\",\"itemListElement\":[{\"@type\":\"ListItem\",\"position\":1,\"name\":\"Inicio\",\"item\":\"https:\\\/\\\/quehacerpolitico.mx\\\/\"},{\"@type\":\"ListItem\",\"position\":2,\"name\":\"Con De la Madrid, la DFS espi\u00f3 a Juan Gabriel; detall\u00f3 su liga con pol\u00edticos y preferencia sexual\"}]},{\"@type\":\"WebSite\",\"@id\":\"https:\\\/\\\/quehacerpolitico.mx\\\/#website\",\"url\":\"https:\\\/\\\/quehacerpolitico.mx\\\/\",\"name\":\"\",\"description\":\"\",\"potentialAction\":[{\"@type\":\"SearchAction\",\"target\":{\"@type\":\"EntryPoint\",\"urlTemplate\":\"https:\\\/\\\/quehacerpolitico.mx\\\/?s={search_term_string}\"},\"query-input\":{\"@type\":\"PropertyValueSpecification\",\"valueRequired\":true,\"valueName\":\"search_term_string\"}}],\"inLanguage\":\"es\"},{\"@type\":\"Person\",\"@id\":\"https:\\\/\\\/quehacerpolitico.mx\\\/#\\\/schema\\\/person\\\/496d8ad2d1d3f8036101dca7ee39e585\",\"name\":\"Redacci\u00f3n QP\",\"image\":{\"@type\":\"ImageObject\",\"inLanguage\":\"es\",\"@id\":\"https:\\\/\\\/secure.gravatar.com\\\/avatar\\\/c7164ed6fdec453195284ad24a5ae5b6e1eed2b848477fa2a4787ba9adf39a41?s=96&d=mm&r=g\",\"url\":\"https:\\\/\\\/secure.gravatar.com\\\/avatar\\\/c7164ed6fdec453195284ad24a5ae5b6e1eed2b848477fa2a4787ba9adf39a41?s=96&d=mm&r=g\",\"contentUrl\":\"https:\\\/\\\/secure.gravatar.com\\\/avatar\\\/c7164ed6fdec453195284ad24a5ae5b6e1eed2b848477fa2a4787ba9adf39a41?s=96&d=mm&r=g\",\"caption\":\"Redacci\u00f3n QP\"},\"url\":\"https:\\\/\\\/quehacerpolitico.mx\\\/?author=2\"}]}<\/script>\n<!-- \/ Yoast SEO plugin. -->","yoast_head_json":{"title":"Con De la Madrid, la DFS espi\u00f3 a Juan Gabriel; detall\u00f3 su liga con pol\u00edticos y preferencia sexual -","robots":{"index":"index","follow":"follow","max-snippet":"max-snippet:-1","max-image-preview":"max-image-preview:large","max-video-preview":"max-video-preview:-1"},"canonical":"https:\/\/quehacerpolitico.mx\/?p=19598","og_locale":"es_MX","og_type":"article","og_title":"Con De la Madrid, la DFS espi\u00f3 a Juan Gabriel; detall\u00f3 su liga con pol\u00edticos y preferencia sexual -","og_description":"Con De la Madrid, la DFS espi\u00f3 a Juan Gabriel; detall\u00f3 su liga con pol\u00edticos y preferencia sexual Por Redacci\u00f3n QP","og_url":"https:\/\/quehacerpolitico.mx\/?p=19598","article_published_time":"2019-03-08T01:20:15+00:00","author":"Redacci\u00f3n QP","twitter_card":"summary_large_image","twitter_misc":{"Escrito por":"Redacci\u00f3n QP","Tiempo de lectura":"3 minutos"},"schema":{"@context":"https:\/\/schema.org","@graph":[{"@type":"Article","@id":"https:\/\/quehacerpolitico.mx\/?p=19598#article","isPartOf":{"@id":"https:\/\/quehacerpolitico.mx\/?p=19598"},"author":{"name":"Redacci\u00f3n QP","@id":"https:\/\/quehacerpolitico.mx\/#\/schema\/person\/496d8ad2d1d3f8036101dca7ee39e585"},"headline":"Con De la Madrid, la DFS espi\u00f3 a Juan Gabriel; detall\u00f3 su liga con pol\u00edticos y preferencia sexual","datePublished":"2019-03-08T01:20:15+00:00","mainEntityOfPage":{"@id":"https:\/\/quehacerpolitico.mx\/?p=19598"},"wordCount":640,"commentCount":0,"image":{"@id":"https:\/\/quehacerpolitico.mx\/?p=19598#primaryimage"},"thumbnailUrl":"","articleSection":["Cultura y Entretenimiento"],"inLanguage":"es","potentialAction":[{"@type":"CommentAction","name":"Comment","target":["https:\/\/quehacerpolitico.mx\/?p=19598#respond"]}]},{"@type":"WebPage","@id":"https:\/\/quehacerpolitico.mx\/?p=19598","url":"https:\/\/quehacerpolitico.mx\/?p=19598","name":"Con De la Madrid, la DFS espi\u00f3 a Juan Gabriel; detall\u00f3 su liga con pol\u00edticos y preferencia sexual -","isPartOf":{"@id":"https:\/\/quehacerpolitico.mx\/#website"},"primaryImageOfPage":{"@id":"https:\/\/quehacerpolitico.mx\/?p=19598#primaryimage"},"image":{"@id":"https:\/\/quehacerpolitico.mx\/?p=19598#primaryimage"},"thumbnailUrl":"","datePublished":"2019-03-08T01:20:15+00:00","author":{"@id":"https:\/\/quehacerpolitico.mx\/#\/schema\/person\/496d8ad2d1d3f8036101dca7ee39e585"},"breadcrumb":{"@id":"https:\/\/quehacerpolitico.mx\/?p=19598#breadcrumb"},"inLanguage":"es","potentialAction":[{"@type":"ReadAction","target":["https:\/\/quehacerpolitico.mx\/?p=19598"]}]},{"@type":"ImageObject","inLanguage":"es","@id":"https:\/\/quehacerpolitico.mx\/?p=19598#primaryimage","url":"","contentUrl":""},{"@type":"BreadcrumbList","@id":"https:\/\/quehacerpolitico.mx\/?p=19598#breadcrumb","itemListElement":[{"@type":"ListItem","position":1,"name":"Inicio","item":"https:\/\/quehacerpolitico.mx\/"},{"@type":"ListItem","position":2,"name":"Con De la Madrid, la DFS espi\u00f3 a Juan Gabriel; detall\u00f3 su liga con pol\u00edticos y preferencia sexual"}]},{"@type":"WebSite","@id":"https:\/\/quehacerpolitico.mx\/#website","url":"https:\/\/quehacerpolitico.mx\/","name":"","description":"","potentialAction":[{"@type":"SearchAction","target":{"@type":"EntryPoint","urlTemplate":"https:\/\/quehacerpolitico.mx\/?s={search_term_string}"},"query-input":{"@type":"PropertyValueSpecification","valueRequired":true,"valueName":"search_term_string"}}],"inLanguage":"es"},{"@type":"Person","@id":"https:\/\/quehacerpolitico.mx\/#\/schema\/person\/496d8ad2d1d3f8036101dca7ee39e585","name":"Redacci\u00f3n QP","image":{"@type":"ImageObject","inLanguage":"es","@id":"https:\/\/secure.gravatar.com\/avatar\/c7164ed6fdec453195284ad24a5ae5b6e1eed2b848477fa2a4787ba9adf39a41?s=96&d=mm&r=g","url":"https:\/\/secure.gravatar.com\/avatar\/c7164ed6fdec453195284ad24a5ae5b6e1eed2b848477fa2a4787ba9adf39a41?s=96&d=mm&r=g","contentUrl":"https:\/\/secure.gravatar.com\/avatar\/c7164ed6fdec453195284ad24a5ae5b6e1eed2b848477fa2a4787ba9adf39a41?s=96&d=mm&r=g","caption":"Redacci\u00f3n QP"},"url":"https:\/\/quehacerpolitico.mx\/?author=2"}]}},"featured_image_urls":{"full":"","thumbnail":"","medium":"","medium_large":"","large":"","1536x1536":"","2048x2048":"","covernews-featured":"","covernews-medium":""},"author_info":{"display_name":"Redacci\u00f3n QP","author_link":"https:\/\/quehacerpolitico.mx\/?author=2"},"category_info":"<a href=\"https:\/\/quehacerpolitico.mx\/?cat=58\" rel=\"category\">Cultura y Entretenimiento<\/a>","tag_info":"Cultura y Entretenimiento","comment_count":"0","_links":{"self":[{"href":"https:\/\/quehacerpolitico.mx\/index.php?rest_route=\/wp\/v2\/posts\/19598","targetHints":{"allow":["GET"]}}],"collection":[{"href":"https:\/\/quehacerpolitico.mx\/index.php?rest_route=\/wp\/v2\/posts"}],"about":[{"href":"https:\/\/quehacerpolitico.mx\/index.php?rest_route=\/wp\/v2\/types\/post"}],"author":[{"embeddable":true,"href":"https:\/\/quehacerpolitico.mx\/index.php?rest_route=\/wp\/v2\/users\/2"}],"replies":[{"embeddable":true,"href":"https:\/\/quehacerpolitico.mx\/index.php?rest_route=%2Fwp%2Fv2%2Fcomments&post=19598"}],"version-history":[{"count":0,"href":"https:\/\/quehacerpolitico.mx\/index.php?rest_route=\/wp\/v2\/posts\/19598\/revisions"}],"wp:featuredmedia":[{"embeddable":true,"href":"https:\/\/quehacerpolitico.mx\/index.php?rest_route=\/"}],"wp:attachment":[{"href":"https:\/\/quehacerpolitico.mx\/index.php?rest_route=%2Fwp%2Fv2%2Fmedia&parent=19598"}],"wp:term":[{"taxonomy":"category","embeddable":true,"href":"https:\/\/quehacerpolitico.mx\/index.php?rest_route=%2Fwp%2Fv2%2Fcategories&post=19598"},{"taxonomy":"post_tag","embeddable":true,"href":"https:\/\/quehacerpolitico.mx\/index.php?rest_route=%2Fwp%2Fv2%2Ftags&post=19598"}],"curies":[{"name":"wp","href":"https:\/\/api.w.org\/{rel}","templated":true}]}}