{"id":19589,"date":"2019-03-08T00:53:36","date_gmt":"2019-03-08T00:53:36","guid":{"rendered":"http:\/\/quehacerpolitico.mx\/voces-del-periodista-desde-filomeno-mata-8-mouris-salloum-george-pri-otro-paso-al-abismo\/"},"modified":"2019-03-08T00:53:36","modified_gmt":"2019-03-08T00:53:36","slug":"voces-del-periodista-desde-filomeno-mata-8-mouris-salloum-george-pri-otro-paso-al-abismo","status":"publish","type":"post","link":"https:\/\/quehacerpolitico.mx\/?p=19589","title":{"rendered":"Voces del Periodista Desde Filomeno Mata 8\/\/\/Mouris Salloum George\/\/\/PRI: Otro paso al abismo"},"content":{"rendered":"<h1 class=\"entry-title penci-entry-title penci-title-\">PRI: Otro paso al abismo<\/h1>\n<p>Por Mouris Salloum George<br \/>Director General del Club de Periodistas de M\u00e9xico AC<\/p>\n<p><strong>Quien siembra vientos, cosecha tempestades<\/strong><\/p>\n<p>Para decirlo pronto, la <strong>hegemon\u00eda electoral del PRI<\/strong>se fractur\u00f3 en 1988. Entonces, el <strong>diputado priista<\/strong>michoacano, don Antonio Mart\u00ednez B\u00e1ez, tipific\u00f3 la toma del poder presidencial como resultado de un <strong><em>Golpe de estado t\u00e9cnico<\/em><\/strong>.<\/p>\n<p>La pretendida legitimaci\u00f3n de la Presidencia de la Rep\u00fablica, se maquin\u00f3 en la <strong>Alianza estrat\u00e9gica<\/strong>, pacto de diciembre de aquel a\u00f1o, por el cual el PRI se vio precisado a <strong><em>cohabitar <\/em><\/strong>con su adversario hist\u00f3rico, el <strong>Partido Acci\u00f3n Nacional<\/strong>.<\/p>\n<p>Una de las cl\u00e1usulas de la Alianza, fue la permuta <strong><em>legitimidad de gesti\u00f3n<\/em><\/strong> versus <strong><em>concertacesiones poselectorales<\/em><\/strong>. Durante la dirigencia de Luis Donaldo Colosio, en 1989 el PRI fue obligado desde Los Pinos a entregar al PAN, por primera vez, <strong>la gubernatura de Baja California<\/strong>.<\/p>\n<p><strong>As\u00ed comenz\u00f3 a desgranarse la mazorca<\/strong><\/p>\n<p>De ah\u00ed en adelante, el <strong><em>efecto domin\u00f3 <\/em><\/strong>impact\u00f3 a los estados fronterizos del norte, donde el tricolor fue desplazado del poder. Hasta la fecha, Baja California norte y sur; Durango, Chihuahua, Nuevo Le\u00f3n y Tamaulipas, est\u00e1n en <strong>manos de gobiernos no priistas<\/strong>, aunque en dos de ellos mandan desertores tricolores.<\/p>\n<p>Ahora, la <strong>Ciudad de M\u00e9xico, Aguascalientes, Guanajuato, Quer\u00e9taro, Jalisco, Michoac\u00e1n, Nayarit, Puebla, Quintana Roo, Tabasco, Veracruz, Quintana Roo, Yucat\u00e1n, Chiapas y Morelos<\/strong>, son gobernados por partidos contrarios al PRI. Cinco de ellos, por arribistas que cambiaron de camiseta.<\/p>\n<p>En el sexenio con el que abrimos la narrativa, incluso, se propuso cambiar la marca hist\u00f3rica del PRI, por <strong><em>Solidaridad<\/em><\/strong>, buque insignia de la administraci\u00f3n 1988-1994.<\/p>\n<p><strong>Dos expulsiones de Los Pinos; 24 dirigencias inestables<\/strong><\/p>\n<p>En el periodo analizado en estas entregas, en dos ocasiones el PRI ha sido <strong>expulsado de Los Pinos<\/strong>.<\/p>\n<p>En el mismo periodo, (30 a\u00f1os), por la dirigencia nacional del PRI han pasado <strong>24 mandos<\/strong>. Menos de a\u00f1o y medio de gesti\u00f3n en promedio<\/p>\n<p>En el sexenio 1994-2000, el presidente Ernesto Zedillo Ponce de Le\u00f3n \u2013<strong>suplente de Colosio-<\/strong>, declar\u00f3 su <strong><em>sana distancia <\/em><\/strong>del partido que lo llev\u00f3 a Los Pinos.<\/p>\n<p>Al terminar su sexenio, el candidato presidencial tricolor <strong>Francisco Buenaventura Labastida Ochoa <\/strong>fue sacrificado para entregarle la banda presidencial a Vicente Fox, <strong>nominado por el PAN<\/strong>.<\/p>\n<p><strong>El Pemexgate abri\u00f3 la brecha; Odebrecht la empedr\u00f3<\/strong><\/p>\n<p>En las elecciones presidenciales de 2000, el PRI fue pillado con las manos en el bot\u00edn: El <strong><em>Pemexgate<\/em><\/strong>: Trasiego de recursos de Petr\u00f3leos Mexicanos, v\u00eda sindicato petrolero, al comit\u00e9 de financiamiento de la campa\u00f1a del sinaloense.<\/p>\n<p>Est\u00e1 viva a\u00fan la indagatoria ministerial -encriptada- sobre el financiamiento de la campa\u00f1a presidencial de <strong>Enrique Pe\u00f1a Nieto <\/strong>por la contratista brasile\u00f1a <strong>Odebrecht<\/strong>, a cambio de contratos de Pemex.<\/p>\n<p>Por ese caso, fue cesado de manera fulminante el fiscal de asuntos electorales de la Procuradur\u00eda General de la Rep\u00fablica, <strong>Santiago Nieto Castillo<\/strong>.<\/p>\n<p><strong>Diez millones de sufragios menos:\u00a0 Votos de castigo<\/strong><\/p>\n<p>En 2012, a Pe\u00f1a Nieto se le adjudicaron <strong>19 millones 159 mil votos<\/strong>. En 2018, el PRI y sus aliados, con <strong>Jos\u00e9 Antonio Kuribre\u00f1a<\/strong>, lograron 9 millones 289 mil votos; esto es, <strong>10 millones menos respecto de 2012<\/strong>. El que <strong><em>siembra vientos, cosecha tempestades<\/em><\/strong>.<\/p>\n<p><strong>El PRI fue obligado a eliminar su mito principal<\/strong><\/p>\n<p>En texto \u2013<strong><em>El hombre pol\u00edtico<\/em><\/strong>\u2013 de Seymour Martin Liptset, aparecen estas l\u00edneas: Un <strong>partido democr\u00e1tico <\/strong>no puede, sino muy raramente, convencerse de que debe abandonar uno de sus principios fundamentales, y <strong><em>nunca puede permitirse la eliminaci\u00f3n de su mito principal<\/em><\/strong>.<\/p>\n<p>El mito principal del PRI, fue su <strong><em>invencibilidad<\/em><\/strong>, as\u00ed \u00e9sta fuera disfrazada de <em>legalona<\/em>, uso recurrente para esquivar las acusaciones de fraude electoral.<\/p>\n<p><strong>Los tecn\u00f3cratas neoliberales, como j\u00f3venes dinamiteros<\/strong><\/p>\n<p>Los tecn\u00f3cratas del neoliberalismo, actuando como <strong><em>j\u00f3venes dinamiteros<\/em><\/strong>, atacaron los fuertes de la ciudadela tricolor, quit\u00e1ndole su <strong><em>raz\u00f3n de ser<\/em><\/strong> y las herramientas institucionalizadas para darle soporte y acci\u00f3n a esa raz\u00f3n.<\/p>\n<p>Particularmente en la tercera etapa del Partido de la Revoluci\u00f3n, sus dirigencias formaron su <strong><em>tanque pensante <\/em><\/strong>con cuadros formados, en variadas disciplinas t\u00e9cnicas y cient\u00edficas, mayoritariamente en la <strong>Universidad Nacional Aut\u00f3noma de M\u00e9xico <\/strong>y en el <strong>Instituto Polit\u00e9cnico Nacional <\/strong>(<strong><em>La t\u00e9cnica al servicio de M\u00e9xico<\/em><\/strong><em>).<\/em><\/p>\n<p>Desmontaron, ipso facto, enclaves de investigaci\u00f3n, an\u00e1lisis, pensamiento y operaci\u00f3n, como el <strong>Instituto de Estudios, Pol\u00edticos, Econ\u00f3micos y Sociales <\/strong>(IEPES) y sus correspondientes en los estados.<\/p>\n<p>El IEPES, con producci\u00f3n intelectual y estrat\u00e9gica, fue el responsable de formular los programas de campa\u00f1a y planes de gobierno, tanto a escala nacional como estatal.<\/p>\n<p>Desaparecieron, adem\u00e1s, la estructura operativa, la <strong>Secretar\u00eda de Capacitaci\u00f3n Pol\u00edtica<\/strong> y sus escuelas de cuadros.<\/p>\n<p><strong>Piedra sobre piedra: Nada de la vieja ideolog\u00eda<\/strong><\/p>\n<p>Los <strong>ca\u00f1onazos<\/strong> a la fortaleza del PRI no dejaron <strong><em>piedra sobre piedra<\/em> <\/strong>del entramado que le dio continuidad a la doctrina independentista, liberal y revolucionaria, defendida en los campos de batalla por los mexicanos: La <strong>Secretar\u00eda de Divulgaci\u00f3n Ideol\u00f3gica<\/strong><em>.<\/em><\/p>\n<p>Esa \u00e1rea -en que trabajaron sistem\u00e1ticamente te\u00f3ricos e ide\u00f3logos- recogi\u00f3 Historia y pensamiento mexicanos, generados en la era prehisp\u00e1nica, desde antes del Movimiento de Insurgencia, durante el periodo de la <strong><em>sociedad fluctuante<\/em><\/strong>, La Reforma, la Revoluci\u00f3n mexicana y los gobiernos posrevolucionarios, al menos hasta el periodo de <strong>Adolfo L\u00f3pez Mateos<\/strong>.<\/p>\n<p>Abierta al exterior, la Secretar\u00eda de Divulgaci\u00f3n Ideol\u00f3gica reuni\u00f3 un rico acervo en bibliotecas, en las que no faltaron t\u00edtulos de la Historia Pol\u00edtica Universal, antigua y contempor\u00e1nea.<\/p>\n<p>Buena parte de aquella obra desaparecida, explica los fundamentos del <strong>Estado Social de Derecho<\/strong>, cuyo \u00faltimo suspiro lo exhal\u00f3 con don Jes\u00fas Reyes Heroles, en la primera mitad de la d\u00e9cada de los setenta.<\/p>\n<p><strong>Aborta el primer intento de privatizar Pemex y la CFE<\/strong><\/p>\n<p>El punto de inflexi\u00f3n se dio en la XVII Asamblea Nacional del PRI (19-21 de septiembre de 1996), convocada por el l\u00edder nacional <strong>Santiago O\u00f1ate Laborde<\/strong>, casualmente ex secretario de Divulgaci\u00f3n Ideol\u00f3gica.<\/p>\n<p>Las troneras tecnocr\u00e1ticas se descargaron sobre los documentos fundamentales del PRI.<\/p>\n<p>Si bien, en estricto rigor, no se toc\u00f3 sustancialmente la Declaraci\u00f3n de Principios, el blanco fueron el <strong>Programa de Acci\u00f3n <\/strong>y los <strong>Estatutos<\/strong>.<\/p>\n<p>En la propuesta program\u00e1tica, la mayor\u00eda de los delegados abort\u00f3 la presi\u00f3n presidencial, que pretend\u00eda arrebatar al <strong>Estado la rector\u00eda<\/strong> sobre el sector energ\u00e9tico. Concretamente, sobre <strong>Petr\u00f3leos Mexicanos <\/strong>y la <strong>Comisi\u00f3n Federal de Electricidad<\/strong>.<\/p>\n<p>Fallida la primera <strong>tentativa privatizadora<\/strong>, todav\u00eda la noche del 20 de septiembre, algunos infiltrados del Comit\u00e9 Ejecutivo Nacional se colaron a los talleres donde se imprim\u00edan los documentos b\u00e1sicos, para meter de contrabando la reversi\u00f3n en los ejemplares que se entregar\u00edan en la sesi\u00f3n plenaria dominical de clausura, en el Auditorio Nacional.<\/p>\n<p><strong>La cl\u00e1usula antitecn\u00f3crata, confirmada por aclamaci\u00f3n<\/strong><\/p>\n<p>En materia de <strong>Estatutos<\/strong>, se ratific\u00f3 por aclamaci\u00f3n una de las cl\u00e1usulas en vigor: El <strong>impedimento<\/strong> a los aspirantes a la candidatura presidencial que <strong>no<\/strong><strong>acreditaran<\/strong> un <strong>puesto de elecci\u00f3n popular previo<\/strong>.<\/p>\n<p>Coloquialmente, los priistas identificaron ese impedimento como la <strong><em>cl\u00e1usula antitecn\u00f3crata<\/em><\/strong>.<\/p>\n<p><strong>De c\u00f3mo lleg\u00f3 y se fue Jos\u00e9 Antonio Meade <\/strong><\/p>\n<p>En la XXII Asamblea Nacional del PRI -12 de agosto de 2017- cobr\u00f3 su pleno sentido esa cl\u00e1usula: Con la nominaci\u00f3n del m\u00faltiple ex secretario, <strong>Jos\u00e9 Antonio Meade Kuribre\u00f1a<\/strong>, a la Presidencia de M\u00e9xico, el PRI dio otro paso al abismo.<\/p>\n<p>El 1 de julio de 2018, se comprob\u00f3 cient\u00edficamente que, quien peca, <strong><em>en el pecado lleva la penitencia<\/em><\/strong>.<\/p>\n","protected":false},"excerpt":{"rendered":"<p>PRI: Otro paso al abismo<br \/>\nPor Mouris Salloum George<br \/>\nDirector General del Club de Periodistas de M\u00e9xico AC<\/p>\n","protected":false},"author":2,"featured_media":19588,"comment_status":"open","ping_status":"open","sticky":false,"template":"","format":"standard","meta":{"_monsterinsights_skip_tracking":false,"_monsterinsights_sitenote_active":false,"_monsterinsights_sitenote_note":"","_monsterinsights_sitenote_category":0,"footnotes":""},"categories":[2],"tags":[],"class_list":["post-19589","post","type-post","status-publish","format-standard","has-post-thumbnail","hentry","category-noticias"],"yoast_head":"<!-- This site is optimized with the Yoast SEO plugin v27.3 - https:\/\/yoast.com\/product\/yoast-seo-wordpress\/ -->\n<title>Voces del Periodista Desde Filomeno Mata 8\/\/\/Mouris Salloum George\/\/\/PRI: Otro paso al abismo -<\/title>\n<meta name=\"robots\" content=\"index, follow, max-snippet:-1, max-image-preview:large, max-video-preview:-1\" \/>\n<link rel=\"canonical\" href=\"https:\/\/quehacerpolitico.mx\/?p=19589\" \/>\n<meta property=\"og:locale\" content=\"es_MX\" \/>\n<meta property=\"og:type\" content=\"article\" \/>\n<meta property=\"og:title\" content=\"Voces del Periodista Desde Filomeno Mata 8\/\/\/Mouris Salloum George\/\/\/PRI: Otro paso al abismo -\" \/>\n<meta property=\"og:description\" content=\"PRI: Otro paso al abismo Por Mouris Salloum George Director General del Club de Periodistas de M\u00e9xico AC\" \/>\n<meta property=\"og:url\" content=\"https:\/\/quehacerpolitico.mx\/?p=19589\" \/>\n<meta property=\"article:published_time\" content=\"2019-03-08T00:53:36+00:00\" \/>\n<meta name=\"author\" content=\"Redacci\u00f3n QP\" \/>\n<meta name=\"twitter:card\" content=\"summary_large_image\" \/>\n<meta name=\"twitter:label1\" content=\"Escrito por\" \/>\n\t<meta name=\"twitter:data1\" content=\"Redacci\u00f3n QP\" \/>\n\t<meta name=\"twitter:label2\" content=\"Tiempo de lectura\" \/>\n\t<meta name=\"twitter:data2\" content=\"6 minutos\" \/>\n<script type=\"application\/ld+json\" class=\"yoast-schema-graph\">{\"@context\":\"https:\\\/\\\/schema.org\",\"@graph\":[{\"@type\":\"Article\",\"@id\":\"https:\\\/\\\/quehacerpolitico.mx\\\/?p=19589#article\",\"isPartOf\":{\"@id\":\"https:\\\/\\\/quehacerpolitico.mx\\\/?p=19589\"},\"author\":{\"name\":\"Redacci\u00f3n QP\",\"@id\":\"https:\\\/\\\/quehacerpolitico.mx\\\/#\\\/schema\\\/person\\\/496d8ad2d1d3f8036101dca7ee39e585\"},\"headline\":\"Voces del Periodista Desde Filomeno Mata 8\\\/\\\/\\\/Mouris Salloum George\\\/\\\/\\\/PRI: Otro paso al abismo\",\"datePublished\":\"2019-03-08T00:53:36+00:00\",\"mainEntityOfPage\":{\"@id\":\"https:\\\/\\\/quehacerpolitico.mx\\\/?p=19589\"},\"wordCount\":1289,\"commentCount\":0,\"image\":{\"@id\":\"https:\\\/\\\/quehacerpolitico.mx\\\/?p=19589#primaryimage\"},\"thumbnailUrl\":\"\",\"articleSection\":[\"Noticias\"],\"inLanguage\":\"es\",\"potentialAction\":[{\"@type\":\"CommentAction\",\"name\":\"Comment\",\"target\":[\"https:\\\/\\\/quehacerpolitico.mx\\\/?p=19589#respond\"]}]},{\"@type\":\"WebPage\",\"@id\":\"https:\\\/\\\/quehacerpolitico.mx\\\/?p=19589\",\"url\":\"https:\\\/\\\/quehacerpolitico.mx\\\/?p=19589\",\"name\":\"Voces del Periodista Desde Filomeno Mata 8\\\/\\\/\\\/Mouris Salloum George\\\/\\\/\\\/PRI: Otro paso al abismo -\",\"isPartOf\":{\"@id\":\"https:\\\/\\\/quehacerpolitico.mx\\\/#website\"},\"primaryImageOfPage\":{\"@id\":\"https:\\\/\\\/quehacerpolitico.mx\\\/?p=19589#primaryimage\"},\"image\":{\"@id\":\"https:\\\/\\\/quehacerpolitico.mx\\\/?p=19589#primaryimage\"},\"thumbnailUrl\":\"\",\"datePublished\":\"2019-03-08T00:53:36+00:00\",\"author\":{\"@id\":\"https:\\\/\\\/quehacerpolitico.mx\\\/#\\\/schema\\\/person\\\/496d8ad2d1d3f8036101dca7ee39e585\"},\"breadcrumb\":{\"@id\":\"https:\\\/\\\/quehacerpolitico.mx\\\/?p=19589#breadcrumb\"},\"inLanguage\":\"es\",\"potentialAction\":[{\"@type\":\"ReadAction\",\"target\":[\"https:\\\/\\\/quehacerpolitico.mx\\\/?p=19589\"]}]},{\"@type\":\"ImageObject\",\"inLanguage\":\"es\",\"@id\":\"https:\\\/\\\/quehacerpolitico.mx\\\/?p=19589#primaryimage\",\"url\":\"\",\"contentUrl\":\"\"},{\"@type\":\"BreadcrumbList\",\"@id\":\"https:\\\/\\\/quehacerpolitico.mx\\\/?p=19589#breadcrumb\",\"itemListElement\":[{\"@type\":\"ListItem\",\"position\":1,\"name\":\"Inicio\",\"item\":\"https:\\\/\\\/quehacerpolitico.mx\\\/\"},{\"@type\":\"ListItem\",\"position\":2,\"name\":\"Voces del Periodista Desde Filomeno Mata 8\\\/\\\/\\\/Mouris Salloum George\\\/\\\/\\\/PRI: Otro paso al abismo\"}]},{\"@type\":\"WebSite\",\"@id\":\"https:\\\/\\\/quehacerpolitico.mx\\\/#website\",\"url\":\"https:\\\/\\\/quehacerpolitico.mx\\\/\",\"name\":\"\",\"description\":\"\",\"potentialAction\":[{\"@type\":\"SearchAction\",\"target\":{\"@type\":\"EntryPoint\",\"urlTemplate\":\"https:\\\/\\\/quehacerpolitico.mx\\\/?s={search_term_string}\"},\"query-input\":{\"@type\":\"PropertyValueSpecification\",\"valueRequired\":true,\"valueName\":\"search_term_string\"}}],\"inLanguage\":\"es\"},{\"@type\":\"Person\",\"@id\":\"https:\\\/\\\/quehacerpolitico.mx\\\/#\\\/schema\\\/person\\\/496d8ad2d1d3f8036101dca7ee39e585\",\"name\":\"Redacci\u00f3n QP\",\"image\":{\"@type\":\"ImageObject\",\"inLanguage\":\"es\",\"@id\":\"https:\\\/\\\/secure.gravatar.com\\\/avatar\\\/c7164ed6fdec453195284ad24a5ae5b6e1eed2b848477fa2a4787ba9adf39a41?s=96&d=mm&r=g\",\"url\":\"https:\\\/\\\/secure.gravatar.com\\\/avatar\\\/c7164ed6fdec453195284ad24a5ae5b6e1eed2b848477fa2a4787ba9adf39a41?s=96&d=mm&r=g\",\"contentUrl\":\"https:\\\/\\\/secure.gravatar.com\\\/avatar\\\/c7164ed6fdec453195284ad24a5ae5b6e1eed2b848477fa2a4787ba9adf39a41?s=96&d=mm&r=g\",\"caption\":\"Redacci\u00f3n QP\"},\"url\":\"https:\\\/\\\/quehacerpolitico.mx\\\/?author=2\"}]}<\/script>\n<!-- \/ Yoast SEO plugin. -->","yoast_head_json":{"title":"Voces del Periodista Desde Filomeno Mata 8\/\/\/Mouris Salloum George\/\/\/PRI: Otro paso al abismo -","robots":{"index":"index","follow":"follow","max-snippet":"max-snippet:-1","max-image-preview":"max-image-preview:large","max-video-preview":"max-video-preview:-1"},"canonical":"https:\/\/quehacerpolitico.mx\/?p=19589","og_locale":"es_MX","og_type":"article","og_title":"Voces del Periodista Desde Filomeno Mata 8\/\/\/Mouris Salloum George\/\/\/PRI: Otro paso al abismo -","og_description":"PRI: Otro paso al abismo Por Mouris Salloum George Director General del Club de Periodistas de M\u00e9xico AC","og_url":"https:\/\/quehacerpolitico.mx\/?p=19589","article_published_time":"2019-03-08T00:53:36+00:00","author":"Redacci\u00f3n QP","twitter_card":"summary_large_image","twitter_misc":{"Escrito por":"Redacci\u00f3n QP","Tiempo de lectura":"6 minutos"},"schema":{"@context":"https:\/\/schema.org","@graph":[{"@type":"Article","@id":"https:\/\/quehacerpolitico.mx\/?p=19589#article","isPartOf":{"@id":"https:\/\/quehacerpolitico.mx\/?p=19589"},"author":{"name":"Redacci\u00f3n QP","@id":"https:\/\/quehacerpolitico.mx\/#\/schema\/person\/496d8ad2d1d3f8036101dca7ee39e585"},"headline":"Voces del Periodista Desde Filomeno Mata 8\/\/\/Mouris Salloum George\/\/\/PRI: Otro paso al abismo","datePublished":"2019-03-08T00:53:36+00:00","mainEntityOfPage":{"@id":"https:\/\/quehacerpolitico.mx\/?p=19589"},"wordCount":1289,"commentCount":0,"image":{"@id":"https:\/\/quehacerpolitico.mx\/?p=19589#primaryimage"},"thumbnailUrl":"","articleSection":["Noticias"],"inLanguage":"es","potentialAction":[{"@type":"CommentAction","name":"Comment","target":["https:\/\/quehacerpolitico.mx\/?p=19589#respond"]}]},{"@type":"WebPage","@id":"https:\/\/quehacerpolitico.mx\/?p=19589","url":"https:\/\/quehacerpolitico.mx\/?p=19589","name":"Voces del Periodista Desde Filomeno Mata 8\/\/\/Mouris Salloum George\/\/\/PRI: Otro paso al abismo -","isPartOf":{"@id":"https:\/\/quehacerpolitico.mx\/#website"},"primaryImageOfPage":{"@id":"https:\/\/quehacerpolitico.mx\/?p=19589#primaryimage"},"image":{"@id":"https:\/\/quehacerpolitico.mx\/?p=19589#primaryimage"},"thumbnailUrl":"","datePublished":"2019-03-08T00:53:36+00:00","author":{"@id":"https:\/\/quehacerpolitico.mx\/#\/schema\/person\/496d8ad2d1d3f8036101dca7ee39e585"},"breadcrumb":{"@id":"https:\/\/quehacerpolitico.mx\/?p=19589#breadcrumb"},"inLanguage":"es","potentialAction":[{"@type":"ReadAction","target":["https:\/\/quehacerpolitico.mx\/?p=19589"]}]},{"@type":"ImageObject","inLanguage":"es","@id":"https:\/\/quehacerpolitico.mx\/?p=19589#primaryimage","url":"","contentUrl":""},{"@type":"BreadcrumbList","@id":"https:\/\/quehacerpolitico.mx\/?p=19589#breadcrumb","itemListElement":[{"@type":"ListItem","position":1,"name":"Inicio","item":"https:\/\/quehacerpolitico.mx\/"},{"@type":"ListItem","position":2,"name":"Voces del Periodista Desde Filomeno Mata 8\/\/\/Mouris Salloum George\/\/\/PRI: Otro paso al abismo"}]},{"@type":"WebSite","@id":"https:\/\/quehacerpolitico.mx\/#website","url":"https:\/\/quehacerpolitico.mx\/","name":"","description":"","potentialAction":[{"@type":"SearchAction","target":{"@type":"EntryPoint","urlTemplate":"https:\/\/quehacerpolitico.mx\/?s={search_term_string}"},"query-input":{"@type":"PropertyValueSpecification","valueRequired":true,"valueName":"search_term_string"}}],"inLanguage":"es"},{"@type":"Person","@id":"https:\/\/quehacerpolitico.mx\/#\/schema\/person\/496d8ad2d1d3f8036101dca7ee39e585","name":"Redacci\u00f3n QP","image":{"@type":"ImageObject","inLanguage":"es","@id":"https:\/\/secure.gravatar.com\/avatar\/c7164ed6fdec453195284ad24a5ae5b6e1eed2b848477fa2a4787ba9adf39a41?s=96&d=mm&r=g","url":"https:\/\/secure.gravatar.com\/avatar\/c7164ed6fdec453195284ad24a5ae5b6e1eed2b848477fa2a4787ba9adf39a41?s=96&d=mm&r=g","contentUrl":"https:\/\/secure.gravatar.com\/avatar\/c7164ed6fdec453195284ad24a5ae5b6e1eed2b848477fa2a4787ba9adf39a41?s=96&d=mm&r=g","caption":"Redacci\u00f3n QP"},"url":"https:\/\/quehacerpolitico.mx\/?author=2"}]}},"featured_image_urls":{"full":"","thumbnail":"","medium":"","medium_large":"","large":"","1536x1536":"","2048x2048":"","covernews-featured":"","covernews-medium":""},"author_info":{"display_name":"Redacci\u00f3n QP","author_link":"https:\/\/quehacerpolitico.mx\/?author=2"},"category_info":"<a href=\"https:\/\/quehacerpolitico.mx\/?cat=2\" rel=\"category\">Noticias<\/a>","tag_info":"Noticias","comment_count":"0","_links":{"self":[{"href":"https:\/\/quehacerpolitico.mx\/index.php?rest_route=\/wp\/v2\/posts\/19589","targetHints":{"allow":["GET"]}}],"collection":[{"href":"https:\/\/quehacerpolitico.mx\/index.php?rest_route=\/wp\/v2\/posts"}],"about":[{"href":"https:\/\/quehacerpolitico.mx\/index.php?rest_route=\/wp\/v2\/types\/post"}],"author":[{"embeddable":true,"href":"https:\/\/quehacerpolitico.mx\/index.php?rest_route=\/wp\/v2\/users\/2"}],"replies":[{"embeddable":true,"href":"https:\/\/quehacerpolitico.mx\/index.php?rest_route=%2Fwp%2Fv2%2Fcomments&post=19589"}],"version-history":[{"count":0,"href":"https:\/\/quehacerpolitico.mx\/index.php?rest_route=\/wp\/v2\/posts\/19589\/revisions"}],"wp:featuredmedia":[{"embeddable":true,"href":"https:\/\/quehacerpolitico.mx\/index.php?rest_route=\/"}],"wp:attachment":[{"href":"https:\/\/quehacerpolitico.mx\/index.php?rest_route=%2Fwp%2Fv2%2Fmedia&parent=19589"}],"wp:term":[{"taxonomy":"category","embeddable":true,"href":"https:\/\/quehacerpolitico.mx\/index.php?rest_route=%2Fwp%2Fv2%2Fcategories&post=19589"},{"taxonomy":"post_tag","embeddable":true,"href":"https:\/\/quehacerpolitico.mx\/index.php?rest_route=%2Fwp%2Fv2%2Ftags&post=19589"}],"curies":[{"name":"wp","href":"https:\/\/api.w.org\/{rel}","templated":true}]}}