{"id":19586,"date":"2019-03-08T00:43:15","date_gmt":"2019-03-08T00:43:15","guid":{"rendered":"http:\/\/quehacerpolitico.mx\/directora-del-museo-nacional-de-arte-define-primeras-lineas-de-accion\/"},"modified":"2019-03-08T00:43:15","modified_gmt":"2019-03-08T00:43:15","slug":"directora-del-museo-nacional-de-arte-define-primeras-lineas-de-accion","status":"publish","type":"post","link":"https:\/\/quehacerpolitico.mx\/?p=19586","title":{"rendered":"Directora del Museo Nacional de Arte define primeras l\u00edneas de acci\u00f3n"},"content":{"rendered":"<p>Directora del Museo Nacional de Arte define primeras l\u00edneas de acci\u00f3n<\/p>\n<p>Por Redacci\u00f3n QP<\/p>\n<div class=\"desarrollo\">\n<p>La directora del Museo Nacional de Arte (Munal), Carmen Gait\u00e1n Rojo, inform\u00f3 que a partir de su reciente designaci\u00f3n en ese cargo, planea una mayor atenci\u00f3n al p\u00fablico infantil, montar exposiciones de artistas entre 50 y 70 a\u00f1os de edad, y llevar a provincia muestras que presenten aqu\u00ed.<\/p>\n<p>A partir de un diagn\u00f3stico realizado en el recinto, Gait\u00e1n habl\u00f3 de reforzar la atenci\u00f3n al p\u00fablico infantil. A trav\u00e9s de diversas actividades, dijo, se les va a transmitir experiencias de arte y al mismo tiempo, se les instruir\u00e1 sobre la apreciaci\u00f3n art\u00edstica y se motivar\u00e1 el despertar de su ser art\u00edstico, todo ello para tener en cada ni\u00f1o y ni\u00f1a un artista en casa.<\/p>\n<p>El Munal montar\u00e1 exposiciones de artistas de entre 50 y 70 a\u00f1os para que convivan con obras permanentes del museo y con las de j\u00f3venes creadores contempor\u00e1neos, se\u00f1al\u00f3 Gait\u00e1n, durante una entrevista con Notimex en las instalaciones del museo.<\/p>\n<p>Una tercera l\u00ednea de acci\u00f3n se enfila hacia la presencia del Museo Nacional de Arte en el interior del pa\u00eds. \u201cLlevaremos algunas de las exposiciones m\u00e1s representativas a diversas entidades del pa\u00eds, con la finalidad de descentralizar el acceso al arte y la cultura, como derecho de todos los mexicanos\u201d, mencion\u00f3 la promotora cultural.<\/p>\n<p>Sobre el D\u00eda Internacional de la Mujer, se\u00f1al\u00f3 que se siente feliz por dirigir ese recinto y ser parte de ese g\u00e9nero. Cit\u00f3 que es originaria de Parral, Chihuahua, y desde all\u00e1 se traslad\u00f3 a la capital del pa\u00eds para abrirse paso, y aunque su condici\u00f3n de mujer le gener\u00f3 algunos obst\u00e1culos, \u201cen M\u00e9xico las mujeres s\u00ed podemos triunfar\u201d.<\/p>\n<p>Subray\u00f3 que \u201cs\u00ed podemos alcanzar posiciones de mando si una se esmera, con empe\u00f1o, lealtad y honestidad; si se tiene claro a d\u00f3nde queremos llegar, s\u00ed podemos alcanzar las metas\u201d. Sobre todo, agreg\u00f3, teniendo en mente que cada d\u00eda somos aprendices y que cada d\u00eda aprendemos algo de los equipos de trabajo, de los compa\u00f1eros y de otras mujeres\u201d.<\/p>\n<p>Antes de llegar a ocupar la direcci\u00f3n del Munal, Gait\u00e1n Rojo estuvo al frente del Museo de San Carlos y ha laborado en el Instituto Nacional de Antropolog\u00eda e Historia (INAH), en la Secretar\u00eda de Relaciones Exteriores (SER), y Fomento Cultural Banamex, donde fue estratega de diversas exposiciones de gran valor.<\/p>\n<p>Evidentemente, dijo, siempre habr\u00e1 obst\u00e1culos y pruebas en el camino, sin embargo, a\u00f1adi\u00f3, eso hace a las mujeres m\u00e1s maduras y al mismo tiempo las prepara para realizar tareas como la que hoy tiene encomendada, y las que ha realizado desde que hace 30 a\u00f1os cuando comenz\u00f3 en el Palacio de Bellas Artes.<\/p>\n<p>Esa trayectoria, coment\u00f3, es la que le granje\u00f3 llegar a dirigir el Munal con sus m\u00e1s de 6 mil 500 piezas de arte. Actualmente atiende aspectos como cambiar los focos fundidos y limpiar las entra\u00f1as del museo \u201cporque es com\u00fan enfocarse en las salas de exposiciones, y en las exposiciones mismas, dejando a un lado las \u00e1reas poco visibles del recinto\u201d.<\/p>\n<\/div>\n","protected":false},"excerpt":{"rendered":"<p>Directora del Museo Nacional de Arte define primeras l\u00edneas de acci\u00f3n<br \/>\nPor Redacci\u00f3n QP<\/p>\n","protected":false},"author":2,"featured_media":19585,"comment_status":"open","ping_status":"open","sticky":false,"template":"","format":"standard","meta":{"_monsterinsights_skip_tracking":false,"_monsterinsights_sitenote_active":false,"_monsterinsights_sitenote_note":"","_monsterinsights_sitenote_category":0,"footnotes":""},"categories":[58],"tags":[],"class_list":["post-19586","post","type-post","status-publish","format-standard","has-post-thumbnail","hentry","category-cultura"],"yoast_head":"<!-- This site is optimized with the Yoast SEO plugin v27.3 - https:\/\/yoast.com\/product\/yoast-seo-wordpress\/ -->\n<title>Directora del Museo Nacional de Arte define primeras l\u00edneas de acci\u00f3n -<\/title>\n<meta name=\"robots\" content=\"index, follow, max-snippet:-1, max-image-preview:large, max-video-preview:-1\" \/>\n<link rel=\"canonical\" href=\"https:\/\/quehacerpolitico.mx\/?p=19586\" \/>\n<meta property=\"og:locale\" content=\"es_MX\" \/>\n<meta property=\"og:type\" content=\"article\" \/>\n<meta property=\"og:title\" content=\"Directora del Museo Nacional de Arte define primeras l\u00edneas de acci\u00f3n -\" \/>\n<meta property=\"og:description\" content=\"Directora del Museo Nacional de Arte define primeras l\u00edneas de acci\u00f3n Por Redacci\u00f3n QP\" \/>\n<meta property=\"og:url\" content=\"https:\/\/quehacerpolitico.mx\/?p=19586\" \/>\n<meta property=\"article:published_time\" content=\"2019-03-08T00:43:15+00:00\" \/>\n<meta name=\"author\" content=\"Redacci\u00f3n QP\" \/>\n<meta name=\"twitter:card\" content=\"summary_large_image\" \/>\n<meta name=\"twitter:label1\" content=\"Escrito por\" \/>\n\t<meta name=\"twitter:data1\" content=\"Redacci\u00f3n QP\" \/>\n\t<meta name=\"twitter:label2\" content=\"Tiempo de lectura\" \/>\n\t<meta name=\"twitter:data2\" content=\"3 minutos\" \/>\n<script type=\"application\/ld+json\" class=\"yoast-schema-graph\">{\"@context\":\"https:\\\/\\\/schema.org\",\"@graph\":[{\"@type\":\"Article\",\"@id\":\"https:\\\/\\\/quehacerpolitico.mx\\\/?p=19586#article\",\"isPartOf\":{\"@id\":\"https:\\\/\\\/quehacerpolitico.mx\\\/?p=19586\"},\"author\":{\"name\":\"Redacci\u00f3n QP\",\"@id\":\"https:\\\/\\\/quehacerpolitico.mx\\\/#\\\/schema\\\/person\\\/496d8ad2d1d3f8036101dca7ee39e585\"},\"headline\":\"Directora del Museo Nacional de Arte define primeras l\u00edneas de acci\u00f3n\",\"datePublished\":\"2019-03-08T00:43:15+00:00\",\"mainEntityOfPage\":{\"@id\":\"https:\\\/\\\/quehacerpolitico.mx\\\/?p=19586\"},\"wordCount\":560,\"commentCount\":0,\"image\":{\"@id\":\"https:\\\/\\\/quehacerpolitico.mx\\\/?p=19586#primaryimage\"},\"thumbnailUrl\":\"\",\"articleSection\":[\"Cultura y Entretenimiento\"],\"inLanguage\":\"es\",\"potentialAction\":[{\"@type\":\"CommentAction\",\"name\":\"Comment\",\"target\":[\"https:\\\/\\\/quehacerpolitico.mx\\\/?p=19586#respond\"]}]},{\"@type\":\"WebPage\",\"@id\":\"https:\\\/\\\/quehacerpolitico.mx\\\/?p=19586\",\"url\":\"https:\\\/\\\/quehacerpolitico.mx\\\/?p=19586\",\"name\":\"Directora del Museo Nacional de Arte define primeras l\u00edneas de acci\u00f3n -\",\"isPartOf\":{\"@id\":\"https:\\\/\\\/quehacerpolitico.mx\\\/#website\"},\"primaryImageOfPage\":{\"@id\":\"https:\\\/\\\/quehacerpolitico.mx\\\/?p=19586#primaryimage\"},\"image\":{\"@id\":\"https:\\\/\\\/quehacerpolitico.mx\\\/?p=19586#primaryimage\"},\"thumbnailUrl\":\"\",\"datePublished\":\"2019-03-08T00:43:15+00:00\",\"author\":{\"@id\":\"https:\\\/\\\/quehacerpolitico.mx\\\/#\\\/schema\\\/person\\\/496d8ad2d1d3f8036101dca7ee39e585\"},\"breadcrumb\":{\"@id\":\"https:\\\/\\\/quehacerpolitico.mx\\\/?p=19586#breadcrumb\"},\"inLanguage\":\"es\",\"potentialAction\":[{\"@type\":\"ReadAction\",\"target\":[\"https:\\\/\\\/quehacerpolitico.mx\\\/?p=19586\"]}]},{\"@type\":\"ImageObject\",\"inLanguage\":\"es\",\"@id\":\"https:\\\/\\\/quehacerpolitico.mx\\\/?p=19586#primaryimage\",\"url\":\"\",\"contentUrl\":\"\"},{\"@type\":\"BreadcrumbList\",\"@id\":\"https:\\\/\\\/quehacerpolitico.mx\\\/?p=19586#breadcrumb\",\"itemListElement\":[{\"@type\":\"ListItem\",\"position\":1,\"name\":\"Inicio\",\"item\":\"https:\\\/\\\/quehacerpolitico.mx\\\/\"},{\"@type\":\"ListItem\",\"position\":2,\"name\":\"Directora del Museo Nacional de Arte define primeras l\u00edneas de acci\u00f3n\"}]},{\"@type\":\"WebSite\",\"@id\":\"https:\\\/\\\/quehacerpolitico.mx\\\/#website\",\"url\":\"https:\\\/\\\/quehacerpolitico.mx\\\/\",\"name\":\"\",\"description\":\"\",\"potentialAction\":[{\"@type\":\"SearchAction\",\"target\":{\"@type\":\"EntryPoint\",\"urlTemplate\":\"https:\\\/\\\/quehacerpolitico.mx\\\/?s={search_term_string}\"},\"query-input\":{\"@type\":\"PropertyValueSpecification\",\"valueRequired\":true,\"valueName\":\"search_term_string\"}}],\"inLanguage\":\"es\"},{\"@type\":\"Person\",\"@id\":\"https:\\\/\\\/quehacerpolitico.mx\\\/#\\\/schema\\\/person\\\/496d8ad2d1d3f8036101dca7ee39e585\",\"name\":\"Redacci\u00f3n QP\",\"image\":{\"@type\":\"ImageObject\",\"inLanguage\":\"es\",\"@id\":\"https:\\\/\\\/secure.gravatar.com\\\/avatar\\\/c7164ed6fdec453195284ad24a5ae5b6e1eed2b848477fa2a4787ba9adf39a41?s=96&d=mm&r=g\",\"url\":\"https:\\\/\\\/secure.gravatar.com\\\/avatar\\\/c7164ed6fdec453195284ad24a5ae5b6e1eed2b848477fa2a4787ba9adf39a41?s=96&d=mm&r=g\",\"contentUrl\":\"https:\\\/\\\/secure.gravatar.com\\\/avatar\\\/c7164ed6fdec453195284ad24a5ae5b6e1eed2b848477fa2a4787ba9adf39a41?s=96&d=mm&r=g\",\"caption\":\"Redacci\u00f3n QP\"},\"url\":\"https:\\\/\\\/quehacerpolitico.mx\\\/?author=2\"}]}<\/script>\n<!-- \/ Yoast SEO plugin. -->","yoast_head_json":{"title":"Directora del Museo Nacional de Arte define primeras l\u00edneas de acci\u00f3n -","robots":{"index":"index","follow":"follow","max-snippet":"max-snippet:-1","max-image-preview":"max-image-preview:large","max-video-preview":"max-video-preview:-1"},"canonical":"https:\/\/quehacerpolitico.mx\/?p=19586","og_locale":"es_MX","og_type":"article","og_title":"Directora del Museo Nacional de Arte define primeras l\u00edneas de acci\u00f3n -","og_description":"Directora del Museo Nacional de Arte define primeras l\u00edneas de acci\u00f3n Por Redacci\u00f3n QP","og_url":"https:\/\/quehacerpolitico.mx\/?p=19586","article_published_time":"2019-03-08T00:43:15+00:00","author":"Redacci\u00f3n QP","twitter_card":"summary_large_image","twitter_misc":{"Escrito por":"Redacci\u00f3n QP","Tiempo de lectura":"3 minutos"},"schema":{"@context":"https:\/\/schema.org","@graph":[{"@type":"Article","@id":"https:\/\/quehacerpolitico.mx\/?p=19586#article","isPartOf":{"@id":"https:\/\/quehacerpolitico.mx\/?p=19586"},"author":{"name":"Redacci\u00f3n QP","@id":"https:\/\/quehacerpolitico.mx\/#\/schema\/person\/496d8ad2d1d3f8036101dca7ee39e585"},"headline":"Directora del Museo Nacional de Arte define primeras l\u00edneas de acci\u00f3n","datePublished":"2019-03-08T00:43:15+00:00","mainEntityOfPage":{"@id":"https:\/\/quehacerpolitico.mx\/?p=19586"},"wordCount":560,"commentCount":0,"image":{"@id":"https:\/\/quehacerpolitico.mx\/?p=19586#primaryimage"},"thumbnailUrl":"","articleSection":["Cultura y Entretenimiento"],"inLanguage":"es","potentialAction":[{"@type":"CommentAction","name":"Comment","target":["https:\/\/quehacerpolitico.mx\/?p=19586#respond"]}]},{"@type":"WebPage","@id":"https:\/\/quehacerpolitico.mx\/?p=19586","url":"https:\/\/quehacerpolitico.mx\/?p=19586","name":"Directora del Museo Nacional de Arte define primeras l\u00edneas de acci\u00f3n -","isPartOf":{"@id":"https:\/\/quehacerpolitico.mx\/#website"},"primaryImageOfPage":{"@id":"https:\/\/quehacerpolitico.mx\/?p=19586#primaryimage"},"image":{"@id":"https:\/\/quehacerpolitico.mx\/?p=19586#primaryimage"},"thumbnailUrl":"","datePublished":"2019-03-08T00:43:15+00:00","author":{"@id":"https:\/\/quehacerpolitico.mx\/#\/schema\/person\/496d8ad2d1d3f8036101dca7ee39e585"},"breadcrumb":{"@id":"https:\/\/quehacerpolitico.mx\/?p=19586#breadcrumb"},"inLanguage":"es","potentialAction":[{"@type":"ReadAction","target":["https:\/\/quehacerpolitico.mx\/?p=19586"]}]},{"@type":"ImageObject","inLanguage":"es","@id":"https:\/\/quehacerpolitico.mx\/?p=19586#primaryimage","url":"","contentUrl":""},{"@type":"BreadcrumbList","@id":"https:\/\/quehacerpolitico.mx\/?p=19586#breadcrumb","itemListElement":[{"@type":"ListItem","position":1,"name":"Inicio","item":"https:\/\/quehacerpolitico.mx\/"},{"@type":"ListItem","position":2,"name":"Directora del Museo Nacional de Arte define primeras l\u00edneas de acci\u00f3n"}]},{"@type":"WebSite","@id":"https:\/\/quehacerpolitico.mx\/#website","url":"https:\/\/quehacerpolitico.mx\/","name":"","description":"","potentialAction":[{"@type":"SearchAction","target":{"@type":"EntryPoint","urlTemplate":"https:\/\/quehacerpolitico.mx\/?s={search_term_string}"},"query-input":{"@type":"PropertyValueSpecification","valueRequired":true,"valueName":"search_term_string"}}],"inLanguage":"es"},{"@type":"Person","@id":"https:\/\/quehacerpolitico.mx\/#\/schema\/person\/496d8ad2d1d3f8036101dca7ee39e585","name":"Redacci\u00f3n QP","image":{"@type":"ImageObject","inLanguage":"es","@id":"https:\/\/secure.gravatar.com\/avatar\/c7164ed6fdec453195284ad24a5ae5b6e1eed2b848477fa2a4787ba9adf39a41?s=96&d=mm&r=g","url":"https:\/\/secure.gravatar.com\/avatar\/c7164ed6fdec453195284ad24a5ae5b6e1eed2b848477fa2a4787ba9adf39a41?s=96&d=mm&r=g","contentUrl":"https:\/\/secure.gravatar.com\/avatar\/c7164ed6fdec453195284ad24a5ae5b6e1eed2b848477fa2a4787ba9adf39a41?s=96&d=mm&r=g","caption":"Redacci\u00f3n QP"},"url":"https:\/\/quehacerpolitico.mx\/?author=2"}]}},"featured_image_urls":{"full":"","thumbnail":"","medium":"","medium_large":"","large":"","1536x1536":"","2048x2048":"","covernews-featured":"","covernews-medium":""},"author_info":{"display_name":"Redacci\u00f3n QP","author_link":"https:\/\/quehacerpolitico.mx\/?author=2"},"category_info":"<a href=\"https:\/\/quehacerpolitico.mx\/?cat=58\" rel=\"category\">Cultura y Entretenimiento<\/a>","tag_info":"Cultura y Entretenimiento","comment_count":"0","_links":{"self":[{"href":"https:\/\/quehacerpolitico.mx\/index.php?rest_route=\/wp\/v2\/posts\/19586","targetHints":{"allow":["GET"]}}],"collection":[{"href":"https:\/\/quehacerpolitico.mx\/index.php?rest_route=\/wp\/v2\/posts"}],"about":[{"href":"https:\/\/quehacerpolitico.mx\/index.php?rest_route=\/wp\/v2\/types\/post"}],"author":[{"embeddable":true,"href":"https:\/\/quehacerpolitico.mx\/index.php?rest_route=\/wp\/v2\/users\/2"}],"replies":[{"embeddable":true,"href":"https:\/\/quehacerpolitico.mx\/index.php?rest_route=%2Fwp%2Fv2%2Fcomments&post=19586"}],"version-history":[{"count":0,"href":"https:\/\/quehacerpolitico.mx\/index.php?rest_route=\/wp\/v2\/posts\/19586\/revisions"}],"wp:featuredmedia":[{"embeddable":true,"href":"https:\/\/quehacerpolitico.mx\/index.php?rest_route=\/"}],"wp:attachment":[{"href":"https:\/\/quehacerpolitico.mx\/index.php?rest_route=%2Fwp%2Fv2%2Fmedia&parent=19586"}],"wp:term":[{"taxonomy":"category","embeddable":true,"href":"https:\/\/quehacerpolitico.mx\/index.php?rest_route=%2Fwp%2Fv2%2Fcategories&post=19586"},{"taxonomy":"post_tag","embeddable":true,"href":"https:\/\/quehacerpolitico.mx\/index.php?rest_route=%2Fwp%2Fv2%2Ftags&post=19586"}],"curies":[{"name":"wp","href":"https:\/\/api.w.org\/{rel}","templated":true}]}}