{"id":19583,"date":"2019-03-08T00:35:23","date_gmt":"2019-03-08T00:35:23","guid":{"rendered":"http:\/\/quehacerpolitico.mx\/inauguran-en-el-congreso-local-la-exposicion-pictorica-una-mirada-de-luz\/"},"modified":"2019-03-08T00:35:23","modified_gmt":"2019-03-08T00:35:23","slug":"inauguran-en-el-congreso-local-la-exposicion-pictorica-una-mirada-de-luz","status":"publish","type":"post","link":"https:\/\/quehacerpolitico.mx\/?p=19583","title":{"rendered":"INAUGURAN EN EL CONGRESO LOCAL LA EXPOSICI\u00d3N PICT\u00d3RICA \u201cUNA MIRADA DE LUZ\u201d"},"content":{"rendered":"<p>INAUGURAN EN EL CONGRESO LOCAL LA EXPOSICI\u00d3N PICT\u00d3RICA \u201cUNA MIRADA\u00a0DE LUZ\u201d<\/p>\n<p>Por Redacci\u00f3n QP<\/p>\n<p>\u201cEs un honor abrir las puertas a estas muestras art\u00edsticas para<br \/>homenajear y reconocer el trabajo de las mujeres mexicanas\u201d: diputado<br \/>Eduardo Santill\u00e1n\u00a0<\/p>\n<p>En el marco de la conmemoraci\u00f3n del D\u00eda Internacional de la Mujer, el<br \/>Congreso de la Ciudad de M\u00e9xico inaugur\u00f3 en el recinto legislativo de<br \/>Donceles, la exposici\u00f3n pict\u00f3rica una \u201cMirada de luz\u201d, de la<br \/>artista duranguense Luz Gamboa Herrera.<\/p>\n<p>Desde hace 25 a\u00f1os, Luz Gamboa ha recorrido las comunidades ind\u00edgenas<br \/>de nuestro pa\u00eds buscando plasmar en sus lienzos los rostros de la<br \/>realidad, el sentir y el entorno de las mujeres mexicanas, que d\u00eda a<br \/>d\u00eda reflejan en su mirada la fortaleza y entrega.<\/p>\n<p>\u201cEs un honor que el recinto abra sus puertas a estas muestras<br \/>art\u00edsticas para homenajear y reconocer el trabajo de las mujeres<br \/>mexicanas\u201d, se\u00f1al\u00f3 el diputado Eduardo Santill\u00e1n P\u00e9rez, del grupo<br \/>parlamentario de MORENA, quien adem\u00e1s reconoci\u00f3 el gran trabajo de la<br \/>pintora al expresar en sus obras los simbolismos de la mujer ind\u00edgena<br \/>de M\u00e9xico.<\/p>\n<p>En tanto, la presidenta de la Comisi\u00f3n de Derechos Culturales, Gabriela<br \/>Osorio Hern\u00e1ndez, expres\u00f3 que las mujeres de luz nunca se apagan,<br \/>siempre iluminan los pueblos, barrios, comunidades, ciudades y pa\u00edses<br \/>que recorren, dejando constancia de la identidad ind\u00edgena de la mujer<br \/>mexicana, pilar de la familia y de la sociedad.<\/p>\n","protected":false},"excerpt":{"rendered":"<p>INAUGURAN EN EL CONGRESO LOCAL LA EXPOSICI\u00d3N PICT\u00d3RICA \u201cUNA MIRADA<br \/>\nDE LUZ\u201d<br \/>\nPor Redacci\u00f3n QP<\/p>\n","protected":false},"author":2,"featured_media":19582,"comment_status":"open","ping_status":"open","sticky":false,"template":"","format":"standard","meta":{"_monsterinsights_skip_tracking":false,"_monsterinsights_sitenote_active":false,"_monsterinsights_sitenote_note":"","_monsterinsights_sitenote_category":0,"footnotes":""},"categories":[58],"tags":[],"class_list":["post-19583","post","type-post","status-publish","format-standard","has-post-thumbnail","hentry","category-cultura"],"yoast_head":"<!-- This site is optimized with the Yoast SEO plugin v27.3 - https:\/\/yoast.com\/product\/yoast-seo-wordpress\/ -->\n<title>INAUGURAN EN EL CONGRESO LOCAL LA EXPOSICI\u00d3N PICT\u00d3RICA \u201cUNA MIRADA DE LUZ\u201d -<\/title>\n<meta name=\"robots\" content=\"index, follow, max-snippet:-1, max-image-preview:large, max-video-preview:-1\" \/>\n<link rel=\"canonical\" href=\"https:\/\/quehacerpolitico.mx\/?p=19583\" \/>\n<meta property=\"og:locale\" content=\"es_MX\" \/>\n<meta property=\"og:type\" content=\"article\" \/>\n<meta property=\"og:title\" content=\"INAUGURAN EN EL CONGRESO LOCAL LA EXPOSICI\u00d3N PICT\u00d3RICA \u201cUNA MIRADA DE LUZ\u201d -\" \/>\n<meta property=\"og:description\" content=\"INAUGURAN EN EL CONGRESO LOCAL LA EXPOSICI\u00d3N PICT\u00d3RICA \u201cUNA MIRADA DE LUZ\u201d Por Redacci\u00f3n QP\" \/>\n<meta property=\"og:url\" content=\"https:\/\/quehacerpolitico.mx\/?p=19583\" \/>\n<meta property=\"article:published_time\" content=\"2019-03-08T00:35:23+00:00\" \/>\n<meta name=\"author\" content=\"Redacci\u00f3n QP\" \/>\n<meta name=\"twitter:card\" content=\"summary_large_image\" \/>\n<meta name=\"twitter:label1\" content=\"Escrito por\" \/>\n\t<meta name=\"twitter:data1\" content=\"Redacci\u00f3n QP\" \/>\n\t<meta name=\"twitter:label2\" content=\"Tiempo de lectura\" \/>\n\t<meta name=\"twitter:data2\" content=\"1 minuto\" \/>\n<script type=\"application\/ld+json\" class=\"yoast-schema-graph\">{\"@context\":\"https:\\\/\\\/schema.org\",\"@graph\":[{\"@type\":\"Article\",\"@id\":\"https:\\\/\\\/quehacerpolitico.mx\\\/?p=19583#article\",\"isPartOf\":{\"@id\":\"https:\\\/\\\/quehacerpolitico.mx\\\/?p=19583\"},\"author\":{\"name\":\"Redacci\u00f3n QP\",\"@id\":\"https:\\\/\\\/quehacerpolitico.mx\\\/#\\\/schema\\\/person\\\/496d8ad2d1d3f8036101dca7ee39e585\"},\"headline\":\"INAUGURAN EN EL CONGRESO LOCAL LA EXPOSICI\u00d3N PICT\u00d3RICA \u201cUNA MIRADA DE LUZ\u201d\",\"datePublished\":\"2019-03-08T00:35:23+00:00\",\"mainEntityOfPage\":{\"@id\":\"https:\\\/\\\/quehacerpolitico.mx\\\/?p=19583\"},\"wordCount\":253,\"commentCount\":0,\"image\":{\"@id\":\"https:\\\/\\\/quehacerpolitico.mx\\\/?p=19583#primaryimage\"},\"thumbnailUrl\":\"\",\"articleSection\":[\"Cultura y Entretenimiento\"],\"inLanguage\":\"es\",\"potentialAction\":[{\"@type\":\"CommentAction\",\"name\":\"Comment\",\"target\":[\"https:\\\/\\\/quehacerpolitico.mx\\\/?p=19583#respond\"]}]},{\"@type\":\"WebPage\",\"@id\":\"https:\\\/\\\/quehacerpolitico.mx\\\/?p=19583\",\"url\":\"https:\\\/\\\/quehacerpolitico.mx\\\/?p=19583\",\"name\":\"INAUGURAN EN EL CONGRESO LOCAL LA EXPOSICI\u00d3N PICT\u00d3RICA \u201cUNA MIRADA DE LUZ\u201d -\",\"isPartOf\":{\"@id\":\"https:\\\/\\\/quehacerpolitico.mx\\\/#website\"},\"primaryImageOfPage\":{\"@id\":\"https:\\\/\\\/quehacerpolitico.mx\\\/?p=19583#primaryimage\"},\"image\":{\"@id\":\"https:\\\/\\\/quehacerpolitico.mx\\\/?p=19583#primaryimage\"},\"thumbnailUrl\":\"\",\"datePublished\":\"2019-03-08T00:35:23+00:00\",\"author\":{\"@id\":\"https:\\\/\\\/quehacerpolitico.mx\\\/#\\\/schema\\\/person\\\/496d8ad2d1d3f8036101dca7ee39e585\"},\"breadcrumb\":{\"@id\":\"https:\\\/\\\/quehacerpolitico.mx\\\/?p=19583#breadcrumb\"},\"inLanguage\":\"es\",\"potentialAction\":[{\"@type\":\"ReadAction\",\"target\":[\"https:\\\/\\\/quehacerpolitico.mx\\\/?p=19583\"]}]},{\"@type\":\"ImageObject\",\"inLanguage\":\"es\",\"@id\":\"https:\\\/\\\/quehacerpolitico.mx\\\/?p=19583#primaryimage\",\"url\":\"\",\"contentUrl\":\"\"},{\"@type\":\"BreadcrumbList\",\"@id\":\"https:\\\/\\\/quehacerpolitico.mx\\\/?p=19583#breadcrumb\",\"itemListElement\":[{\"@type\":\"ListItem\",\"position\":1,\"name\":\"Inicio\",\"item\":\"https:\\\/\\\/quehacerpolitico.mx\\\/\"},{\"@type\":\"ListItem\",\"position\":2,\"name\":\"INAUGURAN EN EL CONGRESO LOCAL LA EXPOSICI\u00d3N PICT\u00d3RICA \u201cUNA MIRADA DE LUZ\u201d\"}]},{\"@type\":\"WebSite\",\"@id\":\"https:\\\/\\\/quehacerpolitico.mx\\\/#website\",\"url\":\"https:\\\/\\\/quehacerpolitico.mx\\\/\",\"name\":\"\",\"description\":\"\",\"potentialAction\":[{\"@type\":\"SearchAction\",\"target\":{\"@type\":\"EntryPoint\",\"urlTemplate\":\"https:\\\/\\\/quehacerpolitico.mx\\\/?s={search_term_string}\"},\"query-input\":{\"@type\":\"PropertyValueSpecification\",\"valueRequired\":true,\"valueName\":\"search_term_string\"}}],\"inLanguage\":\"es\"},{\"@type\":\"Person\",\"@id\":\"https:\\\/\\\/quehacerpolitico.mx\\\/#\\\/schema\\\/person\\\/496d8ad2d1d3f8036101dca7ee39e585\",\"name\":\"Redacci\u00f3n QP\",\"image\":{\"@type\":\"ImageObject\",\"inLanguage\":\"es\",\"@id\":\"https:\\\/\\\/secure.gravatar.com\\\/avatar\\\/c7164ed6fdec453195284ad24a5ae5b6e1eed2b848477fa2a4787ba9adf39a41?s=96&d=mm&r=g\",\"url\":\"https:\\\/\\\/secure.gravatar.com\\\/avatar\\\/c7164ed6fdec453195284ad24a5ae5b6e1eed2b848477fa2a4787ba9adf39a41?s=96&d=mm&r=g\",\"contentUrl\":\"https:\\\/\\\/secure.gravatar.com\\\/avatar\\\/c7164ed6fdec453195284ad24a5ae5b6e1eed2b848477fa2a4787ba9adf39a41?s=96&d=mm&r=g\",\"caption\":\"Redacci\u00f3n QP\"},\"url\":\"https:\\\/\\\/quehacerpolitico.mx\\\/?author=2\"}]}<\/script>\n<!-- \/ Yoast SEO plugin. -->","yoast_head_json":{"title":"INAUGURAN EN EL CONGRESO LOCAL LA EXPOSICI\u00d3N PICT\u00d3RICA \u201cUNA MIRADA DE LUZ\u201d -","robots":{"index":"index","follow":"follow","max-snippet":"max-snippet:-1","max-image-preview":"max-image-preview:large","max-video-preview":"max-video-preview:-1"},"canonical":"https:\/\/quehacerpolitico.mx\/?p=19583","og_locale":"es_MX","og_type":"article","og_title":"INAUGURAN EN EL CONGRESO LOCAL LA EXPOSICI\u00d3N PICT\u00d3RICA \u201cUNA MIRADA DE LUZ\u201d -","og_description":"INAUGURAN EN EL CONGRESO LOCAL LA EXPOSICI\u00d3N PICT\u00d3RICA \u201cUNA MIRADA DE LUZ\u201d Por Redacci\u00f3n QP","og_url":"https:\/\/quehacerpolitico.mx\/?p=19583","article_published_time":"2019-03-08T00:35:23+00:00","author":"Redacci\u00f3n QP","twitter_card":"summary_large_image","twitter_misc":{"Escrito por":"Redacci\u00f3n QP","Tiempo de lectura":"1 minuto"},"schema":{"@context":"https:\/\/schema.org","@graph":[{"@type":"Article","@id":"https:\/\/quehacerpolitico.mx\/?p=19583#article","isPartOf":{"@id":"https:\/\/quehacerpolitico.mx\/?p=19583"},"author":{"name":"Redacci\u00f3n QP","@id":"https:\/\/quehacerpolitico.mx\/#\/schema\/person\/496d8ad2d1d3f8036101dca7ee39e585"},"headline":"INAUGURAN EN EL CONGRESO LOCAL LA EXPOSICI\u00d3N PICT\u00d3RICA \u201cUNA MIRADA DE LUZ\u201d","datePublished":"2019-03-08T00:35:23+00:00","mainEntityOfPage":{"@id":"https:\/\/quehacerpolitico.mx\/?p=19583"},"wordCount":253,"commentCount":0,"image":{"@id":"https:\/\/quehacerpolitico.mx\/?p=19583#primaryimage"},"thumbnailUrl":"","articleSection":["Cultura y Entretenimiento"],"inLanguage":"es","potentialAction":[{"@type":"CommentAction","name":"Comment","target":["https:\/\/quehacerpolitico.mx\/?p=19583#respond"]}]},{"@type":"WebPage","@id":"https:\/\/quehacerpolitico.mx\/?p=19583","url":"https:\/\/quehacerpolitico.mx\/?p=19583","name":"INAUGURAN EN EL CONGRESO LOCAL LA EXPOSICI\u00d3N PICT\u00d3RICA \u201cUNA MIRADA DE LUZ\u201d -","isPartOf":{"@id":"https:\/\/quehacerpolitico.mx\/#website"},"primaryImageOfPage":{"@id":"https:\/\/quehacerpolitico.mx\/?p=19583#primaryimage"},"image":{"@id":"https:\/\/quehacerpolitico.mx\/?p=19583#primaryimage"},"thumbnailUrl":"","datePublished":"2019-03-08T00:35:23+00:00","author":{"@id":"https:\/\/quehacerpolitico.mx\/#\/schema\/person\/496d8ad2d1d3f8036101dca7ee39e585"},"breadcrumb":{"@id":"https:\/\/quehacerpolitico.mx\/?p=19583#breadcrumb"},"inLanguage":"es","potentialAction":[{"@type":"ReadAction","target":["https:\/\/quehacerpolitico.mx\/?p=19583"]}]},{"@type":"ImageObject","inLanguage":"es","@id":"https:\/\/quehacerpolitico.mx\/?p=19583#primaryimage","url":"","contentUrl":""},{"@type":"BreadcrumbList","@id":"https:\/\/quehacerpolitico.mx\/?p=19583#breadcrumb","itemListElement":[{"@type":"ListItem","position":1,"name":"Inicio","item":"https:\/\/quehacerpolitico.mx\/"},{"@type":"ListItem","position":2,"name":"INAUGURAN EN EL CONGRESO LOCAL LA EXPOSICI\u00d3N PICT\u00d3RICA \u201cUNA MIRADA DE LUZ\u201d"}]},{"@type":"WebSite","@id":"https:\/\/quehacerpolitico.mx\/#website","url":"https:\/\/quehacerpolitico.mx\/","name":"","description":"","potentialAction":[{"@type":"SearchAction","target":{"@type":"EntryPoint","urlTemplate":"https:\/\/quehacerpolitico.mx\/?s={search_term_string}"},"query-input":{"@type":"PropertyValueSpecification","valueRequired":true,"valueName":"search_term_string"}}],"inLanguage":"es"},{"@type":"Person","@id":"https:\/\/quehacerpolitico.mx\/#\/schema\/person\/496d8ad2d1d3f8036101dca7ee39e585","name":"Redacci\u00f3n QP","image":{"@type":"ImageObject","inLanguage":"es","@id":"https:\/\/secure.gravatar.com\/avatar\/c7164ed6fdec453195284ad24a5ae5b6e1eed2b848477fa2a4787ba9adf39a41?s=96&d=mm&r=g","url":"https:\/\/secure.gravatar.com\/avatar\/c7164ed6fdec453195284ad24a5ae5b6e1eed2b848477fa2a4787ba9adf39a41?s=96&d=mm&r=g","contentUrl":"https:\/\/secure.gravatar.com\/avatar\/c7164ed6fdec453195284ad24a5ae5b6e1eed2b848477fa2a4787ba9adf39a41?s=96&d=mm&r=g","caption":"Redacci\u00f3n QP"},"url":"https:\/\/quehacerpolitico.mx\/?author=2"}]}},"featured_image_urls":{"full":"","thumbnail":"","medium":"","medium_large":"","large":"","1536x1536":"","2048x2048":"","covernews-featured":"","covernews-medium":""},"author_info":{"display_name":"Redacci\u00f3n QP","author_link":"https:\/\/quehacerpolitico.mx\/?author=2"},"category_info":"<a href=\"https:\/\/quehacerpolitico.mx\/?cat=58\" rel=\"category\">Cultura y Entretenimiento<\/a>","tag_info":"Cultura y Entretenimiento","comment_count":"0","_links":{"self":[{"href":"https:\/\/quehacerpolitico.mx\/index.php?rest_route=\/wp\/v2\/posts\/19583","targetHints":{"allow":["GET"]}}],"collection":[{"href":"https:\/\/quehacerpolitico.mx\/index.php?rest_route=\/wp\/v2\/posts"}],"about":[{"href":"https:\/\/quehacerpolitico.mx\/index.php?rest_route=\/wp\/v2\/types\/post"}],"author":[{"embeddable":true,"href":"https:\/\/quehacerpolitico.mx\/index.php?rest_route=\/wp\/v2\/users\/2"}],"replies":[{"embeddable":true,"href":"https:\/\/quehacerpolitico.mx\/index.php?rest_route=%2Fwp%2Fv2%2Fcomments&post=19583"}],"version-history":[{"count":0,"href":"https:\/\/quehacerpolitico.mx\/index.php?rest_route=\/wp\/v2\/posts\/19583\/revisions"}],"wp:featuredmedia":[{"embeddable":true,"href":"https:\/\/quehacerpolitico.mx\/index.php?rest_route=\/"}],"wp:attachment":[{"href":"https:\/\/quehacerpolitico.mx\/index.php?rest_route=%2Fwp%2Fv2%2Fmedia&parent=19583"}],"wp:term":[{"taxonomy":"category","embeddable":true,"href":"https:\/\/quehacerpolitico.mx\/index.php?rest_route=%2Fwp%2Fv2%2Fcategories&post=19583"},{"taxonomy":"post_tag","embeddable":true,"href":"https:\/\/quehacerpolitico.mx\/index.php?rest_route=%2Fwp%2Fv2%2Ftags&post=19583"}],"curies":[{"name":"wp","href":"https:\/\/api.w.org\/{rel}","templated":true}]}}