{"id":19580,"date":"2019-03-08T00:25:33","date_gmt":"2019-03-08T00:25:33","guid":{"rendered":"http:\/\/quehacerpolitico.mx\/las-diputadas-de-la-ciudad-de-mexico-exigen-acabar-con-la-violencia-de-genero-conmemoraron-el-dia-internacional-de-la-mujer\/"},"modified":"2019-03-08T00:25:33","modified_gmt":"2019-03-08T00:25:33","slug":"las-diputadas-de-la-ciudad-de-mexico-exigen-acabar-con-la-violencia-de-genero-conmemoraron-el-dia-internacional-de-la-mujer","status":"publish","type":"post","link":"https:\/\/quehacerpolitico.mx\/?p=19580","title":{"rendered":"LAS DIPUTADAS DE LA CIUDAD DE M\u00c9XICO EXIGEN ACABAR CON LA VIOLENCIA DE G\u00c9NERO; CONMEMORARON EL D\u00cdA INTERNACIONAL DE LA MUJER"},"content":{"rendered":"<p>LAS DIPUTADAS DE LA CIUDAD DE M\u00c9XICO EXIGEN ACABAR CON LA VIOLENCIA DE<br \/>G\u00c9NERO; CONMEMORARON EL D\u00cdA INTERNACIONAL DE LA MUJER<\/p>\n<p>Por Redacci\u00f3n QP<\/p>\n<p>En sesi\u00f3n solemne, las diversas fracciones parlamentarias se<br \/>comprometieron a realizar acciones para acabar con la desigualdad<\/p>\n<p>El Congreso de la Ciudad de M\u00e9xico llev\u00f3 a cabo una sesi\u00f3n solemne<br \/>para conmemorar el D\u00eda Internacional de la Mujer, durante la cual las<br \/>fracciones parlamentarias coincidieron en la necesidad de terminar con<br \/>la violencia por motivos de g\u00e9nero.<\/p>\n<p>Paula Soto Maldonado, legisladora del grupo parlamentario de MORENA,<br \/>se\u00f1al\u00f3 que los cambios democr\u00e1ticos en la Ciudad de M\u00e9xico deben<br \/>servir para una reflexi\u00f3n profunda, pues \u201csi bien los avances son<br \/>cada vez mayores, los retos no se disipan\u201d, dijo.<\/p>\n<p>Reconoci\u00f3 que los derechos logrados han sido gracias a las luchas que<br \/>dieron las mujeres de otras generaciones. \u201cEl D\u00eda de la Mujer surge<br \/>porque nos matan por participar. Arm\u00e9monos de fuerza, de unidad entre<br \/>nosotras. Seamos piedras inc\u00f3modas en los zapatos de quienes nos<br \/>quieran atropellar., seamos un combate garantizado\u201d, apunt\u00f3.<\/p>\n<p>Existe un D\u00eda de las Mujeres, dijo Paula Soto en su intervenci\u00f3n,<br \/>porque \u201ca pesar de que nacimos personas, nadie lo hab\u00eda notado hasta<br \/>que 130 mujeres murieron en un incendio. Existe un D\u00eda de las Mujeres,<br \/>porque a pesar de que somos 52 por ciento de la poblaci\u00f3n, fue<br \/>obligatorio dar paso a la visibilizaci\u00f3n de nosotras mismas en los<br \/>espacios de toma de decisi\u00f3n\u201d.<\/p>\n<p>Presidenta de la Comisi\u00f3n de Igualdad de G\u00e9nero, la diputada expres\u00f3<br \/>que \u201cla igualdad entre mujeres y hombres es la base necesaria para<br \/>conseguir un mundo pr\u00f3spero y sostenible\u201d. Por eso, consider\u00f3 que es<br \/>responsabilidad d las legisladoras \u201cvenir hoy a reflejar el mundo en<br \/>el que vivimos, pero sobre todo a trabajar por aquel en el que queremos<br \/>vivir. Nuestra oportunidad es ahora\u201d.<\/p>\n<p>La diputada mencion\u00f3 que la Ciudad de M\u00e9xico es hoy muestra de que los<br \/>cambios democr\u00e1ticos que han unido a tantas mujeres en la exigencia por<br \/>participar en la vida p\u00fablica del pa\u00eds son posibles. \u201cTomemos las<br \/>riendas. Ning\u00fan derecho nos ha sido dado, nuestra lucha ha ido ganando<br \/>batallas que poco a poco diluyen las desigualdades\u201d.<\/p>\n<p>Insisti\u00f3 en que la capital del pa\u00eds es testimonio de lo que en alg\u00fan<br \/>momento se consider\u00f3 una utop\u00eda: \u201cMujeres de poder en el poder. La<br \/>Jefatura de Gobierno, la Secretar\u00eda de Finanzas, la de Inclusi\u00f3n y<br \/>Bienestar social, la Secretar\u00eda de las Mujeres, la de Gobierno, del<br \/>Medio Ambiente, la de Educaci\u00f3n, Ciencia, Tecnolog\u00eda e Innovaci\u00f3n, la<br \/>Secretar\u00eda del Trabajo, de Desarrollo Urbano, el Centro Integral de<br \/>Atenci\u00f3n y Gesti\u00f3n de Riesgos y la Procuradur\u00eda de Justicia son<br \/>espacios hoy encabezados por mujeres\u201d.<\/p>\n<p>En tanto, la diputada Am\u00e9rica Rangel Lorenzana, del grupo parlamentario<br \/>del PAN, consider\u00f3 que una pol\u00edtica estrat\u00e9gica en materia de<br \/>igualdad de g\u00e9nero comienza por asegurar que las necesidades y las<br \/>experiencias de las mujeres est\u00e1n integradas en soluciones<br \/>inteligentes, que vayan m\u00e1s del reconocimiento de las disparidades de<br \/>g\u00e9nero y atienda sus necesidades.<\/p>\n<p>Por eso, denunci\u00f3 el recorte o desapariciones de programas sociales que<br \/>afectan a las mujeres. \u201cEl recorte de 50 por ciento de presupuesto<br \/>para las Estancias Infantiles, la desaparici\u00f3n del programa de Refugios<br \/>a Mujeres Violentadas y el recorte presupuestal al tratamiento para<br \/>mujeres enfermas de c\u00e1ncer c\u00e9rvico-uterino, son ejemplos\u201d.<\/p>\n<p>Agreg\u00f3 en su intervenci\u00f3n que \u201ceste r\u00e9gimen quedar\u00e1 marcado como<br \/>el m\u00e1s mis\u00f3gino desde las \u00e9pocas de la Revoluci\u00f3n Mexicana\u201d y que<br \/>es preciso \u201celiminar la visi\u00f3n patrimonialista, machista y patriarcal<br \/>que hoy es la l\u00ednea de conducta del gobierno [federal], en perjuicio de<br \/>la sociedad, de la equidad y de la igualdad\u201d.<\/p>\n<p>Por su parte, la parlamentaria del Partido del Trabajo, Leonor G\u00f3mez<br \/>Otegui, invit\u00f3 a hacer un alto en el camino para reflexionar lo que se<br \/>ha logrado y se\u00f1alar lo que hace falta \u201cpara transformar y modificar<br \/>nuestra sociedad antes de considerarla equitativa y democr\u00e1tica\u201d.<\/p>\n<p>Dijo que se debe impulsar una igualdad sustantiva para no cuestionar a<br \/>las mujeres por sus caracter\u00edsticas biol\u00f3gicas. \u201cQue se erradique la<br \/>violencia de g\u00e9nero y se impulse la causa de las ni\u00f1as y mujeres<br \/>capitalinas\u201d.<\/p>\n<p>El Partido Verde Ecologista de M\u00e9xico, en voz de su diputada Alessandra<br \/>Rojo de la Vega P\u00edccolo, asegur\u00f3 que a pesar de todos los esfuerzos de<br \/>igualdad, se est\u00e1 lejos de abatir temas esenciales a los que se<br \/>enfrentan las mujeres en su vida cotidiana, no s\u00f3lo en el pa\u00eds, sino<br \/>en el mundo, tales como el derecho b\u00e1sico a la libertad y la equidad de<br \/>g\u00e9nero en todas las actividades sociales, econ\u00f3micas y pol\u00edticas.<\/p>\n<p>En su turno, la diputada del PRI, Sandra Esther Vaca Cort\u00e9s, dijo que<br \/>la indignaci\u00f3n del pueblo demanda un cambio en cuanto a la<br \/>erradicaci\u00f3n de la violencia de g\u00e9nero, \u201cnunca hab\u00edamos tenido el<br \/>contacto inmediato y global que nos brindan las nuevas tecnolog\u00edas que<br \/>nos permiten transmitir en tiempo real las atrocidades cometidas contra<br \/>las mujeres y los ni\u00f1os\u201d.<\/p>\n<p>Agreg\u00f3 que las personas exigen poner fin a la impunidad para vivir con<br \/>dignidad, libres de violencia y discriminaci\u00f3n, por lo que se<br \/>comprometi\u00f3 a que desde el Congreso generar leyes para que los delitos<br \/>cometidos contra las mujeres y las ni\u00f1as no queden en la impunidad.<\/p>\n<p>La legisladora del Partido de la Revoluci\u00f3n Democr\u00e1tica, Paula Andrea<br \/>Castillo Mendieta, dijo que hacen falta acciones conjuntas para combatir<br \/>el acoso y la violencia feminicida, hizo hincapi\u00e9 en la necesidad de la<br \/>alerta de violencia de g\u00e9nero.<\/p>\n<p>Por su parte, el integrante de la Asociaci\u00f3n Parlamentaria Encuentro<br \/>Social, Miguel \u00c1ngel \u00c1lvarez Melo, se\u00f1al\u00f3 que es no es admisible la<br \/>visi\u00f3n tradicional que convierte a los padres, hermanos e hijos en<br \/>oligarcas y tiranos sobre sus madres, hermanas, esposas e hijas.<\/p>\n<p>\u201cNuestra prioridad es acabar con todo tipo de violencia hacia las<br \/>mujeres, proveer de espacios seguros, donde las j\u00f3venes se desarrollen<br \/>libremente, generar acciones afirmativas que impulsen al pa\u00eds hacia una<br \/>verdadera democracia paritaria\u201d.<\/p>\n","protected":false},"excerpt":{"rendered":"<p>LAS DIPUTADAS DE LA CIUDAD DE M\u00c9XICO EXIGEN ACABAR CON LA VIOLENCIA DE<br \/>\nG\u00c9NERO; CONMEMORARON EL D\u00cdA INTERNACIONAL DE LA MUJER<br \/>\nPor Redacci\u00f3n QP<\/p>\n","protected":false},"author":2,"featured_media":19579,"comment_status":"open","ping_status":"open","sticky":false,"template":"","format":"standard","meta":{"_monsterinsights_skip_tracking":false,"_monsterinsights_sitenote_active":false,"_monsterinsights_sitenote_note":"","_monsterinsights_sitenote_category":0,"footnotes":""},"categories":[55],"tags":[],"class_list":["post-19580","post","type-post","status-publish","format-standard","has-post-thumbnail","hentry","category-cdmx"],"yoast_head":"<!-- This site is optimized with the Yoast SEO plugin v27.3 - https:\/\/yoast.com\/product\/yoast-seo-wordpress\/ -->\n<title>LAS DIPUTADAS DE LA CIUDAD DE M\u00c9XICO EXIGEN ACABAR CON LA VIOLENCIA DE G\u00c9NERO; CONMEMORARON EL D\u00cdA INTERNACIONAL DE LA MUJER -<\/title>\n<meta name=\"robots\" content=\"index, follow, max-snippet:-1, max-image-preview:large, max-video-preview:-1\" \/>\n<link rel=\"canonical\" href=\"https:\/\/quehacerpolitico.mx\/?p=19580\" \/>\n<meta property=\"og:locale\" content=\"es_MX\" \/>\n<meta property=\"og:type\" content=\"article\" \/>\n<meta property=\"og:title\" content=\"LAS DIPUTADAS DE LA CIUDAD DE M\u00c9XICO EXIGEN ACABAR CON LA VIOLENCIA DE G\u00c9NERO; CONMEMORARON EL D\u00cdA INTERNACIONAL DE LA MUJER -\" \/>\n<meta property=\"og:description\" content=\"LAS DIPUTADAS DE LA CIUDAD DE M\u00c9XICO EXIGEN ACABAR CON LA VIOLENCIA DE G\u00c9NERO; CONMEMORARON EL D\u00cdA INTERNACIONAL DE LA MUJER Por Redacci\u00f3n QP\" \/>\n<meta property=\"og:url\" content=\"https:\/\/quehacerpolitico.mx\/?p=19580\" \/>\n<meta property=\"article:published_time\" content=\"2019-03-08T00:25:33+00:00\" \/>\n<meta name=\"author\" content=\"Redacci\u00f3n QP\" \/>\n<meta name=\"twitter:card\" content=\"summary_large_image\" \/>\n<meta name=\"twitter:label1\" content=\"Escrito por\" \/>\n\t<meta name=\"twitter:data1\" content=\"Redacci\u00f3n QP\" \/>\n\t<meta name=\"twitter:label2\" content=\"Tiempo de lectura\" \/>\n\t<meta name=\"twitter:data2\" content=\"5 minutos\" \/>\n<script type=\"application\/ld+json\" class=\"yoast-schema-graph\">{\"@context\":\"https:\\\/\\\/schema.org\",\"@graph\":[{\"@type\":\"Article\",\"@id\":\"https:\\\/\\\/quehacerpolitico.mx\\\/?p=19580#article\",\"isPartOf\":{\"@id\":\"https:\\\/\\\/quehacerpolitico.mx\\\/?p=19580\"},\"author\":{\"name\":\"Redacci\u00f3n QP\",\"@id\":\"https:\\\/\\\/quehacerpolitico.mx\\\/#\\\/schema\\\/person\\\/496d8ad2d1d3f8036101dca7ee39e585\"},\"headline\":\"LAS DIPUTADAS DE LA CIUDAD DE M\u00c9XICO EXIGEN ACABAR CON LA VIOLENCIA DE G\u00c9NERO; CONMEMORARON EL D\u00cdA INTERNACIONAL DE LA MUJER\",\"datePublished\":\"2019-03-08T00:25:33+00:00\",\"mainEntityOfPage\":{\"@id\":\"https:\\\/\\\/quehacerpolitico.mx\\\/?p=19580\"},\"wordCount\":1023,\"commentCount\":0,\"image\":{\"@id\":\"https:\\\/\\\/quehacerpolitico.mx\\\/?p=19580#primaryimage\"},\"thumbnailUrl\":\"\",\"articleSection\":[\"CDMX\"],\"inLanguage\":\"es\",\"potentialAction\":[{\"@type\":\"CommentAction\",\"name\":\"Comment\",\"target\":[\"https:\\\/\\\/quehacerpolitico.mx\\\/?p=19580#respond\"]}]},{\"@type\":\"WebPage\",\"@id\":\"https:\\\/\\\/quehacerpolitico.mx\\\/?p=19580\",\"url\":\"https:\\\/\\\/quehacerpolitico.mx\\\/?p=19580\",\"name\":\"LAS DIPUTADAS DE LA CIUDAD DE M\u00c9XICO EXIGEN ACABAR CON LA VIOLENCIA DE G\u00c9NERO; CONMEMORARON EL D\u00cdA INTERNACIONAL DE LA MUJER -\",\"isPartOf\":{\"@id\":\"https:\\\/\\\/quehacerpolitico.mx\\\/#website\"},\"primaryImageOfPage\":{\"@id\":\"https:\\\/\\\/quehacerpolitico.mx\\\/?p=19580#primaryimage\"},\"image\":{\"@id\":\"https:\\\/\\\/quehacerpolitico.mx\\\/?p=19580#primaryimage\"},\"thumbnailUrl\":\"\",\"datePublished\":\"2019-03-08T00:25:33+00:00\",\"author\":{\"@id\":\"https:\\\/\\\/quehacerpolitico.mx\\\/#\\\/schema\\\/person\\\/496d8ad2d1d3f8036101dca7ee39e585\"},\"breadcrumb\":{\"@id\":\"https:\\\/\\\/quehacerpolitico.mx\\\/?p=19580#breadcrumb\"},\"inLanguage\":\"es\",\"potentialAction\":[{\"@type\":\"ReadAction\",\"target\":[\"https:\\\/\\\/quehacerpolitico.mx\\\/?p=19580\"]}]},{\"@type\":\"ImageObject\",\"inLanguage\":\"es\",\"@id\":\"https:\\\/\\\/quehacerpolitico.mx\\\/?p=19580#primaryimage\",\"url\":\"\",\"contentUrl\":\"\"},{\"@type\":\"BreadcrumbList\",\"@id\":\"https:\\\/\\\/quehacerpolitico.mx\\\/?p=19580#breadcrumb\",\"itemListElement\":[{\"@type\":\"ListItem\",\"position\":1,\"name\":\"Inicio\",\"item\":\"https:\\\/\\\/quehacerpolitico.mx\\\/\"},{\"@type\":\"ListItem\",\"position\":2,\"name\":\"LAS DIPUTADAS DE LA CIUDAD DE M\u00c9XICO EXIGEN ACABAR CON LA VIOLENCIA DE G\u00c9NERO; CONMEMORARON EL D\u00cdA INTERNACIONAL DE LA MUJER\"}]},{\"@type\":\"WebSite\",\"@id\":\"https:\\\/\\\/quehacerpolitico.mx\\\/#website\",\"url\":\"https:\\\/\\\/quehacerpolitico.mx\\\/\",\"name\":\"\",\"description\":\"\",\"potentialAction\":[{\"@type\":\"SearchAction\",\"target\":{\"@type\":\"EntryPoint\",\"urlTemplate\":\"https:\\\/\\\/quehacerpolitico.mx\\\/?s={search_term_string}\"},\"query-input\":{\"@type\":\"PropertyValueSpecification\",\"valueRequired\":true,\"valueName\":\"search_term_string\"}}],\"inLanguage\":\"es\"},{\"@type\":\"Person\",\"@id\":\"https:\\\/\\\/quehacerpolitico.mx\\\/#\\\/schema\\\/person\\\/496d8ad2d1d3f8036101dca7ee39e585\",\"name\":\"Redacci\u00f3n QP\",\"image\":{\"@type\":\"ImageObject\",\"inLanguage\":\"es\",\"@id\":\"https:\\\/\\\/secure.gravatar.com\\\/avatar\\\/c7164ed6fdec453195284ad24a5ae5b6e1eed2b848477fa2a4787ba9adf39a41?s=96&d=mm&r=g\",\"url\":\"https:\\\/\\\/secure.gravatar.com\\\/avatar\\\/c7164ed6fdec453195284ad24a5ae5b6e1eed2b848477fa2a4787ba9adf39a41?s=96&d=mm&r=g\",\"contentUrl\":\"https:\\\/\\\/secure.gravatar.com\\\/avatar\\\/c7164ed6fdec453195284ad24a5ae5b6e1eed2b848477fa2a4787ba9adf39a41?s=96&d=mm&r=g\",\"caption\":\"Redacci\u00f3n QP\"},\"url\":\"https:\\\/\\\/quehacerpolitico.mx\\\/?author=2\"}]}<\/script>\n<!-- \/ Yoast SEO plugin. -->","yoast_head_json":{"title":"LAS DIPUTADAS DE LA CIUDAD DE M\u00c9XICO EXIGEN ACABAR CON LA VIOLENCIA DE G\u00c9NERO; CONMEMORARON EL D\u00cdA INTERNACIONAL DE LA MUJER -","robots":{"index":"index","follow":"follow","max-snippet":"max-snippet:-1","max-image-preview":"max-image-preview:large","max-video-preview":"max-video-preview:-1"},"canonical":"https:\/\/quehacerpolitico.mx\/?p=19580","og_locale":"es_MX","og_type":"article","og_title":"LAS DIPUTADAS DE LA CIUDAD DE M\u00c9XICO EXIGEN ACABAR CON LA VIOLENCIA DE G\u00c9NERO; CONMEMORARON EL D\u00cdA INTERNACIONAL DE LA MUJER -","og_description":"LAS DIPUTADAS DE LA CIUDAD DE M\u00c9XICO EXIGEN ACABAR CON LA VIOLENCIA DE G\u00c9NERO; CONMEMORARON EL D\u00cdA INTERNACIONAL DE LA MUJER Por Redacci\u00f3n QP","og_url":"https:\/\/quehacerpolitico.mx\/?p=19580","article_published_time":"2019-03-08T00:25:33+00:00","author":"Redacci\u00f3n QP","twitter_card":"summary_large_image","twitter_misc":{"Escrito por":"Redacci\u00f3n QP","Tiempo de lectura":"5 minutos"},"schema":{"@context":"https:\/\/schema.org","@graph":[{"@type":"Article","@id":"https:\/\/quehacerpolitico.mx\/?p=19580#article","isPartOf":{"@id":"https:\/\/quehacerpolitico.mx\/?p=19580"},"author":{"name":"Redacci\u00f3n QP","@id":"https:\/\/quehacerpolitico.mx\/#\/schema\/person\/496d8ad2d1d3f8036101dca7ee39e585"},"headline":"LAS DIPUTADAS DE LA CIUDAD DE M\u00c9XICO EXIGEN ACABAR CON LA VIOLENCIA DE G\u00c9NERO; CONMEMORARON EL D\u00cdA INTERNACIONAL DE LA MUJER","datePublished":"2019-03-08T00:25:33+00:00","mainEntityOfPage":{"@id":"https:\/\/quehacerpolitico.mx\/?p=19580"},"wordCount":1023,"commentCount":0,"image":{"@id":"https:\/\/quehacerpolitico.mx\/?p=19580#primaryimage"},"thumbnailUrl":"","articleSection":["CDMX"],"inLanguage":"es","potentialAction":[{"@type":"CommentAction","name":"Comment","target":["https:\/\/quehacerpolitico.mx\/?p=19580#respond"]}]},{"@type":"WebPage","@id":"https:\/\/quehacerpolitico.mx\/?p=19580","url":"https:\/\/quehacerpolitico.mx\/?p=19580","name":"LAS DIPUTADAS DE LA CIUDAD DE M\u00c9XICO EXIGEN ACABAR CON LA VIOLENCIA DE G\u00c9NERO; CONMEMORARON EL D\u00cdA INTERNACIONAL DE LA MUJER -","isPartOf":{"@id":"https:\/\/quehacerpolitico.mx\/#website"},"primaryImageOfPage":{"@id":"https:\/\/quehacerpolitico.mx\/?p=19580#primaryimage"},"image":{"@id":"https:\/\/quehacerpolitico.mx\/?p=19580#primaryimage"},"thumbnailUrl":"","datePublished":"2019-03-08T00:25:33+00:00","author":{"@id":"https:\/\/quehacerpolitico.mx\/#\/schema\/person\/496d8ad2d1d3f8036101dca7ee39e585"},"breadcrumb":{"@id":"https:\/\/quehacerpolitico.mx\/?p=19580#breadcrumb"},"inLanguage":"es","potentialAction":[{"@type":"ReadAction","target":["https:\/\/quehacerpolitico.mx\/?p=19580"]}]},{"@type":"ImageObject","inLanguage":"es","@id":"https:\/\/quehacerpolitico.mx\/?p=19580#primaryimage","url":"","contentUrl":""},{"@type":"BreadcrumbList","@id":"https:\/\/quehacerpolitico.mx\/?p=19580#breadcrumb","itemListElement":[{"@type":"ListItem","position":1,"name":"Inicio","item":"https:\/\/quehacerpolitico.mx\/"},{"@type":"ListItem","position":2,"name":"LAS DIPUTADAS DE LA CIUDAD DE M\u00c9XICO EXIGEN ACABAR CON LA VIOLENCIA DE G\u00c9NERO; CONMEMORARON EL D\u00cdA INTERNACIONAL DE LA MUJER"}]},{"@type":"WebSite","@id":"https:\/\/quehacerpolitico.mx\/#website","url":"https:\/\/quehacerpolitico.mx\/","name":"","description":"","potentialAction":[{"@type":"SearchAction","target":{"@type":"EntryPoint","urlTemplate":"https:\/\/quehacerpolitico.mx\/?s={search_term_string}"},"query-input":{"@type":"PropertyValueSpecification","valueRequired":true,"valueName":"search_term_string"}}],"inLanguage":"es"},{"@type":"Person","@id":"https:\/\/quehacerpolitico.mx\/#\/schema\/person\/496d8ad2d1d3f8036101dca7ee39e585","name":"Redacci\u00f3n QP","image":{"@type":"ImageObject","inLanguage":"es","@id":"https:\/\/secure.gravatar.com\/avatar\/c7164ed6fdec453195284ad24a5ae5b6e1eed2b848477fa2a4787ba9adf39a41?s=96&d=mm&r=g","url":"https:\/\/secure.gravatar.com\/avatar\/c7164ed6fdec453195284ad24a5ae5b6e1eed2b848477fa2a4787ba9adf39a41?s=96&d=mm&r=g","contentUrl":"https:\/\/secure.gravatar.com\/avatar\/c7164ed6fdec453195284ad24a5ae5b6e1eed2b848477fa2a4787ba9adf39a41?s=96&d=mm&r=g","caption":"Redacci\u00f3n QP"},"url":"https:\/\/quehacerpolitico.mx\/?author=2"}]}},"featured_image_urls":{"full":"","thumbnail":"","medium":"","medium_large":"","large":"","1536x1536":"","2048x2048":"","covernews-featured":"","covernews-medium":""},"author_info":{"display_name":"Redacci\u00f3n QP","author_link":"https:\/\/quehacerpolitico.mx\/?author=2"},"category_info":"<a href=\"https:\/\/quehacerpolitico.mx\/?cat=55\" rel=\"category\">CDMX<\/a>","tag_info":"CDMX","comment_count":"0","_links":{"self":[{"href":"https:\/\/quehacerpolitico.mx\/index.php?rest_route=\/wp\/v2\/posts\/19580","targetHints":{"allow":["GET"]}}],"collection":[{"href":"https:\/\/quehacerpolitico.mx\/index.php?rest_route=\/wp\/v2\/posts"}],"about":[{"href":"https:\/\/quehacerpolitico.mx\/index.php?rest_route=\/wp\/v2\/types\/post"}],"author":[{"embeddable":true,"href":"https:\/\/quehacerpolitico.mx\/index.php?rest_route=\/wp\/v2\/users\/2"}],"replies":[{"embeddable":true,"href":"https:\/\/quehacerpolitico.mx\/index.php?rest_route=%2Fwp%2Fv2%2Fcomments&post=19580"}],"version-history":[{"count":0,"href":"https:\/\/quehacerpolitico.mx\/index.php?rest_route=\/wp\/v2\/posts\/19580\/revisions"}],"wp:featuredmedia":[{"embeddable":true,"href":"https:\/\/quehacerpolitico.mx\/index.php?rest_route=\/"}],"wp:attachment":[{"href":"https:\/\/quehacerpolitico.mx\/index.php?rest_route=%2Fwp%2Fv2%2Fmedia&parent=19580"}],"wp:term":[{"taxonomy":"category","embeddable":true,"href":"https:\/\/quehacerpolitico.mx\/index.php?rest_route=%2Fwp%2Fv2%2Fcategories&post=19580"},{"taxonomy":"post_tag","embeddable":true,"href":"https:\/\/quehacerpolitico.mx\/index.php?rest_route=%2Fwp%2Fv2%2Ftags&post=19580"}],"curies":[{"name":"wp","href":"https:\/\/api.w.org\/{rel}","templated":true}]}}