{"id":19434,"date":"2019-03-06T21:11:32","date_gmt":"2019-03-06T21:11:32","guid":{"rendered":"http:\/\/quehacerpolitico.mx\/autoridades-federales-trasladan-a-el-felipillo-al-reclusorio-sur-de-la-cdmx\/"},"modified":"2019-03-06T21:11:32","modified_gmt":"2019-03-06T21:11:32","slug":"autoridades-federales-trasladan-a-el-felipillo-al-reclusorio-sur-de-la-cdmx","status":"publish","type":"post","link":"https:\/\/quehacerpolitico.mx\/?p=19434","title":{"rendered":"Autoridades federales trasladan a \u201cEl Felipillo\u201d al Reclusorio Sur de la CdMx"},"content":{"rendered":"<h1>Autoridades federales trasladan a \u201cEl Felipillo\u201d al Reclusorio Sur de la CdMx<\/h1>\n<p>Por Redacci\u00f3n QP<\/p>\n<p>El presunto\u00a0l\u00edder del <strong>C\u00e1rtel de Tl\u00e1huac<\/strong>,\u00a0Luis Felipe \u201cN.\u201d, conocido como \u201c<strong>El Felipillo<\/strong>\u201c, fue\u00a0trasladado hoy al\u00a0Reclusorio Sur de la Ciudad de M\u00e9xico, el hombre fue detenido ayer\u00a0en la Alcald\u00eda Tlalpan.<\/p>\n<p>La Fiscal\u00eda General de la Rep\u00fablica (FGR) encabez\u00f3 el operativo de traslado del\u00a0que fue identificado como hijo de\u00a0Felipe de Jes\u00fas \u201cN.\u201d, alias\u00a0 \u201c<strong>El Ojos\u201d.<\/strong><\/p>\n<p>El veh\u00edculo en el que fue trasladado\u00a0\u201c<strong>El Felipillo<\/strong>\u201d recorri\u00f3\u00a0Paseo de la Reforma, San Antonio Abad y\u00a0Tlalpan para llegar a la\u00a0colonia San Mateo Xalpa, en la\u00a0alcald\u00eda\u00a0Xochimilco, donde se encuentra el penal.<\/p>\n<p>De acuerdo con informaci\u00f3n de autoridades federales y medios nacionales, \u201cEl Felipillo\u201d habr\u00eda estaba a cargo de distribuir drogas ilegales en varias alcald\u00edas<\/p>\n<p>Ayer, la FGR inform\u00f3 sobre la detenci\u00f3n del presunto delincuente: \u201cSin uso de violencia ni afectaci\u00f3n a terceros, con pleno respeto en todo momento a sus derechos humanos, polic\u00edas federales ministeriales detuvieron al individuo en la Alcald\u00eda Tlalpan de la Ciudad de M\u00e9xico\u201d, detall\u00f3 en un comunicado.<\/p>\n<p><strong>\u201cEl Felipillo\u201d<\/strong>\u00a0es hijo de\u00a0Felipe de Jes\u00fas P\u00e9rez Luna,\u00a0<strong>\u201cEl Ojos\u201d, <\/strong>\u00a0abatido en 2017 durante un operativo de la Secretar\u00eda de Marina (Semar) y la Polic\u00eda Federal (PF) en Tl\u00e1huac.<\/p>\n<p><strong>LA DETENCI\u00d3N DE \u201cEL OJOS\u201d<\/strong><\/p>\n<p>Fue en julio de 2017 cuando Felipe de Jes\u00fas P\u00e9rez Luna,\u00a0<strong>\u201cEl Ojos\u201d<\/strong>\u00a0y otros siete civiles fueron abatidos por elementos de la Secretar\u00eda de Marina (Semar) y de la Polic\u00eda Federal (PF) en\u00a0<strong>Tl\u00e1huac<\/strong>. La Marina confirm\u00f3 los decesos.<\/p>\n<p>A\u00a0<strong>\u201cEl Ojos\u201d<\/strong>\u00a0se le identificaba como el\u00a0<strong>l\u00edder del C\u00e1rtel de Tl\u00e1huac<\/strong>, que presuntamente controlaba la venta de droga en el oriente del Valle de M\u00e9xico.<\/p>\n<p>El operativo en contra de los presuntos delincuentes, se\u00f1al\u00f3 la instituci\u00f3n, \u201cse llev\u00f3 a cabo por trabajos de inteligencia de campo y gabinete, por lo que se tuvo conocimiento de la ubicaci\u00f3n de integrantes de grupos de narcomenudistas, quienes operaban y presuntamente se dedicaban a la extorsi\u00f3n, secuestros y homicidios, en inmediaciones de la Delegaci\u00f3n Tl\u00e1huac, Milpa Alta, Xochimilco e Iztapalapa, as\u00ed como del presunto l\u00edder que operaba en esa \u00e1rea de la Ciudad de M\u00e9xico\u201d.<\/p>\n<p>El enfrentamiento ocurri\u00f3 en calles de la colonia Conchita, Zapotitl\u00e1n. Los civiles, indic\u00f3 la Marina, agredieron a sus elementos con armas de \u201calto poder\u201d.<\/p>\n<p>Tras los hechos violentos, la dependencia inform\u00f3 que en el lugar se encontraron diversas armas largas de uso exclusivo de las Fuerzas Armadas.<\/p>\n<blockquote class=\"twitter-tweet\" data-width=\"550\" data-dnt=\"true\">\n<p lang=\"es\" dir=\"ltr\"><a href=\"https:\/\/twitter.com\/hashtag\/Lo%C3%9Altimo?src=hash&amp;ref_src=twsrc%5Etfw\">#Lo\u00daltimo<\/a> <br \/>Trasladan al Felipillo, presunto l\u00edder del c\u00e1rtel de Tl\u00e1huac, al Reclusorio Sur en CDMX. <a href=\"https:\/\/t.co\/oHpzbGnLNm\">pic.twitter.com\/oHpzbGnLNm<\/a><\/p>\n<p>&mdash; Ruido en la Red (@RuidoEnLaRed) <a href=\"https:\/\/twitter.com\/RuidoEnLaRed\/status\/1103381700904714242?ref_src=twsrc%5Etfw\">March 6, 2019<\/a><\/p><\/blockquote>\n<p><script async src=\"https:\/\/platform.twitter.com\/widgets.js\" charset=\"utf-8\"><\/script><\/p>\n","protected":false},"excerpt":{"rendered":"<p>Autoridades federales trasladan a \u201cEl Felipillo\u201d al Reclusorio Sur de la CdMx<br \/>\nPor Redacci\u00f3n QP<\/p>\n","protected":false},"author":2,"featured_media":19433,"comment_status":"open","ping_status":"open","sticky":false,"template":"","format":"standard","meta":{"_monsterinsights_skip_tracking":false,"_monsterinsights_sitenote_active":false,"_monsterinsights_sitenote_note":"","_monsterinsights_sitenote_category":0,"footnotes":""},"categories":[55],"tags":[],"class_list":["post-19434","post","type-post","status-publish","format-standard","has-post-thumbnail","hentry","category-cdmx"],"yoast_head":"<!-- This site is optimized with the Yoast SEO plugin v27.3 - https:\/\/yoast.com\/product\/yoast-seo-wordpress\/ -->\n<title>Autoridades federales trasladan a \u201cEl Felipillo\u201d al Reclusorio Sur de la CdMx -<\/title>\n<meta name=\"robots\" content=\"index, follow, max-snippet:-1, max-image-preview:large, max-video-preview:-1\" \/>\n<link rel=\"canonical\" href=\"https:\/\/quehacerpolitico.mx\/?p=19434\" \/>\n<meta property=\"og:locale\" content=\"es_MX\" \/>\n<meta property=\"og:type\" content=\"article\" \/>\n<meta property=\"og:title\" content=\"Autoridades federales trasladan a \u201cEl Felipillo\u201d al Reclusorio Sur de la CdMx -\" \/>\n<meta property=\"og:description\" content=\"Autoridades federales trasladan a \u201cEl Felipillo\u201d al Reclusorio Sur de la CdMx Por Redacci\u00f3n QP\" \/>\n<meta property=\"og:url\" content=\"https:\/\/quehacerpolitico.mx\/?p=19434\" \/>\n<meta property=\"article:published_time\" content=\"2019-03-06T21:11:32+00:00\" \/>\n<meta name=\"author\" content=\"Redacci\u00f3n QP\" \/>\n<meta name=\"twitter:card\" content=\"summary_large_image\" \/>\n<meta name=\"twitter:label1\" content=\"Escrito por\" \/>\n\t<meta name=\"twitter:data1\" content=\"Redacci\u00f3n QP\" \/>\n\t<meta name=\"twitter:label2\" content=\"Tiempo de lectura\" \/>\n\t<meta name=\"twitter:data2\" content=\"2 minutos\" \/>\n<script type=\"application\/ld+json\" class=\"yoast-schema-graph\">{\"@context\":\"https:\\\/\\\/schema.org\",\"@graph\":[{\"@type\":\"Article\",\"@id\":\"https:\\\/\\\/quehacerpolitico.mx\\\/?p=19434#article\",\"isPartOf\":{\"@id\":\"https:\\\/\\\/quehacerpolitico.mx\\\/?p=19434\"},\"author\":{\"name\":\"Redacci\u00f3n QP\",\"@id\":\"https:\\\/\\\/quehacerpolitico.mx\\\/#\\\/schema\\\/person\\\/496d8ad2d1d3f8036101dca7ee39e585\"},\"headline\":\"Autoridades federales trasladan a \u201cEl Felipillo\u201d al Reclusorio Sur de la CdMx\",\"datePublished\":\"2019-03-06T21:11:32+00:00\",\"mainEntityOfPage\":{\"@id\":\"https:\\\/\\\/quehacerpolitico.mx\\\/?p=19434\"},\"wordCount\":466,\"commentCount\":0,\"image\":{\"@id\":\"https:\\\/\\\/quehacerpolitico.mx\\\/?p=19434#primaryimage\"},\"thumbnailUrl\":\"\",\"articleSection\":[\"CDMX\"],\"inLanguage\":\"es\",\"potentialAction\":[{\"@type\":\"CommentAction\",\"name\":\"Comment\",\"target\":[\"https:\\\/\\\/quehacerpolitico.mx\\\/?p=19434#respond\"]}]},{\"@type\":\"WebPage\",\"@id\":\"https:\\\/\\\/quehacerpolitico.mx\\\/?p=19434\",\"url\":\"https:\\\/\\\/quehacerpolitico.mx\\\/?p=19434\",\"name\":\"Autoridades federales trasladan a \u201cEl Felipillo\u201d al Reclusorio Sur de la CdMx -\",\"isPartOf\":{\"@id\":\"https:\\\/\\\/quehacerpolitico.mx\\\/#website\"},\"primaryImageOfPage\":{\"@id\":\"https:\\\/\\\/quehacerpolitico.mx\\\/?p=19434#primaryimage\"},\"image\":{\"@id\":\"https:\\\/\\\/quehacerpolitico.mx\\\/?p=19434#primaryimage\"},\"thumbnailUrl\":\"\",\"datePublished\":\"2019-03-06T21:11:32+00:00\",\"author\":{\"@id\":\"https:\\\/\\\/quehacerpolitico.mx\\\/#\\\/schema\\\/person\\\/496d8ad2d1d3f8036101dca7ee39e585\"},\"breadcrumb\":{\"@id\":\"https:\\\/\\\/quehacerpolitico.mx\\\/?p=19434#breadcrumb\"},\"inLanguage\":\"es\",\"potentialAction\":[{\"@type\":\"ReadAction\",\"target\":[\"https:\\\/\\\/quehacerpolitico.mx\\\/?p=19434\"]}]},{\"@type\":\"ImageObject\",\"inLanguage\":\"es\",\"@id\":\"https:\\\/\\\/quehacerpolitico.mx\\\/?p=19434#primaryimage\",\"url\":\"\",\"contentUrl\":\"\"},{\"@type\":\"BreadcrumbList\",\"@id\":\"https:\\\/\\\/quehacerpolitico.mx\\\/?p=19434#breadcrumb\",\"itemListElement\":[{\"@type\":\"ListItem\",\"position\":1,\"name\":\"Inicio\",\"item\":\"https:\\\/\\\/quehacerpolitico.mx\\\/\"},{\"@type\":\"ListItem\",\"position\":2,\"name\":\"Autoridades federales trasladan a \u201cEl Felipillo\u201d al Reclusorio Sur de la CdMx\"}]},{\"@type\":\"WebSite\",\"@id\":\"https:\\\/\\\/quehacerpolitico.mx\\\/#website\",\"url\":\"https:\\\/\\\/quehacerpolitico.mx\\\/\",\"name\":\"\",\"description\":\"\",\"potentialAction\":[{\"@type\":\"SearchAction\",\"target\":{\"@type\":\"EntryPoint\",\"urlTemplate\":\"https:\\\/\\\/quehacerpolitico.mx\\\/?s={search_term_string}\"},\"query-input\":{\"@type\":\"PropertyValueSpecification\",\"valueRequired\":true,\"valueName\":\"search_term_string\"}}],\"inLanguage\":\"es\"},{\"@type\":\"Person\",\"@id\":\"https:\\\/\\\/quehacerpolitico.mx\\\/#\\\/schema\\\/person\\\/496d8ad2d1d3f8036101dca7ee39e585\",\"name\":\"Redacci\u00f3n QP\",\"image\":{\"@type\":\"ImageObject\",\"inLanguage\":\"es\",\"@id\":\"https:\\\/\\\/secure.gravatar.com\\\/avatar\\\/c7164ed6fdec453195284ad24a5ae5b6e1eed2b848477fa2a4787ba9adf39a41?s=96&d=mm&r=g\",\"url\":\"https:\\\/\\\/secure.gravatar.com\\\/avatar\\\/c7164ed6fdec453195284ad24a5ae5b6e1eed2b848477fa2a4787ba9adf39a41?s=96&d=mm&r=g\",\"contentUrl\":\"https:\\\/\\\/secure.gravatar.com\\\/avatar\\\/c7164ed6fdec453195284ad24a5ae5b6e1eed2b848477fa2a4787ba9adf39a41?s=96&d=mm&r=g\",\"caption\":\"Redacci\u00f3n QP\"},\"url\":\"https:\\\/\\\/quehacerpolitico.mx\\\/?author=2\"}]}<\/script>\n<!-- \/ Yoast SEO plugin. -->","yoast_head_json":{"title":"Autoridades federales trasladan a \u201cEl Felipillo\u201d al Reclusorio Sur de la CdMx -","robots":{"index":"index","follow":"follow","max-snippet":"max-snippet:-1","max-image-preview":"max-image-preview:large","max-video-preview":"max-video-preview:-1"},"canonical":"https:\/\/quehacerpolitico.mx\/?p=19434","og_locale":"es_MX","og_type":"article","og_title":"Autoridades federales trasladan a \u201cEl Felipillo\u201d al Reclusorio Sur de la CdMx -","og_description":"Autoridades federales trasladan a \u201cEl Felipillo\u201d al Reclusorio Sur de la CdMx Por Redacci\u00f3n QP","og_url":"https:\/\/quehacerpolitico.mx\/?p=19434","article_published_time":"2019-03-06T21:11:32+00:00","author":"Redacci\u00f3n QP","twitter_card":"summary_large_image","twitter_misc":{"Escrito por":"Redacci\u00f3n QP","Tiempo de lectura":"2 minutos"},"schema":{"@context":"https:\/\/schema.org","@graph":[{"@type":"Article","@id":"https:\/\/quehacerpolitico.mx\/?p=19434#article","isPartOf":{"@id":"https:\/\/quehacerpolitico.mx\/?p=19434"},"author":{"name":"Redacci\u00f3n QP","@id":"https:\/\/quehacerpolitico.mx\/#\/schema\/person\/496d8ad2d1d3f8036101dca7ee39e585"},"headline":"Autoridades federales trasladan a \u201cEl Felipillo\u201d al Reclusorio Sur de la CdMx","datePublished":"2019-03-06T21:11:32+00:00","mainEntityOfPage":{"@id":"https:\/\/quehacerpolitico.mx\/?p=19434"},"wordCount":466,"commentCount":0,"image":{"@id":"https:\/\/quehacerpolitico.mx\/?p=19434#primaryimage"},"thumbnailUrl":"","articleSection":["CDMX"],"inLanguage":"es","potentialAction":[{"@type":"CommentAction","name":"Comment","target":["https:\/\/quehacerpolitico.mx\/?p=19434#respond"]}]},{"@type":"WebPage","@id":"https:\/\/quehacerpolitico.mx\/?p=19434","url":"https:\/\/quehacerpolitico.mx\/?p=19434","name":"Autoridades federales trasladan a \u201cEl Felipillo\u201d al Reclusorio Sur de la CdMx -","isPartOf":{"@id":"https:\/\/quehacerpolitico.mx\/#website"},"primaryImageOfPage":{"@id":"https:\/\/quehacerpolitico.mx\/?p=19434#primaryimage"},"image":{"@id":"https:\/\/quehacerpolitico.mx\/?p=19434#primaryimage"},"thumbnailUrl":"","datePublished":"2019-03-06T21:11:32+00:00","author":{"@id":"https:\/\/quehacerpolitico.mx\/#\/schema\/person\/496d8ad2d1d3f8036101dca7ee39e585"},"breadcrumb":{"@id":"https:\/\/quehacerpolitico.mx\/?p=19434#breadcrumb"},"inLanguage":"es","potentialAction":[{"@type":"ReadAction","target":["https:\/\/quehacerpolitico.mx\/?p=19434"]}]},{"@type":"ImageObject","inLanguage":"es","@id":"https:\/\/quehacerpolitico.mx\/?p=19434#primaryimage","url":"","contentUrl":""},{"@type":"BreadcrumbList","@id":"https:\/\/quehacerpolitico.mx\/?p=19434#breadcrumb","itemListElement":[{"@type":"ListItem","position":1,"name":"Inicio","item":"https:\/\/quehacerpolitico.mx\/"},{"@type":"ListItem","position":2,"name":"Autoridades federales trasladan a \u201cEl Felipillo\u201d al Reclusorio Sur de la CdMx"}]},{"@type":"WebSite","@id":"https:\/\/quehacerpolitico.mx\/#website","url":"https:\/\/quehacerpolitico.mx\/","name":"","description":"","potentialAction":[{"@type":"SearchAction","target":{"@type":"EntryPoint","urlTemplate":"https:\/\/quehacerpolitico.mx\/?s={search_term_string}"},"query-input":{"@type":"PropertyValueSpecification","valueRequired":true,"valueName":"search_term_string"}}],"inLanguage":"es"},{"@type":"Person","@id":"https:\/\/quehacerpolitico.mx\/#\/schema\/person\/496d8ad2d1d3f8036101dca7ee39e585","name":"Redacci\u00f3n QP","image":{"@type":"ImageObject","inLanguage":"es","@id":"https:\/\/secure.gravatar.com\/avatar\/c7164ed6fdec453195284ad24a5ae5b6e1eed2b848477fa2a4787ba9adf39a41?s=96&d=mm&r=g","url":"https:\/\/secure.gravatar.com\/avatar\/c7164ed6fdec453195284ad24a5ae5b6e1eed2b848477fa2a4787ba9adf39a41?s=96&d=mm&r=g","contentUrl":"https:\/\/secure.gravatar.com\/avatar\/c7164ed6fdec453195284ad24a5ae5b6e1eed2b848477fa2a4787ba9adf39a41?s=96&d=mm&r=g","caption":"Redacci\u00f3n QP"},"url":"https:\/\/quehacerpolitico.mx\/?author=2"}]}},"featured_image_urls":{"full":"","thumbnail":"","medium":"","medium_large":"","large":"","1536x1536":"","2048x2048":"","covernews-featured":"","covernews-medium":""},"author_info":{"display_name":"Redacci\u00f3n QP","author_link":"https:\/\/quehacerpolitico.mx\/?author=2"},"category_info":"<a href=\"https:\/\/quehacerpolitico.mx\/?cat=55\" rel=\"category\">CDMX<\/a>","tag_info":"CDMX","comment_count":"0","_links":{"self":[{"href":"https:\/\/quehacerpolitico.mx\/index.php?rest_route=\/wp\/v2\/posts\/19434","targetHints":{"allow":["GET"]}}],"collection":[{"href":"https:\/\/quehacerpolitico.mx\/index.php?rest_route=\/wp\/v2\/posts"}],"about":[{"href":"https:\/\/quehacerpolitico.mx\/index.php?rest_route=\/wp\/v2\/types\/post"}],"author":[{"embeddable":true,"href":"https:\/\/quehacerpolitico.mx\/index.php?rest_route=\/wp\/v2\/users\/2"}],"replies":[{"embeddable":true,"href":"https:\/\/quehacerpolitico.mx\/index.php?rest_route=%2Fwp%2Fv2%2Fcomments&post=19434"}],"version-history":[{"count":0,"href":"https:\/\/quehacerpolitico.mx\/index.php?rest_route=\/wp\/v2\/posts\/19434\/revisions"}],"wp:featuredmedia":[{"embeddable":true,"href":"https:\/\/quehacerpolitico.mx\/index.php?rest_route=\/"}],"wp:attachment":[{"href":"https:\/\/quehacerpolitico.mx\/index.php?rest_route=%2Fwp%2Fv2%2Fmedia&parent=19434"}],"wp:term":[{"taxonomy":"category","embeddable":true,"href":"https:\/\/quehacerpolitico.mx\/index.php?rest_route=%2Fwp%2Fv2%2Fcategories&post=19434"},{"taxonomy":"post_tag","embeddable":true,"href":"https:\/\/quehacerpolitico.mx\/index.php?rest_route=%2Fwp%2Fv2%2Ftags&post=19434"}],"curies":[{"name":"wp","href":"https:\/\/api.w.org\/{rel}","templated":true}]}}